{"id":8927,"date":"2011-01-26T19:33:00","date_gmt":"2011-01-26T19:33:00","guid":{"rendered":"https:\/\/www.fraczinet.cl\/sitio\/2011\/01\/26\/privatizacion-de-las-empresas-sanitarias\/"},"modified":"2011-01-26T19:33:00","modified_gmt":"2011-01-26T19:33:00","slug":"privatizacion-de-las-empresas-sanitarias","status":"publish","type":"post","link":"https:\/\/www.fraczinet.cl\/sitio\/2011\/01\/26\/privatizacion-de-las-empresas-sanitarias\/","title":{"rendered":"Privatizaci\u00f3n De Las Empresas Sanitarias"},"content":{"rendered":"<div style=\"text-align: justify;\">La privatizaci\u00f3n del agua comenz\u00f3 con los gobiernos de los presidentes Frei y Lagos pasando a ser propiedad mayoritariamente de enormes empresas extranjeras. El gobierno del Presidente Pi\u00f1era est\u00e1 examinando TODOS los bienes p\u00fablicos para determinar cuales de ellos se vender\u00e1n. <\/div>\n<div style=\"text-align: justify;\"><\/div>\n<div style=\"text-align: justify;\">Anunci\u00f3 que se completar\u00e1 la privatizaci\u00f3n de lo que resta de propiedad p\u00fablica de las empresas sanitarias.<\/div>\n<div style=\"text-align: justify;\"><\/div>\n<div style=\"text-align: justify;\">Propone privatizar el 45,28% de ESSBIO que todav\u00eda poseemos (<span style=\"font-weight: bold;\">Regiones Bio Bio y O\u2019Higgins, 631.000 clientes<\/span>), el 35% de Aguas Andina (R<span style=\"font-weight: bold;\">egi\u00f3n Metropolitana, 6,2 millones de habitantes<\/span>); el 46% de ESSAL (<span style=\"font-weight: bold;\">Regi\u00f3n de los Lagos y de Los R\u00edos, 650.666 habitantes<\/span>); y el 29% de ESVAL (<span style=\"font-weight: bold;\">Regi\u00f3n de Valpara\u00edso, 459.524 habitantes<\/span>).<\/div>\n<div style=\"text-align: justify;\"><\/div>\n<div style=\"text-align: justify;\">1.- Este pronunciamiento fue realizado 2 d\u00edas antes de la navidad. En el per\u00edodo de vacaciones de estudiantes y de otros sectores de la poblaci\u00f3n. Oportunidad que el pa\u00eds y la ciudadan\u00eda tienen otras preocupaciones.<\/div>\n<div style=\"text-align: justify;\"><\/div>\n<div style=\"text-align: justify;\">2.- Esta expropiaci\u00f3n no fue consultada con los propietarios, que son todas y todos los chilenos, esto es inadmisible.  <\/div>\n<div style=\"text-align: justify;\"><\/div>\n<div style=\"text-align: justify;\">3.- Las empresas sanitarias son de hecho un monopolio. El agua es esencial para la vida de los seres humanos. <\/div>\n<div style=\"text-align: justify;\"><\/div>\n<div style=\"text-align: justify;\">4.\u2014 La presencia del estado en la propiedad y direcci\u00f3n de las empresas sanitarias es  fundamental para una eficiente producci\u00f3n y para el inter\u00e9s de todos los chilenos.<\/div>\n<div style=\"text-align: justify;\"><\/div>\n<div style=\"text-align: justify;\">5.\u2014 El gobierno est\u00e1 en conocimiento que los procedimientos y normas el estado para determinar las tarifas es inadecuado para los intereses de los consumidores. Las tarifas no est\u00e1n en relaci\u00f3n con los costos. Por ejemplo, han disminuido los costos del capital (en el a\u00f1o 2009 cay\u00f3 20%) y aumentado la productividad de los servicios de las sanitarias. No obstante en lugar de disminuir las tarifas, \u00e9stas han subido.<\/div>\n<div style=\"text-align: justify;\"><\/div>\n<div style=\"text-align: justify;\">6.\u2014 El tama\u00f1o del estado chileno es de los m\u00e1s peque\u00f1os del mundo. Al mismo tiempo Chile es uno de los pa\u00edses de mayor desigualdad e inequidad del mundo.<\/div>\n<div style=\"text-align: justify;\"><\/div>\n<div style=\"text-align: justify;\">7.\u2014 A pesar de todo ello el Presidente Pi\u00f1era adopta una decisi\u00f3n pol\u00edtica centralista y autoritaria basado en el dogmatismo ideol\u00f3gico neoliberal que no tiene justificaci\u00f3n alguna. <\/div>\n<div style=\"text-align: justify;\"><\/div>\n<div style=\"text-align: justify;\">Estos procedimientos son los que desprestigian la funci\u00f3n pol\u00edtica.<\/div>\n<div style=\"text-align: justify;\"><\/div>\n<div style=\"text-align: justify;\">8.\u2014 El gobierno espera obtener 1.600 millones de d\u00f3lares por la venta total. Para promocionar la venta de las sanitarias ha presentado distintos pretextos. As\u00ed primero se\u00f1al\u00f3 que son recursos para la reconstrucci\u00f3n. Luego se ha dicho que es para financiar inversiones en CODELCO (se necesitan 15 mil millones de d\u00f3lares), la ENAP, FFCC (EFE), El Metro (las nuevas l\u00edneas 3 y 6 tienen un costo estimado de 2.400 millones de d\u00f3lares). M\u00e1s tarde se expres\u00f3 que ser\u00e1 para colaborar con las PYMES, para contribuir en el financiamiento de la seguridad y de la educaci\u00f3n\u2026 <span style=\"font-weight: bold;\">Es evidente que se han ido improvisado justificaciones que no revelan el trasfondo de esta privatizaci\u00f3n.<\/span><\/div>\n<div style=\"text-align: justify;\"><\/div>\n<div style=\"text-align: justify;\">9.&#8211; Esta decisi\u00f3n pol\u00edtica presidencial contrasta con lo que est\u00e1 sucediendo en el mundo:<\/div>\n<div style=\"text-align: justify;\"><\/div>\n<div style=\"text-align: justify;\">A.\u2014 El a\u00f1o 2010, 122 pa\u00edses en la Organizaci\u00f3n de las Naciones Unidas aprobaron que el uso del agua no es solo una necesidad, sino un derecho humano esencial.<\/div>\n<div style=\"text-align: justify;\">B.\u2014 La decisi\u00f3n presidencial sucede mientras en diferentes partes del mundo, en que se hab\u00eda privatizado los servicios del agua potable, ellos han debido retornar a ser propiedad p\u00fablica. Por ejemplo en Atlanta, EEUU, en Argentina, en Manila, en Canad\u00e1 (Halifax), en Francia (Neufchateau, Castres, Shatelleraut y Cherburgo). En Par\u00eds al volver a propiedad municipal bajaron inmediatamente las tarifas de 4 a 2.9 euros el metro c\u00fabico. En Brasil en el estado de Paran\u00e1. En Bolivia: en la Paz, Cochabamba (precio del agua hab\u00eda llegado a cuadriplicarse) y El Alto. En Ecuador: en Quito en el a\u00f1o 2007 el alcalde expres\u00f3 que la suspensi\u00f3n de la privatizaci\u00f3n del agua es definitiva. En Uruguay se produjo un gran debate por el intento de privatizar el agua potable: esto se zanj\u00f3 con la realizaci\u00f3n de un Plebiscito requerido por los Ciudadanos. Simult\u00e1neamente con la pen\u00faltima elecci\u00f3n presidencial en el a\u00f1o 2005 la ciudadan\u00eda vot\u00f3 y decidi\u00f3 incluir una cl\u00e1usula en la Constituci\u00f3n que impide la privatizaci\u00f3n del agua potable.  <\/div>\n<div style=\"text-align: justify;\"><\/div>\n<div style=\"text-align: justify;\"><span style=\"font-weight: bold;\">EXISTEN RECURSOS.<\/span><\/div>\n<div style=\"text-align: justify;\"><\/div>\n<div style=\"text-align: justify;\">El monto de la destrucci\u00f3n producto del terremoto y maremoto de las propiedades y servicios p\u00fablicos alcanza a 10.600 millones de d\u00f3lares. Se pretende obtener por la venta de estas empresas p\u00fablicas 1.600 millones de d\u00f3lares.<\/div>\n<div style=\"text-align: justify;\"><\/div>\n<div style=\"text-align: justify;\">1.- <span style=\"font-weight: bold;\">Los chilenos tenemos 12.987,5 millones de d\u00f3lares colocados fundamentalmente en el extranjero<\/span> en el llamado Fondo de Estabilizaci\u00f3n Econ\u00f3mico y Social, FEES. Es decir ocho veces lo que obtendr\u00edamos por las sanitarias.  El estado tambi\u00e9n tiene ahorrado en el exterior, 3.900 millones de d\u00f3lares del Fondo de Reservas de Pensiones.<\/div>\n<div style=\"text-align: justify;\"><\/div>\n<div style=\"text-align: justify;\">2.- Por otra parte por el alza del precio del cobre ingresar\u00e1n desde CODELCO a las arcas fiscales una cantidad enorme de recursos. En los primeros nueve meses del a\u00f1o 2010 ya eran US 4.129 millones de d\u00f3lares. <\/div>\n<div style=\"text-align: justify;\"><\/div>\n<div style=\"text-align: justify;\">3.- As\u00ed mismo, la econom\u00eda seguir\u00e1 creciendo. Se incrementar\u00e1n los ingresos por tributos.<\/div>\n<div style=\"text-align: justify;\"><\/div>\n<div style=\"text-align: justify;\"><span style=\"font-weight: bold;\">LA VENTA DE LAS SANITARIAS ES UN P\u00c9SIMO NEGOCIO PARA LOS CHILENOS<\/span>.<\/div>\n<div style=\"text-align: justify;\"><\/div>\n<div style=\"text-align: justify;\">Las cuatro empresas sanitarias que el Presidente Pi\u00f1era desea vender proporcionan anualmente una utilidad al fisco de 150 millones de d\u00f3lares. De modo que si no se privatiza en 11 a\u00f1os las ganancias ser\u00e1n mayores que lo que se obtendr\u00eda por la venta total. <\/div>\n<div style=\"text-align: justify;\"><\/div>\n<div style=\"text-align: justify;\">La utilizaci\u00f3n del agua que realizan las empresas sanitarias y las hidroel\u00e9ctricas es gratuita, no se les cobra una regal\u00eda o royalty. En el negocio de las sanitarias est\u00e1 asegurado el retorno de 7 a 8% anual.  <\/div>\n<div style=\"text-align: justify;\"><\/div>\n<div style=\"text-align: justify;\">El Fondo de Estabilizaci\u00f3n Econ\u00f3mico y Social, FEES, arriba mencionado, rindi\u00f3 en el a\u00f1o 2009 solamente 2,44% anual.<\/div>\n<div style=\"text-align: justify;\"><\/div>\n<div style=\"text-align: justify;\">Las utilidades de las sanitarias facilitan, al Estado, otorgar subsidios para el pago de los servicios del agua potable a 600.000 familias en todo el pa\u00eds.<\/div>\n<div style=\"text-align: justify;\"><\/div>\n<div style=\"text-align: justify;\">La participaci\u00f3n de los chilenos en estas empresas es un muy buen negocio. No existe justificaci\u00f3n alguna para su venta. Existen recursos. <span style=\"font-weight: bold;\">Es como si para arreglar el techo de la casa vendemos la casa.<\/span><\/div>\n<div style=\"text-align: justify;\"><\/div>\n<div style=\"text-align: justify;\"><span style=\"font-weight: bold;\">RESULTADOS. <\/span><\/div>\n<div style=\"text-align: justify;\"><\/div>\n<div style=\"text-align: justify;\"><span style=\"font-weight: bold;\">1.- CONCENTRACI\u00d3N PROPIEDAD-INEQUIDAD<\/span><\/div>\n<div style=\"text-align: justify;\"><\/div>\n<div style=\"text-align: justify;\">ENDESA controla el 80,4% del total nacional de derechos de aprovechamiento de agua de uso no consuntivo (agua se devuelve a su curso). En la Regi\u00f3n del Bio B\u00edo: <span style=\"font-weight: bold;\">ENDESA, ESSBIO Y GRUPO MATTE CONTROLAN 80% DERECHOS DE AGUA.<\/span><\/div>\n<div style=\"text-align: justify;\"><\/div>\n<div style=\"text-align: justify;\">2.- <span style=\"font-weight: bold;\">COBERTURA URBANA DE AGUA POTABLE<\/span>. En el a\u00f1o 1988 era 98%. En el a\u00f1o 1998 del 99,3%. En el a\u00f1o 2009 fu\u00e9 98,8%. <\/div>\n<div style=\"text-align: justify;\"><\/div>\n<div style=\"text-align: justify;\">+ COBERTURA DE ALCANTARILLADO URBANO 1988 era 80,8%. 1998 (a\u00f1o que se dicto la ley que permiti\u00f3 las privatizaciones) 91,6%. A\u00f1o 2009 fue 95,6%.<\/div>\n<div style=\"text-align: justify;\">+ EVOLUCI\u00d3N DE LAS PLANTAS DE TRATAMIENTO DE AGUAS SERVIDAS. A\u00f1o 1989 era 8%. A\u00f1o 2001 39,4%. A\u00f1o 2009 era 83,3%. <\/div>\n<div style=\"text-align: justify;\"><\/div>\n<div style=\"text-align: justify;\">No obstante, cuando las Empresas Sanitarias eran p\u00fablicas, los planes para la construcci\u00f3n de las plantas de tratamiento de aguas servidas programaban su finalizaci\u00f3n con plazos menores a los que se han hecho en manos privadas. Por ejemplo, el Plan de la Empresa ESSBIO cu\u00e1ndo era p\u00fablica preve\u00eda que estar\u00eda todo realizado en el a\u00f1o 2003.<\/div>\n<div style=\"text-align: justify;\"><\/div>\n<div style=\"text-align: justify;\">3.- <span style=\"font-weight: bold;\">La privatizaci\u00f3n de las sanitarias ha producido TARIFAS muy elevadas<\/span>. En el a\u00f1o 2007 el precio de los servicios sanitarios en Chile, era el m\u00e1s caro de Sudam\u00e9rica. Las utilidades de ESSBIO  en el a\u00f1o 2009 fueron el equivalente a 2.420 casas de 10 millones de pesos cada una. En el a\u00f1o 2009 se informaba que en los \u00faltimos 5 a\u00f1os las tarifas hab\u00edan subido 57 %.<\/div>\n<div style=\"text-align: justify;\"><\/div>\n<div style=\"text-align: justify;\">4.- <span style=\"font-weight: bold;\">DESPIDO de un tercio e los trabajadores en el caso de ESSBIO<\/span>.<\/div>\n<div style=\"text-align: justify;\"><\/div>\n<div style=\"text-align: justify;\">5.- <span style=\"font-weight: bold;\">DEFICIENTES SERVICIOS<\/span>. Ejemplos:<\/div>\n<div style=\"text-align: justify;\">*En el a\u00f1o 2007, en Chile, hubo <span style=\"font-weight: bold;\">468.000 personas que hicieron reclamos por malos servicios.<\/span><\/div>\n<div style=\"text-align: justify;\"><\/div>\n<div style=\"text-align: justify;\"><span style=\"font-weight: bold;\">En el a\u00f1o 2008 se informa que ESSBIO ocupa el pen\u00faltimo lugar en Chile considerando la CALIDAD DEL AGUA.<\/span><\/div>\n<div style=\"text-align: justify;\"><\/div>\n<div style=\"text-align: justify;\">*LOS GRIFOS son de responsabilidad de las sanitarias. En Concepci\u00f3n l<span style=\"font-weight: bold;\">os bomberos informan que los grifos no est\u00e1n en n\u00famero ni con la calidad suficiente.<\/span><\/div>\n<div style=\"text-align: justify;\"><\/div>\n<div style=\"text-align: justify;\">En un incendio de un Supermercado al lado de la oficina central de ESSBIO los grifos no funcionaron. En el a\u00f1o 2008 en un incendio en que murieron dos bomberos en Concepci\u00f3n, cerca del siniestro hab\u00eda dos grifos  uno a cien metros y el otro a trescientos metros.<\/div>\n<div style=\"text-align: justify;\"><\/div>\n<div style=\"text-align: justify;\">El a\u00f1o 2010 se quemaron la totalidad de los 704 locales de la Vega Monumental en Concepci\u00f3n. <span style=\"font-weight: bold;\">Seg\u00fan el comandante de bomberos, Marcelo Plaza, los grifos no funcionaron adecuadamente<\/span>. Los locatarios afirmaron que no hab\u00eda agua.  Hasta los \u201cguanacos\u201d de carabineros se hicieron presente para combatir el siniestro lanzando sus chorros de agua.<\/div>\n<div style=\"text-align: justify;\"><\/div>\n<div style=\"text-align: justify;\">*Un kil\u00f3metro en San Pedro de La Paz sufri\u00f3 hundimiento producto de la construcci\u00f3n mal hecha de un colector de aguas servidas de ESSBIO.<\/div>\n<div style=\"text-align: justify;\"><\/div>\n<div style=\"text-align: justify;\">*Despu\u00e9s del terremoto y maremoto se han producido retrasos en el suministro del agua, alcantarillado y planta de tratamiento de aguas servidas, los reclamos han provenido del gobierno central, alcaldes y de la poblaci\u00f3n. <\/div>\n<div style=\"text-align: justify;\"><\/div>\n<div style=\"text-align: justify;\">Por ejemplo, a 34 d\u00edas del terremoto hab\u00eda 16.000 personas (de un total aproximado 25.000 habitantes) en la ciudad de Arauco sin agua potable. <\/div>\n<div style=\"text-align: justify;\"><\/div>\n<div style=\"text-align: justify;\">En Localidades Rurales como \u00d1ipas (Comuna de R\u00e1nquil) ESSBIO se ha desentendido de su responsabilidad en ofrecer calidad y continuidad del agua potable.<\/div>\n<div style=\"text-align: justify;\"><\/div>\n<div style=\"text-align: justify;\">ASPECTOS LEGALES que pueden ser \u00fatiles para detener la privatizaci\u00f3n: <\/div>\n<div style=\"text-align: justify;\"><\/div>\n<div style=\"text-align: justify;\">1.\u2014 <span style=\"font-weight: bold;\">Coincidimos con los abogados del Instituto Igualdad que consideran: el Presidente Pi\u00f1era no puede decidir la venta eludiendo la decisi\u00f3n del parlamento.<\/span><\/div>\n<div style=\"text-align: justify;\"><\/div>\n<div style=\"text-align: justify;\">2.\u2014 Examinaremos la posibilidad de:<\/div>\n<div style=\"text-align: justify;\"><\/div>\n<div style=\"text-align: justify;\">A.) Solicitar un Pronunciamiento del Tribunal Constitucional.*<\/div>\n<div style=\"text-align: justify;\">B.) Una Acusaci\u00f3n Constitucional.*<\/div>\n<div style=\"text-align: justify;\">C.) Llevar esto a los tribunales ordinarios de justicia.*<\/div>\n<div style=\"text-align: justify;\">D.) Acudir a organismos internacionales.<\/div>\n<div style=\"text-align: justify;\"><\/div>\n<div style=\"text-align: justify;\"><span style=\"font-weight: bold;\">Atenta y respetuosamente invitamos a Usted a:<\/span><\/div>\n<div style=\"text-align: justify;\"><\/div>\n<div style=\"text-align: justify;\">*Sin discriminaci\u00f3n ideol\u00f3gica ni pol\u00edtica (es un problema que afecta a todas las personas), integrarse al Comit\u00e9 de Defensa del Agua e invitar a otras personas a protestar por esta venta inconsulta con los propietarios. Tambi\u00e9n reuniendo firmas.<\/div>\n<div style=\"text-align: justify;\"><\/div>\n<div style=\"text-align: justify;\">*Formar Comit\u00e9s en el barrio y la comuna correspondiente a su domicilio o a su lugar de trabajo. Si Usted lo solicita nuestro Movimiento puede contribuir a su constituci\u00f3n y entregar la informaci\u00f3n necesaria.<\/div>\n<div style=\"text-align: justify;\"><\/div>\n<div style=\"text-align: justify;\">*En las boletas de pago del agua potable escribir: \u201cDesapruebo la privatizaci\u00f3n del agua\u201d.<\/div>\n<div style=\"text-align: justify;\"><\/div>\n<div style=\"text-align: justify;\">*Los consumidores o usuarios debemos participar en la fijaci\u00f3n de las tarifas con derecho a voto.<\/div>\n<div style=\"text-align: justify;\"><\/div>\n<div style=\"text-align: justify;\">*Escribir a los medios de comunicaci\u00f3n expresando el rechazo a esta privatizaci\u00f3n.<\/div>\n<div style=\"text-align: justify;\"><\/div>\n<div style=\"text-align: justify;\">*As\u00ed mismo, al Presidente Sebasti\u00e1n Pi\u00f1era: sebastianpinera@presidencia.cl o directamente al Palacio de la Moneda.<\/div>\n<div style=\"text-align: justify;\"><\/div>\n<div style=\"text-align: justify;\">*A los senadores www.senado.cl  en esta p\u00e1gina web est\u00e1n todas las direcciones y tel\u00e9fonos o al Senado Valpara\u00edso. <\/div>\n<div style=\"text-align: justify;\"><\/div>\n<div style=\"text-align: justify;\">*A las y los Intendente y Gobernadores.<\/div>\n<div style=\"text-align: justify;\"><\/div>\n<div style=\"text-align: justify;\">*A los diputados www.camara.cl o a la C\u00e1mara de Diputados Valpara\u00edso.**<\/div>\n<div style=\"text-align: justify;\"><\/div>\n<div style=\"text-align: justify;\">Atenta y cordialmente:<\/div>\n<div style=\"text-align: justify;\"><\/div>\n<p><\/p>\n<div style=\"text-align: justify;\"><span style=\"font-weight: bold;\">Dr. Edgardo Condeza  Vaccaro<\/span><\/div>\n<p><span style=\"font-weight: bold;\"><\/p>\n<div style=\"text-align: justify;\">Presidente<\/div>\n<div style=\"text-align: justify;\">MOVIMIENTO POR LA CONSULTA Y LOS DERECHOS CIUDADANOS<\/div>\n<div style=\"text-align: justify;\">edgardocondeza68@gmail.com<\/div>\n<p><\/span><\/p>\n<div style=\"text-align: justify;\"><\/div>\n<div style=\"text-align: justify;\"><\/div>\n<div style=\"text-align: justify;\">* Por lo dem\u00e1s la infracci\u00f3n de la Constituci\u00f3n y de la legislaci\u00f3n de derecho p\u00fablico econ\u00f3mico que pudiere producirse con motivo de la enajenaci\u00f3n de \u201cactivos prescindibles del Estado\u201d o en propiedad \u201cbienes del Estado\u201d, es eventual fuente de responsabilidad constitucional, de responsabilidad administrativa y de responsabilidad civil funcionaria respecto del patrimonio p\u00fablico comprometido de las autoridades gubernamentales o de la Administraci\u00f3n que intervengan en las decisiones de enajenaci\u00f3n.* PAL-IGUALDAD (\u00c1rea Constitucional, Legislaci\u00f3n y Justicia)<\/div>\n<div style=\"text-align: justify;\"><\/div>\n<div style=\"text-align: justify;\"><span style=\"font-weight: bold;\">Correos Email de Parlamentarios<\/span><\/div>\n<div style=\"text-align: justify;\"><\/div>\n<div style=\"text-align: justify;\">** <span style=\"font-weight: bold;\">SENADORES:<\/span> frossi@senado.cl   jorpis@senado.cl  ccantero@senado.cl    jagomez@senado.cl  iallende@senado.cl bprokurica@senado.cl ematthei@senado.cl    jpizarro@senado.cl  iwalker@senado.cl   lperez@senado.cl<\/div>\n<div style=\"text-align: justify;\">fchahuan@senado.cl   rlagos@senado.cl   ggirardi@senado.cl   jnovoa@senado.cl    salvear@senado.cl   longueira@senado.cl   jcoloma@senado.cl    azaldivar@senado.cl   hlarrain@senado.cl   xrincon@senado.cl<\/div>\n<div style=\"text-align: justify;\">chadwick@senado.cl  jpletelier@senado.cl   anavarro@senado.cl   hsabag@senado.cl   vperez@senado.cl    mruiz@senado.cl    aespina@senado.cl   jquintana@senado.cl   jgarcia@senado.cl   etuma@senado.cl<\/div>\n<div style=\"text-align: justify;\">aallamand@senado.cl   eduardofrei@senado.cl   cescalona@senado.cl   kuschel@senado.cl   ahorvath@senado.cl   pwalker@senado.cl   cbianchi@senado.cl  pmunoz@senado.cl<\/div>\n<div style=\"text-align: justify;\"><\/div>\n<div style=\"text-align: justify;\"><span style=\"font-weight: bold;\">DIPUTADOS:<\/span> eaccorsi@congreso.cl  saguilo@congreso.cl ralinco@congreso.cl palvarez-salamanca@congreso.cl oandrade@congreso.cl paraya@congreso.cl garenas@congreso.cl ascencio@congreso.cl<\/div>\n<div style=\"text-align: justify;\">pepeauth@congreso.cl nbaltolu@congreso.cl jbarros@congreso.cl ebauer@congreso.cl gbecker@congreso.cl mbertoli@congreso.cl sbobadilla@congreso.cl pbrowne@congreso.cl jburgos@congreso.cl<\/div>\n<div style=\"text-align: justify;\">gcalderon@congreso.cl ccampos@congreso.cl acardemil@congreso.cl lcarmona@congreso.cl jlcastro@congreso.cl ecerda@congreso.cl gceroni@congreso.cl acornejo@congreso.cl macristi@congreso.cl<\/div>\n<div style=\"text-align: justify;\">fchahin@congreso.cl rdelmast@congreso.cl mdiaz@congreso.cl jmedwards@congreso.cl eeluchans@congreso.cl fespinoza@congreso.cl eestay@congreso.cl rfarias@congreso.cl rmgarcia@congreso.cl<\/div>\n<div style=\"text-align: justify;\">agarcia@congreso.cl cgirardi@congreso.cl jgodoy@congreso.cl cgoic@congreso.cl rodrigogonzalez@congreso.cl hgutierrez@congreso.cl phales@congreso.cl fharboe@congreso.cl ghasbun@congreso.cl<\/div>\n<div style=\"text-align: justify;\">jhernandez@congreso.cl mjhoffmann@congreso.cl misasi@congreso.cl ejaramil@congreso.cl cjarpa@congreso.cl tjimenez@congreso.cl jkast@congreso.cl jclatorre@congreso.cl llemus@congreso.cl<\/div>\n<div style=\"text-align: justify;\">rleon@congreso.cl jlobos@congreso.cl plorenzi@congreso.cl jmacaya@congreso.cl mmarinovic@congreso.cl rmartine@congreso.cl pmelero@congreso.cl fmeza@congreso.cl amolina@congreso.cl<\/div>\n<div style=\"text-align: justify;\">cmonckeberg@congreso.cl nmonckeberg@congreso.cl mmonsalve@congreso.cl cmontes@congreso.cl cmorales@congreso.cl imoreira@congreso.cl amunoz@congreso.cl cnogueira@congreso.cl<\/div>\n<div style=\"text-align: justify;\">inorambuena@congreso.cl mnunez@congreso.cl sojeda@congreso.cl jmortiz@congreso.cl cpacheco@congreso.cl dpascal@congreso.cl jperez@congreso.cl lperezl@congreso.cl crecondo@congreso.cl<\/div>\n<div style=\"text-align: justify;\">rrincon@congreso.cl grivas@congreso.cl  arobles@congreso.cl mrojas@congreso.cl krubilar@congreso.cl masaa@congreso.cl  jsabag@congreso.cl msabat@congreso.cl rsaffirio@congreso.cl<\/div>\n<div style=\"text-align: justify;\">fsalaberry@congreso.cl dsandoval@congreso.cl asantana@congreso.cl fs@congreso.cl schilling@congreso.cl asepulveda@congreso.cl  gsilber@congreso.cl esilva@congreso.cl asquella@congreso.cl<\/div>\n<div style=\"text-align: justify;\">jtarud@congreso.cl  gteillier@congreso.cl  vtorres@congreso.cl  jtuma@congreso.cl  mturres@congreso.cl  julloa@congreso.cl  guriarte@congreso.cl  iurrutia@congreso.cl  pvallespin@congreso.cl<\/div>\n<div style=\"text-align: justify;\">evr@congreso.cl  ovargas@congreso.cl  pvelasquez@congreso.cl  mvenegas@congreso.cl  gverdugo@congreso.cl  xvidal@congreso.cl  cvilches@congreso.cl  gvonmuhlenbrock@congreso.cl  mwalker@congreso.cl<\/div>\n<div style=\"text-align: justify;\">fw120@congreso.cl  mzalaquett@congreso.cl<\/div>\n","protected":false},"excerpt":{"rendered":"<p>La privatizaci\u00f3n del agua comenz\u00f3 con los gobiernos de los presidentes Frei y Lagos pasando a ser propiedad mayoritariamente de enormes empresas extranjeras. El gobierno del Presidente Pi\u00f1era est\u00e1 examinando TODOS los bienes p\u00fablicos para determinar cuales de ellos se vender\u00e1n. Anunci\u00f3 que se completar\u00e1 la privatizaci\u00f3n de lo que resta de propiedad p\u00fablica de [&hellip;]<\/p>\n","protected":false},"author":1,"featured_media":0,"comment_status":"open","ping_status":"open","sticky":false,"template":"","format":"standard","meta":{"footnotes":""},"categories":[240,112],"tags":[],"class_list":["post-8927","post","type-post","status-publish","format-standard","hentry","category-agua","category-opinion"],"yoast_head":"<!-- This site is optimized with the Yoast SEO plugin v25.0 - https:\/\/yoast.com\/wordpress\/plugins\/seo\/ -->\n<title>Privatizaci\u00f3n De Las Empresas Sanitarias - Nuestro Bio B\u00edo<\/title>\n<meta name=\"robots\" content=\"index, follow, max-snippet:-1, max-image-preview:large, max-video-preview:-1\" \/>\n<link rel=\"canonical\" href=\"https:\/\/www.fraczinet.cl\/sitio\/2011\/01\/26\/privatizacion-de-las-empresas-sanitarias\/\" \/>\n<meta property=\"og:locale\" content=\"es_ES\" \/>\n<meta property=\"og:type\" content=\"article\" \/>\n<meta property=\"og:title\" content=\"Privatizaci\u00f3n De Las Empresas Sanitarias - Nuestro Bio B\u00edo\" \/>\n<meta property=\"og:description\" content=\"La privatizaci\u00f3n del agua comenz\u00f3 con los gobiernos de los presidentes Frei y Lagos pasando a ser propiedad mayoritariamente de enormes empresas extranjeras. El gobierno del Presidente Pi\u00f1era est\u00e1 examinando TODOS los bienes p\u00fablicos para determinar cuales de ellos se vender\u00e1n. Anunci\u00f3 que se completar\u00e1 la privatizaci\u00f3n de lo que resta de propiedad p\u00fablica de [&hellip;]\" \/>\n<meta property=\"og:url\" content=\"https:\/\/www.fraczinet.cl\/sitio\/2011\/01\/26\/privatizacion-de-las-empresas-sanitarias\/\" \/>\n<meta property=\"og:site_name\" content=\"Nuestro Bio B\u00edo\" \/>\n<meta property=\"article:published_time\" content=\"2011-01-26T19:33:00+00:00\" \/>\n<meta property=\"og:image\" content=\"https:\/\/www.fraczinet.cl\/sitio\/wp-content\/uploads\/2021\/07\/bannerlogo-1.gif\" \/>\n\t<meta property=\"og:image:width\" content=\"159\" \/>\n\t<meta property=\"og:image:height\" content=\"79\" \/>\n\t<meta property=\"og:image:type\" content=\"image\/gif\" \/>\n<meta name=\"author\" content=\"admin\" \/>\n<meta name=\"twitter:card\" content=\"summary_large_image\" \/>\n<meta name=\"twitter:creator\" content=\"@nuestrobiobio\" \/>\n<meta name=\"twitter:site\" content=\"@nuestrobiobio\" \/>\n<meta name=\"twitter:label1\" content=\"Escrito por\" \/>\n\t<meta name=\"twitter:data1\" content=\"admin\" \/>\n\t<meta name=\"twitter:label2\" content=\"Tiempo de lectura\" \/>\n\t<meta name=\"twitter:data2\" content=\"12 minutos\" \/>\n<script type=\"application\/ld+json\" class=\"yoast-schema-graph\">{\"@context\":\"https:\/\/schema.org\",\"@graph\":[{\"@type\":\"Article\",\"@id\":\"https:\/\/www.fraczinet.cl\/sitio\/2011\/01\/26\/privatizacion-de-las-empresas-sanitarias\/#article\",\"isPartOf\":{\"@id\":\"https:\/\/www.fraczinet.cl\/sitio\/2011\/01\/26\/privatizacion-de-las-empresas-sanitarias\/\"},\"author\":{\"name\":\"admin\",\"@id\":\"https:\/\/www.fraczinet.cl\/sitio\/#\/schema\/person\/bc30f98e9cb10ae7e119dbe14bc93784\"},\"headline\":\"Privatizaci\u00f3n De Las Empresas Sanitarias\",\"datePublished\":\"2011-01-26T19:33:00+00:00\",\"mainEntityOfPage\":{\"@id\":\"https:\/\/www.fraczinet.cl\/sitio\/2011\/01\/26\/privatizacion-de-las-empresas-sanitarias\/\"},\"wordCount\":2406,\"commentCount\":0,\"publisher\":{\"@id\":\"https:\/\/www.fraczinet.cl\/sitio\/#\/schema\/person\/aec8ee4da68df2b9b0eefdad24a0d582\"},\"articleSection\":[\"Agua\",\"Opini\u00f3n\"],\"inLanguage\":\"es\",\"potentialAction\":[{\"@type\":\"CommentAction\",\"name\":\"Comment\",\"target\":[\"https:\/\/www.fraczinet.cl\/sitio\/2011\/01\/26\/privatizacion-de-las-empresas-sanitarias\/#respond\"]}]},{\"@type\":\"WebPage\",\"@id\":\"https:\/\/www.fraczinet.cl\/sitio\/2011\/01\/26\/privatizacion-de-las-empresas-sanitarias\/\",\"url\":\"https:\/\/www.fraczinet.cl\/sitio\/2011\/01\/26\/privatizacion-de-las-empresas-sanitarias\/\",\"name\":\"Privatizaci\u00f3n De Las Empresas Sanitarias - Nuestro Bio B\u00edo\",\"isPartOf\":{\"@id\":\"https:\/\/www.fraczinet.cl\/sitio\/#website\"},\"datePublished\":\"2011-01-26T19:33:00+00:00\",\"breadcrumb\":{\"@id\":\"https:\/\/www.fraczinet.cl\/sitio\/2011\/01\/26\/privatizacion-de-las-empresas-sanitarias\/#breadcrumb\"},\"inLanguage\":\"es\",\"potentialAction\":[{\"@type\":\"ReadAction\",\"target\":[\"https:\/\/www.fraczinet.cl\/sitio\/2011\/01\/26\/privatizacion-de-las-empresas-sanitarias\/\"]}]},{\"@type\":\"BreadcrumbList\",\"@id\":\"https:\/\/www.fraczinet.cl\/sitio\/2011\/01\/26\/privatizacion-de-las-empresas-sanitarias\/#breadcrumb\",\"itemListElement\":[{\"@type\":\"ListItem\",\"position\":1,\"name\":\"Portada\",\"item\":\"https:\/\/www.fraczinet.cl\/sitio\/\"},{\"@type\":\"ListItem\",\"position\":2,\"name\":\"Privatizaci\u00f3n De Las Empresas Sanitarias\"}]},{\"@type\":\"WebSite\",\"@id\":\"https:\/\/www.fraczinet.cl\/sitio\/#website\",\"url\":\"https:\/\/www.fraczinet.cl\/sitio\/\",\"name\":\"Nuestro Bio B\u00edo\",\"description\":\"Tierra de Encuentros\",\"publisher\":{\"@id\":\"https:\/\/www.fraczinet.cl\/sitio\/#\/schema\/person\/aec8ee4da68df2b9b0eefdad24a0d582\"},\"potentialAction\":[{\"@type\":\"SearchAction\",\"target\":{\"@type\":\"EntryPoint\",\"urlTemplate\":\"https:\/\/www.fraczinet.cl\/sitio\/?s={search_term_string}\"},\"query-input\":{\"@type\":\"PropertyValueSpecification\",\"valueRequired\":true,\"valueName\":\"search_term_string\"}}],\"inLanguage\":\"es\"},{\"@type\":[\"Person\",\"Organization\"],\"@id\":\"https:\/\/www.fraczinet.cl\/sitio\/#\/schema\/person\/aec8ee4da68df2b9b0eefdad24a0d582\",\"name\":\"Luis Fernando Fraczinet\",\"image\":{\"@type\":\"ImageObject\",\"inLanguage\":\"es\",\"@id\":\"https:\/\/www.fraczinet.cl\/sitio\/#\/schema\/person\/image\/\",\"url\":\"https:\/\/www.fraczinet.cl\/sitio\/wp-content\/uploads\/2021\/07\/bannerlogo-1.gif\",\"contentUrl\":\"https:\/\/www.fraczinet.cl\/sitio\/wp-content\/uploads\/2021\/07\/bannerlogo-1.gif\",\"width\":159,\"height\":79,\"caption\":\"Luis Fernando Fraczinet\"},\"logo\":{\"@id\":\"https:\/\/www.fraczinet.cl\/sitio\/#\/schema\/person\/image\/\"},\"sameAs\":[\"https:\/\/www.fraczinet.cl\/sitio\/\"]},{\"@type\":\"Person\",\"@id\":\"https:\/\/www.fraczinet.cl\/sitio\/#\/schema\/person\/bc30f98e9cb10ae7e119dbe14bc93784\",\"name\":\"admin\",\"image\":{\"@type\":\"ImageObject\",\"inLanguage\":\"es\",\"@id\":\"https:\/\/www.fraczinet.cl\/sitio\/#\/schema\/person\/image\/\",\"url\":\"https:\/\/secure.gravatar.com\/avatar\/d5ad3cf7ef3b23a2bb5be73be780c86b2fc8545c3ad6b149f3913ff458c00099?s=96&d=mm&r=g\",\"contentUrl\":\"https:\/\/secure.gravatar.com\/avatar\/d5ad3cf7ef3b23a2bb5be73be780c86b2fc8545c3ad6b149f3913ff458c00099?s=96&d=mm&r=g\",\"caption\":\"admin\"},\"sameAs\":[\"https:\/\/www.fraczinet.cl\/sitio\"]}]}<\/script>\n<!-- \/ Yoast SEO plugin. -->","yoast_head_json":{"title":"Privatizaci\u00f3n De Las Empresas Sanitarias - Nuestro Bio B\u00edo","robots":{"index":"index","follow":"follow","max-snippet":"max-snippet:-1","max-image-preview":"max-image-preview:large","max-video-preview":"max-video-preview:-1"},"canonical":"https:\/\/www.fraczinet.cl\/sitio\/2011\/01\/26\/privatizacion-de-las-empresas-sanitarias\/","og_locale":"es_ES","og_type":"article","og_title":"Privatizaci\u00f3n De Las Empresas Sanitarias - Nuestro Bio B\u00edo","og_description":"La privatizaci\u00f3n del agua comenz\u00f3 con los gobiernos de los presidentes Frei y Lagos pasando a ser propiedad mayoritariamente de enormes empresas extranjeras. El gobierno del Presidente Pi\u00f1era est\u00e1 examinando TODOS los bienes p\u00fablicos para determinar cuales de ellos se vender\u00e1n. Anunci\u00f3 que se completar\u00e1 la privatizaci\u00f3n de lo que resta de propiedad p\u00fablica de [&hellip;]","og_url":"https:\/\/www.fraczinet.cl\/sitio\/2011\/01\/26\/privatizacion-de-las-empresas-sanitarias\/","og_site_name":"Nuestro Bio B\u00edo","article_published_time":"2011-01-26T19:33:00+00:00","og_image":[{"width":159,"height":79,"url":"https:\/\/www.fraczinet.cl\/sitio\/wp-content\/uploads\/2021\/07\/bannerlogo-1.gif","type":"image\/gif"}],"author":"admin","twitter_card":"summary_large_image","twitter_creator":"@nuestrobiobio","twitter_site":"@nuestrobiobio","twitter_misc":{"Escrito por":"admin","Tiempo de lectura":"12 minutos"},"schema":{"@context":"https:\/\/schema.org","@graph":[{"@type":"Article","@id":"https:\/\/www.fraczinet.cl\/sitio\/2011\/01\/26\/privatizacion-de-las-empresas-sanitarias\/#article","isPartOf":{"@id":"https:\/\/www.fraczinet.cl\/sitio\/2011\/01\/26\/privatizacion-de-las-empresas-sanitarias\/"},"author":{"name":"admin","@id":"https:\/\/www.fraczinet.cl\/sitio\/#\/schema\/person\/bc30f98e9cb10ae7e119dbe14bc93784"},"headline":"Privatizaci\u00f3n De Las Empresas Sanitarias","datePublished":"2011-01-26T19:33:00+00:00","mainEntityOfPage":{"@id":"https:\/\/www.fraczinet.cl\/sitio\/2011\/01\/26\/privatizacion-de-las-empresas-sanitarias\/"},"wordCount":2406,"commentCount":0,"publisher":{"@id":"https:\/\/www.fraczinet.cl\/sitio\/#\/schema\/person\/aec8ee4da68df2b9b0eefdad24a0d582"},"articleSection":["Agua","Opini\u00f3n"],"inLanguage":"es","potentialAction":[{"@type":"CommentAction","name":"Comment","target":["https:\/\/www.fraczinet.cl\/sitio\/2011\/01\/26\/privatizacion-de-las-empresas-sanitarias\/#respond"]}]},{"@type":"WebPage","@id":"https:\/\/www.fraczinet.cl\/sitio\/2011\/01\/26\/privatizacion-de-las-empresas-sanitarias\/","url":"https:\/\/www.fraczinet.cl\/sitio\/2011\/01\/26\/privatizacion-de-las-empresas-sanitarias\/","name":"Privatizaci\u00f3n De Las Empresas Sanitarias - Nuestro Bio B\u00edo","isPartOf":{"@id":"https:\/\/www.fraczinet.cl\/sitio\/#website"},"datePublished":"2011-01-26T19:33:00+00:00","breadcrumb":{"@id":"https:\/\/www.fraczinet.cl\/sitio\/2011\/01\/26\/privatizacion-de-las-empresas-sanitarias\/#breadcrumb"},"inLanguage":"es","potentialAction":[{"@type":"ReadAction","target":["https:\/\/www.fraczinet.cl\/sitio\/2011\/01\/26\/privatizacion-de-las-empresas-sanitarias\/"]}]},{"@type":"BreadcrumbList","@id":"https:\/\/www.fraczinet.cl\/sitio\/2011\/01\/26\/privatizacion-de-las-empresas-sanitarias\/#breadcrumb","itemListElement":[{"@type":"ListItem","position":1,"name":"Portada","item":"https:\/\/www.fraczinet.cl\/sitio\/"},{"@type":"ListItem","position":2,"name":"Privatizaci\u00f3n De Las Empresas Sanitarias"}]},{"@type":"WebSite","@id":"https:\/\/www.fraczinet.cl\/sitio\/#website","url":"https:\/\/www.fraczinet.cl\/sitio\/","name":"Nuestro Bio B\u00edo","description":"Tierra de Encuentros","publisher":{"@id":"https:\/\/www.fraczinet.cl\/sitio\/#\/schema\/person\/aec8ee4da68df2b9b0eefdad24a0d582"},"potentialAction":[{"@type":"SearchAction","target":{"@type":"EntryPoint","urlTemplate":"https:\/\/www.fraczinet.cl\/sitio\/?s={search_term_string}"},"query-input":{"@type":"PropertyValueSpecification","valueRequired":true,"valueName":"search_term_string"}}],"inLanguage":"es"},{"@type":["Person","Organization"],"@id":"https:\/\/www.fraczinet.cl\/sitio\/#\/schema\/person\/aec8ee4da68df2b9b0eefdad24a0d582","name":"Luis Fernando Fraczinet","image":{"@type":"ImageObject","inLanguage":"es","@id":"https:\/\/www.fraczinet.cl\/sitio\/#\/schema\/person\/image\/","url":"https:\/\/www.fraczinet.cl\/sitio\/wp-content\/uploads\/2021\/07\/bannerlogo-1.gif","contentUrl":"https:\/\/www.fraczinet.cl\/sitio\/wp-content\/uploads\/2021\/07\/bannerlogo-1.gif","width":159,"height":79,"caption":"Luis Fernando Fraczinet"},"logo":{"@id":"https:\/\/www.fraczinet.cl\/sitio\/#\/schema\/person\/image\/"},"sameAs":["https:\/\/www.fraczinet.cl\/sitio\/"]},{"@type":"Person","@id":"https:\/\/www.fraczinet.cl\/sitio\/#\/schema\/person\/bc30f98e9cb10ae7e119dbe14bc93784","name":"admin","image":{"@type":"ImageObject","inLanguage":"es","@id":"https:\/\/www.fraczinet.cl\/sitio\/#\/schema\/person\/image\/","url":"https:\/\/secure.gravatar.com\/avatar\/d5ad3cf7ef3b23a2bb5be73be780c86b2fc8545c3ad6b149f3913ff458c00099?s=96&d=mm&r=g","contentUrl":"https:\/\/secure.gravatar.com\/avatar\/d5ad3cf7ef3b23a2bb5be73be780c86b2fc8545c3ad6b149f3913ff458c00099?s=96&d=mm&r=g","caption":"admin"},"sameAs":["https:\/\/www.fraczinet.cl\/sitio"]}]}},"_links":{"self":[{"href":"https:\/\/www.fraczinet.cl\/sitio\/wp-json\/wp\/v2\/posts\/8927","targetHints":{"allow":["GET"]}}],"collection":[{"href":"https:\/\/www.fraczinet.cl\/sitio\/wp-json\/wp\/v2\/posts"}],"about":[{"href":"https:\/\/www.fraczinet.cl\/sitio\/wp-json\/wp\/v2\/types\/post"}],"author":[{"embeddable":true,"href":"https:\/\/www.fraczinet.cl\/sitio\/wp-json\/wp\/v2\/users\/1"}],"replies":[{"embeddable":true,"href":"https:\/\/www.fraczinet.cl\/sitio\/wp-json\/wp\/v2\/comments?post=8927"}],"version-history":[{"count":0,"href":"https:\/\/www.fraczinet.cl\/sitio\/wp-json\/wp\/v2\/posts\/8927\/revisions"}],"wp:attachment":[{"href":"https:\/\/www.fraczinet.cl\/sitio\/wp-json\/wp\/v2\/media?parent=8927"}],"wp:term":[{"taxonomy":"category","embeddable":true,"href":"https:\/\/www.fraczinet.cl\/sitio\/wp-json\/wp\/v2\/categories?post=8927"},{"taxonomy":"post_tag","embeddable":true,"href":"https:\/\/www.fraczinet.cl\/sitio\/wp-json\/wp\/v2\/tags?post=8927"}],"curies":[{"name":"wp","href":"https:\/\/api.w.org\/{rel}","templated":true}]}}