{"id":8934,"date":"2011-01-23T13:21:00","date_gmt":"2011-01-23T13:21:00","guid":{"rendered":"https:\/\/www.fraczinet.cl\/sitio\/2011\/01\/23\/cuando-hay-que-comprender-a-la-naturaleza\/"},"modified":"2011-01-23T13:21:00","modified_gmt":"2011-01-23T13:21:00","slug":"cuando-hay-que-comprender-a-la-naturaleza","status":"publish","type":"post","link":"https:\/\/www.fraczinet.cl\/sitio\/2011\/01\/23\/cuando-hay-que-comprender-a-la-naturaleza\/","title":{"rendered":"Cuando Hay Que Comprender A La Naturaleza"},"content":{"rendered":"<div style=\"text-align: justify;\"><span style=\"font-weight: bold;\">La Escala de Saffir-Simpson<\/span><\/div>\n<div style=\"text-align: justify;\"><\/div>\n<div style=\"text-align: justify;\">La escala de Saffir-Simpson, que mide los vientos de los huracanes, es una de las cinco categorizaciones basadas en la intensidad de los huracanes en un momento dado. La escala ofrece ejemplos del tipo de da\u00f1os en impactos en los EEUU. Asociados con vientos de una determinada intensidad. Generalmente los da\u00f1os crecen por alrededor de un factor de cuadro por cada aumento de categor\u00eda. Hay ejemplos hist\u00f3ricos (para el Golfo y la Costa del Atl\u00e1ntico) para cada categor\u00eda que corresponde con la intensidad del hurac\u00e1n en el momento de tocar tierra en el lugar donde se est\u00e1n sintiendo los vientos m\u00e1s fuertes, lo que necesariamente se corresponde con la mayor intensidad alcanzada por el sistema durante su vida.<\/div>\n<div style=\"text-align: justify;\"><\/div>\n<div style=\"text-align: justify;\">La escala no trata el potencial por otros impactos relacionados con los huracanes, tales como las marejadas, inundaciones por aguaceros y tornados. La descripci\u00f3n de los da\u00f1os hasta cierto punto, depende de los c\u00f3digos de construcci\u00f3n en efecto y en cu\u00e1n bien y por cu\u00e1nto tiempo ha estado en vigor. Por ejemplo, los recientes c\u00f3digos de construcci\u00f3n de Carolina del Norte y Carolina del Sur posiblemente reducir\u00e1n en alguna medida el da\u00f1o a las nuevas estructuras que m\u00e1s abajo se describen. El da\u00f1o del viento tambi\u00e9n depende de otros factores como la duraci\u00f3n de los vientos Fuertes, el cambio de direcci\u00f3n, las cantidad de lluvia que lo acompa\u00f1a y la edad de las estructuras.<\/div>\n<div style=\"text-align: justify;\"><\/div>\n<div style=\"text-align: justify;\">Versiones anteriores de la Escala de Huracanes Saffir-Simpson utiliza la presi\u00f3n central y las marejadas como componentes de las categor\u00edas.<\/div>\n<div style=\"text-align: justify;\"><\/div>\n<div style=\"text-align: justify;\">La presi\u00f3n central se utiliz\u00f3 durante los a\u00f1os de 1970 y 1980 como una representaci\u00f3n de los vientos, ya que la medida exacta de la intensidad de los vientos de un hurac\u00e1n desde un avi\u00f3n no estuvo disponible hasta 1990.-<\/div>\n<div style=\"text-align: justify;\"><\/div>\n<div style=\"text-align: justify;\">Las marejadas tambi\u00e9n fueron cuantificadas por categor\u00eda en las primeras versiones publicadas de la escala. Sin embargo, la magnitud de la fuerza de los vientos de un hurac\u00e1n, la profundidad de las aguas cerca de la costa y la compulsi\u00f3n topogr\u00e1fica  pueden ser igualmente importantes a la hora de anunciar una marejada. M\u00e1s a\u00fan, otros aspectos de los huracanes tales como la velocidad del movimiento del sistema y el \u00e1ngulo con respecto a la costa tambi\u00e9n impactan la marejada que se produce. Por ejemplo el Hurac\u00e1n Ike (con vientos que se extendieron hasta 125 millas del centro) en el 2008 toc\u00f3 tierra en Texas como Hurac\u00e1n Categor\u00eda 2 y tuvo marejadas en el pico de la tormenta de entre 15-20 pies. En contraste con el peque\u00f1o Hurac\u00e1n Charley golpe\u00f3 la Florida en 2004 como un hurac\u00e1n categor\u00eda 4 y produjo una marejada de solamente 6 \u2013 7 pies.<\/div>\n<div style=\"text-align: justify;\"><\/div>\n<div style=\"text-align: justify;\">Estos valores estuvieron substancialmente fuera de las medidas sugeridas en la escala original. Esto ayuda a reducir la confusion del p\u00fablico sobre los impactos asociados con las diferentes categor\u00edas de huracanes as\u00ed como a proveer una escala significativamente defendible, extensi\u00f3n de las marejadas, impactos de las inundaciones e informes sobre la presi\u00f3n central han sido retirados de la escala y s\u00f3lo los vientos m\u00e1ximos se emplean en esta versi\u00f3n revisada \u2013 la Escala de los Vientos Saffir- Simpson.<\/div>\n<div style=\"text-align: justify;\"><\/div>\n<div style=\"text-align: justify;\"><span style=\"font-weight: bold;\">Categor\u00eda 1<\/span>.<\/div>\n<div style=\"text-align: justify;\"><\/div>\n<div style=\"text-align: justify;\">Da\u00f1os M\u00ednimos:  Vientos de 119 a 152 KM\/H (74 a 95 millas por hora) Marejadas (Aguas elevadas) de 4 \u2013 5 pies sobre lo normal. Da\u00f1os principlalmente a \u00e1rboles, arbustos y casas m\u00f3viles que no hayan sido previamente aseguradas. Da\u00f1os ligeros a otras estructuras. Destrucci\u00f3n parcial o total a algunos letreros y anuncios  pobremente instalados. Inundaciones a los caminos y carreteras en costas bajas. Da\u00f1os menores a los muelles y atracaderos.<\/div>\n<div style=\"text-align: justify;\"><\/div>\n<div style=\"text-align: justify;\"><span style=\"font-weight: bold;\">Categor\u00eda 2.<\/span><\/div>\n<div style=\"text-align: justify;\"><\/div>\n<div style=\"text-align: justify;\">Da\u00f1os Moderados:  Vientos de 153 a 178 km\/h (96 a 110 millas por hora) Marejadas de 6-8 pies sobre lo normal. Destrucci\u00f3n parcial de algunos techos, puertas y ventanas. Da\u00f1os considerables a \u00e1rboles y arbustos, algunos derribados. Grandes da\u00f1os a casas m\u00f3viles en areas expuestas. Extensos da\u00f1os a letreros y anuncios. Pocos da\u00f1os a estructuras y edificios. Aguas elevadas o sea carreteras y caminos inundados cerca de las costas. Da\u00f1os considerables a muelles y atracaderos. Las marinas se inundan, Las embarcaciones menores rompen amarraderos en areas abiertas. Se require la evacuaci\u00f3n de residents de terrenos bajos en areas costeras. Las rutas de escape en terrenos bajos se interrumpen de 2 a 4 horas antes de la llegada del centro del hurac\u00e1n.<\/div>\n<div style=\"text-align: justify;\"><\/div>\n<div style=\"text-align: justify;\"><span style=\"font-weight: bold;\">Categor\u00eda 3.<\/span><\/div>\n<div style=\"text-align: justify;\"><\/div>\n<div style=\"text-align: justify;\">Da\u00f1os extensos: Vientos de 179 a 209 km\/h (111 a 130 millas por hora) Generalmente Marejadas de 9-12 pies sobre lo normal. Algunos da\u00f1os a las estructuras de los edificios peque\u00f1os con amplia destrucci\u00f3n de edificaciones que se encuentren cerca del litoral. Casas m\u00f3viles destru\u00eddas. Las vias de escape en terrenos bajos se interrumpen 3 a 5 horas antes de la llegada del centro del hurac\u00e1n debido a la subida de las aguas, Las peque\u00f1as estructuras cerca de las costas son seriamente da\u00f1adas por el embate de las olas y escombros flotantes. Los terrenos llanos de 5 pies o menos sobre el nivel del mar son inundados por m\u00e1s de 8 millas o 13 kil\u00f3metros tierra adentro. Posiblemente se requiera la evacuaci\u00f3n de todos los residents de terrenos bajos a lo largo de las zonas costeras.-<\/div>\n<div style=\"text-align: justify;\"><\/div>\n<div style=\"text-align: justify;\"><span style=\"font-weight: bold;\">Categor\u00eda 4.<\/span><\/div>\n<div style=\"text-align: justify;\"><\/div>\n<div style=\"text-align: justify;\">Da\u00f1os Extremos: Vientos de 211 a 250 km\/h (131 a 151 millas por hora). Mareas de 13 a 18 pies sobre lo normal. Hay extensos da\u00f1os en techos, puertas y ventanas. Se produce el colapso total de techos y algunas paredes en residencias peque\u00f1as. Arboles y arbustos son arrasados por el viento. La mayor\u00eda de las casas m\u00f3viles son destru\u00eddas o seriamente da\u00f1adas. Hay grandes da\u00f1os a los pisos bajos de las estructuras cerca de las costas debido al influjo de las inundaciones y el batir de las olas llevando escombros. Las ruras de escape son interrumpidas por la subida de las aguas 3 a 5 horas antes de la llegada del centro del hurac\u00e1n. Los terrenos llanos de 10 pies o menos sobre el nivel del mar son inundados hasta 10 kil\u00f3metros o 6 nmillas tierra adentro. Posiblemente se requiera la evacuaci\u00f3n masiva de todos los residents dentro de un  area de unos 15.000 metros  o 10 millas tierra adentro.<\/div>\n<div style=\"text-align: justify;\"><\/div>\n<div style=\"text-align: justify;\"><span style=\"font-weight: bold;\">Categor\u00eda 5.<\/span><\/div>\n<div style=\"text-align: justify;\"><\/div>\n<div style=\"text-align: justify;\">Da\u00f1os Catastr\u00f3ficos:  Vientos de m\u00e1s de 250 km\/h (155 millas por hora). Se producen marejadas de 18 pies o m\u00e1s por sobre lo normal. Da\u00f1os de gran consideraci\u00f3n a los techos de los edificios. Se produce el colapso total de los techos y algunas paredes en residencias peque\u00f1as. Arboles y arbustos son totalmente arrasados por el viento, con muchos \u00e1rboles grandes arrancados de ra\u00edz. La mayor\u00f1a de las casas m\u00f3viles son destru\u00eddas o seriamente da\u00f1adas. Terrenos llanos de 15 pies o menos sobre el nivel del mar son inundados hasta 6 millas tierra adentro. Las rutas de escape son interrumpidas por la subida de las aguas 3 a 5 horas antes de la llegada del centro del hurac\u00e1n. Hay grandes da\u00f1os a los pisos bajos de las estructuras cerca de las costas debido al influjo de las inundaciones y el batir de las olas llevando escombros. Posiblemente se requiera la evacuaci\u00f3n masiva de todos los residents dentro de una area de unos 15.000 metros o sea 10 millas de la costa  y tambi\u00e9n de terrenos bajos, y tierra adentro.<\/div>\n<div style=\"text-align: justify;\"><\/div>\n<div style=\"text-align: justify;\">Esta informaci\u00f3n est\u00e1 disponible para que Ud. Pueda tomar los pasos de protecci\u00f3n. He aqu\u00ed algunas definiciones. Cada seis horas, El Centro Nacional de Huracanes emite anuncios meteorol\u00f3gicos formales cuando determinan que las condiciones para una depression troipical. Tormentas o la formaci\u00f3n de un hurac\u00e1n est\u00e1 presente. Estos se incrementar\u00e1n cada tres horas o cuando va a tocar por tierra durante las pr\u00f3ximas 36 horas.<\/div>\n<div style=\"text-align: justify;\"><\/div>\n<div style=\"text-align: justify;\"><span style=\"font-weight: bold;\">Alerta de Tormenta Tropical<\/span>: &#8211; condiciones propias de tormentas tropicales ( vientos sostenidos de 63 a 119 km\/h o 39-73 millas por hora) cuando posean una amenaza para su zona en las pr\u00f3ximas 48 horas.<\/div>\n<div style=\"text-align: justify;\"><\/div>\n<div style=\"text-align: justify;\"><span style=\"font-weight: bold;\">Aviso de Tormenta tropical<\/span>: &#8211; condiciones propias de tormentas tropicales se esperan  en un area espec\u00edfica en las pr\u00f3ximas 36 horas.<\/div>\n<div style=\"text-align: justify;\"><\/div>\n<div style=\"text-align: justify;\"><span style=\"font-weight: bold;\">Alerta de Hurac\u00e1n<\/span>:  &#8211; condiciones propias de un hurac\u00e1n (vientos sostenidos de m\u00e1s de 118 km\/h) son [posibles en un area en las pr\u00f3ximas 48 horas. Debe de estar preparado para un hurac\u00e1n y tomar precauciones preventivas si es que se les avisa de un alerta de hurac\u00e1n.<\/div>\n<div style=\"text-align: justify;\"><\/div>\n<div style=\"text-align: justify;\"><span style=\"font-weight: bold;\">Aviso de Hurac\u00e1n<\/span>:  &#8211; Condiciones propias de hurac\u00e1n se esperan en su area en 36 horas o menos. Sea precavido si vive cerca del mar, usted debe tomar nota de las siguientes advertencies: Si el patron del hurac\u00e1n es erratic o sea inesperado, puede que solo tenga un poco de horas antes de que se presenten condiciones huracanadas.<\/div>\n<div style=\"text-align: justify;\">Jan.-2011<\/div>\n<div style=\"text-align: justify;\"><\/div>\n<div style=\"text-align: justify;\">Art\u00edculo extra\u00eddo de:<\/div>\n<div style=\"text-align: justify;\">PELIGROS DE LA NATURALEZA.<\/div>\n<div style=\"text-align: justify;\">GU\u00cdA DE LA PREVENCI\u00d3N.<\/div>\n<div style=\"text-align: justify;\"><\/div>\n<div style=\"text-align: justify;\">Edici\u00f3n 2010-2011 . Condados de Okeechobee, Glades y de Hendry.<\/div>\n<div style=\"text-align: justify;\">ADMINISTRACION DE EMERGENCIAS.<\/div>\n<div style=\"text-align: justify;\"><\/div>\n<div style=\"text-align: justify;\">AUTORIZACION PARA DAR A CONOCERLO A PAISES DE CENTRO Y SUR AMERICA.<\/div>\n<div style=\"text-align: justify;\">SR. ENCARGADO DEL CONDADO DE LEE: Mr. TERRY<\/div>\n<div style=\"text-align: justify;\">SRTA. MISS CLAUDIA <\/div>\n<div style=\"text-align: justify;\">Phone (239) 533-3622<\/div>\n<div style=\"text-align: justify;\"><\/div>\n<div style=\"text-align: justify;\">Art\u00edculo Gentileza de:<\/div>\n<div style=\"text-align: justify;\">Dr. Manuel H. Conejeros.<\/div>\n<div style=\"text-align: justify;\">e-mail: mannychil@aol.com<\/div>\n","protected":false},"excerpt":{"rendered":"<p>La Escala de Saffir-Simpson La escala de Saffir-Simpson, que mide los vientos de los huracanes, es una de las cinco categorizaciones basadas en la intensidad de los huracanes en un momento dado. La escala ofrece ejemplos del tipo de da\u00f1os en impactos en los EEUU. Asociados con vientos de una determinada intensidad. Generalmente los da\u00f1os [&hellip;]<\/p>\n","protected":false},"author":1,"featured_media":0,"comment_status":"open","ping_status":"open","sticky":false,"template":"","format":"standard","meta":{"footnotes":""},"categories":[112],"tags":[],"class_list":["post-8934","post","type-post","status-publish","format-standard","hentry","category-opinion"],"yoast_head":"<!-- This site is optimized with the Yoast SEO plugin v25.0 - https:\/\/yoast.com\/wordpress\/plugins\/seo\/ -->\n<title>Cuando Hay Que Comprender A La Naturaleza - Nuestro Bio B\u00edo<\/title>\n<meta name=\"robots\" content=\"index, follow, max-snippet:-1, max-image-preview:large, max-video-preview:-1\" \/>\n<link rel=\"canonical\" href=\"https:\/\/www.fraczinet.cl\/sitio\/2011\/01\/23\/cuando-hay-que-comprender-a-la-naturaleza\/\" \/>\n<meta property=\"og:locale\" content=\"es_ES\" \/>\n<meta property=\"og:type\" content=\"article\" \/>\n<meta property=\"og:title\" content=\"Cuando Hay Que Comprender A La Naturaleza - Nuestro Bio B\u00edo\" \/>\n<meta property=\"og:description\" content=\"La Escala de Saffir-Simpson La escala de Saffir-Simpson, que mide los vientos de los huracanes, es una de las cinco categorizaciones basadas en la intensidad de los huracanes en un momento dado. La escala ofrece ejemplos del tipo de da\u00f1os en impactos en los EEUU. Asociados con vientos de una determinada intensidad. Generalmente los da\u00f1os [&hellip;]\" \/>\n<meta property=\"og:url\" content=\"https:\/\/www.fraczinet.cl\/sitio\/2011\/01\/23\/cuando-hay-que-comprender-a-la-naturaleza\/\" \/>\n<meta property=\"og:site_name\" content=\"Nuestro Bio B\u00edo\" \/>\n<meta property=\"article:published_time\" content=\"2011-01-23T13:21:00+00:00\" \/>\n<meta property=\"og:image\" content=\"https:\/\/www.fraczinet.cl\/sitio\/wp-content\/uploads\/2021\/07\/bannerlogo-1.gif\" \/>\n\t<meta property=\"og:image:width\" content=\"159\" \/>\n\t<meta property=\"og:image:height\" content=\"79\" \/>\n\t<meta property=\"og:image:type\" content=\"image\/gif\" \/>\n<meta name=\"author\" content=\"admin\" \/>\n<meta name=\"twitter:card\" content=\"summary_large_image\" \/>\n<meta name=\"twitter:creator\" content=\"@nuestrobiobio\" \/>\n<meta name=\"twitter:site\" content=\"@nuestrobiobio\" \/>\n<meta name=\"twitter:label1\" content=\"Escrito por\" \/>\n\t<meta name=\"twitter:data1\" content=\"admin\" \/>\n\t<meta name=\"twitter:label2\" content=\"Tiempo de lectura\" \/>\n\t<meta name=\"twitter:data2\" content=\"8 minutos\" \/>\n<script type=\"application\/ld+json\" class=\"yoast-schema-graph\">{\"@context\":\"https:\/\/schema.org\",\"@graph\":[{\"@type\":\"Article\",\"@id\":\"https:\/\/www.fraczinet.cl\/sitio\/2011\/01\/23\/cuando-hay-que-comprender-a-la-naturaleza\/#article\",\"isPartOf\":{\"@id\":\"https:\/\/www.fraczinet.cl\/sitio\/2011\/01\/23\/cuando-hay-que-comprender-a-la-naturaleza\/\"},\"author\":{\"name\":\"admin\",\"@id\":\"https:\/\/www.fraczinet.cl\/sitio\/#\/schema\/person\/bc30f98e9cb10ae7e119dbe14bc93784\"},\"headline\":\"Cuando Hay Que Comprender A La Naturaleza\",\"datePublished\":\"2011-01-23T13:21:00+00:00\",\"mainEntityOfPage\":{\"@id\":\"https:\/\/www.fraczinet.cl\/sitio\/2011\/01\/23\/cuando-hay-que-comprender-a-la-naturaleza\/\"},\"wordCount\":1574,\"commentCount\":0,\"publisher\":{\"@id\":\"https:\/\/www.fraczinet.cl\/sitio\/#\/schema\/person\/aec8ee4da68df2b9b0eefdad24a0d582\"},\"articleSection\":[\"Opini\u00f3n\"],\"inLanguage\":\"es\",\"potentialAction\":[{\"@type\":\"CommentAction\",\"name\":\"Comment\",\"target\":[\"https:\/\/www.fraczinet.cl\/sitio\/2011\/01\/23\/cuando-hay-que-comprender-a-la-naturaleza\/#respond\"]}]},{\"@type\":\"WebPage\",\"@id\":\"https:\/\/www.fraczinet.cl\/sitio\/2011\/01\/23\/cuando-hay-que-comprender-a-la-naturaleza\/\",\"url\":\"https:\/\/www.fraczinet.cl\/sitio\/2011\/01\/23\/cuando-hay-que-comprender-a-la-naturaleza\/\",\"name\":\"Cuando Hay Que Comprender A La Naturaleza - Nuestro Bio B\u00edo\",\"isPartOf\":{\"@id\":\"https:\/\/www.fraczinet.cl\/sitio\/#website\"},\"datePublished\":\"2011-01-23T13:21:00+00:00\",\"breadcrumb\":{\"@id\":\"https:\/\/www.fraczinet.cl\/sitio\/2011\/01\/23\/cuando-hay-que-comprender-a-la-naturaleza\/#breadcrumb\"},\"inLanguage\":\"es\",\"potentialAction\":[{\"@type\":\"ReadAction\",\"target\":[\"https:\/\/www.fraczinet.cl\/sitio\/2011\/01\/23\/cuando-hay-que-comprender-a-la-naturaleza\/\"]}]},{\"@type\":\"BreadcrumbList\",\"@id\":\"https:\/\/www.fraczinet.cl\/sitio\/2011\/01\/23\/cuando-hay-que-comprender-a-la-naturaleza\/#breadcrumb\",\"itemListElement\":[{\"@type\":\"ListItem\",\"position\":1,\"name\":\"Portada\",\"item\":\"https:\/\/www.fraczinet.cl\/sitio\/\"},{\"@type\":\"ListItem\",\"position\":2,\"name\":\"Cuando Hay Que Comprender A La Naturaleza\"}]},{\"@type\":\"WebSite\",\"@id\":\"https:\/\/www.fraczinet.cl\/sitio\/#website\",\"url\":\"https:\/\/www.fraczinet.cl\/sitio\/\",\"name\":\"Nuestro Bio B\u00edo\",\"description\":\"Tierra de Encuentros\",\"publisher\":{\"@id\":\"https:\/\/www.fraczinet.cl\/sitio\/#\/schema\/person\/aec8ee4da68df2b9b0eefdad24a0d582\"},\"potentialAction\":[{\"@type\":\"SearchAction\",\"target\":{\"@type\":\"EntryPoint\",\"urlTemplate\":\"https:\/\/www.fraczinet.cl\/sitio\/?s={search_term_string}\"},\"query-input\":{\"@type\":\"PropertyValueSpecification\",\"valueRequired\":true,\"valueName\":\"search_term_string\"}}],\"inLanguage\":\"es\"},{\"@type\":[\"Person\",\"Organization\"],\"@id\":\"https:\/\/www.fraczinet.cl\/sitio\/#\/schema\/person\/aec8ee4da68df2b9b0eefdad24a0d582\",\"name\":\"Luis Fernando Fraczinet\",\"image\":{\"@type\":\"ImageObject\",\"inLanguage\":\"es\",\"@id\":\"https:\/\/www.fraczinet.cl\/sitio\/#\/schema\/person\/image\/\",\"url\":\"https:\/\/www.fraczinet.cl\/sitio\/wp-content\/uploads\/2021\/07\/bannerlogo-1.gif\",\"contentUrl\":\"https:\/\/www.fraczinet.cl\/sitio\/wp-content\/uploads\/2021\/07\/bannerlogo-1.gif\",\"width\":159,\"height\":79,\"caption\":\"Luis Fernando Fraczinet\"},\"logo\":{\"@id\":\"https:\/\/www.fraczinet.cl\/sitio\/#\/schema\/person\/image\/\"},\"sameAs\":[\"https:\/\/www.fraczinet.cl\/sitio\/\"]},{\"@type\":\"Person\",\"@id\":\"https:\/\/www.fraczinet.cl\/sitio\/#\/schema\/person\/bc30f98e9cb10ae7e119dbe14bc93784\",\"name\":\"admin\",\"image\":{\"@type\":\"ImageObject\",\"inLanguage\":\"es\",\"@id\":\"https:\/\/www.fraczinet.cl\/sitio\/#\/schema\/person\/image\/\",\"url\":\"https:\/\/secure.gravatar.com\/avatar\/d5ad3cf7ef3b23a2bb5be73be780c86b2fc8545c3ad6b149f3913ff458c00099?s=96&d=mm&r=g\",\"contentUrl\":\"https:\/\/secure.gravatar.com\/avatar\/d5ad3cf7ef3b23a2bb5be73be780c86b2fc8545c3ad6b149f3913ff458c00099?s=96&d=mm&r=g\",\"caption\":\"admin\"},\"sameAs\":[\"https:\/\/www.fraczinet.cl\/sitio\"]}]}<\/script>\n<!-- \/ Yoast SEO plugin. -->","yoast_head_json":{"title":"Cuando Hay Que Comprender A La Naturaleza - Nuestro Bio B\u00edo","robots":{"index":"index","follow":"follow","max-snippet":"max-snippet:-1","max-image-preview":"max-image-preview:large","max-video-preview":"max-video-preview:-1"},"canonical":"https:\/\/www.fraczinet.cl\/sitio\/2011\/01\/23\/cuando-hay-que-comprender-a-la-naturaleza\/","og_locale":"es_ES","og_type":"article","og_title":"Cuando Hay Que Comprender A La Naturaleza - Nuestro Bio B\u00edo","og_description":"La Escala de Saffir-Simpson La escala de Saffir-Simpson, que mide los vientos de los huracanes, es una de las cinco categorizaciones basadas en la intensidad de los huracanes en un momento dado. La escala ofrece ejemplos del tipo de da\u00f1os en impactos en los EEUU. Asociados con vientos de una determinada intensidad. Generalmente los da\u00f1os [&hellip;]","og_url":"https:\/\/www.fraczinet.cl\/sitio\/2011\/01\/23\/cuando-hay-que-comprender-a-la-naturaleza\/","og_site_name":"Nuestro Bio B\u00edo","article_published_time":"2011-01-23T13:21:00+00:00","og_image":[{"width":159,"height":79,"url":"https:\/\/www.fraczinet.cl\/sitio\/wp-content\/uploads\/2021\/07\/bannerlogo-1.gif","type":"image\/gif"}],"author":"admin","twitter_card":"summary_large_image","twitter_creator":"@nuestrobiobio","twitter_site":"@nuestrobiobio","twitter_misc":{"Escrito por":"admin","Tiempo de lectura":"8 minutos"},"schema":{"@context":"https:\/\/schema.org","@graph":[{"@type":"Article","@id":"https:\/\/www.fraczinet.cl\/sitio\/2011\/01\/23\/cuando-hay-que-comprender-a-la-naturaleza\/#article","isPartOf":{"@id":"https:\/\/www.fraczinet.cl\/sitio\/2011\/01\/23\/cuando-hay-que-comprender-a-la-naturaleza\/"},"author":{"name":"admin","@id":"https:\/\/www.fraczinet.cl\/sitio\/#\/schema\/person\/bc30f98e9cb10ae7e119dbe14bc93784"},"headline":"Cuando Hay Que Comprender A La Naturaleza","datePublished":"2011-01-23T13:21:00+00:00","mainEntityOfPage":{"@id":"https:\/\/www.fraczinet.cl\/sitio\/2011\/01\/23\/cuando-hay-que-comprender-a-la-naturaleza\/"},"wordCount":1574,"commentCount":0,"publisher":{"@id":"https:\/\/www.fraczinet.cl\/sitio\/#\/schema\/person\/aec8ee4da68df2b9b0eefdad24a0d582"},"articleSection":["Opini\u00f3n"],"inLanguage":"es","potentialAction":[{"@type":"CommentAction","name":"Comment","target":["https:\/\/www.fraczinet.cl\/sitio\/2011\/01\/23\/cuando-hay-que-comprender-a-la-naturaleza\/#respond"]}]},{"@type":"WebPage","@id":"https:\/\/www.fraczinet.cl\/sitio\/2011\/01\/23\/cuando-hay-que-comprender-a-la-naturaleza\/","url":"https:\/\/www.fraczinet.cl\/sitio\/2011\/01\/23\/cuando-hay-que-comprender-a-la-naturaleza\/","name":"Cuando Hay Que Comprender A La Naturaleza - Nuestro Bio B\u00edo","isPartOf":{"@id":"https:\/\/www.fraczinet.cl\/sitio\/#website"},"datePublished":"2011-01-23T13:21:00+00:00","breadcrumb":{"@id":"https:\/\/www.fraczinet.cl\/sitio\/2011\/01\/23\/cuando-hay-que-comprender-a-la-naturaleza\/#breadcrumb"},"inLanguage":"es","potentialAction":[{"@type":"ReadAction","target":["https:\/\/www.fraczinet.cl\/sitio\/2011\/01\/23\/cuando-hay-que-comprender-a-la-naturaleza\/"]}]},{"@type":"BreadcrumbList","@id":"https:\/\/www.fraczinet.cl\/sitio\/2011\/01\/23\/cuando-hay-que-comprender-a-la-naturaleza\/#breadcrumb","itemListElement":[{"@type":"ListItem","position":1,"name":"Portada","item":"https:\/\/www.fraczinet.cl\/sitio\/"},{"@type":"ListItem","position":2,"name":"Cuando Hay Que Comprender A La Naturaleza"}]},{"@type":"WebSite","@id":"https:\/\/www.fraczinet.cl\/sitio\/#website","url":"https:\/\/www.fraczinet.cl\/sitio\/","name":"Nuestro Bio B\u00edo","description":"Tierra de Encuentros","publisher":{"@id":"https:\/\/www.fraczinet.cl\/sitio\/#\/schema\/person\/aec8ee4da68df2b9b0eefdad24a0d582"},"potentialAction":[{"@type":"SearchAction","target":{"@type":"EntryPoint","urlTemplate":"https:\/\/www.fraczinet.cl\/sitio\/?s={search_term_string}"},"query-input":{"@type":"PropertyValueSpecification","valueRequired":true,"valueName":"search_term_string"}}],"inLanguage":"es"},{"@type":["Person","Organization"],"@id":"https:\/\/www.fraczinet.cl\/sitio\/#\/schema\/person\/aec8ee4da68df2b9b0eefdad24a0d582","name":"Luis Fernando Fraczinet","image":{"@type":"ImageObject","inLanguage":"es","@id":"https:\/\/www.fraczinet.cl\/sitio\/#\/schema\/person\/image\/","url":"https:\/\/www.fraczinet.cl\/sitio\/wp-content\/uploads\/2021\/07\/bannerlogo-1.gif","contentUrl":"https:\/\/www.fraczinet.cl\/sitio\/wp-content\/uploads\/2021\/07\/bannerlogo-1.gif","width":159,"height":79,"caption":"Luis Fernando Fraczinet"},"logo":{"@id":"https:\/\/www.fraczinet.cl\/sitio\/#\/schema\/person\/image\/"},"sameAs":["https:\/\/www.fraczinet.cl\/sitio\/"]},{"@type":"Person","@id":"https:\/\/www.fraczinet.cl\/sitio\/#\/schema\/person\/bc30f98e9cb10ae7e119dbe14bc93784","name":"admin","image":{"@type":"ImageObject","inLanguage":"es","@id":"https:\/\/www.fraczinet.cl\/sitio\/#\/schema\/person\/image\/","url":"https:\/\/secure.gravatar.com\/avatar\/d5ad3cf7ef3b23a2bb5be73be780c86b2fc8545c3ad6b149f3913ff458c00099?s=96&d=mm&r=g","contentUrl":"https:\/\/secure.gravatar.com\/avatar\/d5ad3cf7ef3b23a2bb5be73be780c86b2fc8545c3ad6b149f3913ff458c00099?s=96&d=mm&r=g","caption":"admin"},"sameAs":["https:\/\/www.fraczinet.cl\/sitio"]}]}},"_links":{"self":[{"href":"https:\/\/www.fraczinet.cl\/sitio\/wp-json\/wp\/v2\/posts\/8934","targetHints":{"allow":["GET"]}}],"collection":[{"href":"https:\/\/www.fraczinet.cl\/sitio\/wp-json\/wp\/v2\/posts"}],"about":[{"href":"https:\/\/www.fraczinet.cl\/sitio\/wp-json\/wp\/v2\/types\/post"}],"author":[{"embeddable":true,"href":"https:\/\/www.fraczinet.cl\/sitio\/wp-json\/wp\/v2\/users\/1"}],"replies":[{"embeddable":true,"href":"https:\/\/www.fraczinet.cl\/sitio\/wp-json\/wp\/v2\/comments?post=8934"}],"version-history":[{"count":0,"href":"https:\/\/www.fraczinet.cl\/sitio\/wp-json\/wp\/v2\/posts\/8934\/revisions"}],"wp:attachment":[{"href":"https:\/\/www.fraczinet.cl\/sitio\/wp-json\/wp\/v2\/media?parent=8934"}],"wp:term":[{"taxonomy":"category","embeddable":true,"href":"https:\/\/www.fraczinet.cl\/sitio\/wp-json\/wp\/v2\/categories?post=8934"},{"taxonomy":"post_tag","embeddable":true,"href":"https:\/\/www.fraczinet.cl\/sitio\/wp-json\/wp\/v2\/tags?post=8934"}],"curies":[{"name":"wp","href":"https:\/\/api.w.org\/{rel}","templated":true}]}}