{"id":8938,"date":"2011-01-19T19:00:00","date_gmt":"2011-01-19T19:00:00","guid":{"rendered":"https:\/\/www.fraczinet.cl\/sitio\/2011\/01\/19\/jornadas-veraniegas-continuaron-en-ranquil-este-fin-de-semana-con-la-obra-de-don-quijote-en-ballet\/"},"modified":"2022-10-07T00:31:25","modified_gmt":"2022-10-07T00:31:25","slug":"jornadas-veraniegas-continuaron-en-ranquil-este-fin-de-semana-con-la-obra-de-don-quijote-en-ballet","status":"publish","type":"post","link":"https:\/\/www.fraczinet.cl\/sitio\/2011\/01\/19\/jornadas-veraniegas-continuaron-en-ranquil-este-fin-de-semana-con-la-obra-de-don-quijote-en-ballet\/","title":{"rendered":"Jornadas Veraniegas Continuaron En R\u00e1nquil Este Fin De Semana Con La Obra De Don Quijote En Ballet"},"content":{"rendered":"<p><a href=\"http:\/\/2.bp.blogspot.com\/_2S_RxGRVjis\/TTc3AlCKLjI\/AAAAAAAASBo\/D-KBHJp5jV0\/s1600\/Danza%2BDon%2BQuijote%2BRanquil.jpg\" style=\"clear: left; float: left; margin-bottom: 1em; margin-right: 1em;\"><img decoding=\"async\" alt=\"\" border=\"0\" id=\"BLOGGER_PHOTO_ID_5563976347720232498\" src=\"https:\/\/2.bp.blogspot.com\/_2S_RxGRVjis\/TTc3AlCKLjI\/AAAAAAAASBo\/D-KBHJp5jV0\/s400\/Danza%2BDon%2BQuijote%2BRanquil.jpg\" style=\"height: 300px; width: 400px;\" \/><\/a><\/p>\n<div style=\"text-align: justify;\">La Academia de Danza a cargo de la Directora, Profesora  Edith Hern\u00e1ndez, Presidenta del Centro Cultural Vivadanza se present\u00f3 en el escenario de la Casa de la Cultura de R\u00e1nquil este fin de semana con la Obra Don Quijote.<\/div>\n<p><\/p>\n<div style=\"text-align: justify;\"><\/div>\n<div style=\"text-align: justify;\">Don Quijote, obra en la cual se presenta el Ballet en tres actos, basado en el Capitulo XIX del segundo libro de \u201cEl ingenioso hidalgo  Don Quijote de la Mancha\u201d de Miguel de Cervantes y Saavedra; <\/div>\n<div style=\"text-align: justify;\"><\/div>\n<div style=\"text-align: justify;\">Esta obra cuenta con la m\u00fasica compuesta por Ludwig Minkus de la premiere mundial del  ballet que se efect\u00fao el 26 de diciembre de 1869 en el Teatro Bolshoi de Mosc\u00fa, a solicitud de los Teatros Imperiales de Rusia y con argumentos extra\u00eddos del segundo libro volumen de la novela de Cervantes, centrado en los amores de kitri y el barbero basilio don Quiote y Sancho Panza. <\/div>\n<div style=\"text-align: justify;\"><\/div>\n<div style=\"text-align: justify;\">Estos personajes  m\u00edticos atraviesan una serie  de aventuras en torno a la joven pareja  se inspira la obra que recibi\u00f3 el aplauso en reiteras ocasiones del p\u00fablico presente en la sala y  que pudo ver en su expresi\u00f3n art\u00edstica  al profesor bailar\u00edn  Mauricio  Vidal Carvacho egresado de la carrera interprete superior de la Facultad de Artes de la Universidad de Chile,  deleitaron al p\u00fablico asistente.<\/div>\n<p><a href=\"http:\/\/4.bp.blogspot.com\/_2S_RxGRVjis\/TTc3AydbJuI\/AAAAAAAASB4\/Va7PcKkVApg\/s1600\/Danza%2BDon%2BQuijote%2BRanquil%2B%25282%2529.jpg\"><img decoding=\"async\" alt=\"\" border=\"0\" id=\"BLOGGER_PHOTO_ID_5563976351324251874\" src=\"https:\/\/4.bp.blogspot.com\/_2S_RxGRVjis\/TTc3AydbJuI\/AAAAAAAASB4\/Va7PcKkVApg\/s400\/Danza%2BDon%2BQuijote%2BRanquil%2B%25282%2529.jpg\" style=\"cursor: hand; cursor: pointer; height: 300px; width: 400px;\" \/><\/a><\/p>\n","protected":false},"excerpt":{"rendered":"<p>La Academia de Danza a cargo de la Directora, Profesora Edith Hern\u00e1ndez, Presidenta del Centro Cultural Vivadanza se present\u00f3 en el escenario de la Casa de la Cultura de R\u00e1nquil este fin de semana con la Obra Don Quijote. Don Quijote, obra en la cual se presenta el Ballet en tres actos, basado en el [&hellip;]<\/p>\n","protected":false},"author":1,"featured_media":0,"comment_status":"open","ping_status":"open","sticky":false,"template":"","format":"standard","meta":{"footnotes":""},"categories":[212],"tags":[],"class_list":["post-8938","post","type-post","status-publish","format-standard","hentry","category-danza"],"yoast_head":"<!-- This site is optimized with the Yoast SEO plugin v25.0 - https:\/\/yoast.com\/wordpress\/plugins\/seo\/ -->\n<title>Jornadas Veraniegas Continuaron En R\u00e1nquil Este Fin De Semana Con La Obra De Don Quijote En Ballet - Nuestro Bio B\u00edo<\/title>\n<meta name=\"robots\" content=\"index, follow, max-snippet:-1, max-image-preview:large, max-video-preview:-1\" \/>\n<link rel=\"canonical\" href=\"https:\/\/www.fraczinet.cl\/sitio\/2011\/01\/19\/jornadas-veraniegas-continuaron-en-ranquil-este-fin-de-semana-con-la-obra-de-don-quijote-en-ballet\/\" \/>\n<meta property=\"og:locale\" content=\"es_ES\" \/>\n<meta property=\"og:type\" content=\"article\" \/>\n<meta property=\"og:title\" content=\"Jornadas Veraniegas Continuaron En R\u00e1nquil Este Fin De Semana Con La Obra De Don Quijote En Ballet - Nuestro Bio B\u00edo\" \/>\n<meta property=\"og:description\" content=\"La Academia de Danza a cargo de la Directora, Profesora Edith Hern\u00e1ndez, Presidenta del Centro Cultural Vivadanza se present\u00f3 en el escenario de la Casa de la Cultura de R\u00e1nquil este fin de semana con la Obra Don Quijote. Don Quijote, obra en la cual se presenta el Ballet en tres actos, basado en el [&hellip;]\" \/>\n<meta property=\"og:url\" content=\"https:\/\/www.fraczinet.cl\/sitio\/2011\/01\/19\/jornadas-veraniegas-continuaron-en-ranquil-este-fin-de-semana-con-la-obra-de-don-quijote-en-ballet\/\" \/>\n<meta property=\"og:site_name\" content=\"Nuestro Bio B\u00edo\" \/>\n<meta property=\"article:published_time\" content=\"2011-01-19T19:00:00+00:00\" \/>\n<meta property=\"article:modified_time\" content=\"2022-10-07T00:31:25+00:00\" \/>\n<meta property=\"og:image\" content=\"https:\/\/2.bp.blogspot.com\/_2S_RxGRVjis\/TTc3AlCKLjI\/AAAAAAAASBo\/D-KBHJp5jV0\/s400\/Danza%2BDon%2BQuijote%2BRanquil.jpg\" \/>\n<meta name=\"author\" content=\"admin\" \/>\n<meta name=\"twitter:card\" content=\"summary_large_image\" \/>\n<meta name=\"twitter:creator\" content=\"@nuestrobiobio\" \/>\n<meta name=\"twitter:site\" content=\"@nuestrobiobio\" \/>\n<meta name=\"twitter:label1\" content=\"Escrito por\" \/>\n\t<meta name=\"twitter:data1\" content=\"admin\" \/>\n\t<meta name=\"twitter:label2\" content=\"Tiempo de lectura\" \/>\n\t<meta name=\"twitter:data2\" content=\"1 minuto\" \/>\n<script type=\"application\/ld+json\" class=\"yoast-schema-graph\">{\"@context\":\"https:\/\/schema.org\",\"@graph\":[{\"@type\":\"Article\",\"@id\":\"https:\/\/www.fraczinet.cl\/sitio\/2011\/01\/19\/jornadas-veraniegas-continuaron-en-ranquil-este-fin-de-semana-con-la-obra-de-don-quijote-en-ballet\/#article\",\"isPartOf\":{\"@id\":\"https:\/\/www.fraczinet.cl\/sitio\/2011\/01\/19\/jornadas-veraniegas-continuaron-en-ranquil-este-fin-de-semana-con-la-obra-de-don-quijote-en-ballet\/\"},\"author\":{\"name\":\"admin\",\"@id\":\"https:\/\/www.fraczinet.cl\/sitio\/#\/schema\/person\/bc30f98e9cb10ae7e119dbe14bc93784\"},\"headline\":\"Jornadas Veraniegas Continuaron En R\u00e1nquil Este Fin De Semana Con La Obra De Don Quijote En Ballet\",\"datePublished\":\"2011-01-19T19:00:00+00:00\",\"dateModified\":\"2022-10-07T00:31:25+00:00\",\"mainEntityOfPage\":{\"@id\":\"https:\/\/www.fraczinet.cl\/sitio\/2011\/01\/19\/jornadas-veraniegas-continuaron-en-ranquil-este-fin-de-semana-con-la-obra-de-don-quijote-en-ballet\/\"},\"wordCount\":234,\"commentCount\":0,\"publisher\":{\"@id\":\"https:\/\/www.fraczinet.cl\/sitio\/#\/schema\/person\/aec8ee4da68df2b9b0eefdad24a0d582\"},\"image\":{\"@id\":\"https:\/\/www.fraczinet.cl\/sitio\/2011\/01\/19\/jornadas-veraniegas-continuaron-en-ranquil-este-fin-de-semana-con-la-obra-de-don-quijote-en-ballet\/#primaryimage\"},\"thumbnailUrl\":\"https:\/\/2.bp.blogspot.com\/_2S_RxGRVjis\/TTc3AlCKLjI\/AAAAAAAASBo\/D-KBHJp5jV0\/s400\/Danza%2BDon%2BQuijote%2BRanquil.jpg\",\"articleSection\":[\"Danza\"],\"inLanguage\":\"es\",\"potentialAction\":[{\"@type\":\"CommentAction\",\"name\":\"Comment\",\"target\":[\"https:\/\/www.fraczinet.cl\/sitio\/2011\/01\/19\/jornadas-veraniegas-continuaron-en-ranquil-este-fin-de-semana-con-la-obra-de-don-quijote-en-ballet\/#respond\"]}]},{\"@type\":\"WebPage\",\"@id\":\"https:\/\/www.fraczinet.cl\/sitio\/2011\/01\/19\/jornadas-veraniegas-continuaron-en-ranquil-este-fin-de-semana-con-la-obra-de-don-quijote-en-ballet\/\",\"url\":\"https:\/\/www.fraczinet.cl\/sitio\/2011\/01\/19\/jornadas-veraniegas-continuaron-en-ranquil-este-fin-de-semana-con-la-obra-de-don-quijote-en-ballet\/\",\"name\":\"Jornadas Veraniegas Continuaron En R\u00e1nquil Este Fin De Semana Con La Obra De Don Quijote En Ballet - Nuestro Bio B\u00edo\",\"isPartOf\":{\"@id\":\"https:\/\/www.fraczinet.cl\/sitio\/#website\"},\"primaryImageOfPage\":{\"@id\":\"https:\/\/www.fraczinet.cl\/sitio\/2011\/01\/19\/jornadas-veraniegas-continuaron-en-ranquil-este-fin-de-semana-con-la-obra-de-don-quijote-en-ballet\/#primaryimage\"},\"image\":{\"@id\":\"https:\/\/www.fraczinet.cl\/sitio\/2011\/01\/19\/jornadas-veraniegas-continuaron-en-ranquil-este-fin-de-semana-con-la-obra-de-don-quijote-en-ballet\/#primaryimage\"},\"thumbnailUrl\":\"https:\/\/2.bp.blogspot.com\/_2S_RxGRVjis\/TTc3AlCKLjI\/AAAAAAAASBo\/D-KBHJp5jV0\/s400\/Danza%2BDon%2BQuijote%2BRanquil.jpg\",\"datePublished\":\"2011-01-19T19:00:00+00:00\",\"dateModified\":\"2022-10-07T00:31:25+00:00\",\"breadcrumb\":{\"@id\":\"https:\/\/www.fraczinet.cl\/sitio\/2011\/01\/19\/jornadas-veraniegas-continuaron-en-ranquil-este-fin-de-semana-con-la-obra-de-don-quijote-en-ballet\/#breadcrumb\"},\"inLanguage\":\"es\",\"potentialAction\":[{\"@type\":\"ReadAction\",\"target\":[\"https:\/\/www.fraczinet.cl\/sitio\/2011\/01\/19\/jornadas-veraniegas-continuaron-en-ranquil-este-fin-de-semana-con-la-obra-de-don-quijote-en-ballet\/\"]}]},{\"@type\":\"ImageObject\",\"inLanguage\":\"es\",\"@id\":\"https:\/\/www.fraczinet.cl\/sitio\/2011\/01\/19\/jornadas-veraniegas-continuaron-en-ranquil-este-fin-de-semana-con-la-obra-de-don-quijote-en-ballet\/#primaryimage\",\"url\":\"https:\/\/2.bp.blogspot.com\/_2S_RxGRVjis\/TTc3AlCKLjI\/AAAAAAAASBo\/D-KBHJp5jV0\/s400\/Danza%2BDon%2BQuijote%2BRanquil.jpg\",\"contentUrl\":\"https:\/\/2.bp.blogspot.com\/_2S_RxGRVjis\/TTc3AlCKLjI\/AAAAAAAASBo\/D-KBHJp5jV0\/s400\/Danza%2BDon%2BQuijote%2BRanquil.jpg\"},{\"@type\":\"BreadcrumbList\",\"@id\":\"https:\/\/www.fraczinet.cl\/sitio\/2011\/01\/19\/jornadas-veraniegas-continuaron-en-ranquil-este-fin-de-semana-con-la-obra-de-don-quijote-en-ballet\/#breadcrumb\",\"itemListElement\":[{\"@type\":\"ListItem\",\"position\":1,\"name\":\"Portada\",\"item\":\"https:\/\/www.fraczinet.cl\/sitio\/\"},{\"@type\":\"ListItem\",\"position\":2,\"name\":\"Jornadas Veraniegas Continuaron En R\u00e1nquil Este Fin De Semana Con La Obra De Don Quijote En Ballet\"}]},{\"@type\":\"WebSite\",\"@id\":\"https:\/\/www.fraczinet.cl\/sitio\/#website\",\"url\":\"https:\/\/www.fraczinet.cl\/sitio\/\",\"name\":\"Nuestro Bio B\u00edo\",\"description\":\"Tierra de Encuentros\",\"publisher\":{\"@id\":\"https:\/\/www.fraczinet.cl\/sitio\/#\/schema\/person\/aec8ee4da68df2b9b0eefdad24a0d582\"},\"potentialAction\":[{\"@type\":\"SearchAction\",\"target\":{\"@type\":\"EntryPoint\",\"urlTemplate\":\"https:\/\/www.fraczinet.cl\/sitio\/?s={search_term_string}\"},\"query-input\":{\"@type\":\"PropertyValueSpecification\",\"valueRequired\":true,\"valueName\":\"search_term_string\"}}],\"inLanguage\":\"es\"},{\"@type\":[\"Person\",\"Organization\"],\"@id\":\"https:\/\/www.fraczinet.cl\/sitio\/#\/schema\/person\/aec8ee4da68df2b9b0eefdad24a0d582\",\"name\":\"Luis Fernando Fraczinet\",\"image\":{\"@type\":\"ImageObject\",\"inLanguage\":\"es\",\"@id\":\"https:\/\/www.fraczinet.cl\/sitio\/#\/schema\/person\/image\/\",\"url\":\"https:\/\/www.fraczinet.cl\/sitio\/wp-content\/uploads\/2021\/07\/bannerlogo-1.gif\",\"contentUrl\":\"https:\/\/www.fraczinet.cl\/sitio\/wp-content\/uploads\/2021\/07\/bannerlogo-1.gif\",\"width\":159,\"height\":79,\"caption\":\"Luis Fernando Fraczinet\"},\"logo\":{\"@id\":\"https:\/\/www.fraczinet.cl\/sitio\/#\/schema\/person\/image\/\"},\"sameAs\":[\"https:\/\/www.fraczinet.cl\/sitio\/\"]},{\"@type\":\"Person\",\"@id\":\"https:\/\/www.fraczinet.cl\/sitio\/#\/schema\/person\/bc30f98e9cb10ae7e119dbe14bc93784\",\"name\":\"admin\",\"image\":{\"@type\":\"ImageObject\",\"inLanguage\":\"es\",\"@id\":\"https:\/\/www.fraczinet.cl\/sitio\/#\/schema\/person\/image\/\",\"url\":\"https:\/\/secure.gravatar.com\/avatar\/d5ad3cf7ef3b23a2bb5be73be780c86b2fc8545c3ad6b149f3913ff458c00099?s=96&d=mm&r=g\",\"contentUrl\":\"https:\/\/secure.gravatar.com\/avatar\/d5ad3cf7ef3b23a2bb5be73be780c86b2fc8545c3ad6b149f3913ff458c00099?s=96&d=mm&r=g\",\"caption\":\"admin\"},\"sameAs\":[\"https:\/\/www.fraczinet.cl\/sitio\"]}]}<\/script>\n<!-- \/ Yoast SEO plugin. -->","yoast_head_json":{"title":"Jornadas Veraniegas Continuaron En R\u00e1nquil Este Fin De Semana Con La Obra De Don Quijote En Ballet - Nuestro Bio B\u00edo","robots":{"index":"index","follow":"follow","max-snippet":"max-snippet:-1","max-image-preview":"max-image-preview:large","max-video-preview":"max-video-preview:-1"},"canonical":"https:\/\/www.fraczinet.cl\/sitio\/2011\/01\/19\/jornadas-veraniegas-continuaron-en-ranquil-este-fin-de-semana-con-la-obra-de-don-quijote-en-ballet\/","og_locale":"es_ES","og_type":"article","og_title":"Jornadas Veraniegas Continuaron En R\u00e1nquil Este Fin De Semana Con La Obra De Don Quijote En Ballet - Nuestro Bio B\u00edo","og_description":"La Academia de Danza a cargo de la Directora, Profesora Edith Hern\u00e1ndez, Presidenta del Centro Cultural Vivadanza se present\u00f3 en el escenario de la Casa de la Cultura de R\u00e1nquil este fin de semana con la Obra Don Quijote. Don Quijote, obra en la cual se presenta el Ballet en tres actos, basado en el [&hellip;]","og_url":"https:\/\/www.fraczinet.cl\/sitio\/2011\/01\/19\/jornadas-veraniegas-continuaron-en-ranquil-este-fin-de-semana-con-la-obra-de-don-quijote-en-ballet\/","og_site_name":"Nuestro Bio B\u00edo","article_published_time":"2011-01-19T19:00:00+00:00","article_modified_time":"2022-10-07T00:31:25+00:00","og_image":[{"url":"https:\/\/2.bp.blogspot.com\/_2S_RxGRVjis\/TTc3AlCKLjI\/AAAAAAAASBo\/D-KBHJp5jV0\/s400\/Danza%2BDon%2BQuijote%2BRanquil.jpg","type":"","width":"","height":""}],"author":"admin","twitter_card":"summary_large_image","twitter_creator":"@nuestrobiobio","twitter_site":"@nuestrobiobio","twitter_misc":{"Escrito por":"admin","Tiempo de lectura":"1 minuto"},"schema":{"@context":"https:\/\/schema.org","@graph":[{"@type":"Article","@id":"https:\/\/www.fraczinet.cl\/sitio\/2011\/01\/19\/jornadas-veraniegas-continuaron-en-ranquil-este-fin-de-semana-con-la-obra-de-don-quijote-en-ballet\/#article","isPartOf":{"@id":"https:\/\/www.fraczinet.cl\/sitio\/2011\/01\/19\/jornadas-veraniegas-continuaron-en-ranquil-este-fin-de-semana-con-la-obra-de-don-quijote-en-ballet\/"},"author":{"name":"admin","@id":"https:\/\/www.fraczinet.cl\/sitio\/#\/schema\/person\/bc30f98e9cb10ae7e119dbe14bc93784"},"headline":"Jornadas Veraniegas Continuaron En R\u00e1nquil Este Fin De Semana Con La Obra De Don Quijote En Ballet","datePublished":"2011-01-19T19:00:00+00:00","dateModified":"2022-10-07T00:31:25+00:00","mainEntityOfPage":{"@id":"https:\/\/www.fraczinet.cl\/sitio\/2011\/01\/19\/jornadas-veraniegas-continuaron-en-ranquil-este-fin-de-semana-con-la-obra-de-don-quijote-en-ballet\/"},"wordCount":234,"commentCount":0,"publisher":{"@id":"https:\/\/www.fraczinet.cl\/sitio\/#\/schema\/person\/aec8ee4da68df2b9b0eefdad24a0d582"},"image":{"@id":"https:\/\/www.fraczinet.cl\/sitio\/2011\/01\/19\/jornadas-veraniegas-continuaron-en-ranquil-este-fin-de-semana-con-la-obra-de-don-quijote-en-ballet\/#primaryimage"},"thumbnailUrl":"https:\/\/2.bp.blogspot.com\/_2S_RxGRVjis\/TTc3AlCKLjI\/AAAAAAAASBo\/D-KBHJp5jV0\/s400\/Danza%2BDon%2BQuijote%2BRanquil.jpg","articleSection":["Danza"],"inLanguage":"es","potentialAction":[{"@type":"CommentAction","name":"Comment","target":["https:\/\/www.fraczinet.cl\/sitio\/2011\/01\/19\/jornadas-veraniegas-continuaron-en-ranquil-este-fin-de-semana-con-la-obra-de-don-quijote-en-ballet\/#respond"]}]},{"@type":"WebPage","@id":"https:\/\/www.fraczinet.cl\/sitio\/2011\/01\/19\/jornadas-veraniegas-continuaron-en-ranquil-este-fin-de-semana-con-la-obra-de-don-quijote-en-ballet\/","url":"https:\/\/www.fraczinet.cl\/sitio\/2011\/01\/19\/jornadas-veraniegas-continuaron-en-ranquil-este-fin-de-semana-con-la-obra-de-don-quijote-en-ballet\/","name":"Jornadas Veraniegas Continuaron En R\u00e1nquil Este Fin De Semana Con La Obra De Don Quijote En Ballet - Nuestro Bio B\u00edo","isPartOf":{"@id":"https:\/\/www.fraczinet.cl\/sitio\/#website"},"primaryImageOfPage":{"@id":"https:\/\/www.fraczinet.cl\/sitio\/2011\/01\/19\/jornadas-veraniegas-continuaron-en-ranquil-este-fin-de-semana-con-la-obra-de-don-quijote-en-ballet\/#primaryimage"},"image":{"@id":"https:\/\/www.fraczinet.cl\/sitio\/2011\/01\/19\/jornadas-veraniegas-continuaron-en-ranquil-este-fin-de-semana-con-la-obra-de-don-quijote-en-ballet\/#primaryimage"},"thumbnailUrl":"https:\/\/2.bp.blogspot.com\/_2S_RxGRVjis\/TTc3AlCKLjI\/AAAAAAAASBo\/D-KBHJp5jV0\/s400\/Danza%2BDon%2BQuijote%2BRanquil.jpg","datePublished":"2011-01-19T19:00:00+00:00","dateModified":"2022-10-07T00:31:25+00:00","breadcrumb":{"@id":"https:\/\/www.fraczinet.cl\/sitio\/2011\/01\/19\/jornadas-veraniegas-continuaron-en-ranquil-este-fin-de-semana-con-la-obra-de-don-quijote-en-ballet\/#breadcrumb"},"inLanguage":"es","potentialAction":[{"@type":"ReadAction","target":["https:\/\/www.fraczinet.cl\/sitio\/2011\/01\/19\/jornadas-veraniegas-continuaron-en-ranquil-este-fin-de-semana-con-la-obra-de-don-quijote-en-ballet\/"]}]},{"@type":"ImageObject","inLanguage":"es","@id":"https:\/\/www.fraczinet.cl\/sitio\/2011\/01\/19\/jornadas-veraniegas-continuaron-en-ranquil-este-fin-de-semana-con-la-obra-de-don-quijote-en-ballet\/#primaryimage","url":"https:\/\/2.bp.blogspot.com\/_2S_RxGRVjis\/TTc3AlCKLjI\/AAAAAAAASBo\/D-KBHJp5jV0\/s400\/Danza%2BDon%2BQuijote%2BRanquil.jpg","contentUrl":"https:\/\/2.bp.blogspot.com\/_2S_RxGRVjis\/TTc3AlCKLjI\/AAAAAAAASBo\/D-KBHJp5jV0\/s400\/Danza%2BDon%2BQuijote%2BRanquil.jpg"},{"@type":"BreadcrumbList","@id":"https:\/\/www.fraczinet.cl\/sitio\/2011\/01\/19\/jornadas-veraniegas-continuaron-en-ranquil-este-fin-de-semana-con-la-obra-de-don-quijote-en-ballet\/#breadcrumb","itemListElement":[{"@type":"ListItem","position":1,"name":"Portada","item":"https:\/\/www.fraczinet.cl\/sitio\/"},{"@type":"ListItem","position":2,"name":"Jornadas Veraniegas Continuaron En R\u00e1nquil Este Fin De Semana Con La Obra De Don Quijote En Ballet"}]},{"@type":"WebSite","@id":"https:\/\/www.fraczinet.cl\/sitio\/#website","url":"https:\/\/www.fraczinet.cl\/sitio\/","name":"Nuestro Bio B\u00edo","description":"Tierra de Encuentros","publisher":{"@id":"https:\/\/www.fraczinet.cl\/sitio\/#\/schema\/person\/aec8ee4da68df2b9b0eefdad24a0d582"},"potentialAction":[{"@type":"SearchAction","target":{"@type":"EntryPoint","urlTemplate":"https:\/\/www.fraczinet.cl\/sitio\/?s={search_term_string}"},"query-input":{"@type":"PropertyValueSpecification","valueRequired":true,"valueName":"search_term_string"}}],"inLanguage":"es"},{"@type":["Person","Organization"],"@id":"https:\/\/www.fraczinet.cl\/sitio\/#\/schema\/person\/aec8ee4da68df2b9b0eefdad24a0d582","name":"Luis Fernando Fraczinet","image":{"@type":"ImageObject","inLanguage":"es","@id":"https:\/\/www.fraczinet.cl\/sitio\/#\/schema\/person\/image\/","url":"https:\/\/www.fraczinet.cl\/sitio\/wp-content\/uploads\/2021\/07\/bannerlogo-1.gif","contentUrl":"https:\/\/www.fraczinet.cl\/sitio\/wp-content\/uploads\/2021\/07\/bannerlogo-1.gif","width":159,"height":79,"caption":"Luis Fernando Fraczinet"},"logo":{"@id":"https:\/\/www.fraczinet.cl\/sitio\/#\/schema\/person\/image\/"},"sameAs":["https:\/\/www.fraczinet.cl\/sitio\/"]},{"@type":"Person","@id":"https:\/\/www.fraczinet.cl\/sitio\/#\/schema\/person\/bc30f98e9cb10ae7e119dbe14bc93784","name":"admin","image":{"@type":"ImageObject","inLanguage":"es","@id":"https:\/\/www.fraczinet.cl\/sitio\/#\/schema\/person\/image\/","url":"https:\/\/secure.gravatar.com\/avatar\/d5ad3cf7ef3b23a2bb5be73be780c86b2fc8545c3ad6b149f3913ff458c00099?s=96&d=mm&r=g","contentUrl":"https:\/\/secure.gravatar.com\/avatar\/d5ad3cf7ef3b23a2bb5be73be780c86b2fc8545c3ad6b149f3913ff458c00099?s=96&d=mm&r=g","caption":"admin"},"sameAs":["https:\/\/www.fraczinet.cl\/sitio"]}]}},"_links":{"self":[{"href":"https:\/\/www.fraczinet.cl\/sitio\/wp-json\/wp\/v2\/posts\/8938","targetHints":{"allow":["GET"]}}],"collection":[{"href":"https:\/\/www.fraczinet.cl\/sitio\/wp-json\/wp\/v2\/posts"}],"about":[{"href":"https:\/\/www.fraczinet.cl\/sitio\/wp-json\/wp\/v2\/types\/post"}],"author":[{"embeddable":true,"href":"https:\/\/www.fraczinet.cl\/sitio\/wp-json\/wp\/v2\/users\/1"}],"replies":[{"embeddable":true,"href":"https:\/\/www.fraczinet.cl\/sitio\/wp-json\/wp\/v2\/comments?post=8938"}],"version-history":[{"count":1,"href":"https:\/\/www.fraczinet.cl\/sitio\/wp-json\/wp\/v2\/posts\/8938\/revisions"}],"predecessor-version":[{"id":14406,"href":"https:\/\/www.fraczinet.cl\/sitio\/wp-json\/wp\/v2\/posts\/8938\/revisions\/14406"}],"wp:attachment":[{"href":"https:\/\/www.fraczinet.cl\/sitio\/wp-json\/wp\/v2\/media?parent=8938"}],"wp:term":[{"taxonomy":"category","embeddable":true,"href":"https:\/\/www.fraczinet.cl\/sitio\/wp-json\/wp\/v2\/categories?post=8938"},{"taxonomy":"post_tag","embeddable":true,"href":"https:\/\/www.fraczinet.cl\/sitio\/wp-json\/wp\/v2\/tags?post=8938"}],"curies":[{"name":"wp","href":"https:\/\/api.w.org\/{rel}","templated":true}]}}