{"id":8947,"date":"2011-01-13T16:37:00","date_gmt":"2011-01-13T16:37:00","guid":{"rendered":"https:\/\/www.fraczinet.cl\/sitio\/2011\/01\/13\/en-chillan-se-inauguro-el-segundo-encuentro-nacional-de-economia-solidaria\/"},"modified":"2022-10-05T21:14:15","modified_gmt":"2022-10-05T21:14:15","slug":"en-chillan-se-inauguro-el-segundo-encuentro-nacional-de-economia-solidaria","status":"publish","type":"post","link":"https:\/\/www.fraczinet.cl\/sitio\/2011\/01\/13\/en-chillan-se-inauguro-el-segundo-encuentro-nacional-de-economia-solidaria\/","title":{"rendered":"En Chill\u00e1n Se Inaugur\u00f3 El Segundo Encuentro Nacional De Econom\u00eda Solidaria"},"content":{"rendered":"<p><\/p>\n<div style=\"text-align: justify;\"><\/div>\n<div style=\"text-align: justify;\"><span style=\"font-weight: bold;\">Queremos construir Territorios Solidarios.<\/span><\/div>\n<div style=\"text-align: justify;\"><\/div>\n<div style=\"text-align: justify;\">Hoy jueves 13 se realiz\u00f3 la ceremonia de inauguraci\u00f3n del Segundo Encuentro Nacional de Econom\u00eda Solidaria en los jardines del Campus Chill\u00e1n de la Universidad de Concepci\u00f3n, con el lema \u00abConstruyendo Territorios Solidarios\u00bb.<\/div>\n<div style=\"text-align: justify;\"><\/div>\n<p><a href=\"http:\/\/1.bp.blogspot.com\/_2S_RxGRVjis\/TS8rVvVlueI\/AAAAAAAAR2w\/fzIrgIhD-UY\/s1600\/Enc%2BEconom%2BSolidaria.JPG\" style=\"clear: left; float: left; margin-bottom: 1em; margin-right: 1em; text-align: justify;\"><img decoding=\"async\" alt=\"\" border=\"0\" id=\"BLOGGER_PHOTO_ID_5561711717310118370\" src=\"https:\/\/1.bp.blogspot.com\/_2S_RxGRVjis\/TS8rVvVlueI\/AAAAAAAAR2w\/fzIrgIhD-UY\/s400\/Enc%2BEconom%2BSolidaria.JPG\" style=\"height: 268px; width: 400px;\" \/><\/a><\/p>\n<div style=\"text-align: justify;\">Con la asistencia de representantes de Ecuador, Costa Rica, Argentina y organizaciones de m\u00e1s de 40 ciudades de Chile se iniciaron los trabajos que buscan promover la articulaci\u00f3n de organizaciones de la sociedad civil en torno a iniciativas para la construcci\u00f3n de territorios solidarios.<\/div>\n<p><\/p>\n<div style=\"text-align: justify;\"><\/div>\n<div style=\"text-align: justify;\">En noviembre del 2009, en Concepci\u00f3n, se desarroll\u00f3 el Primer Encuentro Nacional de Econom\u00eda Solidaria bajo el lema <span style=\"font-weight: bold;\">\u201cOtras Econom\u00edas Ocurren en Chile\u201d<\/span>. Esta actividad fue el resultado del trabajo mancomunado de una veintena de organizaciones de la sociedad civil de la Regi\u00f3n del Bio B\u00edo, con el apoyo del naciente Espacio de Econom\u00eda y Comercio de Chile (ECOSOL Chile), de la Red Latinoamericana de Comercializaci\u00f3n Comunitaria y del Espacio MERCOSUR Solidario. <\/div>\n<div style=\"text-align: justify;\"><\/div>\n<div style=\"text-align: justify;\">En este Segundo Encuentro se busca que los participantes compartan sus experiencias, intercambien experiencias, servicios y saberes y se reconozcan en la visi\u00f3n de practicar una econom\u00eda distinta, fundada en valores solidarios.<\/div>\n<div style=\"text-align: justify;\"><\/div>\n<div style=\"text-align: justify;\">Se posibilita la difusi\u00f3n de experiencias de producci\u00f3n agroecol\u00f3gica, trueque y de comercio justo y la articulaci\u00f3n con organizaciones cooperativistas y el establecimiento de relaciones de colaboraci\u00f3n con acad\u00e9micos y estudiantes de distintos centros del pa\u00eds.<\/div>\n<div style=\"text-align: justify;\"><\/div>\n<div style=\"text-align: justify;\">Para desarrollar estas tareas, el Encuentro comprende la realizaci\u00f3n de Foros Tem\u00e1ticos, Feria de Iniciativas, Foros Territoriales, Talleres, Reuniones y actividades art\u00edsticas.<\/div>\n<div style=\"text-align: justify;\"><\/div>\n<div style=\"text-align: justify;\">Invitan: Espacio de Econom\u00eda y Comercio Chile, Corporaci\u00f3n Canto de Agua y Red de Econom\u00eda Solidaria de Santiago.<\/div>\n<p>Fotograf\u00eda gentileza de <a href=\"http:\/\/www.chillanactivo.cl\/\">ChillanActivo<\/a><\/p>\n","protected":false},"excerpt":{"rendered":"<p>Queremos construir Territorios Solidarios. Hoy jueves 13 se realiz\u00f3 la ceremonia de inauguraci\u00f3n del Segundo Encuentro Nacional de Econom\u00eda Solidaria en los jardines del Campus Chill\u00e1n de la Universidad de Concepci\u00f3n, con el lema \u00abConstruyendo Territorios Solidarios\u00bb. Con la asistencia de representantes de Ecuador, Costa Rica, Argentina y organizaciones de m\u00e1s de 40 ciudades de [&hellip;]<\/p>\n","protected":false},"author":1,"featured_media":0,"comment_status":"open","ping_status":"open","sticky":false,"template":"","format":"standard","meta":{"footnotes":""},"categories":[196,146],"tags":[],"class_list":["post-8947","post","type-post","status-publish","format-standard","hentry","category-congresos","category-region-del-bio-bio"],"yoast_head":"<!-- This site is optimized with the Yoast SEO plugin v25.0 - https:\/\/yoast.com\/wordpress\/plugins\/seo\/ -->\n<title>En Chill\u00e1n Se Inaugur\u00f3 El Segundo Encuentro Nacional De Econom\u00eda Solidaria - Nuestro Bio B\u00edo<\/title>\n<meta name=\"robots\" content=\"index, follow, max-snippet:-1, max-image-preview:large, max-video-preview:-1\" \/>\n<link rel=\"canonical\" href=\"https:\/\/www.fraczinet.cl\/sitio\/2011\/01\/13\/en-chillan-se-inauguro-el-segundo-encuentro-nacional-de-economia-solidaria\/\" \/>\n<meta property=\"og:locale\" content=\"es_ES\" \/>\n<meta property=\"og:type\" content=\"article\" \/>\n<meta property=\"og:title\" content=\"En Chill\u00e1n Se Inaugur\u00f3 El Segundo Encuentro Nacional De Econom\u00eda Solidaria - Nuestro Bio B\u00edo\" \/>\n<meta property=\"og:description\" content=\"Queremos construir Territorios Solidarios. Hoy jueves 13 se realiz\u00f3 la ceremonia de inauguraci\u00f3n del Segundo Encuentro Nacional de Econom\u00eda Solidaria en los jardines del Campus Chill\u00e1n de la Universidad de Concepci\u00f3n, con el lema \u00abConstruyendo Territorios Solidarios\u00bb. Con la asistencia de representantes de Ecuador, Costa Rica, Argentina y organizaciones de m\u00e1s de 40 ciudades de [&hellip;]\" \/>\n<meta property=\"og:url\" content=\"https:\/\/www.fraczinet.cl\/sitio\/2011\/01\/13\/en-chillan-se-inauguro-el-segundo-encuentro-nacional-de-economia-solidaria\/\" \/>\n<meta property=\"og:site_name\" content=\"Nuestro Bio B\u00edo\" \/>\n<meta property=\"article:published_time\" content=\"2011-01-13T16:37:00+00:00\" \/>\n<meta property=\"article:modified_time\" content=\"2022-10-05T21:14:15+00:00\" \/>\n<meta property=\"og:image\" content=\"https:\/\/1.bp.blogspot.com\/_2S_RxGRVjis\/TS8rVvVlueI\/AAAAAAAAR2w\/fzIrgIhD-UY\/s400\/Enc%2BEconom%2BSolidaria.JPG\" \/>\n<meta name=\"author\" content=\"admin\" \/>\n<meta name=\"twitter:card\" content=\"summary_large_image\" \/>\n<meta name=\"twitter:creator\" content=\"@nuestrobiobio\" \/>\n<meta name=\"twitter:site\" content=\"@nuestrobiobio\" \/>\n<meta name=\"twitter:label1\" content=\"Escrito por\" \/>\n\t<meta name=\"twitter:data1\" content=\"admin\" \/>\n\t<meta name=\"twitter:label2\" content=\"Tiempo de lectura\" \/>\n\t<meta name=\"twitter:data2\" content=\"1 minuto\" \/>\n<script type=\"application\/ld+json\" class=\"yoast-schema-graph\">{\"@context\":\"https:\/\/schema.org\",\"@graph\":[{\"@type\":\"Article\",\"@id\":\"https:\/\/www.fraczinet.cl\/sitio\/2011\/01\/13\/en-chillan-se-inauguro-el-segundo-encuentro-nacional-de-economia-solidaria\/#article\",\"isPartOf\":{\"@id\":\"https:\/\/www.fraczinet.cl\/sitio\/2011\/01\/13\/en-chillan-se-inauguro-el-segundo-encuentro-nacional-de-economia-solidaria\/\"},\"author\":{\"name\":\"admin\",\"@id\":\"https:\/\/www.fraczinet.cl\/sitio\/#\/schema\/person\/bc30f98e9cb10ae7e119dbe14bc93784\"},\"headline\":\"En Chill\u00e1n Se Inaugur\u00f3 El Segundo Encuentro Nacional De Econom\u00eda Solidaria\",\"datePublished\":\"2011-01-13T16:37:00+00:00\",\"dateModified\":\"2022-10-05T21:14:15+00:00\",\"mainEntityOfPage\":{\"@id\":\"https:\/\/www.fraczinet.cl\/sitio\/2011\/01\/13\/en-chillan-se-inauguro-el-segundo-encuentro-nacional-de-economia-solidaria\/\"},\"wordCount\":305,\"commentCount\":0,\"publisher\":{\"@id\":\"https:\/\/www.fraczinet.cl\/sitio\/#\/schema\/person\/aec8ee4da68df2b9b0eefdad24a0d582\"},\"image\":{\"@id\":\"https:\/\/www.fraczinet.cl\/sitio\/2011\/01\/13\/en-chillan-se-inauguro-el-segundo-encuentro-nacional-de-economia-solidaria\/#primaryimage\"},\"thumbnailUrl\":\"https:\/\/1.bp.blogspot.com\/_2S_RxGRVjis\/TS8rVvVlueI\/AAAAAAAAR2w\/fzIrgIhD-UY\/s400\/Enc%2BEconom%2BSolidaria.JPG\",\"articleSection\":[\"Congresos\",\"Regi\u00f3n del Bio B\u00edo\"],\"inLanguage\":\"es\",\"potentialAction\":[{\"@type\":\"CommentAction\",\"name\":\"Comment\",\"target\":[\"https:\/\/www.fraczinet.cl\/sitio\/2011\/01\/13\/en-chillan-se-inauguro-el-segundo-encuentro-nacional-de-economia-solidaria\/#respond\"]}]},{\"@type\":\"WebPage\",\"@id\":\"https:\/\/www.fraczinet.cl\/sitio\/2011\/01\/13\/en-chillan-se-inauguro-el-segundo-encuentro-nacional-de-economia-solidaria\/\",\"url\":\"https:\/\/www.fraczinet.cl\/sitio\/2011\/01\/13\/en-chillan-se-inauguro-el-segundo-encuentro-nacional-de-economia-solidaria\/\",\"name\":\"En Chill\u00e1n Se Inaugur\u00f3 El Segundo Encuentro Nacional De Econom\u00eda Solidaria - Nuestro Bio B\u00edo\",\"isPartOf\":{\"@id\":\"https:\/\/www.fraczinet.cl\/sitio\/#website\"},\"primaryImageOfPage\":{\"@id\":\"https:\/\/www.fraczinet.cl\/sitio\/2011\/01\/13\/en-chillan-se-inauguro-el-segundo-encuentro-nacional-de-economia-solidaria\/#primaryimage\"},\"image\":{\"@id\":\"https:\/\/www.fraczinet.cl\/sitio\/2011\/01\/13\/en-chillan-se-inauguro-el-segundo-encuentro-nacional-de-economia-solidaria\/#primaryimage\"},\"thumbnailUrl\":\"https:\/\/1.bp.blogspot.com\/_2S_RxGRVjis\/TS8rVvVlueI\/AAAAAAAAR2w\/fzIrgIhD-UY\/s400\/Enc%2BEconom%2BSolidaria.JPG\",\"datePublished\":\"2011-01-13T16:37:00+00:00\",\"dateModified\":\"2022-10-05T21:14:15+00:00\",\"breadcrumb\":{\"@id\":\"https:\/\/www.fraczinet.cl\/sitio\/2011\/01\/13\/en-chillan-se-inauguro-el-segundo-encuentro-nacional-de-economia-solidaria\/#breadcrumb\"},\"inLanguage\":\"es\",\"potentialAction\":[{\"@type\":\"ReadAction\",\"target\":[\"https:\/\/www.fraczinet.cl\/sitio\/2011\/01\/13\/en-chillan-se-inauguro-el-segundo-encuentro-nacional-de-economia-solidaria\/\"]}]},{\"@type\":\"ImageObject\",\"inLanguage\":\"es\",\"@id\":\"https:\/\/www.fraczinet.cl\/sitio\/2011\/01\/13\/en-chillan-se-inauguro-el-segundo-encuentro-nacional-de-economia-solidaria\/#primaryimage\",\"url\":\"https:\/\/1.bp.blogspot.com\/_2S_RxGRVjis\/TS8rVvVlueI\/AAAAAAAAR2w\/fzIrgIhD-UY\/s400\/Enc%2BEconom%2BSolidaria.JPG\",\"contentUrl\":\"https:\/\/1.bp.blogspot.com\/_2S_RxGRVjis\/TS8rVvVlueI\/AAAAAAAAR2w\/fzIrgIhD-UY\/s400\/Enc%2BEconom%2BSolidaria.JPG\"},{\"@type\":\"BreadcrumbList\",\"@id\":\"https:\/\/www.fraczinet.cl\/sitio\/2011\/01\/13\/en-chillan-se-inauguro-el-segundo-encuentro-nacional-de-economia-solidaria\/#breadcrumb\",\"itemListElement\":[{\"@type\":\"ListItem\",\"position\":1,\"name\":\"Portada\",\"item\":\"https:\/\/www.fraczinet.cl\/sitio\/\"},{\"@type\":\"ListItem\",\"position\":2,\"name\":\"En Chill\u00e1n Se Inaugur\u00f3 El Segundo Encuentro Nacional De Econom\u00eda Solidaria\"}]},{\"@type\":\"WebSite\",\"@id\":\"https:\/\/www.fraczinet.cl\/sitio\/#website\",\"url\":\"https:\/\/www.fraczinet.cl\/sitio\/\",\"name\":\"Nuestro Bio B\u00edo\",\"description\":\"Tierra de Encuentros\",\"publisher\":{\"@id\":\"https:\/\/www.fraczinet.cl\/sitio\/#\/schema\/person\/aec8ee4da68df2b9b0eefdad24a0d582\"},\"potentialAction\":[{\"@type\":\"SearchAction\",\"target\":{\"@type\":\"EntryPoint\",\"urlTemplate\":\"https:\/\/www.fraczinet.cl\/sitio\/?s={search_term_string}\"},\"query-input\":{\"@type\":\"PropertyValueSpecification\",\"valueRequired\":true,\"valueName\":\"search_term_string\"}}],\"inLanguage\":\"es\"},{\"@type\":[\"Person\",\"Organization\"],\"@id\":\"https:\/\/www.fraczinet.cl\/sitio\/#\/schema\/person\/aec8ee4da68df2b9b0eefdad24a0d582\",\"name\":\"Luis Fernando Fraczinet\",\"image\":{\"@type\":\"ImageObject\",\"inLanguage\":\"es\",\"@id\":\"https:\/\/www.fraczinet.cl\/sitio\/#\/schema\/person\/image\/\",\"url\":\"https:\/\/www.fraczinet.cl\/sitio\/wp-content\/uploads\/2021\/07\/bannerlogo-1.gif\",\"contentUrl\":\"https:\/\/www.fraczinet.cl\/sitio\/wp-content\/uploads\/2021\/07\/bannerlogo-1.gif\",\"width\":159,\"height\":79,\"caption\":\"Luis Fernando Fraczinet\"},\"logo\":{\"@id\":\"https:\/\/www.fraczinet.cl\/sitio\/#\/schema\/person\/image\/\"},\"sameAs\":[\"https:\/\/www.fraczinet.cl\/sitio\/\"]},{\"@type\":\"Person\",\"@id\":\"https:\/\/www.fraczinet.cl\/sitio\/#\/schema\/person\/bc30f98e9cb10ae7e119dbe14bc93784\",\"name\":\"admin\",\"image\":{\"@type\":\"ImageObject\",\"inLanguage\":\"es\",\"@id\":\"https:\/\/www.fraczinet.cl\/sitio\/#\/schema\/person\/image\/\",\"url\":\"https:\/\/secure.gravatar.com\/avatar\/d5ad3cf7ef3b23a2bb5be73be780c86b2fc8545c3ad6b149f3913ff458c00099?s=96&d=mm&r=g\",\"contentUrl\":\"https:\/\/secure.gravatar.com\/avatar\/d5ad3cf7ef3b23a2bb5be73be780c86b2fc8545c3ad6b149f3913ff458c00099?s=96&d=mm&r=g\",\"caption\":\"admin\"},\"sameAs\":[\"https:\/\/www.fraczinet.cl\/sitio\"]}]}<\/script>\n<!-- \/ Yoast SEO plugin. -->","yoast_head_json":{"title":"En Chill\u00e1n Se Inaugur\u00f3 El Segundo Encuentro Nacional De Econom\u00eda Solidaria - Nuestro Bio B\u00edo","robots":{"index":"index","follow":"follow","max-snippet":"max-snippet:-1","max-image-preview":"max-image-preview:large","max-video-preview":"max-video-preview:-1"},"canonical":"https:\/\/www.fraczinet.cl\/sitio\/2011\/01\/13\/en-chillan-se-inauguro-el-segundo-encuentro-nacional-de-economia-solidaria\/","og_locale":"es_ES","og_type":"article","og_title":"En Chill\u00e1n Se Inaugur\u00f3 El Segundo Encuentro Nacional De Econom\u00eda Solidaria - Nuestro Bio B\u00edo","og_description":"Queremos construir Territorios Solidarios. Hoy jueves 13 se realiz\u00f3 la ceremonia de inauguraci\u00f3n del Segundo Encuentro Nacional de Econom\u00eda Solidaria en los jardines del Campus Chill\u00e1n de la Universidad de Concepci\u00f3n, con el lema \u00abConstruyendo Territorios Solidarios\u00bb. Con la asistencia de representantes de Ecuador, Costa Rica, Argentina y organizaciones de m\u00e1s de 40 ciudades de [&hellip;]","og_url":"https:\/\/www.fraczinet.cl\/sitio\/2011\/01\/13\/en-chillan-se-inauguro-el-segundo-encuentro-nacional-de-economia-solidaria\/","og_site_name":"Nuestro Bio B\u00edo","article_published_time":"2011-01-13T16:37:00+00:00","article_modified_time":"2022-10-05T21:14:15+00:00","og_image":[{"url":"https:\/\/1.bp.blogspot.com\/_2S_RxGRVjis\/TS8rVvVlueI\/AAAAAAAAR2w\/fzIrgIhD-UY\/s400\/Enc%2BEconom%2BSolidaria.JPG","type":"","width":"","height":""}],"author":"admin","twitter_card":"summary_large_image","twitter_creator":"@nuestrobiobio","twitter_site":"@nuestrobiobio","twitter_misc":{"Escrito por":"admin","Tiempo de lectura":"1 minuto"},"schema":{"@context":"https:\/\/schema.org","@graph":[{"@type":"Article","@id":"https:\/\/www.fraczinet.cl\/sitio\/2011\/01\/13\/en-chillan-se-inauguro-el-segundo-encuentro-nacional-de-economia-solidaria\/#article","isPartOf":{"@id":"https:\/\/www.fraczinet.cl\/sitio\/2011\/01\/13\/en-chillan-se-inauguro-el-segundo-encuentro-nacional-de-economia-solidaria\/"},"author":{"name":"admin","@id":"https:\/\/www.fraczinet.cl\/sitio\/#\/schema\/person\/bc30f98e9cb10ae7e119dbe14bc93784"},"headline":"En Chill\u00e1n Se Inaugur\u00f3 El Segundo Encuentro Nacional De Econom\u00eda Solidaria","datePublished":"2011-01-13T16:37:00+00:00","dateModified":"2022-10-05T21:14:15+00:00","mainEntityOfPage":{"@id":"https:\/\/www.fraczinet.cl\/sitio\/2011\/01\/13\/en-chillan-se-inauguro-el-segundo-encuentro-nacional-de-economia-solidaria\/"},"wordCount":305,"commentCount":0,"publisher":{"@id":"https:\/\/www.fraczinet.cl\/sitio\/#\/schema\/person\/aec8ee4da68df2b9b0eefdad24a0d582"},"image":{"@id":"https:\/\/www.fraczinet.cl\/sitio\/2011\/01\/13\/en-chillan-se-inauguro-el-segundo-encuentro-nacional-de-economia-solidaria\/#primaryimage"},"thumbnailUrl":"https:\/\/1.bp.blogspot.com\/_2S_RxGRVjis\/TS8rVvVlueI\/AAAAAAAAR2w\/fzIrgIhD-UY\/s400\/Enc%2BEconom%2BSolidaria.JPG","articleSection":["Congresos","Regi\u00f3n del Bio B\u00edo"],"inLanguage":"es","potentialAction":[{"@type":"CommentAction","name":"Comment","target":["https:\/\/www.fraczinet.cl\/sitio\/2011\/01\/13\/en-chillan-se-inauguro-el-segundo-encuentro-nacional-de-economia-solidaria\/#respond"]}]},{"@type":"WebPage","@id":"https:\/\/www.fraczinet.cl\/sitio\/2011\/01\/13\/en-chillan-se-inauguro-el-segundo-encuentro-nacional-de-economia-solidaria\/","url":"https:\/\/www.fraczinet.cl\/sitio\/2011\/01\/13\/en-chillan-se-inauguro-el-segundo-encuentro-nacional-de-economia-solidaria\/","name":"En Chill\u00e1n Se Inaugur\u00f3 El Segundo Encuentro Nacional De Econom\u00eda Solidaria - Nuestro Bio B\u00edo","isPartOf":{"@id":"https:\/\/www.fraczinet.cl\/sitio\/#website"},"primaryImageOfPage":{"@id":"https:\/\/www.fraczinet.cl\/sitio\/2011\/01\/13\/en-chillan-se-inauguro-el-segundo-encuentro-nacional-de-economia-solidaria\/#primaryimage"},"image":{"@id":"https:\/\/www.fraczinet.cl\/sitio\/2011\/01\/13\/en-chillan-se-inauguro-el-segundo-encuentro-nacional-de-economia-solidaria\/#primaryimage"},"thumbnailUrl":"https:\/\/1.bp.blogspot.com\/_2S_RxGRVjis\/TS8rVvVlueI\/AAAAAAAAR2w\/fzIrgIhD-UY\/s400\/Enc%2BEconom%2BSolidaria.JPG","datePublished":"2011-01-13T16:37:00+00:00","dateModified":"2022-10-05T21:14:15+00:00","breadcrumb":{"@id":"https:\/\/www.fraczinet.cl\/sitio\/2011\/01\/13\/en-chillan-se-inauguro-el-segundo-encuentro-nacional-de-economia-solidaria\/#breadcrumb"},"inLanguage":"es","potentialAction":[{"@type":"ReadAction","target":["https:\/\/www.fraczinet.cl\/sitio\/2011\/01\/13\/en-chillan-se-inauguro-el-segundo-encuentro-nacional-de-economia-solidaria\/"]}]},{"@type":"ImageObject","inLanguage":"es","@id":"https:\/\/www.fraczinet.cl\/sitio\/2011\/01\/13\/en-chillan-se-inauguro-el-segundo-encuentro-nacional-de-economia-solidaria\/#primaryimage","url":"https:\/\/1.bp.blogspot.com\/_2S_RxGRVjis\/TS8rVvVlueI\/AAAAAAAAR2w\/fzIrgIhD-UY\/s400\/Enc%2BEconom%2BSolidaria.JPG","contentUrl":"https:\/\/1.bp.blogspot.com\/_2S_RxGRVjis\/TS8rVvVlueI\/AAAAAAAAR2w\/fzIrgIhD-UY\/s400\/Enc%2BEconom%2BSolidaria.JPG"},{"@type":"BreadcrumbList","@id":"https:\/\/www.fraczinet.cl\/sitio\/2011\/01\/13\/en-chillan-se-inauguro-el-segundo-encuentro-nacional-de-economia-solidaria\/#breadcrumb","itemListElement":[{"@type":"ListItem","position":1,"name":"Portada","item":"https:\/\/www.fraczinet.cl\/sitio\/"},{"@type":"ListItem","position":2,"name":"En Chill\u00e1n Se Inaugur\u00f3 El Segundo Encuentro Nacional De Econom\u00eda Solidaria"}]},{"@type":"WebSite","@id":"https:\/\/www.fraczinet.cl\/sitio\/#website","url":"https:\/\/www.fraczinet.cl\/sitio\/","name":"Nuestro Bio B\u00edo","description":"Tierra de Encuentros","publisher":{"@id":"https:\/\/www.fraczinet.cl\/sitio\/#\/schema\/person\/aec8ee4da68df2b9b0eefdad24a0d582"},"potentialAction":[{"@type":"SearchAction","target":{"@type":"EntryPoint","urlTemplate":"https:\/\/www.fraczinet.cl\/sitio\/?s={search_term_string}"},"query-input":{"@type":"PropertyValueSpecification","valueRequired":true,"valueName":"search_term_string"}}],"inLanguage":"es"},{"@type":["Person","Organization"],"@id":"https:\/\/www.fraczinet.cl\/sitio\/#\/schema\/person\/aec8ee4da68df2b9b0eefdad24a0d582","name":"Luis Fernando Fraczinet","image":{"@type":"ImageObject","inLanguage":"es","@id":"https:\/\/www.fraczinet.cl\/sitio\/#\/schema\/person\/image\/","url":"https:\/\/www.fraczinet.cl\/sitio\/wp-content\/uploads\/2021\/07\/bannerlogo-1.gif","contentUrl":"https:\/\/www.fraczinet.cl\/sitio\/wp-content\/uploads\/2021\/07\/bannerlogo-1.gif","width":159,"height":79,"caption":"Luis Fernando Fraczinet"},"logo":{"@id":"https:\/\/www.fraczinet.cl\/sitio\/#\/schema\/person\/image\/"},"sameAs":["https:\/\/www.fraczinet.cl\/sitio\/"]},{"@type":"Person","@id":"https:\/\/www.fraczinet.cl\/sitio\/#\/schema\/person\/bc30f98e9cb10ae7e119dbe14bc93784","name":"admin","image":{"@type":"ImageObject","inLanguage":"es","@id":"https:\/\/www.fraczinet.cl\/sitio\/#\/schema\/person\/image\/","url":"https:\/\/secure.gravatar.com\/avatar\/d5ad3cf7ef3b23a2bb5be73be780c86b2fc8545c3ad6b149f3913ff458c00099?s=96&d=mm&r=g","contentUrl":"https:\/\/secure.gravatar.com\/avatar\/d5ad3cf7ef3b23a2bb5be73be780c86b2fc8545c3ad6b149f3913ff458c00099?s=96&d=mm&r=g","caption":"admin"},"sameAs":["https:\/\/www.fraczinet.cl\/sitio"]}]}},"_links":{"self":[{"href":"https:\/\/www.fraczinet.cl\/sitio\/wp-json\/wp\/v2\/posts\/8947","targetHints":{"allow":["GET"]}}],"collection":[{"href":"https:\/\/www.fraczinet.cl\/sitio\/wp-json\/wp\/v2\/posts"}],"about":[{"href":"https:\/\/www.fraczinet.cl\/sitio\/wp-json\/wp\/v2\/types\/post"}],"author":[{"embeddable":true,"href":"https:\/\/www.fraczinet.cl\/sitio\/wp-json\/wp\/v2\/users\/1"}],"replies":[{"embeddable":true,"href":"https:\/\/www.fraczinet.cl\/sitio\/wp-json\/wp\/v2\/comments?post=8947"}],"version-history":[{"count":1,"href":"https:\/\/www.fraczinet.cl\/sitio\/wp-json\/wp\/v2\/posts\/8947\/revisions"}],"predecessor-version":[{"id":14079,"href":"https:\/\/www.fraczinet.cl\/sitio\/wp-json\/wp\/v2\/posts\/8947\/revisions\/14079"}],"wp:attachment":[{"href":"https:\/\/www.fraczinet.cl\/sitio\/wp-json\/wp\/v2\/media?parent=8947"}],"wp:term":[{"taxonomy":"category","embeddable":true,"href":"https:\/\/www.fraczinet.cl\/sitio\/wp-json\/wp\/v2\/categories?post=8947"},{"taxonomy":"post_tag","embeddable":true,"href":"https:\/\/www.fraczinet.cl\/sitio\/wp-json\/wp\/v2\/tags?post=8947"}],"curies":[{"name":"wp","href":"https:\/\/api.w.org\/{rel}","templated":true}]}}