{"id":8955,"date":"2011-01-09T11:58:00","date_gmt":"2011-01-09T11:58:00","guid":{"rendered":"https:\/\/www.fraczinet.cl\/sitio\/2011\/01\/09\/i-encuentro-de-mediadores-de-lectura-region-de-los-rios-en-la-uach\/"},"modified":"2011-01-09T11:58:00","modified_gmt":"2011-01-09T11:58:00","slug":"i-encuentro-de-mediadores-de-lectura-region-de-los-rios-en-la-uach","status":"publish","type":"post","link":"https:\/\/www.fraczinet.cl\/sitio\/2011\/01\/09\/i-encuentro-de-mediadores-de-lectura-region-de-los-rios-en-la-uach\/","title":{"rendered":"I Encuentro De Mediadores De Lectura Regi\u00f3n De Los R\u00edos En La UACh"},"content":{"rendered":"<p><a href=\"http:\/\/2.bp.blogspot.com\/_2S_RxGRVjis\/TSmqWJMqspI\/AAAAAAAARyo\/7O9Gc-f01SU\/s1600\/164018_496842192247_787102247_6019934_303724_n.jpg\" style=\"clear: left; float: left; margin-bottom: 1em; margin-right: 1em;\"><img decoding=\"async\" alt=\"\" border=\"0\" id=\"BLOGGER_PHOTO_ID_5560162512368480914\" src=\"https:\/\/2.bp.blogspot.com\/_2S_RxGRVjis\/TSmqWJMqspI\/AAAAAAAARyo\/7O9Gc-f01SU\/s400\/164018_496842192247_787102247_6019934_303724_n.jpg\" style=\"height: 300px; width: 400px;\" \/><\/a><\/p>\n<div style=\"text-align: justify;\">Este jueves 6 inici\u00f3 el Primer Encuentro de Mediadores de Lectura de la Regi\u00f3n de Los R\u00edos, a partir del proyecto aprobado por el Fondo Nacional del Libro y La Lectura del Consejo de la Cultura, y que se extendi\u00f3 hasta este s\u00e1bado 8 de enero.<\/div>\n<div style=\"text-align: justify;\"><\/div>\n<div style=\"text-align: justify;\">Despu\u00e9s de recorrer las comunas de la regi\u00f3n para sostener reuniones con bibliotecarios, profesores, instituciones vecinales y escritores ligados a diversas iniciativas de fomento lector, este jueves comenz\u00f3 el Primer Encuentro de Mediadores de Lectura de la Regi\u00f3n de Los R\u00edos en dependencias de la Facultad de Filosof\u00eda y Humanidades, Campus Teja de la Universidad Austral.<\/div>\n<div style=\"text-align: justify;\"><\/div>\n<div style=\"text-align: justify;\">Es as\u00ed que desde diversas comunas de la Regi\u00f3n de Los R\u00edos participaron en este evento numerosos actores \u2013el primero de esta tem\u00e1tica que se realiza en el sur del pa\u00eds. <\/div>\n<div style=\"text-align: justify;\"><\/div>\n<div style=\"text-align: justify;\">El encuentro se propuso objetivos como:<\/div>\n<div style=\"text-align: justify;\"><\/div>\n<div style=\"text-align: justify;\"><a href=\"http:\/\/1.bp.blogspot.com\/_2S_RxGRVjis\/TSmqWdn0pII\/AAAAAAAARzA\/I2ZnqqSQ3kc\/s1600\/168575_496841052247_787102247_6019917_8114644_n.jpg\" style=\"clear: left; float: left; margin-bottom: 1em; margin-right: 1em;\"><img decoding=\"async\" alt=\"\" border=\"0\" id=\"BLOGGER_PHOTO_ID_5560162517851088002\" src=\"https:\/\/1.bp.blogspot.com\/_2S_RxGRVjis\/TSmqWdn0pII\/AAAAAAAARzA\/I2ZnqqSQ3kc\/s400\/168575_496841052247_787102247_6019917_8114644_n.jpg\" style=\"height: 400px; width: 300px;\" \/><\/a>1. Realizar un I Encuentro de Mediadores de Lectura en la Regi\u00f3n de Los R\u00edos. En el cual se har\u00e1 \u00e9nfasis \u2013entre otros aspectos- en la profundizaci\u00f3n de saberes y competencias asociados al fomento lector, a trav\u00e9s de talleres de formaci\u00f3n para los mediadores.<\/div>\n<div style=\"text-align: justify;\"><\/div>\n<div style=\"text-align: justify;\">2. Constituir una Red de Mediadores de Lectura de Los R\u00edos, que permita articular, sistematizar y evaluar las diversas pr\u00e1cticas de fomento lector existentes en la regi\u00f3n. Dentro de esto se busca fortalecer, a nivel regional, el desarrollo del Plan Nacional de Fomento de la Lectura del Consejo Nacional del Libro, en sus dimensiones \u00abMovilizaci\u00f3n de expertos, mediadores y animadores de la lectura\u00bb y \u00abCoordinaci\u00f3n de iniciativas p\u00fablicas, privadas y de la sociedad civil\u00bb.<\/div>\n<div style=\"text-align: justify;\"><\/div>\n<div style=\"text-align: justify;\">El contexto en el cual se enmarca este proyecto se relaciona con los bajos \u00edndices de lectura existentes en la actualidad en nuestro pa\u00eds. Estudios recientes han demostrado que la cantidad de lectores en la sociedad chilena contempor\u00e1nea no supera la mitad de la poblaci\u00f3n. Frente a esta realidad, hay consenso en los actuales avances de investigaci\u00f3n sobre fomento lector para se\u00f1alar que uno de los aspectos claves que ayudar\u00edan a subsanar este panorama es la existencia de mediadores, es decir, adultos con competencias para acercar y motivar a la poblaci\u00f3n hacia el libro y la lectura<\/div>\n<div style=\"text-align: justify;\"><\/div>\n<div style=\"text-align: justify;\">En la Regi\u00f3n de Los R\u00edos a\u00fan no existe una instancia que se dedique de manera exclusiva y sistem\u00e1tica a la formaci\u00f3n y coordinaci\u00f3n de mediadores del fomento a la lectura, que resulte amplia y simult\u00e1nea en su territorio, pese a ser una Regi\u00f3n que cuenta con una rica tradici\u00f3n literaria.<\/div>\n<div style=\"text-align: justify;\"><\/div>\n<div style=\"text-align: justify;\">En este escenario: Universidades, bibliotecas comunales, Departamentos de Cultura municipales, establecimientos educacionales y organizaciones tanto de la comunidad cultural como de otros sectores, han sido convocados a este Encuentro de Mediadores.<\/div>\n<div style=\"text-align: justify;\"><\/div>\n<div style=\"text-align: justify;\">Durante la realizaci\u00f3n del Evento se congreg\u00f3 mediadores de la Regi\u00f3n y otras personas interesadas como estudiantes universitarios, libreros, editores, etc. de acuerdo a un programa que consider\u00f3 metodolog\u00edas de trabajo como:<\/div>\n<div style=\"text-align: justify;\"><\/div>\n<div style=\"text-align: justify;\">a) Paneles: Mesas en las que los mediadores de la regi\u00f3n relatan sus experiencias, dejando luego un espacio para hacer comentarios, preguntas u otros aportes de los asistentes y,<\/div>\n<div style=\"text-align: justify;\"><\/div>\n<div style=\"text-align: justify;\">b) Talleres: talleres de formaci\u00f3n, guiados por expertos tanto nacionales como internacionales, de vasta trayectoria en programas de promoci\u00f3n de la lectura.<\/div>\n<div style=\"text-align: justify;\"><\/div>\n<div style=\"text-align: justify;\">Escrito por: Rub\u00e9n Gonz\u00e1lez L.<\/div>\n<div style=\"text-align: justify;\"><a href=\"http:\/\/www.extensionuach.cl\/index.php?option=com_content&amp;view=article&amp;id=773:i-encuentro-de-mediadores-de-lectura-region-de-los-rios-en-la-uach&amp;catid=183:artistico-cultural&amp;Itemi\">Integrante Equipo de Organizaci\u00f3n<\/a><\/div>\n<div style=\"text-align: justify;\"><\/div>\n<div style=\"text-align: justify;\">Im\u00e1genes del encuentro gentileza de <\/div>\n<div style=\"text-align: justify;\">Ana Rosa Bustamante<\/div>\n<div style=\"text-align: justify;\"><a href=\"http:\/\/negrachucara.blogspot.com\/\">http:\/\/negrachucara.blogspot.com\/<\/a><\/div>\n<p><a href=\"http:\/\/2.bp.blogspot.com\/_2S_RxGRVjis\/TSmqWFtKheI\/AAAAAAAARy4\/X4Kn2U-VhsQ\/s1600\/164537_496841147247_787102247_6019918_1717820_n.jpg\"><img decoding=\"async\" alt=\"\" border=\"0\" id=\"BLOGGER_PHOTO_ID_5560162511431042530\" src=\"https:\/\/2.bp.blogspot.com\/_2S_RxGRVjis\/TSmqWFtKheI\/AAAAAAAARy4\/X4Kn2U-VhsQ\/s400\/164537_496841147247_787102247_6019918_1717820_n.jpg\" style=\"cursor: hand; cursor: pointer; height: 300px; width: 400px;\" \/><\/a><br \/><a href=\"http:\/\/2.bp.blogspot.com\/_2S_RxGRVjis\/TSmqWGfeaUI\/AAAAAAAARyw\/6Si4hYTLuHg\/s1600\/165119_496842232247_787102247_6019935_6297789_n.jpg\"><img decoding=\"async\" alt=\"\" border=\"0\" id=\"BLOGGER_PHOTO_ID_5560162511642061122\" src=\"https:\/\/2.bp.blogspot.com\/_2S_RxGRVjis\/TSmqWGfeaUI\/AAAAAAAARyw\/6Si4hYTLuHg\/s400\/165119_496842232247_787102247_6019935_6297789_n.jpg\" style=\"cursor: hand; cursor: pointer; height: 300px; width: 400px;\" \/><\/a><\/p>\n","protected":false},"excerpt":{"rendered":"<p>Este jueves 6 inici\u00f3 el Primer Encuentro de Mediadores de Lectura de la Regi\u00f3n de Los R\u00edos, a partir del proyecto aprobado por el Fondo Nacional del Libro y La Lectura del Consejo de la Cultura, y que se extendi\u00f3 hasta este s\u00e1bado 8 de enero. Despu\u00e9s de recorrer las comunas de la regi\u00f3n para [&hellip;]<\/p>\n","protected":false},"author":1,"featured_media":0,"comment_status":"open","ping_status":"open","sticky":false,"template":"","format":"standard","meta":{"footnotes":""},"categories":[207,283],"tags":[],"class_list":["post-8955","post","type-post","status-publish","format-standard","hentry","category-gestion-cultural","category-region-de-los-rios"],"yoast_head":"<!-- This site is optimized with the Yoast SEO plugin v25.0 - https:\/\/yoast.com\/wordpress\/plugins\/seo\/ -->\n<title>I Encuentro De Mediadores De Lectura Regi\u00f3n De Los R\u00edos En La UACh - Nuestro Bio B\u00edo<\/title>\n<meta name=\"robots\" content=\"index, follow, max-snippet:-1, max-image-preview:large, max-video-preview:-1\" \/>\n<link rel=\"canonical\" href=\"https:\/\/www.fraczinet.cl\/sitio\/2011\/01\/09\/i-encuentro-de-mediadores-de-lectura-region-de-los-rios-en-la-uach\/\" \/>\n<meta property=\"og:locale\" content=\"es_ES\" \/>\n<meta property=\"og:type\" content=\"article\" \/>\n<meta property=\"og:title\" content=\"I Encuentro De Mediadores De Lectura Regi\u00f3n De Los R\u00edos En La UACh - Nuestro Bio B\u00edo\" \/>\n<meta property=\"og:description\" content=\"Este jueves 6 inici\u00f3 el Primer Encuentro de Mediadores de Lectura de la Regi\u00f3n de Los R\u00edos, a partir del proyecto aprobado por el Fondo Nacional del Libro y La Lectura del Consejo de la Cultura, y que se extendi\u00f3 hasta este s\u00e1bado 8 de enero. Despu\u00e9s de recorrer las comunas de la regi\u00f3n para [&hellip;]\" \/>\n<meta property=\"og:url\" content=\"https:\/\/www.fraczinet.cl\/sitio\/2011\/01\/09\/i-encuentro-de-mediadores-de-lectura-region-de-los-rios-en-la-uach\/\" \/>\n<meta property=\"og:site_name\" content=\"Nuestro Bio B\u00edo\" \/>\n<meta property=\"article:published_time\" content=\"2011-01-09T11:58:00+00:00\" \/>\n<meta property=\"og:image\" content=\"https:\/\/2.bp.blogspot.com\/_2S_RxGRVjis\/TSmqWJMqspI\/AAAAAAAARyo\/7O9Gc-f01SU\/s400\/164018_496842192247_787102247_6019934_303724_n.jpg\" \/>\n<meta name=\"author\" content=\"admin\" \/>\n<meta name=\"twitter:card\" content=\"summary_large_image\" \/>\n<meta name=\"twitter:creator\" content=\"@nuestrobiobio\" \/>\n<meta name=\"twitter:site\" content=\"@nuestrobiobio\" \/>\n<meta name=\"twitter:label1\" content=\"Escrito por\" \/>\n\t<meta name=\"twitter:data1\" content=\"admin\" \/>\n\t<meta name=\"twitter:label2\" content=\"Tiempo de lectura\" \/>\n\t<meta name=\"twitter:data2\" content=\"3 minutos\" \/>\n<script type=\"application\/ld+json\" class=\"yoast-schema-graph\">{\"@context\":\"https:\/\/schema.org\",\"@graph\":[{\"@type\":\"Article\",\"@id\":\"https:\/\/www.fraczinet.cl\/sitio\/2011\/01\/09\/i-encuentro-de-mediadores-de-lectura-region-de-los-rios-en-la-uach\/#article\",\"isPartOf\":{\"@id\":\"https:\/\/www.fraczinet.cl\/sitio\/2011\/01\/09\/i-encuentro-de-mediadores-de-lectura-region-de-los-rios-en-la-uach\/\"},\"author\":{\"name\":\"admin\",\"@id\":\"https:\/\/www.fraczinet.cl\/sitio\/#\/schema\/person\/bc30f98e9cb10ae7e119dbe14bc93784\"},\"headline\":\"I Encuentro De Mediadores De Lectura Regi\u00f3n De Los R\u00edos En La UACh\",\"datePublished\":\"2011-01-09T11:58:00+00:00\",\"mainEntityOfPage\":{\"@id\":\"https:\/\/www.fraczinet.cl\/sitio\/2011\/01\/09\/i-encuentro-de-mediadores-de-lectura-region-de-los-rios-en-la-uach\/\"},\"wordCount\":600,\"commentCount\":0,\"publisher\":{\"@id\":\"https:\/\/www.fraczinet.cl\/sitio\/#\/schema\/person\/aec8ee4da68df2b9b0eefdad24a0d582\"},\"image\":{\"@id\":\"https:\/\/www.fraczinet.cl\/sitio\/2011\/01\/09\/i-encuentro-de-mediadores-de-lectura-region-de-los-rios-en-la-uach\/#primaryimage\"},\"thumbnailUrl\":\"https:\/\/2.bp.blogspot.com\/_2S_RxGRVjis\/TSmqWJMqspI\/AAAAAAAARyo\/7O9Gc-f01SU\/s400\/164018_496842192247_787102247_6019934_303724_n.jpg\",\"articleSection\":[\"Gesti\u00f3n Cultural\",\"Regi\u00f3n de Los R\u00edos\"],\"inLanguage\":\"es\",\"potentialAction\":[{\"@type\":\"CommentAction\",\"name\":\"Comment\",\"target\":[\"https:\/\/www.fraczinet.cl\/sitio\/2011\/01\/09\/i-encuentro-de-mediadores-de-lectura-region-de-los-rios-en-la-uach\/#respond\"]}]},{\"@type\":\"WebPage\",\"@id\":\"https:\/\/www.fraczinet.cl\/sitio\/2011\/01\/09\/i-encuentro-de-mediadores-de-lectura-region-de-los-rios-en-la-uach\/\",\"url\":\"https:\/\/www.fraczinet.cl\/sitio\/2011\/01\/09\/i-encuentro-de-mediadores-de-lectura-region-de-los-rios-en-la-uach\/\",\"name\":\"I Encuentro De Mediadores De Lectura Regi\u00f3n De Los R\u00edos En La UACh - Nuestro Bio B\u00edo\",\"isPartOf\":{\"@id\":\"https:\/\/www.fraczinet.cl\/sitio\/#website\"},\"primaryImageOfPage\":{\"@id\":\"https:\/\/www.fraczinet.cl\/sitio\/2011\/01\/09\/i-encuentro-de-mediadores-de-lectura-region-de-los-rios-en-la-uach\/#primaryimage\"},\"image\":{\"@id\":\"https:\/\/www.fraczinet.cl\/sitio\/2011\/01\/09\/i-encuentro-de-mediadores-de-lectura-region-de-los-rios-en-la-uach\/#primaryimage\"},\"thumbnailUrl\":\"https:\/\/2.bp.blogspot.com\/_2S_RxGRVjis\/TSmqWJMqspI\/AAAAAAAARyo\/7O9Gc-f01SU\/s400\/164018_496842192247_787102247_6019934_303724_n.jpg\",\"datePublished\":\"2011-01-09T11:58:00+00:00\",\"breadcrumb\":{\"@id\":\"https:\/\/www.fraczinet.cl\/sitio\/2011\/01\/09\/i-encuentro-de-mediadores-de-lectura-region-de-los-rios-en-la-uach\/#breadcrumb\"},\"inLanguage\":\"es\",\"potentialAction\":[{\"@type\":\"ReadAction\",\"target\":[\"https:\/\/www.fraczinet.cl\/sitio\/2011\/01\/09\/i-encuentro-de-mediadores-de-lectura-region-de-los-rios-en-la-uach\/\"]}]},{\"@type\":\"ImageObject\",\"inLanguage\":\"es\",\"@id\":\"https:\/\/www.fraczinet.cl\/sitio\/2011\/01\/09\/i-encuentro-de-mediadores-de-lectura-region-de-los-rios-en-la-uach\/#primaryimage\",\"url\":\"https:\/\/2.bp.blogspot.com\/_2S_RxGRVjis\/TSmqWJMqspI\/AAAAAAAARyo\/7O9Gc-f01SU\/s400\/164018_496842192247_787102247_6019934_303724_n.jpg\",\"contentUrl\":\"https:\/\/2.bp.blogspot.com\/_2S_RxGRVjis\/TSmqWJMqspI\/AAAAAAAARyo\/7O9Gc-f01SU\/s400\/164018_496842192247_787102247_6019934_303724_n.jpg\"},{\"@type\":\"BreadcrumbList\",\"@id\":\"https:\/\/www.fraczinet.cl\/sitio\/2011\/01\/09\/i-encuentro-de-mediadores-de-lectura-region-de-los-rios-en-la-uach\/#breadcrumb\",\"itemListElement\":[{\"@type\":\"ListItem\",\"position\":1,\"name\":\"Portada\",\"item\":\"https:\/\/www.fraczinet.cl\/sitio\/\"},{\"@type\":\"ListItem\",\"position\":2,\"name\":\"I Encuentro De Mediadores De Lectura Regi\u00f3n De Los R\u00edos En La UACh\"}]},{\"@type\":\"WebSite\",\"@id\":\"https:\/\/www.fraczinet.cl\/sitio\/#website\",\"url\":\"https:\/\/www.fraczinet.cl\/sitio\/\",\"name\":\"Nuestro Bio B\u00edo\",\"description\":\"Tierra de Encuentros\",\"publisher\":{\"@id\":\"https:\/\/www.fraczinet.cl\/sitio\/#\/schema\/person\/aec8ee4da68df2b9b0eefdad24a0d582\"},\"potentialAction\":[{\"@type\":\"SearchAction\",\"target\":{\"@type\":\"EntryPoint\",\"urlTemplate\":\"https:\/\/www.fraczinet.cl\/sitio\/?s={search_term_string}\"},\"query-input\":{\"@type\":\"PropertyValueSpecification\",\"valueRequired\":true,\"valueName\":\"search_term_string\"}}],\"inLanguage\":\"es\"},{\"@type\":[\"Person\",\"Organization\"],\"@id\":\"https:\/\/www.fraczinet.cl\/sitio\/#\/schema\/person\/aec8ee4da68df2b9b0eefdad24a0d582\",\"name\":\"Luis Fernando Fraczinet\",\"image\":{\"@type\":\"ImageObject\",\"inLanguage\":\"es\",\"@id\":\"https:\/\/www.fraczinet.cl\/sitio\/#\/schema\/person\/image\/\",\"url\":\"https:\/\/www.fraczinet.cl\/sitio\/wp-content\/uploads\/2021\/07\/bannerlogo-1.gif\",\"contentUrl\":\"https:\/\/www.fraczinet.cl\/sitio\/wp-content\/uploads\/2021\/07\/bannerlogo-1.gif\",\"width\":159,\"height\":79,\"caption\":\"Luis Fernando Fraczinet\"},\"logo\":{\"@id\":\"https:\/\/www.fraczinet.cl\/sitio\/#\/schema\/person\/image\/\"},\"sameAs\":[\"https:\/\/www.fraczinet.cl\/sitio\/\"]},{\"@type\":\"Person\",\"@id\":\"https:\/\/www.fraczinet.cl\/sitio\/#\/schema\/person\/bc30f98e9cb10ae7e119dbe14bc93784\",\"name\":\"admin\",\"image\":{\"@type\":\"ImageObject\",\"inLanguage\":\"es\",\"@id\":\"https:\/\/www.fraczinet.cl\/sitio\/#\/schema\/person\/image\/\",\"url\":\"https:\/\/secure.gravatar.com\/avatar\/d5ad3cf7ef3b23a2bb5be73be780c86b2fc8545c3ad6b149f3913ff458c00099?s=96&d=mm&r=g\",\"contentUrl\":\"https:\/\/secure.gravatar.com\/avatar\/d5ad3cf7ef3b23a2bb5be73be780c86b2fc8545c3ad6b149f3913ff458c00099?s=96&d=mm&r=g\",\"caption\":\"admin\"},\"sameAs\":[\"https:\/\/www.fraczinet.cl\/sitio\"]}]}<\/script>\n<!-- \/ Yoast SEO plugin. -->","yoast_head_json":{"title":"I Encuentro De Mediadores De Lectura Regi\u00f3n De Los R\u00edos En La UACh - Nuestro Bio B\u00edo","robots":{"index":"index","follow":"follow","max-snippet":"max-snippet:-1","max-image-preview":"max-image-preview:large","max-video-preview":"max-video-preview:-1"},"canonical":"https:\/\/www.fraczinet.cl\/sitio\/2011\/01\/09\/i-encuentro-de-mediadores-de-lectura-region-de-los-rios-en-la-uach\/","og_locale":"es_ES","og_type":"article","og_title":"I Encuentro De Mediadores De Lectura Regi\u00f3n De Los R\u00edos En La UACh - Nuestro Bio B\u00edo","og_description":"Este jueves 6 inici\u00f3 el Primer Encuentro de Mediadores de Lectura de la Regi\u00f3n de Los R\u00edos, a partir del proyecto aprobado por el Fondo Nacional del Libro y La Lectura del Consejo de la Cultura, y que se extendi\u00f3 hasta este s\u00e1bado 8 de enero. Despu\u00e9s de recorrer las comunas de la regi\u00f3n para [&hellip;]","og_url":"https:\/\/www.fraczinet.cl\/sitio\/2011\/01\/09\/i-encuentro-de-mediadores-de-lectura-region-de-los-rios-en-la-uach\/","og_site_name":"Nuestro Bio B\u00edo","article_published_time":"2011-01-09T11:58:00+00:00","og_image":[{"url":"https:\/\/2.bp.blogspot.com\/_2S_RxGRVjis\/TSmqWJMqspI\/AAAAAAAARyo\/7O9Gc-f01SU\/s400\/164018_496842192247_787102247_6019934_303724_n.jpg","type":"","width":"","height":""}],"author":"admin","twitter_card":"summary_large_image","twitter_creator":"@nuestrobiobio","twitter_site":"@nuestrobiobio","twitter_misc":{"Escrito por":"admin","Tiempo de lectura":"3 minutos"},"schema":{"@context":"https:\/\/schema.org","@graph":[{"@type":"Article","@id":"https:\/\/www.fraczinet.cl\/sitio\/2011\/01\/09\/i-encuentro-de-mediadores-de-lectura-region-de-los-rios-en-la-uach\/#article","isPartOf":{"@id":"https:\/\/www.fraczinet.cl\/sitio\/2011\/01\/09\/i-encuentro-de-mediadores-de-lectura-region-de-los-rios-en-la-uach\/"},"author":{"name":"admin","@id":"https:\/\/www.fraczinet.cl\/sitio\/#\/schema\/person\/bc30f98e9cb10ae7e119dbe14bc93784"},"headline":"I Encuentro De Mediadores De Lectura Regi\u00f3n De Los R\u00edos En La UACh","datePublished":"2011-01-09T11:58:00+00:00","mainEntityOfPage":{"@id":"https:\/\/www.fraczinet.cl\/sitio\/2011\/01\/09\/i-encuentro-de-mediadores-de-lectura-region-de-los-rios-en-la-uach\/"},"wordCount":600,"commentCount":0,"publisher":{"@id":"https:\/\/www.fraczinet.cl\/sitio\/#\/schema\/person\/aec8ee4da68df2b9b0eefdad24a0d582"},"image":{"@id":"https:\/\/www.fraczinet.cl\/sitio\/2011\/01\/09\/i-encuentro-de-mediadores-de-lectura-region-de-los-rios-en-la-uach\/#primaryimage"},"thumbnailUrl":"https:\/\/2.bp.blogspot.com\/_2S_RxGRVjis\/TSmqWJMqspI\/AAAAAAAARyo\/7O9Gc-f01SU\/s400\/164018_496842192247_787102247_6019934_303724_n.jpg","articleSection":["Gesti\u00f3n Cultural","Regi\u00f3n de Los R\u00edos"],"inLanguage":"es","potentialAction":[{"@type":"CommentAction","name":"Comment","target":["https:\/\/www.fraczinet.cl\/sitio\/2011\/01\/09\/i-encuentro-de-mediadores-de-lectura-region-de-los-rios-en-la-uach\/#respond"]}]},{"@type":"WebPage","@id":"https:\/\/www.fraczinet.cl\/sitio\/2011\/01\/09\/i-encuentro-de-mediadores-de-lectura-region-de-los-rios-en-la-uach\/","url":"https:\/\/www.fraczinet.cl\/sitio\/2011\/01\/09\/i-encuentro-de-mediadores-de-lectura-region-de-los-rios-en-la-uach\/","name":"I Encuentro De Mediadores De Lectura Regi\u00f3n De Los R\u00edos En La UACh - Nuestro Bio B\u00edo","isPartOf":{"@id":"https:\/\/www.fraczinet.cl\/sitio\/#website"},"primaryImageOfPage":{"@id":"https:\/\/www.fraczinet.cl\/sitio\/2011\/01\/09\/i-encuentro-de-mediadores-de-lectura-region-de-los-rios-en-la-uach\/#primaryimage"},"image":{"@id":"https:\/\/www.fraczinet.cl\/sitio\/2011\/01\/09\/i-encuentro-de-mediadores-de-lectura-region-de-los-rios-en-la-uach\/#primaryimage"},"thumbnailUrl":"https:\/\/2.bp.blogspot.com\/_2S_RxGRVjis\/TSmqWJMqspI\/AAAAAAAARyo\/7O9Gc-f01SU\/s400\/164018_496842192247_787102247_6019934_303724_n.jpg","datePublished":"2011-01-09T11:58:00+00:00","breadcrumb":{"@id":"https:\/\/www.fraczinet.cl\/sitio\/2011\/01\/09\/i-encuentro-de-mediadores-de-lectura-region-de-los-rios-en-la-uach\/#breadcrumb"},"inLanguage":"es","potentialAction":[{"@type":"ReadAction","target":["https:\/\/www.fraczinet.cl\/sitio\/2011\/01\/09\/i-encuentro-de-mediadores-de-lectura-region-de-los-rios-en-la-uach\/"]}]},{"@type":"ImageObject","inLanguage":"es","@id":"https:\/\/www.fraczinet.cl\/sitio\/2011\/01\/09\/i-encuentro-de-mediadores-de-lectura-region-de-los-rios-en-la-uach\/#primaryimage","url":"https:\/\/2.bp.blogspot.com\/_2S_RxGRVjis\/TSmqWJMqspI\/AAAAAAAARyo\/7O9Gc-f01SU\/s400\/164018_496842192247_787102247_6019934_303724_n.jpg","contentUrl":"https:\/\/2.bp.blogspot.com\/_2S_RxGRVjis\/TSmqWJMqspI\/AAAAAAAARyo\/7O9Gc-f01SU\/s400\/164018_496842192247_787102247_6019934_303724_n.jpg"},{"@type":"BreadcrumbList","@id":"https:\/\/www.fraczinet.cl\/sitio\/2011\/01\/09\/i-encuentro-de-mediadores-de-lectura-region-de-los-rios-en-la-uach\/#breadcrumb","itemListElement":[{"@type":"ListItem","position":1,"name":"Portada","item":"https:\/\/www.fraczinet.cl\/sitio\/"},{"@type":"ListItem","position":2,"name":"I Encuentro De Mediadores De Lectura Regi\u00f3n De Los R\u00edos En La UACh"}]},{"@type":"WebSite","@id":"https:\/\/www.fraczinet.cl\/sitio\/#website","url":"https:\/\/www.fraczinet.cl\/sitio\/","name":"Nuestro Bio B\u00edo","description":"Tierra de Encuentros","publisher":{"@id":"https:\/\/www.fraczinet.cl\/sitio\/#\/schema\/person\/aec8ee4da68df2b9b0eefdad24a0d582"},"potentialAction":[{"@type":"SearchAction","target":{"@type":"EntryPoint","urlTemplate":"https:\/\/www.fraczinet.cl\/sitio\/?s={search_term_string}"},"query-input":{"@type":"PropertyValueSpecification","valueRequired":true,"valueName":"search_term_string"}}],"inLanguage":"es"},{"@type":["Person","Organization"],"@id":"https:\/\/www.fraczinet.cl\/sitio\/#\/schema\/person\/aec8ee4da68df2b9b0eefdad24a0d582","name":"Luis Fernando Fraczinet","image":{"@type":"ImageObject","inLanguage":"es","@id":"https:\/\/www.fraczinet.cl\/sitio\/#\/schema\/person\/image\/","url":"https:\/\/www.fraczinet.cl\/sitio\/wp-content\/uploads\/2021\/07\/bannerlogo-1.gif","contentUrl":"https:\/\/www.fraczinet.cl\/sitio\/wp-content\/uploads\/2021\/07\/bannerlogo-1.gif","width":159,"height":79,"caption":"Luis Fernando Fraczinet"},"logo":{"@id":"https:\/\/www.fraczinet.cl\/sitio\/#\/schema\/person\/image\/"},"sameAs":["https:\/\/www.fraczinet.cl\/sitio\/"]},{"@type":"Person","@id":"https:\/\/www.fraczinet.cl\/sitio\/#\/schema\/person\/bc30f98e9cb10ae7e119dbe14bc93784","name":"admin","image":{"@type":"ImageObject","inLanguage":"es","@id":"https:\/\/www.fraczinet.cl\/sitio\/#\/schema\/person\/image\/","url":"https:\/\/secure.gravatar.com\/avatar\/d5ad3cf7ef3b23a2bb5be73be780c86b2fc8545c3ad6b149f3913ff458c00099?s=96&d=mm&r=g","contentUrl":"https:\/\/secure.gravatar.com\/avatar\/d5ad3cf7ef3b23a2bb5be73be780c86b2fc8545c3ad6b149f3913ff458c00099?s=96&d=mm&r=g","caption":"admin"},"sameAs":["https:\/\/www.fraczinet.cl\/sitio"]}]}},"_links":{"self":[{"href":"https:\/\/www.fraczinet.cl\/sitio\/wp-json\/wp\/v2\/posts\/8955","targetHints":{"allow":["GET"]}}],"collection":[{"href":"https:\/\/www.fraczinet.cl\/sitio\/wp-json\/wp\/v2\/posts"}],"about":[{"href":"https:\/\/www.fraczinet.cl\/sitio\/wp-json\/wp\/v2\/types\/post"}],"author":[{"embeddable":true,"href":"https:\/\/www.fraczinet.cl\/sitio\/wp-json\/wp\/v2\/users\/1"}],"replies":[{"embeddable":true,"href":"https:\/\/www.fraczinet.cl\/sitio\/wp-json\/wp\/v2\/comments?post=8955"}],"version-history":[{"count":0,"href":"https:\/\/www.fraczinet.cl\/sitio\/wp-json\/wp\/v2\/posts\/8955\/revisions"}],"wp:attachment":[{"href":"https:\/\/www.fraczinet.cl\/sitio\/wp-json\/wp\/v2\/media?parent=8955"}],"wp:term":[{"taxonomy":"category","embeddable":true,"href":"https:\/\/www.fraczinet.cl\/sitio\/wp-json\/wp\/v2\/categories?post=8955"},{"taxonomy":"post_tag","embeddable":true,"href":"https:\/\/www.fraczinet.cl\/sitio\/wp-json\/wp\/v2\/tags?post=8955"}],"curies":[{"name":"wp","href":"https:\/\/api.w.org\/{rel}","templated":true}]}}