{"id":8956,"date":"2011-01-08T00:42:00","date_gmt":"2011-01-08T00:42:00","guid":{"rendered":"https:\/\/www.fraczinet.cl\/sitio\/2011\/01\/08\/bernardo-ohiggins-diputado-por-el-partido-de-la-isla-de-la-laja\/"},"modified":"2011-01-08T00:42:00","modified_gmt":"2011-01-08T00:42:00","slug":"bernardo-ohiggins-diputado-por-el-partido-de-la-isla-de-la-laja","status":"publish","type":"post","link":"https:\/\/www.fraczinet.cl\/sitio\/bernardo-ohiggins-diputado-por-el-partido-de-la-isla-de-la-laja\/","title":{"rendered":"Bernardo O&#8217;Higgins: Diputado Por El Partido De La Isla De La Laja"},"content":{"rendered":"<div style=\"text-align: justify;\">200 a\u00f1os debieron pasar para que la comunidad de Los \u00c1ngeles, por primera vez, decidiera realizar un homenaje Bernardo O&#8217;Higgins por la fecha en que fue proclamado como diputado por la Isla de la Laja.<\/div>\n<p><\/p>\n<div style=\"text-align: justify;\"><\/div>\n<div style=\"text-align: justify;\">Es que el 11 de enero de 1811, los 120 vecinos con derecho a voto se reunieron en la Plaza de Armas para elegir a su representante ante el futuro Congreso Nacional, que comenzar\u00eda sus sesiones en abril de ese mismo a\u00f1o.<\/div>\n<div style=\"text-align: justify;\"><\/div>\n<div style=\"text-align: justify;\">Este acto fue consecuencia de los acuerdos adoptados por la Primera Junta de Gobierno, en aquel el 18 de septiembre de 1810, que convoc\u00f3 a conformar un Congreso representativo.<\/div>\n<div style=\"text-align: justify;\"><\/div>\n<div style=\"text-align: justify;\">Aunque hab\u00edan algunos nombres propuestos, fueron los mismos vecinos los cuales finalmente proclamaron a Bernardo O&#8217;Higgins como su representante.<\/div>\n<div style=\"text-align: justify;\"><\/div>\n<div style=\"text-align: justify;\"><\/div>\n<div style=\"text-align: justify;\">\u00bfPor qu\u00e9? O&#8217;Higgins hab\u00eda arribado a la zona para hacer cargo de la Hacienda Las Canteras, legada por su padre Ambrosio poco antes de su muerte.<\/div>\n<div style=\"text-align: justify;\"><\/div>\n<div style=\"text-align: justify;\">Fue un hombre excepcionalmente ilustrado. Hablaba ingl\u00e9s, franc\u00e9s y mapudung\u00fan, adem\u00e1s de pintar y tocar piano. En Las Canteras introdujo innovadoras t\u00e9cnicas productivas que aumentaron el rendimiento de la tierra.<\/div>\n<div style=\"text-align: justify;\"><\/div>\n<div style=\"text-align: justify;\">Dichos atributos fueron reconocidos por los vecinos que lo proclamaron su representante en ese proceso germinal de la etapa de la independencia nacional.<\/div>\n<div style=\"text-align: justify;\"><\/div>\n<div style=\"text-align: justify;\">Por eso, la Corporaci\u00f3n de Monumentos Hist\u00f3ricos de Los \u00c1ngeles, con el apoyo del municipio y la Gobernaci\u00f3n Provincial de Bio B\u00edo, decidi\u00f3 conmemorar esa fecha que marcar\u00eda el inicio de la vida pol\u00edtica de O&#8217;Higgins.<\/div>\n<div style=\"text-align: justify;\"><\/div>\n<div style=\"text-align: justify;\">De manera in\u00e9dita, lo hace justamente cuando este lunes se cumpla el bicentenario de aquel hito en la vida del mayor pr\u00f3cer independentista.<\/div>\n<div style=\"text-align: justify;\"><\/div>\n<div style=\"text-align: justify;\">Para ese d\u00eda estar\u00e1n la presidenta de la C\u00e1mara de Diputados Alejandra Sep\u00falveda y la intendenta regional Jacqueline van Rysselberghe, adem\u00e1s de los alcaldes y legisladores de la zona de Bio B\u00edo.<\/div>\n<div style=\"text-align: justify;\"><\/div>\n<div style=\"text-align: justify;\">Para la corporaci\u00f3n de monumentos hist\u00f3ricos de Los \u00c1ngeles, se trata de una gran ocasi\u00f3n para destacar la importancia de Bio B\u00edo en la vida de O&#8217;Higgins, donde dio sus primeros pasos en su af\u00e1n libertario.<\/div>\n<div style=\"text-align: justify;\"><\/div>\n<div style=\"text-align: justify;\">De pr\u00f3spero agricultor, pas\u00f3 a ser diputado, exponiendo las inquietudes y necesidades de los habitantes de la zona.<\/div>\n<div style=\"text-align: justify;\"><\/div>\n<div style=\"text-align: justify;\">Desde ah\u00ed dar\u00eda el paso hacia el \u00e1mbito militar cuando con sus propios recursos financi\u00f3 y arm\u00f3 con los trabajadores de su propia hacienda a lo que despu\u00e9s ser\u00eda el Ej\u00e9rcito Chileno.<\/div>\n<div style=\"text-align: justify;\"><\/div>\n<div style=\"text-align: justify;\">La idea es que la conmemoraci\u00f3n de la proclamaci\u00f3n de Bernardo O&#8217;Higgins como diputado por el partido de la Isla de la Laja, que por primera vez se realiza en Los \u00c1ngeles, se efect\u00fae cada a\u00f1o a fin de destacar su importancia para la zona.<\/div>\n<div style=\"text-align: justify;\"><\/div>\n<div style=\"text-align: justify;\"><\/div>\n","protected":false},"excerpt":{"rendered":"<p>200 a\u00f1os debieron pasar para que la comunidad de Los \u00c1ngeles, por primera vez, decidiera realizar un homenaje Bernardo O&#8217;Higgins por la fecha en que fue proclamado como diputado por la Isla de la Laja. Es que el 11 de enero de 1811, los 120 vecinos con derecho a voto se reunieron en la Plaza [&hellip;]<\/p>\n","protected":false},"author":1,"featured_media":0,"comment_status":"open","ping_status":"closed","sticky":false,"template":"","format":"standard","meta":{"footnotes":""},"categories":[310,10,65],"tags":[],"class_list":["post-8956","post","type-post","status-publish","format-standard","hentry","category-bernardo-ohiggins","category-historia","category-los-angeles"],"yoast_head":"<!-- This site is optimized with the Yoast SEO plugin v28.2 - https:\/\/yoast.com\/product\/yoast-seo-wordpress\/ -->\n<title>Bernardo O&#039;Higgins: Diputado Por El Partido De La Isla De La Laja - Nuestro Bio B\u00edo<\/title>\n<meta name=\"robots\" content=\"index, follow, max-snippet:-1, max-image-preview:large, max-video-preview:-1\" \/>\n<link rel=\"canonical\" href=\"https:\/\/www.fraczinet.cl\/sitio\/bernardo-ohiggins-diputado-por-el-partido-de-la-isla-de-la-laja\/\" \/>\n<meta property=\"og:locale\" content=\"es_ES\" \/>\n<meta property=\"og:type\" content=\"article\" \/>\n<meta property=\"og:title\" content=\"Bernardo O&#039;Higgins: Diputado Por El Partido De La Isla De La Laja - Nuestro Bio B\u00edo\" \/>\n<meta property=\"og:description\" content=\"200 a\u00f1os debieron pasar para que la comunidad de Los \u00c1ngeles, por primera vez, decidiera realizar un homenaje Bernardo O&#8217;Higgins por la fecha en que fue proclamado como diputado por la Isla de la Laja. Es que el 11 de enero de 1811, los 120 vecinos con derecho a voto se reunieron en la Plaza [&hellip;]\" \/>\n<meta property=\"og:url\" content=\"https:\/\/www.fraczinet.cl\/sitio\/bernardo-ohiggins-diputado-por-el-partido-de-la-isla-de-la-laja\/\" \/>\n<meta property=\"og:site_name\" content=\"Nuestro Bio B\u00edo\" \/>\n<meta property=\"article:publisher\" content=\"https:\/\/www.facebook.com\/groups\/15721414452\/\" \/>\n<meta property=\"article:published_time\" content=\"2011-01-08T00:42:00+00:00\" \/>\n<meta property=\"og:image\" content=\"https:\/\/www.fraczinet.cl\/sitio\/wp-content\/uploads\/2021\/07\/bannerlogo-1.gif\" \/>\n\t<meta property=\"og:image:width\" content=\"159\" \/>\n\t<meta property=\"og:image:height\" content=\"79\" \/>\n\t<meta property=\"og:image:type\" content=\"image\/gif\" \/>\n<meta name=\"twitter:card\" content=\"summary_large_image\" \/>\n<meta name=\"twitter:creator\" content=\"@nuestrobiobio\" \/>\n<meta name=\"twitter:site\" content=\"@nuestrobiobio\" \/>\n<meta name=\"twitter:label1\" content=\"Escrito por\" \/>\n\t<meta name=\"twitter:data1\" content=\"\" \/>\n\t<meta name=\"twitter:label2\" content=\"Tiempo de lectura\" \/>\n\t<meta name=\"twitter:data2\" content=\"2 minutos\" \/>\n<script type=\"application\/ld+json\" class=\"yoast-schema-graph\">{\"@context\":\"https:\\\/\\\/schema.org\",\"@graph\":[{\"@type\":\"Article\",\"@id\":\"https:\\\/\\\/www.fraczinet.cl\\\/sitio\\\/bernardo-ohiggins-diputado-por-el-partido-de-la-isla-de-la-laja\\\/#article\",\"isPartOf\":{\"@id\":\"https:\\\/\\\/www.fraczinet.cl\\\/sitio\\\/bernardo-ohiggins-diputado-por-el-partido-de-la-isla-de-la-laja\\\/\"},\"author\":{\"name\":\"\",\"@id\":\"\"},\"headline\":\"Bernardo O&#8217;Higgins: Diputado Por El Partido De La Isla De La Laja\",\"datePublished\":\"2011-01-08T00:42:00+00:00\",\"mainEntityOfPage\":{\"@id\":\"https:\\\/\\\/www.fraczinet.cl\\\/sitio\\\/bernardo-ohiggins-diputado-por-el-partido-de-la-isla-de-la-laja\\\/\"},\"wordCount\":470,\"commentCount\":0,\"articleSection\":[\"Bernardo O'Higgins\",\"Historia\",\"Los \u00c1ngeles\"],\"inLanguage\":\"es\",\"potentialAction\":[{\"@type\":\"CommentAction\",\"name\":\"Comment\",\"target\":[\"https:\\\/\\\/www.fraczinet.cl\\\/sitio\\\/bernardo-ohiggins-diputado-por-el-partido-de-la-isla-de-la-laja\\\/#respond\"]}]},{\"@type\":\"WebPage\",\"@id\":\"https:\\\/\\\/www.fraczinet.cl\\\/sitio\\\/bernardo-ohiggins-diputado-por-el-partido-de-la-isla-de-la-laja\\\/\",\"url\":\"https:\\\/\\\/www.fraczinet.cl\\\/sitio\\\/bernardo-ohiggins-diputado-por-el-partido-de-la-isla-de-la-laja\\\/\",\"name\":\"Bernardo O'Higgins: Diputado Por El Partido De La Isla De La Laja - Nuestro Bio B\u00edo\",\"isPartOf\":{\"@id\":\"https:\\\/\\\/www.fraczinet.cl\\\/sitio\\\/#website\"},\"datePublished\":\"2011-01-08T00:42:00+00:00\",\"author\":{\"@id\":\"\"},\"breadcrumb\":{\"@id\":\"https:\\\/\\\/www.fraczinet.cl\\\/sitio\\\/bernardo-ohiggins-diputado-por-el-partido-de-la-isla-de-la-laja\\\/#breadcrumb\"},\"inLanguage\":\"es\",\"potentialAction\":[{\"@type\":\"ReadAction\",\"target\":[\"https:\\\/\\\/www.fraczinet.cl\\\/sitio\\\/bernardo-ohiggins-diputado-por-el-partido-de-la-isla-de-la-laja\\\/\"]}]},{\"@type\":\"BreadcrumbList\",\"@id\":\"https:\\\/\\\/www.fraczinet.cl\\\/sitio\\\/bernardo-ohiggins-diputado-por-el-partido-de-la-isla-de-la-laja\\\/#breadcrumb\",\"itemListElement\":[{\"@type\":\"ListItem\",\"position\":1,\"name\":\"Portada\",\"item\":\"https:\\\/\\\/www.fraczinet.cl\\\/sitio\\\/\"},{\"@type\":\"ListItem\",\"position\":2,\"name\":\"Bernardo O&#8217;Higgins: Diputado Por El Partido De La Isla De La Laja\"}]},{\"@type\":\"WebSite\",\"@id\":\"https:\\\/\\\/www.fraczinet.cl\\\/sitio\\\/#website\",\"url\":\"https:\\\/\\\/www.fraczinet.cl\\\/sitio\\\/\",\"name\":\"Nuestro Bio B\u00edo\",\"description\":\"Tierra de Encuentros\",\"potentialAction\":[{\"@type\":\"SearchAction\",\"target\":{\"@type\":\"EntryPoint\",\"urlTemplate\":\"https:\\\/\\\/www.fraczinet.cl\\\/sitio\\\/?s={search_term_string}\"},\"query-input\":{\"@type\":\"PropertyValueSpecification\",\"valueRequired\":true,\"valueName\":\"search_term_string\"}}],\"inLanguage\":\"es\"},{\"@type\":\"Person\",\"@id\":\"\"}]}<\/script>\n<!-- \/ Yoast SEO plugin. -->","yoast_head_json":{"title":"Bernardo O'Higgins: Diputado Por El Partido De La Isla De La Laja - Nuestro Bio B\u00edo","robots":{"index":"index","follow":"follow","max-snippet":"max-snippet:-1","max-image-preview":"max-image-preview:large","max-video-preview":"max-video-preview:-1"},"canonical":"https:\/\/www.fraczinet.cl\/sitio\/bernardo-ohiggins-diputado-por-el-partido-de-la-isla-de-la-laja\/","og_locale":"es_ES","og_type":"article","og_title":"Bernardo O'Higgins: Diputado Por El Partido De La Isla De La Laja - Nuestro Bio B\u00edo","og_description":"200 a\u00f1os debieron pasar para que la comunidad de Los \u00c1ngeles, por primera vez, decidiera realizar un homenaje Bernardo O&#8217;Higgins por la fecha en que fue proclamado como diputado por la Isla de la Laja. Es que el 11 de enero de 1811, los 120 vecinos con derecho a voto se reunieron en la Plaza [&hellip;]","og_url":"https:\/\/www.fraczinet.cl\/sitio\/bernardo-ohiggins-diputado-por-el-partido-de-la-isla-de-la-laja\/","og_site_name":"Nuestro Bio B\u00edo","article_publisher":"https:\/\/www.facebook.com\/groups\/15721414452\/","article_published_time":"2011-01-08T00:42:00+00:00","og_image":[{"width":159,"height":79,"url":"https:\/\/www.fraczinet.cl\/sitio\/wp-content\/uploads\/2021\/07\/bannerlogo-1.gif","type":"image\/gif"}],"twitter_card":"summary_large_image","twitter_creator":"@nuestrobiobio","twitter_site":"@nuestrobiobio","twitter_misc":{"Escrito por":"","Tiempo de lectura":"2 minutos"},"schema":{"@context":"https:\/\/schema.org","@graph":[{"@type":"Article","@id":"https:\/\/www.fraczinet.cl\/sitio\/bernardo-ohiggins-diputado-por-el-partido-de-la-isla-de-la-laja\/#article","isPartOf":{"@id":"https:\/\/www.fraczinet.cl\/sitio\/bernardo-ohiggins-diputado-por-el-partido-de-la-isla-de-la-laja\/"},"author":{"name":"","@id":""},"headline":"Bernardo O&#8217;Higgins: Diputado Por El Partido De La Isla De La Laja","datePublished":"2011-01-08T00:42:00+00:00","mainEntityOfPage":{"@id":"https:\/\/www.fraczinet.cl\/sitio\/bernardo-ohiggins-diputado-por-el-partido-de-la-isla-de-la-laja\/"},"wordCount":470,"commentCount":0,"articleSection":["Bernardo O'Higgins","Historia","Los \u00c1ngeles"],"inLanguage":"es","potentialAction":[{"@type":"CommentAction","name":"Comment","target":["https:\/\/www.fraczinet.cl\/sitio\/bernardo-ohiggins-diputado-por-el-partido-de-la-isla-de-la-laja\/#respond"]}]},{"@type":"WebPage","@id":"https:\/\/www.fraczinet.cl\/sitio\/bernardo-ohiggins-diputado-por-el-partido-de-la-isla-de-la-laja\/","url":"https:\/\/www.fraczinet.cl\/sitio\/bernardo-ohiggins-diputado-por-el-partido-de-la-isla-de-la-laja\/","name":"Bernardo O'Higgins: Diputado Por El Partido De La Isla De La Laja - Nuestro Bio B\u00edo","isPartOf":{"@id":"https:\/\/www.fraczinet.cl\/sitio\/#website"},"datePublished":"2011-01-08T00:42:00+00:00","author":{"@id":""},"breadcrumb":{"@id":"https:\/\/www.fraczinet.cl\/sitio\/bernardo-ohiggins-diputado-por-el-partido-de-la-isla-de-la-laja\/#breadcrumb"},"inLanguage":"es","potentialAction":[{"@type":"ReadAction","target":["https:\/\/www.fraczinet.cl\/sitio\/bernardo-ohiggins-diputado-por-el-partido-de-la-isla-de-la-laja\/"]}]},{"@type":"BreadcrumbList","@id":"https:\/\/www.fraczinet.cl\/sitio\/bernardo-ohiggins-diputado-por-el-partido-de-la-isla-de-la-laja\/#breadcrumb","itemListElement":[{"@type":"ListItem","position":1,"name":"Portada","item":"https:\/\/www.fraczinet.cl\/sitio\/"},{"@type":"ListItem","position":2,"name":"Bernardo O&#8217;Higgins: Diputado Por El Partido De La Isla De La Laja"}]},{"@type":"WebSite","@id":"https:\/\/www.fraczinet.cl\/sitio\/#website","url":"https:\/\/www.fraczinet.cl\/sitio\/","name":"Nuestro Bio B\u00edo","description":"Tierra de Encuentros","potentialAction":[{"@type":"SearchAction","target":{"@type":"EntryPoint","urlTemplate":"https:\/\/www.fraczinet.cl\/sitio\/?s={search_term_string}"},"query-input":{"@type":"PropertyValueSpecification","valueRequired":true,"valueName":"search_term_string"}}],"inLanguage":"es"},{"@type":"Person","@id":""}]}},"_links":{"self":[{"href":"https:\/\/www.fraczinet.cl\/sitio\/wp-json\/wp\/v2\/posts\/8956","targetHints":{"allow":["GET"]}}],"collection":[{"href":"https:\/\/www.fraczinet.cl\/sitio\/wp-json\/wp\/v2\/posts"}],"about":[{"href":"https:\/\/www.fraczinet.cl\/sitio\/wp-json\/wp\/v2\/types\/post"}],"author":[{"embeddable":true,"href":"https:\/\/www.fraczinet.cl\/sitio\/wp-json\/wp\/v2\/users\/1"}],"replies":[{"embeddable":true,"href":"https:\/\/www.fraczinet.cl\/sitio\/wp-json\/wp\/v2\/comments?post=8956"}],"version-history":[{"count":0,"href":"https:\/\/www.fraczinet.cl\/sitio\/wp-json\/wp\/v2\/posts\/8956\/revisions"}],"wp:attachment":[{"href":"https:\/\/www.fraczinet.cl\/sitio\/wp-json\/wp\/v2\/media?parent=8956"}],"wp:term":[{"taxonomy":"category","embeddable":true,"href":"https:\/\/www.fraczinet.cl\/sitio\/wp-json\/wp\/v2\/categories?post=8956"},{"taxonomy":"post_tag","embeddable":true,"href":"https:\/\/www.fraczinet.cl\/sitio\/wp-json\/wp\/v2\/tags?post=8956"}],"curies":[{"name":"wp","href":"https:\/\/api.w.org\/{rel}","templated":true}]}}