{"id":8961,"date":"2011-01-07T15:03:00","date_gmt":"2011-01-07T15:03:00","guid":{"rendered":"https:\/\/www.fraczinet.cl\/sitio\/2011\/01\/07\/7-encuentro-intercultural-ngulkatun-y-feria-costumbrista-alto-bio-bio\/"},"modified":"2011-01-07T15:03:00","modified_gmt":"2011-01-07T15:03:00","slug":"7-encuentro-intercultural-ngulkatun-y-feria-costumbrista-alto-bio-bio","status":"publish","type":"post","link":"https:\/\/www.fraczinet.cl\/sitio\/7-encuentro-intercultural-ngulkatun-y-feria-costumbrista-alto-bio-bio\/","title":{"rendered":"7\u00b0 Encuentro Intercultural Ngulkatun Y Feria Costumbrista Alto Bio B\u00edo"},"content":{"rendered":"<p><a href=\"http:\/\/3.bp.blogspot.com\/_2S_RxGRVjis\/TScrqiO3A9I\/AAAAAAAARyI\/DJ8l0XRBcHY\/s1600\/7%25C2%25BA%2BEnecuentro%2BIntercultural%2BNgulkatun.jpg\"><img decoding=\"async\" alt=\"\" border=\"0\" id=\"BLOGGER_PHOTO_ID_5559460274755797970\" src=\"https:\/\/3.bp.blogspot.com\/_2S_RxGRVjis\/TScrqiO3A9I\/AAAAAAAARyI\/DJ8l0XRBcHY\/s400\/7%25C2%25BA%2BEnecuentro%2BIntercultural%2BNgulkatun.jpg\" style=\"cursor: hand; cursor: pointer; float: left; height: 297px; margin: 0 10px 10px 0; width: 200px;\" \/><\/a>VIERNES 4 DE FEBRERO<br \/>Los Jaivas<br \/>Leo Rey<br \/>Daniel Guerrero<br \/>Ballet Folcl\u00f3rico de Los \u00c1ngeles (BAFOLA)<\/p>\n<p>SABADO 5 DE FEBRERO<br \/>Los Tres<br \/>Los V\u00e1squez (Pop Cebolla)<br \/>Keko Yunge<\/p>\n<p>Lugar: Liceo Ralco, Villa Ralco.<br \/>Fecha: Viernes 4 y S\u00e1bado 5 de Febrero de 2011.<\/p>\n<p>Desde las 22:00 horas<br \/>Muestra Gastron\u00f3mica Pehuenche<br \/>Organiza Municipalidad de Alto B\u00edo B\u00edo <br \/>Consultas:             (43) 972018       y celular 81474531<\/p>\n<p>Evento en Facebook: <a href=\"http:\/\/www.facebook.com\/event.php?eid=170871906288031\">http:\/\/www.facebook.com\/event.php?eid=170871906288031<\/a><\/p>\n","protected":false},"excerpt":{"rendered":"<p>VIERNES 4 DE FEBREROLos JaivasLeo ReyDaniel GuerreroBallet Folcl\u00f3rico de Los \u00c1ngeles (BAFOLA) SABADO 5 DE FEBREROLos TresLos V\u00e1squez (Pop Cebolla)Keko Yunge Lugar: Liceo Ralco, Villa Ralco.Fecha: Viernes 4 y S\u00e1bado 5 de Febrero de 2011. Desde las 22:00 horasMuestra Gastron\u00f3mica PehuencheOrganiza Municipalidad de Alto B\u00edo B\u00edo Consultas: (43) 972018 y celular 81474531 Evento en Facebook: [&hellip;]<\/p>\n","protected":false},"author":1,"featured_media":0,"comment_status":"open","ping_status":"closed","sticky":false,"template":"","format":"standard","meta":{"footnotes":""},"categories":[53,163,7,157],"tags":[],"class_list":["post-8961","post","type-post","status-publish","format-standard","hentry","category-alto-bio-bio","category-ferias","category-fiestas-y-tradiciones","category-pehuenches"],"yoast_head":"<!-- This site is optimized with the Yoast SEO plugin v28.2 - https:\/\/yoast.com\/product\/yoast-seo-wordpress\/ -->\n<title>7\u00b0 Encuentro Intercultural Ngulkatun Y Feria Costumbrista Alto Bio B\u00edo - Nuestro Bio B\u00edo<\/title>\n<meta name=\"robots\" content=\"index, follow, max-snippet:-1, max-image-preview:large, max-video-preview:-1\" \/>\n<link rel=\"canonical\" href=\"https:\/\/www.fraczinet.cl\/sitio\/7-encuentro-intercultural-ngulkatun-y-feria-costumbrista-alto-bio-bio\/\" \/>\n<meta property=\"og:locale\" content=\"es_ES\" \/>\n<meta property=\"og:type\" content=\"article\" \/>\n<meta property=\"og:title\" content=\"7\u00b0 Encuentro Intercultural Ngulkatun Y Feria Costumbrista Alto Bio B\u00edo - Nuestro Bio B\u00edo\" \/>\n<meta property=\"og:description\" content=\"VIERNES 4 DE FEBREROLos JaivasLeo ReyDaniel GuerreroBallet Folcl\u00f3rico de Los \u00c1ngeles (BAFOLA) SABADO 5 DE FEBREROLos TresLos V\u00e1squez (Pop Cebolla)Keko Yunge Lugar: Liceo Ralco, Villa Ralco.Fecha: Viernes 4 y S\u00e1bado 5 de Febrero de 2011. Desde las 22:00 horasMuestra Gastron\u00f3mica PehuencheOrganiza Municipalidad de Alto B\u00edo B\u00edo Consultas: (43) 972018 y celular 81474531 Evento en Facebook: [&hellip;]\" \/>\n<meta property=\"og:url\" content=\"https:\/\/www.fraczinet.cl\/sitio\/7-encuentro-intercultural-ngulkatun-y-feria-costumbrista-alto-bio-bio\/\" \/>\n<meta property=\"og:site_name\" content=\"Nuestro Bio B\u00edo\" \/>\n<meta property=\"article:publisher\" content=\"https:\/\/www.facebook.com\/groups\/15721414452\/\" \/>\n<meta property=\"article:published_time\" content=\"2011-01-07T15:03:00+00:00\" \/>\n<meta property=\"og:image\" content=\"https:\/\/3.bp.blogspot.com\/_2S_RxGRVjis\/TScrqiO3A9I\/AAAAAAAARyI\/DJ8l0XRBcHY\/s400\/7%25C2%25BA%2BEnecuentro%2BIntercultural%2BNgulkatun.jpg\" \/>\n<meta name=\"twitter:card\" content=\"summary_large_image\" \/>\n<meta name=\"twitter:creator\" content=\"@nuestrobiobio\" \/>\n<meta name=\"twitter:site\" content=\"@nuestrobiobio\" \/>\n<meta name=\"twitter:label1\" content=\"Escrito por\" \/>\n\t<meta name=\"twitter:data1\" content=\"\" \/>\n<script type=\"application\/ld+json\" class=\"yoast-schema-graph\">{\"@context\":\"https:\\\/\\\/schema.org\",\"@graph\":[{\"@type\":\"Article\",\"@id\":\"https:\\\/\\\/www.fraczinet.cl\\\/sitio\\\/7-encuentro-intercultural-ngulkatun-y-feria-costumbrista-alto-bio-bio\\\/#article\",\"isPartOf\":{\"@id\":\"https:\\\/\\\/www.fraczinet.cl\\\/sitio\\\/7-encuentro-intercultural-ngulkatun-y-feria-costumbrista-alto-bio-bio\\\/\"},\"author\":{\"name\":\"\",\"@id\":\"\"},\"headline\":\"7\u00b0 Encuentro Intercultural Ngulkatun Y Feria Costumbrista Alto Bio B\u00edo\",\"datePublished\":\"2011-01-07T15:03:00+00:00\",\"mainEntityOfPage\":{\"@id\":\"https:\\\/\\\/www.fraczinet.cl\\\/sitio\\\/7-encuentro-intercultural-ngulkatun-y-feria-costumbrista-alto-bio-bio\\\/\"},\"wordCount\":71,\"commentCount\":0,\"image\":{\"@id\":\"https:\\\/\\\/www.fraczinet.cl\\\/sitio\\\/7-encuentro-intercultural-ngulkatun-y-feria-costumbrista-alto-bio-bio\\\/#primaryimage\"},\"thumbnailUrl\":\"https:\\\/\\\/3.bp.blogspot.com\\\/_2S_RxGRVjis\\\/TScrqiO3A9I\\\/AAAAAAAARyI\\\/DJ8l0XRBcHY\\\/s400\\\/7%25C2%25BA%2BEnecuentro%2BIntercultural%2BNgulkatun.jpg\",\"articleSection\":[\"Alto Bio B\u00edo\",\"Ferias\",\"Fiestas y Tradiciones\",\"Pehuenches\"],\"inLanguage\":\"es\",\"potentialAction\":[{\"@type\":\"CommentAction\",\"name\":\"Comment\",\"target\":[\"https:\\\/\\\/www.fraczinet.cl\\\/sitio\\\/7-encuentro-intercultural-ngulkatun-y-feria-costumbrista-alto-bio-bio\\\/#respond\"]}]},{\"@type\":\"WebPage\",\"@id\":\"https:\\\/\\\/www.fraczinet.cl\\\/sitio\\\/7-encuentro-intercultural-ngulkatun-y-feria-costumbrista-alto-bio-bio\\\/\",\"url\":\"https:\\\/\\\/www.fraczinet.cl\\\/sitio\\\/7-encuentro-intercultural-ngulkatun-y-feria-costumbrista-alto-bio-bio\\\/\",\"name\":\"7\u00b0 Encuentro Intercultural Ngulkatun Y Feria Costumbrista Alto Bio B\u00edo - Nuestro Bio B\u00edo\",\"isPartOf\":{\"@id\":\"https:\\\/\\\/www.fraczinet.cl\\\/sitio\\\/#website\"},\"primaryImageOfPage\":{\"@id\":\"https:\\\/\\\/www.fraczinet.cl\\\/sitio\\\/7-encuentro-intercultural-ngulkatun-y-feria-costumbrista-alto-bio-bio\\\/#primaryimage\"},\"image\":{\"@id\":\"https:\\\/\\\/www.fraczinet.cl\\\/sitio\\\/7-encuentro-intercultural-ngulkatun-y-feria-costumbrista-alto-bio-bio\\\/#primaryimage\"},\"thumbnailUrl\":\"https:\\\/\\\/3.bp.blogspot.com\\\/_2S_RxGRVjis\\\/TScrqiO3A9I\\\/AAAAAAAARyI\\\/DJ8l0XRBcHY\\\/s400\\\/7%25C2%25BA%2BEnecuentro%2BIntercultural%2BNgulkatun.jpg\",\"datePublished\":\"2011-01-07T15:03:00+00:00\",\"author\":{\"@id\":\"\"},\"breadcrumb\":{\"@id\":\"https:\\\/\\\/www.fraczinet.cl\\\/sitio\\\/7-encuentro-intercultural-ngulkatun-y-feria-costumbrista-alto-bio-bio\\\/#breadcrumb\"},\"inLanguage\":\"es\",\"potentialAction\":[{\"@type\":\"ReadAction\",\"target\":[\"https:\\\/\\\/www.fraczinet.cl\\\/sitio\\\/7-encuentro-intercultural-ngulkatun-y-feria-costumbrista-alto-bio-bio\\\/\"]}]},{\"@type\":\"ImageObject\",\"inLanguage\":\"es\",\"@id\":\"https:\\\/\\\/www.fraczinet.cl\\\/sitio\\\/7-encuentro-intercultural-ngulkatun-y-feria-costumbrista-alto-bio-bio\\\/#primaryimage\",\"url\":\"https:\\\/\\\/3.bp.blogspot.com\\\/_2S_RxGRVjis\\\/TScrqiO3A9I\\\/AAAAAAAARyI\\\/DJ8l0XRBcHY\\\/s400\\\/7%25C2%25BA%2BEnecuentro%2BIntercultural%2BNgulkatun.jpg\",\"contentUrl\":\"https:\\\/\\\/3.bp.blogspot.com\\\/_2S_RxGRVjis\\\/TScrqiO3A9I\\\/AAAAAAAARyI\\\/DJ8l0XRBcHY\\\/s400\\\/7%25C2%25BA%2BEnecuentro%2BIntercultural%2BNgulkatun.jpg\"},{\"@type\":\"BreadcrumbList\",\"@id\":\"https:\\\/\\\/www.fraczinet.cl\\\/sitio\\\/7-encuentro-intercultural-ngulkatun-y-feria-costumbrista-alto-bio-bio\\\/#breadcrumb\",\"itemListElement\":[{\"@type\":\"ListItem\",\"position\":1,\"name\":\"Portada\",\"item\":\"https:\\\/\\\/www.fraczinet.cl\\\/sitio\\\/\"},{\"@type\":\"ListItem\",\"position\":2,\"name\":\"7\u00b0 Encuentro Intercultural Ngulkatun Y Feria Costumbrista Alto Bio B\u00edo\"}]},{\"@type\":\"WebSite\",\"@id\":\"https:\\\/\\\/www.fraczinet.cl\\\/sitio\\\/#website\",\"url\":\"https:\\\/\\\/www.fraczinet.cl\\\/sitio\\\/\",\"name\":\"Nuestro Bio B\u00edo\",\"description\":\"Tierra de Encuentros\",\"potentialAction\":[{\"@type\":\"SearchAction\",\"target\":{\"@type\":\"EntryPoint\",\"urlTemplate\":\"https:\\\/\\\/www.fraczinet.cl\\\/sitio\\\/?s={search_term_string}\"},\"query-input\":{\"@type\":\"PropertyValueSpecification\",\"valueRequired\":true,\"valueName\":\"search_term_string\"}}],\"inLanguage\":\"es\"},{\"@type\":\"Person\",\"@id\":\"\"}]}<\/script>\n<!-- \/ Yoast SEO plugin. -->","yoast_head_json":{"title":"7\u00b0 Encuentro Intercultural Ngulkatun Y Feria Costumbrista Alto Bio B\u00edo - Nuestro Bio B\u00edo","robots":{"index":"index","follow":"follow","max-snippet":"max-snippet:-1","max-image-preview":"max-image-preview:large","max-video-preview":"max-video-preview:-1"},"canonical":"https:\/\/www.fraczinet.cl\/sitio\/7-encuentro-intercultural-ngulkatun-y-feria-costumbrista-alto-bio-bio\/","og_locale":"es_ES","og_type":"article","og_title":"7\u00b0 Encuentro Intercultural Ngulkatun Y Feria Costumbrista Alto Bio B\u00edo - Nuestro Bio B\u00edo","og_description":"VIERNES 4 DE FEBREROLos JaivasLeo ReyDaniel GuerreroBallet Folcl\u00f3rico de Los \u00c1ngeles (BAFOLA) SABADO 5 DE FEBREROLos TresLos V\u00e1squez (Pop Cebolla)Keko Yunge Lugar: Liceo Ralco, Villa Ralco.Fecha: Viernes 4 y S\u00e1bado 5 de Febrero de 2011. Desde las 22:00 horasMuestra Gastron\u00f3mica PehuencheOrganiza Municipalidad de Alto B\u00edo B\u00edo Consultas: (43) 972018 y celular 81474531 Evento en Facebook: [&hellip;]","og_url":"https:\/\/www.fraczinet.cl\/sitio\/7-encuentro-intercultural-ngulkatun-y-feria-costumbrista-alto-bio-bio\/","og_site_name":"Nuestro Bio B\u00edo","article_publisher":"https:\/\/www.facebook.com\/groups\/15721414452\/","article_published_time":"2011-01-07T15:03:00+00:00","og_image":[{"url":"https:\/\/3.bp.blogspot.com\/_2S_RxGRVjis\/TScrqiO3A9I\/AAAAAAAARyI\/DJ8l0XRBcHY\/s400\/7%25C2%25BA%2BEnecuentro%2BIntercultural%2BNgulkatun.jpg","type":"","width":"","height":""}],"twitter_card":"summary_large_image","twitter_creator":"@nuestrobiobio","twitter_site":"@nuestrobiobio","twitter_misc":{"Escrito por":""},"schema":{"@context":"https:\/\/schema.org","@graph":[{"@type":"Article","@id":"https:\/\/www.fraczinet.cl\/sitio\/7-encuentro-intercultural-ngulkatun-y-feria-costumbrista-alto-bio-bio\/#article","isPartOf":{"@id":"https:\/\/www.fraczinet.cl\/sitio\/7-encuentro-intercultural-ngulkatun-y-feria-costumbrista-alto-bio-bio\/"},"author":{"name":"","@id":""},"headline":"7\u00b0 Encuentro Intercultural Ngulkatun Y Feria Costumbrista Alto Bio B\u00edo","datePublished":"2011-01-07T15:03:00+00:00","mainEntityOfPage":{"@id":"https:\/\/www.fraczinet.cl\/sitio\/7-encuentro-intercultural-ngulkatun-y-feria-costumbrista-alto-bio-bio\/"},"wordCount":71,"commentCount":0,"image":{"@id":"https:\/\/www.fraczinet.cl\/sitio\/7-encuentro-intercultural-ngulkatun-y-feria-costumbrista-alto-bio-bio\/#primaryimage"},"thumbnailUrl":"https:\/\/3.bp.blogspot.com\/_2S_RxGRVjis\/TScrqiO3A9I\/AAAAAAAARyI\/DJ8l0XRBcHY\/s400\/7%25C2%25BA%2BEnecuentro%2BIntercultural%2BNgulkatun.jpg","articleSection":["Alto Bio B\u00edo","Ferias","Fiestas y Tradiciones","Pehuenches"],"inLanguage":"es","potentialAction":[{"@type":"CommentAction","name":"Comment","target":["https:\/\/www.fraczinet.cl\/sitio\/7-encuentro-intercultural-ngulkatun-y-feria-costumbrista-alto-bio-bio\/#respond"]}]},{"@type":"WebPage","@id":"https:\/\/www.fraczinet.cl\/sitio\/7-encuentro-intercultural-ngulkatun-y-feria-costumbrista-alto-bio-bio\/","url":"https:\/\/www.fraczinet.cl\/sitio\/7-encuentro-intercultural-ngulkatun-y-feria-costumbrista-alto-bio-bio\/","name":"7\u00b0 Encuentro Intercultural Ngulkatun Y Feria Costumbrista Alto Bio B\u00edo - Nuestro Bio B\u00edo","isPartOf":{"@id":"https:\/\/www.fraczinet.cl\/sitio\/#website"},"primaryImageOfPage":{"@id":"https:\/\/www.fraczinet.cl\/sitio\/7-encuentro-intercultural-ngulkatun-y-feria-costumbrista-alto-bio-bio\/#primaryimage"},"image":{"@id":"https:\/\/www.fraczinet.cl\/sitio\/7-encuentro-intercultural-ngulkatun-y-feria-costumbrista-alto-bio-bio\/#primaryimage"},"thumbnailUrl":"https:\/\/3.bp.blogspot.com\/_2S_RxGRVjis\/TScrqiO3A9I\/AAAAAAAARyI\/DJ8l0XRBcHY\/s400\/7%25C2%25BA%2BEnecuentro%2BIntercultural%2BNgulkatun.jpg","datePublished":"2011-01-07T15:03:00+00:00","author":{"@id":""},"breadcrumb":{"@id":"https:\/\/www.fraczinet.cl\/sitio\/7-encuentro-intercultural-ngulkatun-y-feria-costumbrista-alto-bio-bio\/#breadcrumb"},"inLanguage":"es","potentialAction":[{"@type":"ReadAction","target":["https:\/\/www.fraczinet.cl\/sitio\/7-encuentro-intercultural-ngulkatun-y-feria-costumbrista-alto-bio-bio\/"]}]},{"@type":"ImageObject","inLanguage":"es","@id":"https:\/\/www.fraczinet.cl\/sitio\/7-encuentro-intercultural-ngulkatun-y-feria-costumbrista-alto-bio-bio\/#primaryimage","url":"https:\/\/3.bp.blogspot.com\/_2S_RxGRVjis\/TScrqiO3A9I\/AAAAAAAARyI\/DJ8l0XRBcHY\/s400\/7%25C2%25BA%2BEnecuentro%2BIntercultural%2BNgulkatun.jpg","contentUrl":"https:\/\/3.bp.blogspot.com\/_2S_RxGRVjis\/TScrqiO3A9I\/AAAAAAAARyI\/DJ8l0XRBcHY\/s400\/7%25C2%25BA%2BEnecuentro%2BIntercultural%2BNgulkatun.jpg"},{"@type":"BreadcrumbList","@id":"https:\/\/www.fraczinet.cl\/sitio\/7-encuentro-intercultural-ngulkatun-y-feria-costumbrista-alto-bio-bio\/#breadcrumb","itemListElement":[{"@type":"ListItem","position":1,"name":"Portada","item":"https:\/\/www.fraczinet.cl\/sitio\/"},{"@type":"ListItem","position":2,"name":"7\u00b0 Encuentro Intercultural Ngulkatun Y Feria Costumbrista Alto Bio B\u00edo"}]},{"@type":"WebSite","@id":"https:\/\/www.fraczinet.cl\/sitio\/#website","url":"https:\/\/www.fraczinet.cl\/sitio\/","name":"Nuestro Bio B\u00edo","description":"Tierra de Encuentros","potentialAction":[{"@type":"SearchAction","target":{"@type":"EntryPoint","urlTemplate":"https:\/\/www.fraczinet.cl\/sitio\/?s={search_term_string}"},"query-input":{"@type":"PropertyValueSpecification","valueRequired":true,"valueName":"search_term_string"}}],"inLanguage":"es"},{"@type":"Person","@id":""}]}},"_links":{"self":[{"href":"https:\/\/www.fraczinet.cl\/sitio\/wp-json\/wp\/v2\/posts\/8961","targetHints":{"allow":["GET"]}}],"collection":[{"href":"https:\/\/www.fraczinet.cl\/sitio\/wp-json\/wp\/v2\/posts"}],"about":[{"href":"https:\/\/www.fraczinet.cl\/sitio\/wp-json\/wp\/v2\/types\/post"}],"author":[{"embeddable":true,"href":"https:\/\/www.fraczinet.cl\/sitio\/wp-json\/wp\/v2\/users\/1"}],"replies":[{"embeddable":true,"href":"https:\/\/www.fraczinet.cl\/sitio\/wp-json\/wp\/v2\/comments?post=8961"}],"version-history":[{"count":0,"href":"https:\/\/www.fraczinet.cl\/sitio\/wp-json\/wp\/v2\/posts\/8961\/revisions"}],"wp:attachment":[{"href":"https:\/\/www.fraczinet.cl\/sitio\/wp-json\/wp\/v2\/media?parent=8961"}],"wp:term":[{"taxonomy":"category","embeddable":true,"href":"https:\/\/www.fraczinet.cl\/sitio\/wp-json\/wp\/v2\/categories?post=8961"},{"taxonomy":"post_tag","embeddable":true,"href":"https:\/\/www.fraczinet.cl\/sitio\/wp-json\/wp\/v2\/tags?post=8961"}],"curies":[{"name":"wp","href":"https:\/\/api.w.org\/{rel}","templated":true}]}}