{"id":8963,"date":"2011-01-06T22:41:00","date_gmt":"2011-01-06T22:41:00","guid":{"rendered":"https:\/\/www.fraczinet.cl\/sitio\/2011\/01\/06\/se-inicio-programa-de-mejoramiento-de-caminos-vecinales-en-nipas\/"},"modified":"2022-10-08T11:24:08","modified_gmt":"2022-10-08T11:24:08","slug":"se-inicio-programa-de-mejoramiento-de-caminos-vecinales-en-nipas","status":"publish","type":"post","link":"https:\/\/www.fraczinet.cl\/sitio\/2011\/01\/06\/se-inicio-programa-de-mejoramiento-de-caminos-vecinales-en-nipas\/","title":{"rendered":"Se Inici\u00f3 Programa De Mejoramiento De Caminos Vecinales En \u00d1ipas"},"content":{"rendered":"<p><a style=\"clear: left; float: left; margin-bottom: 1em; margin-right: 1em;\" href=\"http:\/\/1.bp.blogspot.com\/_2S_RxGRVjis\/TSZIrNdMtWI\/AAAAAAAARxY\/5jJkpwpHWWo\/s1600\/Caminos%2B%25C3%2591ipas3.jpg\"><img decoding=\"async\" id=\"BLOGGER_PHOTO_ID_5559210697219159394\" style=\"height: 300px; width: 400px;\" src=\"https:\/\/1.bp.blogspot.com\/_2S_RxGRVjis\/TSZIrNdMtWI\/AAAAAAAARxY\/5jJkpwpHWWo\/s400\/Caminos%2B%25C3%2591ipas3.jpg\" alt=\"\" border=\"0\" \/><\/a><\/p>\n<div style=\"text-align: justify;\">Con el fin de adelantar la mejora de los caminos no enrolados de la Comuna el Alcalde Carlos Garrido C. en conjunto con las Juntas de Vecinos inicio un plan de mejoramiento en raz\u00f3n de las indicaciones dadas por los sectores a trav\u00e9s de los Dirigentes.<\/div>\n<div style=\"text-align: justify;\"><\/div>\n<div style=\"text-align: justify;\">Para ello se comenz\u00f3 a utilizar con mayor intensidad la Motoniveladora adquirida hace poco por el Municipio de R\u00e1nquil y que se encontraba trabajando con restricciones, debido a la falta de un operario autorizado que manejara este tipo de maquinaria. Para dar soluci\u00f3n a ello se capacit\u00f3 a V\u00edctor Guzm\u00e1n Neira, Funcionario Municipal, que tendr\u00e1 a cargo esta labor y quien ya inici\u00f3 los trabajos en los caminos del Laurel y Rinconada y en los Sectores de Bajos los Moras, y aunque no se crea exist\u00eda un camino que va desde Sector Cementerio a Bajos los Moras hasta la Carretera que une \u00d1ipas con Nueva Aldea, pero que no se pod\u00eda usar hace mas de 80 A\u00f1os por no contar con una motoniveladora en la Comuna, siendo labor del municipio su recuperaci\u00f3n, ya que vialidad no interviene aquellas v\u00edas que no est\u00e1n enroladas sus registros.<\/div>\n<div style=\"text-align: justify;\"><a style=\"clear: right; float: right; margin-bottom: 1em; margin-left: 1em;\" href=\"http:\/\/3.bp.blogspot.com\/_2S_RxGRVjis\/TSZIq03HzcI\/AAAAAAAARxQ\/zOn1xbEDh3o\/s1600\/Caminos%2B%25C3%2591ipas2.jpg\"><img decoding=\"async\" id=\"BLOGGER_PHOTO_ID_5559210690617003458\" style=\"height: 300px; width: 400px;\" src=\"https:\/\/3.bp.blogspot.com\/_2S_RxGRVjis\/TSZIq03HzcI\/AAAAAAAARxQ\/zOn1xbEDh3o\/s400\/Caminos%2B%25C3%2591ipas2.jpg\" alt=\"\" border=\"0\" \/><\/a><\/div>\n<div style=\"text-align: justify;\">Es por ello que en una extensi\u00f3n de 2.5 km. vecinos encabezados por los se\u00f1ores concejales Jorge Aguilera, Richard Torres, Edmundo Torres, Pedro Mora y Jos\u00e9 Hormazbal, se dieron la tarea de limpiar desmalezando para que luego la maquina hiciera de nuevo el camino, el cual viene a favorecer a 50 Familias del lugar que podr\u00e1n circular por esa v\u00eda que exist\u00eda pero que no se pod\u00eda usar por deterioro del tiempo y durante 80 a\u00f1os los lugare\u00f1os ped\u00edan que se arreglara y nunca se concretaba raz\u00f3n por la cual el Alcalde consiente de estas tremendas necesidades se ha abocado a la tarea de arreglar todos aquellos lugares que por a\u00f1os han permanecido sin atenci\u00f3n para el uso de los habitantes de la comuna. Es necesario recordar que todo ello se comenz\u00f3 hacer en conjunto con las organizaciones sociales de \u00f1ipas.<\/div>\n<p><a href=\"http:\/\/3.bp.blogspot.com\/_2S_RxGRVjis\/TSZIqrhknFI\/AAAAAAAARxI\/_gf4JLxFWuM\/s1600\/Caminos%2B%25C3%2591ipas1.jpg\"><img decoding=\"async\" id=\"BLOGGER_PHOTO_ID_5559210688110697554\" style=\"cursor: pointer; height: 300px; width: 400px;\" src=\"https:\/\/3.bp.blogspot.com\/_2S_RxGRVjis\/TSZIqrhknFI\/AAAAAAAARxI\/_gf4JLxFWuM\/s400\/Caminos%2B%25C3%2591ipas1.jpg\" alt=\"\" border=\"0\" \/><\/a><\/p>\n","protected":false},"excerpt":{"rendered":"<p>Con el fin de adelantar la mejora de los caminos no enrolados de la Comuna el Alcalde Carlos Garrido C. en conjunto con las Juntas de Vecinos inicio un plan de mejoramiento en raz\u00f3n de las indicaciones dadas por los sectores a trav\u00e9s de los Dirigentes. Para ello se comenz\u00f3 a utilizar con mayor intensidad [&hellip;]<\/p>\n","protected":false},"author":1,"featured_media":0,"comment_status":"open","ping_status":"open","sticky":false,"template":"","format":"standard","meta":{"footnotes":""},"categories":[131],"tags":[],"class_list":["post-8963","post","type-post","status-publish","format-standard","hentry","category-politica"],"yoast_head":"<!-- This site is optimized with the Yoast SEO plugin v25.0 - https:\/\/yoast.com\/wordpress\/plugins\/seo\/ -->\n<title>Se Inici\u00f3 Programa De Mejoramiento De Caminos Vecinales En \u00d1ipas - Nuestro Bio B\u00edo<\/title>\n<meta name=\"robots\" content=\"index, follow, max-snippet:-1, max-image-preview:large, max-video-preview:-1\" \/>\n<link rel=\"canonical\" href=\"https:\/\/www.fraczinet.cl\/sitio\/2011\/01\/06\/se-inicio-programa-de-mejoramiento-de-caminos-vecinales-en-nipas\/\" \/>\n<meta property=\"og:locale\" content=\"es_ES\" \/>\n<meta property=\"og:type\" content=\"article\" \/>\n<meta property=\"og:title\" content=\"Se Inici\u00f3 Programa De Mejoramiento De Caminos Vecinales En \u00d1ipas - Nuestro Bio B\u00edo\" \/>\n<meta property=\"og:description\" content=\"Con el fin de adelantar la mejora de los caminos no enrolados de la Comuna el Alcalde Carlos Garrido C. en conjunto con las Juntas de Vecinos inicio un plan de mejoramiento en raz\u00f3n de las indicaciones dadas por los sectores a trav\u00e9s de los Dirigentes. Para ello se comenz\u00f3 a utilizar con mayor intensidad [&hellip;]\" \/>\n<meta property=\"og:url\" content=\"https:\/\/www.fraczinet.cl\/sitio\/2011\/01\/06\/se-inicio-programa-de-mejoramiento-de-caminos-vecinales-en-nipas\/\" \/>\n<meta property=\"og:site_name\" content=\"Nuestro Bio B\u00edo\" \/>\n<meta property=\"article:published_time\" content=\"2011-01-06T22:41:00+00:00\" \/>\n<meta property=\"article:modified_time\" content=\"2022-10-08T11:24:08+00:00\" \/>\n<meta property=\"og:image\" content=\"https:\/\/1.bp.blogspot.com\/_2S_RxGRVjis\/TSZIrNdMtWI\/AAAAAAAARxY\/5jJkpwpHWWo\/s400\/Caminos%2B%25C3%2591ipas3.jpg\" \/>\n<meta name=\"author\" content=\"admin\" \/>\n<meta name=\"twitter:card\" content=\"summary_large_image\" \/>\n<meta name=\"twitter:creator\" content=\"@nuestrobiobio\" \/>\n<meta name=\"twitter:site\" content=\"@nuestrobiobio\" \/>\n<meta name=\"twitter:label1\" content=\"Escrito por\" \/>\n\t<meta name=\"twitter:data1\" content=\"admin\" \/>\n\t<meta name=\"twitter:label2\" content=\"Tiempo de lectura\" \/>\n\t<meta name=\"twitter:data2\" content=\"2 minutos\" \/>\n<script type=\"application\/ld+json\" class=\"yoast-schema-graph\">{\"@context\":\"https:\/\/schema.org\",\"@graph\":[{\"@type\":\"Article\",\"@id\":\"https:\/\/www.fraczinet.cl\/sitio\/2011\/01\/06\/se-inicio-programa-de-mejoramiento-de-caminos-vecinales-en-nipas\/#article\",\"isPartOf\":{\"@id\":\"https:\/\/www.fraczinet.cl\/sitio\/2011\/01\/06\/se-inicio-programa-de-mejoramiento-de-caminos-vecinales-en-nipas\/\"},\"author\":{\"name\":\"admin\",\"@id\":\"https:\/\/www.fraczinet.cl\/sitio\/#\/schema\/person\/bc30f98e9cb10ae7e119dbe14bc93784\"},\"headline\":\"Se Inici\u00f3 Programa De Mejoramiento De Caminos Vecinales En \u00d1ipas\",\"datePublished\":\"2011-01-06T22:41:00+00:00\",\"dateModified\":\"2022-10-08T11:24:08+00:00\",\"mainEntityOfPage\":{\"@id\":\"https:\/\/www.fraczinet.cl\/sitio\/2011\/01\/06\/se-inicio-programa-de-mejoramiento-de-caminos-vecinales-en-nipas\/\"},\"wordCount\":362,\"commentCount\":0,\"publisher\":{\"@id\":\"https:\/\/www.fraczinet.cl\/sitio\/#\/schema\/person\/aec8ee4da68df2b9b0eefdad24a0d582\"},\"image\":{\"@id\":\"https:\/\/www.fraczinet.cl\/sitio\/2011\/01\/06\/se-inicio-programa-de-mejoramiento-de-caminos-vecinales-en-nipas\/#primaryimage\"},\"thumbnailUrl\":\"https:\/\/1.bp.blogspot.com\/_2S_RxGRVjis\/TSZIrNdMtWI\/AAAAAAAARxY\/5jJkpwpHWWo\/s400\/Caminos%2B%25C3%2591ipas3.jpg\",\"articleSection\":[\"Pol\u00edtica\"],\"inLanguage\":\"es\",\"potentialAction\":[{\"@type\":\"CommentAction\",\"name\":\"Comment\",\"target\":[\"https:\/\/www.fraczinet.cl\/sitio\/2011\/01\/06\/se-inicio-programa-de-mejoramiento-de-caminos-vecinales-en-nipas\/#respond\"]}]},{\"@type\":\"WebPage\",\"@id\":\"https:\/\/www.fraczinet.cl\/sitio\/2011\/01\/06\/se-inicio-programa-de-mejoramiento-de-caminos-vecinales-en-nipas\/\",\"url\":\"https:\/\/www.fraczinet.cl\/sitio\/2011\/01\/06\/se-inicio-programa-de-mejoramiento-de-caminos-vecinales-en-nipas\/\",\"name\":\"Se Inici\u00f3 Programa De Mejoramiento De Caminos Vecinales En \u00d1ipas - Nuestro Bio B\u00edo\",\"isPartOf\":{\"@id\":\"https:\/\/www.fraczinet.cl\/sitio\/#website\"},\"primaryImageOfPage\":{\"@id\":\"https:\/\/www.fraczinet.cl\/sitio\/2011\/01\/06\/se-inicio-programa-de-mejoramiento-de-caminos-vecinales-en-nipas\/#primaryimage\"},\"image\":{\"@id\":\"https:\/\/www.fraczinet.cl\/sitio\/2011\/01\/06\/se-inicio-programa-de-mejoramiento-de-caminos-vecinales-en-nipas\/#primaryimage\"},\"thumbnailUrl\":\"https:\/\/1.bp.blogspot.com\/_2S_RxGRVjis\/TSZIrNdMtWI\/AAAAAAAARxY\/5jJkpwpHWWo\/s400\/Caminos%2B%25C3%2591ipas3.jpg\",\"datePublished\":\"2011-01-06T22:41:00+00:00\",\"dateModified\":\"2022-10-08T11:24:08+00:00\",\"breadcrumb\":{\"@id\":\"https:\/\/www.fraczinet.cl\/sitio\/2011\/01\/06\/se-inicio-programa-de-mejoramiento-de-caminos-vecinales-en-nipas\/#breadcrumb\"},\"inLanguage\":\"es\",\"potentialAction\":[{\"@type\":\"ReadAction\",\"target\":[\"https:\/\/www.fraczinet.cl\/sitio\/2011\/01\/06\/se-inicio-programa-de-mejoramiento-de-caminos-vecinales-en-nipas\/\"]}]},{\"@type\":\"ImageObject\",\"inLanguage\":\"es\",\"@id\":\"https:\/\/www.fraczinet.cl\/sitio\/2011\/01\/06\/se-inicio-programa-de-mejoramiento-de-caminos-vecinales-en-nipas\/#primaryimage\",\"url\":\"https:\/\/1.bp.blogspot.com\/_2S_RxGRVjis\/TSZIrNdMtWI\/AAAAAAAARxY\/5jJkpwpHWWo\/s400\/Caminos%2B%25C3%2591ipas3.jpg\",\"contentUrl\":\"https:\/\/1.bp.blogspot.com\/_2S_RxGRVjis\/TSZIrNdMtWI\/AAAAAAAARxY\/5jJkpwpHWWo\/s400\/Caminos%2B%25C3%2591ipas3.jpg\"},{\"@type\":\"BreadcrumbList\",\"@id\":\"https:\/\/www.fraczinet.cl\/sitio\/2011\/01\/06\/se-inicio-programa-de-mejoramiento-de-caminos-vecinales-en-nipas\/#breadcrumb\",\"itemListElement\":[{\"@type\":\"ListItem\",\"position\":1,\"name\":\"Portada\",\"item\":\"https:\/\/www.fraczinet.cl\/sitio\/\"},{\"@type\":\"ListItem\",\"position\":2,\"name\":\"Se Inici\u00f3 Programa De Mejoramiento De Caminos Vecinales En \u00d1ipas\"}]},{\"@type\":\"WebSite\",\"@id\":\"https:\/\/www.fraczinet.cl\/sitio\/#website\",\"url\":\"https:\/\/www.fraczinet.cl\/sitio\/\",\"name\":\"Nuestro Bio B\u00edo\",\"description\":\"Tierra de Encuentros\",\"publisher\":{\"@id\":\"https:\/\/www.fraczinet.cl\/sitio\/#\/schema\/person\/aec8ee4da68df2b9b0eefdad24a0d582\"},\"potentialAction\":[{\"@type\":\"SearchAction\",\"target\":{\"@type\":\"EntryPoint\",\"urlTemplate\":\"https:\/\/www.fraczinet.cl\/sitio\/?s={search_term_string}\"},\"query-input\":{\"@type\":\"PropertyValueSpecification\",\"valueRequired\":true,\"valueName\":\"search_term_string\"}}],\"inLanguage\":\"es\"},{\"@type\":[\"Person\",\"Organization\"],\"@id\":\"https:\/\/www.fraczinet.cl\/sitio\/#\/schema\/person\/aec8ee4da68df2b9b0eefdad24a0d582\",\"name\":\"Luis Fernando Fraczinet\",\"image\":{\"@type\":\"ImageObject\",\"inLanguage\":\"es\",\"@id\":\"https:\/\/www.fraczinet.cl\/sitio\/#\/schema\/person\/image\/\",\"url\":\"https:\/\/www.fraczinet.cl\/sitio\/wp-content\/uploads\/2021\/07\/bannerlogo-1.gif\",\"contentUrl\":\"https:\/\/www.fraczinet.cl\/sitio\/wp-content\/uploads\/2021\/07\/bannerlogo-1.gif\",\"width\":159,\"height\":79,\"caption\":\"Luis Fernando Fraczinet\"},\"logo\":{\"@id\":\"https:\/\/www.fraczinet.cl\/sitio\/#\/schema\/person\/image\/\"},\"sameAs\":[\"https:\/\/www.fraczinet.cl\/sitio\/\"]},{\"@type\":\"Person\",\"@id\":\"https:\/\/www.fraczinet.cl\/sitio\/#\/schema\/person\/bc30f98e9cb10ae7e119dbe14bc93784\",\"name\":\"admin\",\"image\":{\"@type\":\"ImageObject\",\"inLanguage\":\"es\",\"@id\":\"https:\/\/www.fraczinet.cl\/sitio\/#\/schema\/person\/image\/\",\"url\":\"https:\/\/secure.gravatar.com\/avatar\/d5ad3cf7ef3b23a2bb5be73be780c86b2fc8545c3ad6b149f3913ff458c00099?s=96&d=mm&r=g\",\"contentUrl\":\"https:\/\/secure.gravatar.com\/avatar\/d5ad3cf7ef3b23a2bb5be73be780c86b2fc8545c3ad6b149f3913ff458c00099?s=96&d=mm&r=g\",\"caption\":\"admin\"},\"sameAs\":[\"https:\/\/www.fraczinet.cl\/sitio\"]}]}<\/script>\n<!-- \/ Yoast SEO plugin. -->","yoast_head_json":{"title":"Se Inici\u00f3 Programa De Mejoramiento De Caminos Vecinales En \u00d1ipas - Nuestro Bio B\u00edo","robots":{"index":"index","follow":"follow","max-snippet":"max-snippet:-1","max-image-preview":"max-image-preview:large","max-video-preview":"max-video-preview:-1"},"canonical":"https:\/\/www.fraczinet.cl\/sitio\/2011\/01\/06\/se-inicio-programa-de-mejoramiento-de-caminos-vecinales-en-nipas\/","og_locale":"es_ES","og_type":"article","og_title":"Se Inici\u00f3 Programa De Mejoramiento De Caminos Vecinales En \u00d1ipas - Nuestro Bio B\u00edo","og_description":"Con el fin de adelantar la mejora de los caminos no enrolados de la Comuna el Alcalde Carlos Garrido C. en conjunto con las Juntas de Vecinos inicio un plan de mejoramiento en raz\u00f3n de las indicaciones dadas por los sectores a trav\u00e9s de los Dirigentes. Para ello se comenz\u00f3 a utilizar con mayor intensidad [&hellip;]","og_url":"https:\/\/www.fraczinet.cl\/sitio\/2011\/01\/06\/se-inicio-programa-de-mejoramiento-de-caminos-vecinales-en-nipas\/","og_site_name":"Nuestro Bio B\u00edo","article_published_time":"2011-01-06T22:41:00+00:00","article_modified_time":"2022-10-08T11:24:08+00:00","og_image":[{"url":"https:\/\/1.bp.blogspot.com\/_2S_RxGRVjis\/TSZIrNdMtWI\/AAAAAAAARxY\/5jJkpwpHWWo\/s400\/Caminos%2B%25C3%2591ipas3.jpg","type":"","width":"","height":""}],"author":"admin","twitter_card":"summary_large_image","twitter_creator":"@nuestrobiobio","twitter_site":"@nuestrobiobio","twitter_misc":{"Escrito por":"admin","Tiempo de lectura":"2 minutos"},"schema":{"@context":"https:\/\/schema.org","@graph":[{"@type":"Article","@id":"https:\/\/www.fraczinet.cl\/sitio\/2011\/01\/06\/se-inicio-programa-de-mejoramiento-de-caminos-vecinales-en-nipas\/#article","isPartOf":{"@id":"https:\/\/www.fraczinet.cl\/sitio\/2011\/01\/06\/se-inicio-programa-de-mejoramiento-de-caminos-vecinales-en-nipas\/"},"author":{"name":"admin","@id":"https:\/\/www.fraczinet.cl\/sitio\/#\/schema\/person\/bc30f98e9cb10ae7e119dbe14bc93784"},"headline":"Se Inici\u00f3 Programa De Mejoramiento De Caminos Vecinales En \u00d1ipas","datePublished":"2011-01-06T22:41:00+00:00","dateModified":"2022-10-08T11:24:08+00:00","mainEntityOfPage":{"@id":"https:\/\/www.fraczinet.cl\/sitio\/2011\/01\/06\/se-inicio-programa-de-mejoramiento-de-caminos-vecinales-en-nipas\/"},"wordCount":362,"commentCount":0,"publisher":{"@id":"https:\/\/www.fraczinet.cl\/sitio\/#\/schema\/person\/aec8ee4da68df2b9b0eefdad24a0d582"},"image":{"@id":"https:\/\/www.fraczinet.cl\/sitio\/2011\/01\/06\/se-inicio-programa-de-mejoramiento-de-caminos-vecinales-en-nipas\/#primaryimage"},"thumbnailUrl":"https:\/\/1.bp.blogspot.com\/_2S_RxGRVjis\/TSZIrNdMtWI\/AAAAAAAARxY\/5jJkpwpHWWo\/s400\/Caminos%2B%25C3%2591ipas3.jpg","articleSection":["Pol\u00edtica"],"inLanguage":"es","potentialAction":[{"@type":"CommentAction","name":"Comment","target":["https:\/\/www.fraczinet.cl\/sitio\/2011\/01\/06\/se-inicio-programa-de-mejoramiento-de-caminos-vecinales-en-nipas\/#respond"]}]},{"@type":"WebPage","@id":"https:\/\/www.fraczinet.cl\/sitio\/2011\/01\/06\/se-inicio-programa-de-mejoramiento-de-caminos-vecinales-en-nipas\/","url":"https:\/\/www.fraczinet.cl\/sitio\/2011\/01\/06\/se-inicio-programa-de-mejoramiento-de-caminos-vecinales-en-nipas\/","name":"Se Inici\u00f3 Programa De Mejoramiento De Caminos Vecinales En \u00d1ipas - Nuestro Bio B\u00edo","isPartOf":{"@id":"https:\/\/www.fraczinet.cl\/sitio\/#website"},"primaryImageOfPage":{"@id":"https:\/\/www.fraczinet.cl\/sitio\/2011\/01\/06\/se-inicio-programa-de-mejoramiento-de-caminos-vecinales-en-nipas\/#primaryimage"},"image":{"@id":"https:\/\/www.fraczinet.cl\/sitio\/2011\/01\/06\/se-inicio-programa-de-mejoramiento-de-caminos-vecinales-en-nipas\/#primaryimage"},"thumbnailUrl":"https:\/\/1.bp.blogspot.com\/_2S_RxGRVjis\/TSZIrNdMtWI\/AAAAAAAARxY\/5jJkpwpHWWo\/s400\/Caminos%2B%25C3%2591ipas3.jpg","datePublished":"2011-01-06T22:41:00+00:00","dateModified":"2022-10-08T11:24:08+00:00","breadcrumb":{"@id":"https:\/\/www.fraczinet.cl\/sitio\/2011\/01\/06\/se-inicio-programa-de-mejoramiento-de-caminos-vecinales-en-nipas\/#breadcrumb"},"inLanguage":"es","potentialAction":[{"@type":"ReadAction","target":["https:\/\/www.fraczinet.cl\/sitio\/2011\/01\/06\/se-inicio-programa-de-mejoramiento-de-caminos-vecinales-en-nipas\/"]}]},{"@type":"ImageObject","inLanguage":"es","@id":"https:\/\/www.fraczinet.cl\/sitio\/2011\/01\/06\/se-inicio-programa-de-mejoramiento-de-caminos-vecinales-en-nipas\/#primaryimage","url":"https:\/\/1.bp.blogspot.com\/_2S_RxGRVjis\/TSZIrNdMtWI\/AAAAAAAARxY\/5jJkpwpHWWo\/s400\/Caminos%2B%25C3%2591ipas3.jpg","contentUrl":"https:\/\/1.bp.blogspot.com\/_2S_RxGRVjis\/TSZIrNdMtWI\/AAAAAAAARxY\/5jJkpwpHWWo\/s400\/Caminos%2B%25C3%2591ipas3.jpg"},{"@type":"BreadcrumbList","@id":"https:\/\/www.fraczinet.cl\/sitio\/2011\/01\/06\/se-inicio-programa-de-mejoramiento-de-caminos-vecinales-en-nipas\/#breadcrumb","itemListElement":[{"@type":"ListItem","position":1,"name":"Portada","item":"https:\/\/www.fraczinet.cl\/sitio\/"},{"@type":"ListItem","position":2,"name":"Se Inici\u00f3 Programa De Mejoramiento De Caminos Vecinales En \u00d1ipas"}]},{"@type":"WebSite","@id":"https:\/\/www.fraczinet.cl\/sitio\/#website","url":"https:\/\/www.fraczinet.cl\/sitio\/","name":"Nuestro Bio B\u00edo","description":"Tierra de Encuentros","publisher":{"@id":"https:\/\/www.fraczinet.cl\/sitio\/#\/schema\/person\/aec8ee4da68df2b9b0eefdad24a0d582"},"potentialAction":[{"@type":"SearchAction","target":{"@type":"EntryPoint","urlTemplate":"https:\/\/www.fraczinet.cl\/sitio\/?s={search_term_string}"},"query-input":{"@type":"PropertyValueSpecification","valueRequired":true,"valueName":"search_term_string"}}],"inLanguage":"es"},{"@type":["Person","Organization"],"@id":"https:\/\/www.fraczinet.cl\/sitio\/#\/schema\/person\/aec8ee4da68df2b9b0eefdad24a0d582","name":"Luis Fernando Fraczinet","image":{"@type":"ImageObject","inLanguage":"es","@id":"https:\/\/www.fraczinet.cl\/sitio\/#\/schema\/person\/image\/","url":"https:\/\/www.fraczinet.cl\/sitio\/wp-content\/uploads\/2021\/07\/bannerlogo-1.gif","contentUrl":"https:\/\/www.fraczinet.cl\/sitio\/wp-content\/uploads\/2021\/07\/bannerlogo-1.gif","width":159,"height":79,"caption":"Luis Fernando Fraczinet"},"logo":{"@id":"https:\/\/www.fraczinet.cl\/sitio\/#\/schema\/person\/image\/"},"sameAs":["https:\/\/www.fraczinet.cl\/sitio\/"]},{"@type":"Person","@id":"https:\/\/www.fraczinet.cl\/sitio\/#\/schema\/person\/bc30f98e9cb10ae7e119dbe14bc93784","name":"admin","image":{"@type":"ImageObject","inLanguage":"es","@id":"https:\/\/www.fraczinet.cl\/sitio\/#\/schema\/person\/image\/","url":"https:\/\/secure.gravatar.com\/avatar\/d5ad3cf7ef3b23a2bb5be73be780c86b2fc8545c3ad6b149f3913ff458c00099?s=96&d=mm&r=g","contentUrl":"https:\/\/secure.gravatar.com\/avatar\/d5ad3cf7ef3b23a2bb5be73be780c86b2fc8545c3ad6b149f3913ff458c00099?s=96&d=mm&r=g","caption":"admin"},"sameAs":["https:\/\/www.fraczinet.cl\/sitio"]}]}},"_links":{"self":[{"href":"https:\/\/www.fraczinet.cl\/sitio\/wp-json\/wp\/v2\/posts\/8963","targetHints":{"allow":["GET"]}}],"collection":[{"href":"https:\/\/www.fraczinet.cl\/sitio\/wp-json\/wp\/v2\/posts"}],"about":[{"href":"https:\/\/www.fraczinet.cl\/sitio\/wp-json\/wp\/v2\/types\/post"}],"author":[{"embeddable":true,"href":"https:\/\/www.fraczinet.cl\/sitio\/wp-json\/wp\/v2\/users\/1"}],"replies":[{"embeddable":true,"href":"https:\/\/www.fraczinet.cl\/sitio\/wp-json\/wp\/v2\/comments?post=8963"}],"version-history":[{"count":1,"href":"https:\/\/www.fraczinet.cl\/sitio\/wp-json\/wp\/v2\/posts\/8963\/revisions"}],"predecessor-version":[{"id":14660,"href":"https:\/\/www.fraczinet.cl\/sitio\/wp-json\/wp\/v2\/posts\/8963\/revisions\/14660"}],"wp:attachment":[{"href":"https:\/\/www.fraczinet.cl\/sitio\/wp-json\/wp\/v2\/media?parent=8963"}],"wp:term":[{"taxonomy":"category","embeddable":true,"href":"https:\/\/www.fraczinet.cl\/sitio\/wp-json\/wp\/v2\/categories?post=8963"},{"taxonomy":"post_tag","embeddable":true,"href":"https:\/\/www.fraczinet.cl\/sitio\/wp-json\/wp\/v2\/tags?post=8963"}],"curies":[{"name":"wp","href":"https:\/\/api.w.org\/{rel}","templated":true}]}}