{"id":8965,"date":"2011-01-06T13:12:00","date_gmt":"2011-01-06T13:12:00","guid":{"rendered":"https:\/\/www.fraczinet.cl\/sitio\/2011\/01\/06\/ii-encuentro-nacional-de-economia-solidaria-construyendo-territorios-solidarios\/"},"modified":"2022-10-07T00:54:47","modified_gmt":"2022-10-07T00:54:47","slug":"ii-encuentro-nacional-de-economia-solidaria-construyendo-territorios-solidarios","status":"publish","type":"post","link":"https:\/\/www.fraczinet.cl\/sitio\/2011\/01\/06\/ii-encuentro-nacional-de-economia-solidaria-construyendo-territorios-solidarios\/","title":{"rendered":"II Encuentro Nacional De Econom\u00eda Solidaria: Construyendo Territorios Solidarios"},"content":{"rendered":"<div style=\"text-align: justify;\"><span style=\"font-weight: bold;\">1. CONVOCATORIA<\/span><\/div>\n<div style=\"text-align: justify;\"><\/div>\n<div style=\"text-align: justify;\">En noviembre del 2009, en la ciudad de Concepci\u00f3n, sostuvimos el I Encuentro Nacional de Econom\u00eda Solidaria bajo el lema \u00a1\u00a7Otras Econom\u00edas Ocurren en Chile\u00a1\u00a8. Esta actividad fue el resultado del trabajo mancomunado de una veintena de organizaciones de la sociedad civil de la Regi\u00f3n del Bio Bio, con el apoyo del naciente Espacio de Econom\u00eda y Comercio de Chile (ECOSOL Chile), de la Red Latinoamericana de Comercializaci\u00f3n Comunitaria y del Espacio MERCOSUR Solidario. Durante tres d\u00edas, unas 300 personas de diversos territorios y organizaciones del pa\u00eds, compartieron sus experiencias, intercambiaron productos, servicios y saberes y se reconocieron en la visi\u00f3n de practicar una econom\u00eda distinta, fundada en valores solidarios.<\/div>\n<div style=\"text-align: justify;\"><\/div>\n<div style=\"text-align: justify;\">El encuentro posibilito la difusi\u00f3n de experiencias de producci\u00f3n agroecol\u00f3gica, trueque y de comercio justo y la articulaci\u00f3n con organizaciones cooperativistas y el establecimiento de relaciones de colaboraci\u00f3n con acad\u00e9micos y estudiantes de distintos centros del pa\u00eds.<\/div>\n<div style=\"text-align: justify;\"><\/div>\n<div style=\"text-align: justify;\">Este encuentro antecedi\u00f3 al Foro Social Mundial de Econom\u00eda Solidaria, realizado en enero del 2010 en la ciudad de Santa Mar\u00eda, Brasil, en el cual fue evaluada una d\u00e9cada de construcci\u00f3n de este movimiento global, que ha inspirado el desarrollo de una multiplicidad de experiencias de producci\u00f3n, comercio, finanzas, consumo y educaci\u00f3n solidarias.<\/div>\n<div style=\"text-align: justify;\"><\/div>\n<div style=\"text-align: justify;\">Bajo esta inspiraci\u00f3n, a inicios del 2010 el ECOSOL Chile decidi\u00f3 convocar II Encuentro Nacional de Econom\u00eda Solidaria, bajo el lema \u00ab\u00a1Construyendo Territorios Solidarios\u00a1\u00bb.<\/div>\n<div style=\"text-align: justify;\"><\/div>\n<div style=\"text-align: justify;\">Este eje de la convocatoria se basa tanto en la necesidad de conectar, visibilizar y fortalecer el intercambio entre la diversidad de iniciativas ciudadanas de car\u00e1cter autogestionario, asociativista y solidario, que surgieron tras el terremoto y tsunami del 27 de febrero del 2010; como tambi\u00e9n, en la necesidad de construir una visi\u00f3n y practica de desarrollo alternativo para el conjunto de territorios que desde hace d\u00e9cadas han venido enfrentando los embates derivados de la globalizaci\u00f3n neoliberal, a lo largo del pa\u00eds.<\/div>\n<div style=\"text-align: justify;\"><\/div>\n<div style=\"text-align: justify;\">Espec\u00edficamente, el II Encuentro Nacional de Econom\u00eda Solidaria busca potenciar la autonom\u00eda de organizaciones de la sociedad civil y su capacidad de articulaci\u00f3n territorial en torno a la construcci\u00f3n de redes de colaboraci\u00f3n solidarias, que impulsen iniciativas econ\u00f3micas sustentables para las respectivas localidades.<\/div>\n<div style=\"text-align: justify;\"><\/div>\n<div style=\"text-align: justify;\"><span style=\"font-weight: bold;\">2. OBJETIVO GENERAL<\/span><\/div>\n<div style=\"text-align: justify;\"><\/div>\n<div style=\"text-align: justify;\">Promover la articulaci\u00f3n de organizaciones de la sociedad civil en torno a iniciativas consorciadas para la construcci\u00f3n de territorios solidarios<\/div>\n<div style=\"text-align: justify;\"><\/div>\n<div style=\"text-align: justify;\"><span style=\"font-weight: bold;\">3. OBJETIVOS ESPEC\u00cdFICOS<\/span><\/div>\n<div style=\"text-align: justify;\"><\/div>\n<div style=\"text-align: justify;\">i.- Facilitar el intercambio de iniciativas de econom\u00eda solidaria<\/div>\n<div style=\"text-align: justify;\">ii.- Profundizar la visi\u00f3n de construcci\u00f3n de territorios solidarios<\/div>\n<div style=\"text-align: justify;\">iii.- Difundir buenas pr\u00e1cticas de econom\u00eda solidaria<\/div>\n<div style=\"text-align: justify;\">iv.- Promover la articulaci\u00f3n de iniciativas consorciadas<\/div>\n<div style=\"text-align: justify;\"><\/div>\n<div style=\"text-align: justify;\"><span style=\"font-weight: bold;\">4. ACTIVIDADES<\/span><\/div>\n<div style=\"text-align: justify;\"><\/div>\n<div style=\"text-align: justify;\">FOROS TEM\u00c1TICOS: orientados a organizaciones que impulsan pr\u00e1cticas afines (por ej. producci\u00f3n agroecol\u00f3gica, comercio justo, finanzas solidarias, consumo \u00e9tico, etc.) se reconozcan entre si y se articulen con las redes que ya existen, de modo de fortalecer sus identidades, valores y principios y definir contenidos, posiciones y propuestas de accion.<\/div>\n<div style=\"text-align: justify;\"><\/div>\n<div style=\"text-align: justify;\">FERIA DE LAS INICIATIVAS: orientada a facilitar la integraci\u00f3n e intercambio de experiencias, informaci\u00f3n, bienes y servicios, entre diversas organizaciones y redes que promueven el desarrollo de una econom\u00eda inspirada en principios solidarios.<\/div>\n<div style=\"text-align: justify;\"><\/div>\n<div style=\"text-align: justify;\">FOROS TERRITORIALES: orientado a potenciar la acci\u00f3n colaborativa de organizaciones econ\u00f3micas solidarias de un mismo territorio, en torno a una visi\u00f3n y ejes de desarrollo definidos por los propios actores.<\/div>\n<div style=\"text-align: justify;\"><\/div>\n<div style=\"text-align: justify;\">TALLERES Y REUNIONES AUTOGESTIONADAS: orientados a facilitar la difusi\u00f3n de buenas pr\u00e1cticas entre los participantes, as\u00ed como el dise\u00f1o de acciones conjuntas.<\/div>\n<div style=\"text-align: justify;\"><\/div>\n<div style=\"text-align: justify;\">ACTIVIDADES ARTISTICAS Y CULTURALES: orientadas a fortalecer la identidad del movimiento de econom\u00eda solidaria y reforzar el compromiso con la construcci\u00f3n de territorios solidarios.<\/div>\n<div style=\"text-align: justify;\"><\/div>\n<div style=\"text-align: justify;\"><span style=\"font-weight: bold;\">5. INSCRIPCIONES E INFORMACIONES<\/span><\/div>\n<div style=\"text-align: justify;\"><\/div>\n<div style=\"text-align: justify;\">Las inscripciones para participar del II Encuentro Nacional de Econom\u00eda Solidaria, se har\u00e1n mediante env\u00edo de ficha de registro al e-mail:<\/div>\n<div style=\"text-align: justify;\">encuentro.ecosol@gmail.com o al fax 41-2656756. <\/div>\n<div style=\"text-align: justify;\">La ficha e informaci\u00f3n detallada puede ser obtenida desde el sitio Internet: www.ecosol.bligoo.cl<\/div>\n<div style=\"text-align: justify;\">El plazo l\u00edmite para registrarse y\/o postular a becas vence el 5 de enero del 2010. Mas  informaci\u00f3n puede solicitarse llamando al 85452676<\/div>\n<div style=\"text-align: justify;\"><\/div>\n<div style=\"text-align: justify;\">Programa II Encuentro Nacional de Econom\u00eda Solidaria Campus Chill\u00e1n de la Universidad de Concepci\u00f3n.<\/div>\n<div style=\"text-align: justify;\">Chill\u00e1n, 12, 13 y 14 de Enero del 2011<\/div>\n<div style=\"text-align: justify;\"><\/div>\n<div style=\"text-align: justify;\">Mi\u00e9rcoles 12 de Enero<\/div>\n<div style=\"text-align: justify;\">18:00 hrs.: Llegada y Registro de Participantes. Refrigerio<\/div>\n<div style=\"text-align: justify;\">19:00 hrs.: Acto de Apertura del II Encuentro Nacional<\/div>\n<div style=\"text-align: justify;\">20:00 hrs.: Distribuci\u00f3n de Participantes en Alojamientos<\/div>\n<div style=\"text-align: justify;\">Jueves 13 de Enero<\/div>\n<div style=\"text-align: justify;\">09:00 hrs.: Registro de Participantes<\/div>\n<div style=\"text-align: justify;\">09:45 hrs.: Palabras de Bienvenida. Contextualizaci\u00f3n de la Jornada<\/div>\n<div style=\"text-align: justify;\">10:00 hrs.: Foros Tem\u00e1ticos<\/div>\n<div style=\"text-align: justify;\">&#8211; Certificaci\u00f3n en el Comercio Justo y Solidario. Modera: Red SURES<\/div>\n<div style=\"text-align: justify;\">&#8211; Consumo Responsable. Modera: FOJUCC<\/div>\n<div style=\"text-align: justify;\">&#8211; Finanzas Solidarias. Modera: Fondo Esperanza<\/div>\n<div style=\"text-align: justify;\">&#8211; Semillas, Agroecol\u00f3gica y Soberan\u00eda Alimentaria: Modera: Red MUBI-ANAMURI<\/div>\n<div style=\"text-align: justify;\">13:00 hrs.: Almuerzo<\/div>\n<div style=\"text-align: justify;\">14:00 hrs.: Montaje de Feria de las Iniciativas<\/div>\n<div style=\"text-align: justify;\">Comisiones de Redacci\u00f3n de Declaraciones de Foros<\/div>\n<div style=\"text-align: justify;\">15:00 hrs.: Talleres<\/div>\n<div style=\"text-align: justify;\">&#8211; Monedas sociales. Responsable: Sergio Guitart. Redes<\/div>\n<div style=\"text-align: justify;\">Sociales de Intercambio (RSI)<\/div>\n<div style=\"text-align: justify;\">&#8211; An\u00e1lisis y Proyecciones de Mapeamiento de Econom\u00eda Solidaria. Responsable. Roma Mart\u00ed. Consultor<\/div>\n<div style=\"text-align: justify;\">Reuniones Autogestionadas<\/div>\n<div style=\"text-align: justify;\">&#8211; Reuni\u00f3n de Coordinaci\u00f3n ECOSOL Chile. Responsable: Ana Leighton. Red de Economia Solidaria de Santiago.<\/div>\n<div style=\"text-align: justify;\">&#8211; Facilitadores Diploma CET SUR-UdeC. Responsable: Noelia Carrasco. UdeC<\/div>\n<div style=\"text-align: justify;\">17:00 hrs.: Lanzamiento de Feria de las Iniciativas<\/div>\n<div style=\"text-align: justify;\">Espacio destinado al intercambio entre diversos actores del sector y movimiento de la econom\u00eda solidaria. Lectura de Conclusiones de Foros Tem\u00e1ticos Como resultado del debate se espera una declaraci\u00f3n sobre los valores, principios y posiciones, que deber\u00edan orientar las acciones del movimiento de econom\u00eda solidaria 19:00 hrs.: Desmontaje de Feria de las Iniciativas<\/div>\n<div style=\"text-align: justify;\">20:00 hrs.: Murga Solidaria<\/div>\n<div style=\"text-align: justify;\">Desfile entre la UdeC y Casa Tabor (lugar de alojamiento), que atravesara las principales calles de Chillan, visibilizando el II Encuentro de Econom\u00eda Solidaria.<\/div>\n<div style=\"text-align: justify;\">21:00 hrs.: Cena en Lugares de Alojamiento<\/div>\n<div style=\"text-align: justify;\">Viernes 14 de Enero<\/div>\n<div style=\"text-align: justify;\">09:00 hrs.: Registro de Participantes<\/div>\n<div style=\"text-align: justify;\">09:45 hrs.: Palabras de Bienvenida. Contextualizaci\u00f3n de la Jornada<\/div>\n<div style=\"text-align: justify;\">10:00 hrs.: Foros Tem\u00e1ticos<\/div>\n<div style=\"text-align: justify;\">&#8211; Turismo Comunitario. Modera: Corporacion Canto de Agua<\/div>\n<div style=\"text-align: justify;\">&#8211; Ferias y Mercados Locales. Modera: ASOF<\/div>\n<div style=\"text-align: justify;\">&#8211; Vivienda y Reconstruccion. Modera: Vicaria de Pastoral Social<\/div>\n<div style=\"text-align: justify;\">&#8211; Patrimonio Cultural. Modera: FACSO. UdeC<\/div>\n<div style=\"text-align: justify;\">13:00 hrs.: Almuerzo<\/div>\n<div style=\"text-align: justify;\">14:00 hrs.: Montaje de Feria de las Iniciativas<\/div>\n<div style=\"text-align: justify;\">Comisiones de Redacci\u00f3n de Declaraciones de Foros<\/div>\n<div style=\"text-align: justify;\">15:00 hrs.: Talleres<\/div>\n<div style=\"text-align: justify;\">&#8211; Cooperativismo y Vivienda. Responsable: Fabian Melo. Alianza Cooperativa \u201c\u00a1Solidaridad\u00a1\u00a8 de Ecuador (Por confirmar)<\/div>\n<div style=\"text-align: justify;\">&#8211; Gestores Publicos de Econom\u00eda Solidaria: Responsable: (Por confirmar). ECOS-SUR.<\/div>\n<div style=\"text-align: justify;\">Reuniones Autogestionadas<\/div>\n<div style=\"text-align: justify;\">&#8211; Participantes Diploma CET SUR-UdeC. Responsable: Noelia Carrasco. UdeC<\/div>\n<div style=\"text-align: justify;\">&#8211; Red de Comercio Justo del Sur (SURES). Responsable: Susana Ortiz. Red SURES.<\/div>\n<div style=\"text-align: justify;\">17:00 hrs.: Foros Territoriales<\/div>\n<div style=\"text-align: justify;\">Los participantes se agruparan por territorios, de acuerdo a una propuesta que har\u00e1n los organizadores del evento y discutir\u00e1n posibles ejes de acci\u00f3n para la articulaci\u00f3n de emprendimientos o redes de colaboraci\u00f3n solidarias, a partir de las complementariedades detectadas entre ellos.<\/div>\n<div style=\"text-align: justify;\">Muro de Evaluaci\u00f3n<\/div>\n<div style=\"text-align: justify;\">Se dispondr\u00e1 de un espacio abierto para realizar comentarios y sugerencias sobre el evento.<\/div>\n<div style=\"text-align: justify;\">19:00 hrs.: Lectura de Conclusiones de Foros Territoriales Como resultado del debate se espera una declaraci\u00f3n de compromisos de los participantes, en torno a la construccion del sector de la econom\u00eda solidaria.<\/div>\n<div style=\"text-align: justify;\">Acto de Cierre<\/div>\n<div style=\"text-align: justify;\">21:00 hrs.: Cena de Lugares de Alojamiento<\/div>\n<div style=\"text-align: justify;\">S\u00e1bado 15 de Enero<\/div>\n<div style=\"text-align: justify;\">11:00 hrs.: Visita a Terreno para Invitados de Otras Regiones (Por Confirmar)<\/div>\n","protected":false},"excerpt":{"rendered":"<p>1. CONVOCATORIA En noviembre del 2009, en la ciudad de Concepci\u00f3n, sostuvimos el I Encuentro Nacional de Econom\u00eda Solidaria bajo el lema \u00a1\u00a7Otras Econom\u00edas Ocurren en Chile\u00a1\u00a8. Esta actividad fue el resultado del trabajo mancomunado de una veintena de organizaciones de la sociedad civil de la Regi\u00f3n del Bio Bio, con el apoyo del naciente [&hellip;]<\/p>\n","protected":false},"author":1,"featured_media":0,"comment_status":"open","ping_status":"open","sticky":false,"template":"","format":"standard","meta":{"footnotes":""},"categories":[196,312],"tags":[],"class_list":["post-8965","post","type-post","status-publish","format-standard","hentry","category-congresos","category-economia"],"yoast_head":"<!-- This site is optimized with the Yoast SEO plugin v25.0 - https:\/\/yoast.com\/wordpress\/plugins\/seo\/ -->\n<title>II Encuentro Nacional De Econom\u00eda Solidaria: Construyendo Territorios Solidarios - Nuestro Bio B\u00edo<\/title>\n<meta name=\"robots\" content=\"index, follow, max-snippet:-1, max-image-preview:large, max-video-preview:-1\" \/>\n<link rel=\"canonical\" href=\"https:\/\/www.fraczinet.cl\/sitio\/2011\/01\/06\/ii-encuentro-nacional-de-economia-solidaria-construyendo-territorios-solidarios\/\" \/>\n<meta property=\"og:locale\" content=\"es_ES\" \/>\n<meta property=\"og:type\" content=\"article\" \/>\n<meta property=\"og:title\" content=\"II Encuentro Nacional De Econom\u00eda Solidaria: Construyendo Territorios Solidarios - Nuestro Bio B\u00edo\" \/>\n<meta property=\"og:description\" content=\"1. CONVOCATORIA En noviembre del 2009, en la ciudad de Concepci\u00f3n, sostuvimos el I Encuentro Nacional de Econom\u00eda Solidaria bajo el lema \u00a1\u00a7Otras Econom\u00edas Ocurren en Chile\u00a1\u00a8. Esta actividad fue el resultado del trabajo mancomunado de una veintena de organizaciones de la sociedad civil de la Regi\u00f3n del Bio Bio, con el apoyo del naciente [&hellip;]\" \/>\n<meta property=\"og:url\" content=\"https:\/\/www.fraczinet.cl\/sitio\/2011\/01\/06\/ii-encuentro-nacional-de-economia-solidaria-construyendo-territorios-solidarios\/\" \/>\n<meta property=\"og:site_name\" content=\"Nuestro Bio B\u00edo\" \/>\n<meta property=\"article:published_time\" content=\"2011-01-06T13:12:00+00:00\" \/>\n<meta property=\"article:modified_time\" content=\"2022-10-07T00:54:47+00:00\" \/>\n<meta property=\"og:image\" content=\"https:\/\/www.fraczinet.cl\/sitio\/wp-content\/uploads\/2021\/07\/bannerlogo-1.gif\" \/>\n\t<meta property=\"og:image:width\" content=\"159\" \/>\n\t<meta property=\"og:image:height\" content=\"79\" \/>\n\t<meta property=\"og:image:type\" content=\"image\/gif\" \/>\n<meta name=\"author\" content=\"admin\" \/>\n<meta name=\"twitter:card\" content=\"summary_large_image\" \/>\n<meta name=\"twitter:creator\" content=\"@nuestrobiobio\" \/>\n<meta name=\"twitter:site\" content=\"@nuestrobiobio\" \/>\n<meta name=\"twitter:label1\" content=\"Escrito por\" \/>\n\t<meta name=\"twitter:data1\" content=\"admin\" \/>\n\t<meta name=\"twitter:label2\" content=\"Tiempo de lectura\" \/>\n\t<meta name=\"twitter:data2\" content=\"6 minutos\" \/>\n<script type=\"application\/ld+json\" class=\"yoast-schema-graph\">{\"@context\":\"https:\/\/schema.org\",\"@graph\":[{\"@type\":\"Article\",\"@id\":\"https:\/\/www.fraczinet.cl\/sitio\/2011\/01\/06\/ii-encuentro-nacional-de-economia-solidaria-construyendo-territorios-solidarios\/#article\",\"isPartOf\":{\"@id\":\"https:\/\/www.fraczinet.cl\/sitio\/2011\/01\/06\/ii-encuentro-nacional-de-economia-solidaria-construyendo-territorios-solidarios\/\"},\"author\":{\"name\":\"admin\",\"@id\":\"https:\/\/www.fraczinet.cl\/sitio\/#\/schema\/person\/bc30f98e9cb10ae7e119dbe14bc93784\"},\"headline\":\"II Encuentro Nacional De Econom\u00eda Solidaria: Construyendo Territorios Solidarios\",\"datePublished\":\"2011-01-06T13:12:00+00:00\",\"dateModified\":\"2022-10-07T00:54:47+00:00\",\"mainEntityOfPage\":{\"@id\":\"https:\/\/www.fraczinet.cl\/sitio\/2011\/01\/06\/ii-encuentro-nacional-de-economia-solidaria-construyendo-territorios-solidarios\/\"},\"wordCount\":1226,\"commentCount\":0,\"publisher\":{\"@id\":\"https:\/\/www.fraczinet.cl\/sitio\/#\/schema\/person\/aec8ee4da68df2b9b0eefdad24a0d582\"},\"articleSection\":[\"Congresos\",\"Econom\u00eda\"],\"inLanguage\":\"es\",\"potentialAction\":[{\"@type\":\"CommentAction\",\"name\":\"Comment\",\"target\":[\"https:\/\/www.fraczinet.cl\/sitio\/2011\/01\/06\/ii-encuentro-nacional-de-economia-solidaria-construyendo-territorios-solidarios\/#respond\"]}]},{\"@type\":\"WebPage\",\"@id\":\"https:\/\/www.fraczinet.cl\/sitio\/2011\/01\/06\/ii-encuentro-nacional-de-economia-solidaria-construyendo-territorios-solidarios\/\",\"url\":\"https:\/\/www.fraczinet.cl\/sitio\/2011\/01\/06\/ii-encuentro-nacional-de-economia-solidaria-construyendo-territorios-solidarios\/\",\"name\":\"II Encuentro Nacional De Econom\u00eda Solidaria: Construyendo Territorios Solidarios - Nuestro Bio B\u00edo\",\"isPartOf\":{\"@id\":\"https:\/\/www.fraczinet.cl\/sitio\/#website\"},\"datePublished\":\"2011-01-06T13:12:00+00:00\",\"dateModified\":\"2022-10-07T00:54:47+00:00\",\"breadcrumb\":{\"@id\":\"https:\/\/www.fraczinet.cl\/sitio\/2011\/01\/06\/ii-encuentro-nacional-de-economia-solidaria-construyendo-territorios-solidarios\/#breadcrumb\"},\"inLanguage\":\"es\",\"potentialAction\":[{\"@type\":\"ReadAction\",\"target\":[\"https:\/\/www.fraczinet.cl\/sitio\/2011\/01\/06\/ii-encuentro-nacional-de-economia-solidaria-construyendo-territorios-solidarios\/\"]}]},{\"@type\":\"BreadcrumbList\",\"@id\":\"https:\/\/www.fraczinet.cl\/sitio\/2011\/01\/06\/ii-encuentro-nacional-de-economia-solidaria-construyendo-territorios-solidarios\/#breadcrumb\",\"itemListElement\":[{\"@type\":\"ListItem\",\"position\":1,\"name\":\"Portada\",\"item\":\"https:\/\/www.fraczinet.cl\/sitio\/\"},{\"@type\":\"ListItem\",\"position\":2,\"name\":\"II Encuentro Nacional De Econom\u00eda Solidaria: Construyendo Territorios Solidarios\"}]},{\"@type\":\"WebSite\",\"@id\":\"https:\/\/www.fraczinet.cl\/sitio\/#website\",\"url\":\"https:\/\/www.fraczinet.cl\/sitio\/\",\"name\":\"Nuestro Bio B\u00edo\",\"description\":\"Tierra de Encuentros\",\"publisher\":{\"@id\":\"https:\/\/www.fraczinet.cl\/sitio\/#\/schema\/person\/aec8ee4da68df2b9b0eefdad24a0d582\"},\"potentialAction\":[{\"@type\":\"SearchAction\",\"target\":{\"@type\":\"EntryPoint\",\"urlTemplate\":\"https:\/\/www.fraczinet.cl\/sitio\/?s={search_term_string}\"},\"query-input\":{\"@type\":\"PropertyValueSpecification\",\"valueRequired\":true,\"valueName\":\"search_term_string\"}}],\"inLanguage\":\"es\"},{\"@type\":[\"Person\",\"Organization\"],\"@id\":\"https:\/\/www.fraczinet.cl\/sitio\/#\/schema\/person\/aec8ee4da68df2b9b0eefdad24a0d582\",\"name\":\"Luis Fernando Fraczinet\",\"image\":{\"@type\":\"ImageObject\",\"inLanguage\":\"es\",\"@id\":\"https:\/\/www.fraczinet.cl\/sitio\/#\/schema\/person\/image\/\",\"url\":\"https:\/\/www.fraczinet.cl\/sitio\/wp-content\/uploads\/2021\/07\/bannerlogo-1.gif\",\"contentUrl\":\"https:\/\/www.fraczinet.cl\/sitio\/wp-content\/uploads\/2021\/07\/bannerlogo-1.gif\",\"width\":159,\"height\":79,\"caption\":\"Luis Fernando Fraczinet\"},\"logo\":{\"@id\":\"https:\/\/www.fraczinet.cl\/sitio\/#\/schema\/person\/image\/\"},\"sameAs\":[\"https:\/\/www.fraczinet.cl\/sitio\/\"]},{\"@type\":\"Person\",\"@id\":\"https:\/\/www.fraczinet.cl\/sitio\/#\/schema\/person\/bc30f98e9cb10ae7e119dbe14bc93784\",\"name\":\"admin\",\"image\":{\"@type\":\"ImageObject\",\"inLanguage\":\"es\",\"@id\":\"https:\/\/www.fraczinet.cl\/sitio\/#\/schema\/person\/image\/\",\"url\":\"https:\/\/secure.gravatar.com\/avatar\/d5ad3cf7ef3b23a2bb5be73be780c86b2fc8545c3ad6b149f3913ff458c00099?s=96&d=mm&r=g\",\"contentUrl\":\"https:\/\/secure.gravatar.com\/avatar\/d5ad3cf7ef3b23a2bb5be73be780c86b2fc8545c3ad6b149f3913ff458c00099?s=96&d=mm&r=g\",\"caption\":\"admin\"},\"sameAs\":[\"https:\/\/www.fraczinet.cl\/sitio\"]}]}<\/script>\n<!-- \/ Yoast SEO plugin. -->","yoast_head_json":{"title":"II Encuentro Nacional De Econom\u00eda Solidaria: Construyendo Territorios Solidarios - Nuestro Bio B\u00edo","robots":{"index":"index","follow":"follow","max-snippet":"max-snippet:-1","max-image-preview":"max-image-preview:large","max-video-preview":"max-video-preview:-1"},"canonical":"https:\/\/www.fraczinet.cl\/sitio\/2011\/01\/06\/ii-encuentro-nacional-de-economia-solidaria-construyendo-territorios-solidarios\/","og_locale":"es_ES","og_type":"article","og_title":"II Encuentro Nacional De Econom\u00eda Solidaria: Construyendo Territorios Solidarios - Nuestro Bio B\u00edo","og_description":"1. CONVOCATORIA En noviembre del 2009, en la ciudad de Concepci\u00f3n, sostuvimos el I Encuentro Nacional de Econom\u00eda Solidaria bajo el lema \u00a1\u00a7Otras Econom\u00edas Ocurren en Chile\u00a1\u00a8. Esta actividad fue el resultado del trabajo mancomunado de una veintena de organizaciones de la sociedad civil de la Regi\u00f3n del Bio Bio, con el apoyo del naciente [&hellip;]","og_url":"https:\/\/www.fraczinet.cl\/sitio\/2011\/01\/06\/ii-encuentro-nacional-de-economia-solidaria-construyendo-territorios-solidarios\/","og_site_name":"Nuestro Bio B\u00edo","article_published_time":"2011-01-06T13:12:00+00:00","article_modified_time":"2022-10-07T00:54:47+00:00","og_image":[{"width":159,"height":79,"url":"https:\/\/www.fraczinet.cl\/sitio\/wp-content\/uploads\/2021\/07\/bannerlogo-1.gif","type":"image\/gif"}],"author":"admin","twitter_card":"summary_large_image","twitter_creator":"@nuestrobiobio","twitter_site":"@nuestrobiobio","twitter_misc":{"Escrito por":"admin","Tiempo de lectura":"6 minutos"},"schema":{"@context":"https:\/\/schema.org","@graph":[{"@type":"Article","@id":"https:\/\/www.fraczinet.cl\/sitio\/2011\/01\/06\/ii-encuentro-nacional-de-economia-solidaria-construyendo-territorios-solidarios\/#article","isPartOf":{"@id":"https:\/\/www.fraczinet.cl\/sitio\/2011\/01\/06\/ii-encuentro-nacional-de-economia-solidaria-construyendo-territorios-solidarios\/"},"author":{"name":"admin","@id":"https:\/\/www.fraczinet.cl\/sitio\/#\/schema\/person\/bc30f98e9cb10ae7e119dbe14bc93784"},"headline":"II Encuentro Nacional De Econom\u00eda Solidaria: Construyendo Territorios Solidarios","datePublished":"2011-01-06T13:12:00+00:00","dateModified":"2022-10-07T00:54:47+00:00","mainEntityOfPage":{"@id":"https:\/\/www.fraczinet.cl\/sitio\/2011\/01\/06\/ii-encuentro-nacional-de-economia-solidaria-construyendo-territorios-solidarios\/"},"wordCount":1226,"commentCount":0,"publisher":{"@id":"https:\/\/www.fraczinet.cl\/sitio\/#\/schema\/person\/aec8ee4da68df2b9b0eefdad24a0d582"},"articleSection":["Congresos","Econom\u00eda"],"inLanguage":"es","potentialAction":[{"@type":"CommentAction","name":"Comment","target":["https:\/\/www.fraczinet.cl\/sitio\/2011\/01\/06\/ii-encuentro-nacional-de-economia-solidaria-construyendo-territorios-solidarios\/#respond"]}]},{"@type":"WebPage","@id":"https:\/\/www.fraczinet.cl\/sitio\/2011\/01\/06\/ii-encuentro-nacional-de-economia-solidaria-construyendo-territorios-solidarios\/","url":"https:\/\/www.fraczinet.cl\/sitio\/2011\/01\/06\/ii-encuentro-nacional-de-economia-solidaria-construyendo-territorios-solidarios\/","name":"II Encuentro Nacional De Econom\u00eda Solidaria: Construyendo Territorios Solidarios - Nuestro Bio B\u00edo","isPartOf":{"@id":"https:\/\/www.fraczinet.cl\/sitio\/#website"},"datePublished":"2011-01-06T13:12:00+00:00","dateModified":"2022-10-07T00:54:47+00:00","breadcrumb":{"@id":"https:\/\/www.fraczinet.cl\/sitio\/2011\/01\/06\/ii-encuentro-nacional-de-economia-solidaria-construyendo-territorios-solidarios\/#breadcrumb"},"inLanguage":"es","potentialAction":[{"@type":"ReadAction","target":["https:\/\/www.fraczinet.cl\/sitio\/2011\/01\/06\/ii-encuentro-nacional-de-economia-solidaria-construyendo-territorios-solidarios\/"]}]},{"@type":"BreadcrumbList","@id":"https:\/\/www.fraczinet.cl\/sitio\/2011\/01\/06\/ii-encuentro-nacional-de-economia-solidaria-construyendo-territorios-solidarios\/#breadcrumb","itemListElement":[{"@type":"ListItem","position":1,"name":"Portada","item":"https:\/\/www.fraczinet.cl\/sitio\/"},{"@type":"ListItem","position":2,"name":"II Encuentro Nacional De Econom\u00eda Solidaria: Construyendo Territorios Solidarios"}]},{"@type":"WebSite","@id":"https:\/\/www.fraczinet.cl\/sitio\/#website","url":"https:\/\/www.fraczinet.cl\/sitio\/","name":"Nuestro Bio B\u00edo","description":"Tierra de Encuentros","publisher":{"@id":"https:\/\/www.fraczinet.cl\/sitio\/#\/schema\/person\/aec8ee4da68df2b9b0eefdad24a0d582"},"potentialAction":[{"@type":"SearchAction","target":{"@type":"EntryPoint","urlTemplate":"https:\/\/www.fraczinet.cl\/sitio\/?s={search_term_string}"},"query-input":{"@type":"PropertyValueSpecification","valueRequired":true,"valueName":"search_term_string"}}],"inLanguage":"es"},{"@type":["Person","Organization"],"@id":"https:\/\/www.fraczinet.cl\/sitio\/#\/schema\/person\/aec8ee4da68df2b9b0eefdad24a0d582","name":"Luis Fernando Fraczinet","image":{"@type":"ImageObject","inLanguage":"es","@id":"https:\/\/www.fraczinet.cl\/sitio\/#\/schema\/person\/image\/","url":"https:\/\/www.fraczinet.cl\/sitio\/wp-content\/uploads\/2021\/07\/bannerlogo-1.gif","contentUrl":"https:\/\/www.fraczinet.cl\/sitio\/wp-content\/uploads\/2021\/07\/bannerlogo-1.gif","width":159,"height":79,"caption":"Luis Fernando Fraczinet"},"logo":{"@id":"https:\/\/www.fraczinet.cl\/sitio\/#\/schema\/person\/image\/"},"sameAs":["https:\/\/www.fraczinet.cl\/sitio\/"]},{"@type":"Person","@id":"https:\/\/www.fraczinet.cl\/sitio\/#\/schema\/person\/bc30f98e9cb10ae7e119dbe14bc93784","name":"admin","image":{"@type":"ImageObject","inLanguage":"es","@id":"https:\/\/www.fraczinet.cl\/sitio\/#\/schema\/person\/image\/","url":"https:\/\/secure.gravatar.com\/avatar\/d5ad3cf7ef3b23a2bb5be73be780c86b2fc8545c3ad6b149f3913ff458c00099?s=96&d=mm&r=g","contentUrl":"https:\/\/secure.gravatar.com\/avatar\/d5ad3cf7ef3b23a2bb5be73be780c86b2fc8545c3ad6b149f3913ff458c00099?s=96&d=mm&r=g","caption":"admin"},"sameAs":["https:\/\/www.fraczinet.cl\/sitio"]}]}},"_links":{"self":[{"href":"https:\/\/www.fraczinet.cl\/sitio\/wp-json\/wp\/v2\/posts\/8965","targetHints":{"allow":["GET"]}}],"collection":[{"href":"https:\/\/www.fraczinet.cl\/sitio\/wp-json\/wp\/v2\/posts"}],"about":[{"href":"https:\/\/www.fraczinet.cl\/sitio\/wp-json\/wp\/v2\/types\/post"}],"author":[{"embeddable":true,"href":"https:\/\/www.fraczinet.cl\/sitio\/wp-json\/wp\/v2\/users\/1"}],"replies":[{"embeddable":true,"href":"https:\/\/www.fraczinet.cl\/sitio\/wp-json\/wp\/v2\/comments?post=8965"}],"version-history":[{"count":1,"href":"https:\/\/www.fraczinet.cl\/sitio\/wp-json\/wp\/v2\/posts\/8965\/revisions"}],"predecessor-version":[{"id":14444,"href":"https:\/\/www.fraczinet.cl\/sitio\/wp-json\/wp\/v2\/posts\/8965\/revisions\/14444"}],"wp:attachment":[{"href":"https:\/\/www.fraczinet.cl\/sitio\/wp-json\/wp\/v2\/media?parent=8965"}],"wp:term":[{"taxonomy":"category","embeddable":true,"href":"https:\/\/www.fraczinet.cl\/sitio\/wp-json\/wp\/v2\/categories?post=8965"},{"taxonomy":"post_tag","embeddable":true,"href":"https:\/\/www.fraczinet.cl\/sitio\/wp-json\/wp\/v2\/tags?post=8965"}],"curies":[{"name":"wp","href":"https:\/\/api.w.org\/{rel}","templated":true}]}}