{"id":8976,"date":"2010-12-30T10:43:00","date_gmt":"2010-12-30T10:43:00","guid":{"rendered":"https:\/\/www.fraczinet.cl\/sitio\/2010\/12\/30\/en-tierra-derecha-carrera-tecnico-profesional-del-liceo-virginio-arias-en-nipas\/"},"modified":"2022-10-07T00:32:22","modified_gmt":"2022-10-07T00:32:22","slug":"en-tierra-derecha-carrera-tecnico-profesional-del-liceo-virginio-arias-en-nipas","status":"publish","type":"post","link":"https:\/\/www.fraczinet.cl\/sitio\/2010\/12\/30\/en-tierra-derecha-carrera-tecnico-profesional-del-liceo-virginio-arias-en-nipas\/","title":{"rendered":"En Tierra Derecha Carrera T\u00e9cnico Profesional Del Liceo Virginio Arias En \u00d1ipas"},"content":{"rendered":"<p><a href=\"http:\/\/2.bp.blogspot.com\/_2S_RxGRVjis\/TRxpezAoWJI\/AAAAAAAARtw\/eOZLo3a82js\/s1600\/Carreratecnica%2BRanquil.JPG\" style=\"clear: left; float: left; margin-bottom: 1em; margin-right: 1em;\"><img decoding=\"async\" alt=\"\" border=\"0\" id=\"BLOGGER_PHOTO_ID_5556432018078193810\" src=\"https:\/\/2.bp.blogspot.com\/_2S_RxGRVjis\/TRxpezAoWJI\/AAAAAAAARtw\/eOZLo3a82js\/s400\/Carreratecnica%2BRanquil.JPG\" style=\"height: 300px; width: 400px;\" \/><\/a><\/p>\n<div style=\"text-align: justify;\">En una importante una reuni\u00f3n entre representantes del Liceo Virginio Arias en la cual estuvieron presentes la Directora de establecimiento Nubia Carranza, el Jefe de  la UTP Javier San Mart\u00edn, el Sr. Alcalde Carlos Garrido C\u00e1rcamo, el  Jefe del Departamento de Educaci\u00f3n, Sr. Jos\u00e9  Fuentealba P\u00e9rez y el Sr . Julio Fern\u00e1ndez, encargado de Serplac de la Municipalidad de R\u00e1nquil. Se analizo la construcci\u00f3n del taller de la especialidad  de  la carrera t\u00e9cnica del Liceo, Mec\u00e1nica Industrial, menci\u00f3n oleohidr\u00e1ulica y mantenci\u00f3n, y  su implementaci\u00f3n.<\/div>\n<div style=\"text-align: justify;\"><\/div>\n<div style=\"text-align: justify;\">Ya  exist\u00eda una preocupaci\u00f3n por parte del Liceo, ya que los j\u00f3venes que actualmente est\u00e1n cursando la carrera deben iniciar su proceso de especializaci\u00f3n, se abord\u00f3 en dicho encuentro los pasos dados y el trabajo realizado e indic\u00e1ndose que el estudio arquitect\u00f3nico de la construcci\u00f3n del taller est\u00e1 realizado y con \u00e9l otros antecedentes,  se indico tambi\u00e9n que las autoridades locales tienen agendado con el Seremi de Educaci\u00f3n del Bio B\u00edo una reuni\u00f3n para exponerle los antecedentes del proyecto que ya est\u00e1 en vigencia y que su implementaci\u00f3n qued\u00f3 pendiente del Gobierno anterior,  por lo cual es  necesario que la autoridad de Educaci\u00f3n conozca y se lleve a cabo  la continuidad del proyecto.<\/div>\n<div style=\"text-align: justify;\"><\/div>\n<div style=\"text-align: justify;\">Por otro lado se ha observado que toda la difusi\u00f3n hecha tanto en los colegios de la comuna, como a trav\u00e9s de las reuniones de microcentro, reuniones generales, informaci\u00f3n de prensa y la difusi\u00f3n que hacen las mismas autoridades,   ha tenido su recompensa, ya que hay una buena matr\u00edcula en los primeros medios, esta ha sobrepasado los 85 alumnos, por lo cual y debido a que los cursos deben configurarse con s\u00f3lo 25 alumnos, obligar\u00e1 a la creaci\u00f3n de otro primero medio, tema que se est\u00e1 estudiando en el liceo.<\/div>\n<div style=\"text-align: justify;\"><\/div>\n<div style=\"text-align: justify;\">Uno de los valores agregados a estos proyectos de liceo t\u00e9cnico que se est\u00e1 implementando es que \u00e9ste cuenta con una  asesor\u00eda t\u00e9cnico pedag\u00f3gica,  a cargo del profesor Arturo Rom\u00e1n Hidalgo, Ingeniero de ejecuci\u00f3n mec\u00e1nica, del Liceo Industrial de Chill\u00e1n quien ha sido pilar fundamental para visualizar las inversiones que se deben realizar. Es muy probable que sea \u00e9l junto a otros dos profesionales, quienes impartan los m\u00f3dulos de la especialidad, entre los que est\u00e1n: Automatizaci\u00f3n industrial, taladrado, tornado y fresado, gesti\u00f3n de peque\u00f1a empresa, mantenimiento mec\u00e1nico, electrotecnia, con un  total de 26 horas de especialidad.<\/div>\n<div style=\"text-align: justify;\"><\/div>\n<div style=\"text-align: justify;\">La carrera  tiene un alto valor econ\u00f3mico por su  implementaci\u00f3n, pero como el liceo y la Comuna  y por ende el Municipio est\u00e1n  empe\u00f1ados en entregar a los j\u00f3venes una buena formaci\u00f3n debido a las exigencias del mercado laboral se har\u00e1n  todos lo esfuerzo por contar con lo mejor de tal manera que los egresados  puedan competir en lo profesional  como se lo merecen.<\/div>\n","protected":false},"excerpt":{"rendered":"<p>En una importante una reuni\u00f3n entre representantes del Liceo Virginio Arias en la cual estuvieron presentes la Directora de establecimiento Nubia Carranza, el Jefe de la UTP Javier San Mart\u00edn, el Sr. Alcalde Carlos Garrido C\u00e1rcamo, el Jefe del Departamento de Educaci\u00f3n, Sr. Jos\u00e9 Fuentealba P\u00e9rez y el Sr . Julio Fern\u00e1ndez, encargado de Serplac [&hellip;]<\/p>\n","protected":false},"author":1,"featured_media":0,"comment_status":"open","ping_status":"open","sticky":false,"template":"","format":"standard","meta":{"footnotes":""},"categories":[151],"tags":[],"class_list":["post-8976","post","type-post","status-publish","format-standard","hentry","category-educacion"],"yoast_head":"<!-- This site is optimized with the Yoast SEO plugin v25.0 - https:\/\/yoast.com\/wordpress\/plugins\/seo\/ -->\n<title>En Tierra Derecha Carrera T\u00e9cnico Profesional Del Liceo Virginio Arias En \u00d1ipas - Nuestro Bio B\u00edo<\/title>\n<meta name=\"robots\" content=\"index, follow, max-snippet:-1, max-image-preview:large, max-video-preview:-1\" \/>\n<link rel=\"canonical\" href=\"https:\/\/www.fraczinet.cl\/sitio\/2010\/12\/30\/en-tierra-derecha-carrera-tecnico-profesional-del-liceo-virginio-arias-en-nipas\/\" \/>\n<meta property=\"og:locale\" content=\"es_ES\" \/>\n<meta property=\"og:type\" content=\"article\" \/>\n<meta property=\"og:title\" content=\"En Tierra Derecha Carrera T\u00e9cnico Profesional Del Liceo Virginio Arias En \u00d1ipas - Nuestro Bio B\u00edo\" \/>\n<meta property=\"og:description\" content=\"En una importante una reuni\u00f3n entre representantes del Liceo Virginio Arias en la cual estuvieron presentes la Directora de establecimiento Nubia Carranza, el Jefe de la UTP Javier San Mart\u00edn, el Sr. Alcalde Carlos Garrido C\u00e1rcamo, el Jefe del Departamento de Educaci\u00f3n, Sr. Jos\u00e9 Fuentealba P\u00e9rez y el Sr . Julio Fern\u00e1ndez, encargado de Serplac [&hellip;]\" \/>\n<meta property=\"og:url\" content=\"https:\/\/www.fraczinet.cl\/sitio\/2010\/12\/30\/en-tierra-derecha-carrera-tecnico-profesional-del-liceo-virginio-arias-en-nipas\/\" \/>\n<meta property=\"og:site_name\" content=\"Nuestro Bio B\u00edo\" \/>\n<meta property=\"article:published_time\" content=\"2010-12-30T10:43:00+00:00\" \/>\n<meta property=\"article:modified_time\" content=\"2022-10-07T00:32:22+00:00\" \/>\n<meta property=\"og:image\" content=\"https:\/\/2.bp.blogspot.com\/_2S_RxGRVjis\/TRxpezAoWJI\/AAAAAAAARtw\/eOZLo3a82js\/s400\/Carreratecnica%2BRanquil.JPG\" \/>\n<meta name=\"author\" content=\"admin\" \/>\n<meta name=\"twitter:card\" content=\"summary_large_image\" \/>\n<meta name=\"twitter:creator\" content=\"@nuestrobiobio\" \/>\n<meta name=\"twitter:site\" content=\"@nuestrobiobio\" \/>\n<meta name=\"twitter:label1\" content=\"Escrito por\" \/>\n\t<meta name=\"twitter:data1\" content=\"admin\" \/>\n\t<meta name=\"twitter:label2\" content=\"Tiempo de lectura\" \/>\n\t<meta name=\"twitter:data2\" content=\"2 minutos\" \/>\n<script type=\"application\/ld+json\" class=\"yoast-schema-graph\">{\"@context\":\"https:\/\/schema.org\",\"@graph\":[{\"@type\":\"Article\",\"@id\":\"https:\/\/www.fraczinet.cl\/sitio\/2010\/12\/30\/en-tierra-derecha-carrera-tecnico-profesional-del-liceo-virginio-arias-en-nipas\/#article\",\"isPartOf\":{\"@id\":\"https:\/\/www.fraczinet.cl\/sitio\/2010\/12\/30\/en-tierra-derecha-carrera-tecnico-profesional-del-liceo-virginio-arias-en-nipas\/\"},\"author\":{\"name\":\"admin\",\"@id\":\"https:\/\/www.fraczinet.cl\/sitio\/#\/schema\/person\/bc30f98e9cb10ae7e119dbe14bc93784\"},\"headline\":\"En Tierra Derecha Carrera T\u00e9cnico Profesional Del Liceo Virginio Arias En \u00d1ipas\",\"datePublished\":\"2010-12-30T10:43:00+00:00\",\"dateModified\":\"2022-10-07T00:32:22+00:00\",\"mainEntityOfPage\":{\"@id\":\"https:\/\/www.fraczinet.cl\/sitio\/2010\/12\/30\/en-tierra-derecha-carrera-tecnico-profesional-del-liceo-virginio-arias-en-nipas\/\"},\"wordCount\":512,\"commentCount\":0,\"publisher\":{\"@id\":\"https:\/\/www.fraczinet.cl\/sitio\/#\/schema\/person\/aec8ee4da68df2b9b0eefdad24a0d582\"},\"image\":{\"@id\":\"https:\/\/www.fraczinet.cl\/sitio\/2010\/12\/30\/en-tierra-derecha-carrera-tecnico-profesional-del-liceo-virginio-arias-en-nipas\/#primaryimage\"},\"thumbnailUrl\":\"https:\/\/2.bp.blogspot.com\/_2S_RxGRVjis\/TRxpezAoWJI\/AAAAAAAARtw\/eOZLo3a82js\/s400\/Carreratecnica%2BRanquil.JPG\",\"articleSection\":[\"Educaci\u00f3n\"],\"inLanguage\":\"es\",\"potentialAction\":[{\"@type\":\"CommentAction\",\"name\":\"Comment\",\"target\":[\"https:\/\/www.fraczinet.cl\/sitio\/2010\/12\/30\/en-tierra-derecha-carrera-tecnico-profesional-del-liceo-virginio-arias-en-nipas\/#respond\"]}]},{\"@type\":\"WebPage\",\"@id\":\"https:\/\/www.fraczinet.cl\/sitio\/2010\/12\/30\/en-tierra-derecha-carrera-tecnico-profesional-del-liceo-virginio-arias-en-nipas\/\",\"url\":\"https:\/\/www.fraczinet.cl\/sitio\/2010\/12\/30\/en-tierra-derecha-carrera-tecnico-profesional-del-liceo-virginio-arias-en-nipas\/\",\"name\":\"En Tierra Derecha Carrera T\u00e9cnico Profesional Del Liceo Virginio Arias En \u00d1ipas - Nuestro Bio B\u00edo\",\"isPartOf\":{\"@id\":\"https:\/\/www.fraczinet.cl\/sitio\/#website\"},\"primaryImageOfPage\":{\"@id\":\"https:\/\/www.fraczinet.cl\/sitio\/2010\/12\/30\/en-tierra-derecha-carrera-tecnico-profesional-del-liceo-virginio-arias-en-nipas\/#primaryimage\"},\"image\":{\"@id\":\"https:\/\/www.fraczinet.cl\/sitio\/2010\/12\/30\/en-tierra-derecha-carrera-tecnico-profesional-del-liceo-virginio-arias-en-nipas\/#primaryimage\"},\"thumbnailUrl\":\"https:\/\/2.bp.blogspot.com\/_2S_RxGRVjis\/TRxpezAoWJI\/AAAAAAAARtw\/eOZLo3a82js\/s400\/Carreratecnica%2BRanquil.JPG\",\"datePublished\":\"2010-12-30T10:43:00+00:00\",\"dateModified\":\"2022-10-07T00:32:22+00:00\",\"breadcrumb\":{\"@id\":\"https:\/\/www.fraczinet.cl\/sitio\/2010\/12\/30\/en-tierra-derecha-carrera-tecnico-profesional-del-liceo-virginio-arias-en-nipas\/#breadcrumb\"},\"inLanguage\":\"es\",\"potentialAction\":[{\"@type\":\"ReadAction\",\"target\":[\"https:\/\/www.fraczinet.cl\/sitio\/2010\/12\/30\/en-tierra-derecha-carrera-tecnico-profesional-del-liceo-virginio-arias-en-nipas\/\"]}]},{\"@type\":\"ImageObject\",\"inLanguage\":\"es\",\"@id\":\"https:\/\/www.fraczinet.cl\/sitio\/2010\/12\/30\/en-tierra-derecha-carrera-tecnico-profesional-del-liceo-virginio-arias-en-nipas\/#primaryimage\",\"url\":\"https:\/\/2.bp.blogspot.com\/_2S_RxGRVjis\/TRxpezAoWJI\/AAAAAAAARtw\/eOZLo3a82js\/s400\/Carreratecnica%2BRanquil.JPG\",\"contentUrl\":\"https:\/\/2.bp.blogspot.com\/_2S_RxGRVjis\/TRxpezAoWJI\/AAAAAAAARtw\/eOZLo3a82js\/s400\/Carreratecnica%2BRanquil.JPG\"},{\"@type\":\"BreadcrumbList\",\"@id\":\"https:\/\/www.fraczinet.cl\/sitio\/2010\/12\/30\/en-tierra-derecha-carrera-tecnico-profesional-del-liceo-virginio-arias-en-nipas\/#breadcrumb\",\"itemListElement\":[{\"@type\":\"ListItem\",\"position\":1,\"name\":\"Portada\",\"item\":\"https:\/\/www.fraczinet.cl\/sitio\/\"},{\"@type\":\"ListItem\",\"position\":2,\"name\":\"En Tierra Derecha Carrera T\u00e9cnico Profesional Del Liceo Virginio Arias En \u00d1ipas\"}]},{\"@type\":\"WebSite\",\"@id\":\"https:\/\/www.fraczinet.cl\/sitio\/#website\",\"url\":\"https:\/\/www.fraczinet.cl\/sitio\/\",\"name\":\"Nuestro Bio B\u00edo\",\"description\":\"Tierra de Encuentros\",\"publisher\":{\"@id\":\"https:\/\/www.fraczinet.cl\/sitio\/#\/schema\/person\/aec8ee4da68df2b9b0eefdad24a0d582\"},\"potentialAction\":[{\"@type\":\"SearchAction\",\"target\":{\"@type\":\"EntryPoint\",\"urlTemplate\":\"https:\/\/www.fraczinet.cl\/sitio\/?s={search_term_string}\"},\"query-input\":{\"@type\":\"PropertyValueSpecification\",\"valueRequired\":true,\"valueName\":\"search_term_string\"}}],\"inLanguage\":\"es\"},{\"@type\":[\"Person\",\"Organization\"],\"@id\":\"https:\/\/www.fraczinet.cl\/sitio\/#\/schema\/person\/aec8ee4da68df2b9b0eefdad24a0d582\",\"name\":\"Luis Fernando Fraczinet\",\"image\":{\"@type\":\"ImageObject\",\"inLanguage\":\"es\",\"@id\":\"https:\/\/www.fraczinet.cl\/sitio\/#\/schema\/person\/image\/\",\"url\":\"https:\/\/www.fraczinet.cl\/sitio\/wp-content\/uploads\/2021\/07\/bannerlogo-1.gif\",\"contentUrl\":\"https:\/\/www.fraczinet.cl\/sitio\/wp-content\/uploads\/2021\/07\/bannerlogo-1.gif\",\"width\":159,\"height\":79,\"caption\":\"Luis Fernando Fraczinet\"},\"logo\":{\"@id\":\"https:\/\/www.fraczinet.cl\/sitio\/#\/schema\/person\/image\/\"},\"sameAs\":[\"https:\/\/www.fraczinet.cl\/sitio\/\"]},{\"@type\":\"Person\",\"@id\":\"https:\/\/www.fraczinet.cl\/sitio\/#\/schema\/person\/bc30f98e9cb10ae7e119dbe14bc93784\",\"name\":\"admin\",\"image\":{\"@type\":\"ImageObject\",\"inLanguage\":\"es\",\"@id\":\"https:\/\/www.fraczinet.cl\/sitio\/#\/schema\/person\/image\/\",\"url\":\"https:\/\/secure.gravatar.com\/avatar\/d5ad3cf7ef3b23a2bb5be73be780c86b2fc8545c3ad6b149f3913ff458c00099?s=96&d=mm&r=g\",\"contentUrl\":\"https:\/\/secure.gravatar.com\/avatar\/d5ad3cf7ef3b23a2bb5be73be780c86b2fc8545c3ad6b149f3913ff458c00099?s=96&d=mm&r=g\",\"caption\":\"admin\"},\"sameAs\":[\"https:\/\/www.fraczinet.cl\/sitio\"]}]}<\/script>\n<!-- \/ Yoast SEO plugin. -->","yoast_head_json":{"title":"En Tierra Derecha Carrera T\u00e9cnico Profesional Del Liceo Virginio Arias En \u00d1ipas - Nuestro Bio B\u00edo","robots":{"index":"index","follow":"follow","max-snippet":"max-snippet:-1","max-image-preview":"max-image-preview:large","max-video-preview":"max-video-preview:-1"},"canonical":"https:\/\/www.fraczinet.cl\/sitio\/2010\/12\/30\/en-tierra-derecha-carrera-tecnico-profesional-del-liceo-virginio-arias-en-nipas\/","og_locale":"es_ES","og_type":"article","og_title":"En Tierra Derecha Carrera T\u00e9cnico Profesional Del Liceo Virginio Arias En \u00d1ipas - Nuestro Bio B\u00edo","og_description":"En una importante una reuni\u00f3n entre representantes del Liceo Virginio Arias en la cual estuvieron presentes la Directora de establecimiento Nubia Carranza, el Jefe de la UTP Javier San Mart\u00edn, el Sr. Alcalde Carlos Garrido C\u00e1rcamo, el Jefe del Departamento de Educaci\u00f3n, Sr. Jos\u00e9 Fuentealba P\u00e9rez y el Sr . Julio Fern\u00e1ndez, encargado de Serplac [&hellip;]","og_url":"https:\/\/www.fraczinet.cl\/sitio\/2010\/12\/30\/en-tierra-derecha-carrera-tecnico-profesional-del-liceo-virginio-arias-en-nipas\/","og_site_name":"Nuestro Bio B\u00edo","article_published_time":"2010-12-30T10:43:00+00:00","article_modified_time":"2022-10-07T00:32:22+00:00","og_image":[{"url":"https:\/\/2.bp.blogspot.com\/_2S_RxGRVjis\/TRxpezAoWJI\/AAAAAAAARtw\/eOZLo3a82js\/s400\/Carreratecnica%2BRanquil.JPG","type":"","width":"","height":""}],"author":"admin","twitter_card":"summary_large_image","twitter_creator":"@nuestrobiobio","twitter_site":"@nuestrobiobio","twitter_misc":{"Escrito por":"admin","Tiempo de lectura":"2 minutos"},"schema":{"@context":"https:\/\/schema.org","@graph":[{"@type":"Article","@id":"https:\/\/www.fraczinet.cl\/sitio\/2010\/12\/30\/en-tierra-derecha-carrera-tecnico-profesional-del-liceo-virginio-arias-en-nipas\/#article","isPartOf":{"@id":"https:\/\/www.fraczinet.cl\/sitio\/2010\/12\/30\/en-tierra-derecha-carrera-tecnico-profesional-del-liceo-virginio-arias-en-nipas\/"},"author":{"name":"admin","@id":"https:\/\/www.fraczinet.cl\/sitio\/#\/schema\/person\/bc30f98e9cb10ae7e119dbe14bc93784"},"headline":"En Tierra Derecha Carrera T\u00e9cnico Profesional Del Liceo Virginio Arias En \u00d1ipas","datePublished":"2010-12-30T10:43:00+00:00","dateModified":"2022-10-07T00:32:22+00:00","mainEntityOfPage":{"@id":"https:\/\/www.fraczinet.cl\/sitio\/2010\/12\/30\/en-tierra-derecha-carrera-tecnico-profesional-del-liceo-virginio-arias-en-nipas\/"},"wordCount":512,"commentCount":0,"publisher":{"@id":"https:\/\/www.fraczinet.cl\/sitio\/#\/schema\/person\/aec8ee4da68df2b9b0eefdad24a0d582"},"image":{"@id":"https:\/\/www.fraczinet.cl\/sitio\/2010\/12\/30\/en-tierra-derecha-carrera-tecnico-profesional-del-liceo-virginio-arias-en-nipas\/#primaryimage"},"thumbnailUrl":"https:\/\/2.bp.blogspot.com\/_2S_RxGRVjis\/TRxpezAoWJI\/AAAAAAAARtw\/eOZLo3a82js\/s400\/Carreratecnica%2BRanquil.JPG","articleSection":["Educaci\u00f3n"],"inLanguage":"es","potentialAction":[{"@type":"CommentAction","name":"Comment","target":["https:\/\/www.fraczinet.cl\/sitio\/2010\/12\/30\/en-tierra-derecha-carrera-tecnico-profesional-del-liceo-virginio-arias-en-nipas\/#respond"]}]},{"@type":"WebPage","@id":"https:\/\/www.fraczinet.cl\/sitio\/2010\/12\/30\/en-tierra-derecha-carrera-tecnico-profesional-del-liceo-virginio-arias-en-nipas\/","url":"https:\/\/www.fraczinet.cl\/sitio\/2010\/12\/30\/en-tierra-derecha-carrera-tecnico-profesional-del-liceo-virginio-arias-en-nipas\/","name":"En Tierra Derecha Carrera T\u00e9cnico Profesional Del Liceo Virginio Arias En \u00d1ipas - Nuestro Bio B\u00edo","isPartOf":{"@id":"https:\/\/www.fraczinet.cl\/sitio\/#website"},"primaryImageOfPage":{"@id":"https:\/\/www.fraczinet.cl\/sitio\/2010\/12\/30\/en-tierra-derecha-carrera-tecnico-profesional-del-liceo-virginio-arias-en-nipas\/#primaryimage"},"image":{"@id":"https:\/\/www.fraczinet.cl\/sitio\/2010\/12\/30\/en-tierra-derecha-carrera-tecnico-profesional-del-liceo-virginio-arias-en-nipas\/#primaryimage"},"thumbnailUrl":"https:\/\/2.bp.blogspot.com\/_2S_RxGRVjis\/TRxpezAoWJI\/AAAAAAAARtw\/eOZLo3a82js\/s400\/Carreratecnica%2BRanquil.JPG","datePublished":"2010-12-30T10:43:00+00:00","dateModified":"2022-10-07T00:32:22+00:00","breadcrumb":{"@id":"https:\/\/www.fraczinet.cl\/sitio\/2010\/12\/30\/en-tierra-derecha-carrera-tecnico-profesional-del-liceo-virginio-arias-en-nipas\/#breadcrumb"},"inLanguage":"es","potentialAction":[{"@type":"ReadAction","target":["https:\/\/www.fraczinet.cl\/sitio\/2010\/12\/30\/en-tierra-derecha-carrera-tecnico-profesional-del-liceo-virginio-arias-en-nipas\/"]}]},{"@type":"ImageObject","inLanguage":"es","@id":"https:\/\/www.fraczinet.cl\/sitio\/2010\/12\/30\/en-tierra-derecha-carrera-tecnico-profesional-del-liceo-virginio-arias-en-nipas\/#primaryimage","url":"https:\/\/2.bp.blogspot.com\/_2S_RxGRVjis\/TRxpezAoWJI\/AAAAAAAARtw\/eOZLo3a82js\/s400\/Carreratecnica%2BRanquil.JPG","contentUrl":"https:\/\/2.bp.blogspot.com\/_2S_RxGRVjis\/TRxpezAoWJI\/AAAAAAAARtw\/eOZLo3a82js\/s400\/Carreratecnica%2BRanquil.JPG"},{"@type":"BreadcrumbList","@id":"https:\/\/www.fraczinet.cl\/sitio\/2010\/12\/30\/en-tierra-derecha-carrera-tecnico-profesional-del-liceo-virginio-arias-en-nipas\/#breadcrumb","itemListElement":[{"@type":"ListItem","position":1,"name":"Portada","item":"https:\/\/www.fraczinet.cl\/sitio\/"},{"@type":"ListItem","position":2,"name":"En Tierra Derecha Carrera T\u00e9cnico Profesional Del Liceo Virginio Arias En \u00d1ipas"}]},{"@type":"WebSite","@id":"https:\/\/www.fraczinet.cl\/sitio\/#website","url":"https:\/\/www.fraczinet.cl\/sitio\/","name":"Nuestro Bio B\u00edo","description":"Tierra de Encuentros","publisher":{"@id":"https:\/\/www.fraczinet.cl\/sitio\/#\/schema\/person\/aec8ee4da68df2b9b0eefdad24a0d582"},"potentialAction":[{"@type":"SearchAction","target":{"@type":"EntryPoint","urlTemplate":"https:\/\/www.fraczinet.cl\/sitio\/?s={search_term_string}"},"query-input":{"@type":"PropertyValueSpecification","valueRequired":true,"valueName":"search_term_string"}}],"inLanguage":"es"},{"@type":["Person","Organization"],"@id":"https:\/\/www.fraczinet.cl\/sitio\/#\/schema\/person\/aec8ee4da68df2b9b0eefdad24a0d582","name":"Luis Fernando Fraczinet","image":{"@type":"ImageObject","inLanguage":"es","@id":"https:\/\/www.fraczinet.cl\/sitio\/#\/schema\/person\/image\/","url":"https:\/\/www.fraczinet.cl\/sitio\/wp-content\/uploads\/2021\/07\/bannerlogo-1.gif","contentUrl":"https:\/\/www.fraczinet.cl\/sitio\/wp-content\/uploads\/2021\/07\/bannerlogo-1.gif","width":159,"height":79,"caption":"Luis Fernando Fraczinet"},"logo":{"@id":"https:\/\/www.fraczinet.cl\/sitio\/#\/schema\/person\/image\/"},"sameAs":["https:\/\/www.fraczinet.cl\/sitio\/"]},{"@type":"Person","@id":"https:\/\/www.fraczinet.cl\/sitio\/#\/schema\/person\/bc30f98e9cb10ae7e119dbe14bc93784","name":"admin","image":{"@type":"ImageObject","inLanguage":"es","@id":"https:\/\/www.fraczinet.cl\/sitio\/#\/schema\/person\/image\/","url":"https:\/\/secure.gravatar.com\/avatar\/d5ad3cf7ef3b23a2bb5be73be780c86b2fc8545c3ad6b149f3913ff458c00099?s=96&d=mm&r=g","contentUrl":"https:\/\/secure.gravatar.com\/avatar\/d5ad3cf7ef3b23a2bb5be73be780c86b2fc8545c3ad6b149f3913ff458c00099?s=96&d=mm&r=g","caption":"admin"},"sameAs":["https:\/\/www.fraczinet.cl\/sitio"]}]}},"_links":{"self":[{"href":"https:\/\/www.fraczinet.cl\/sitio\/wp-json\/wp\/v2\/posts\/8976","targetHints":{"allow":["GET"]}}],"collection":[{"href":"https:\/\/www.fraczinet.cl\/sitio\/wp-json\/wp\/v2\/posts"}],"about":[{"href":"https:\/\/www.fraczinet.cl\/sitio\/wp-json\/wp\/v2\/types\/post"}],"author":[{"embeddable":true,"href":"https:\/\/www.fraczinet.cl\/sitio\/wp-json\/wp\/v2\/users\/1"}],"replies":[{"embeddable":true,"href":"https:\/\/www.fraczinet.cl\/sitio\/wp-json\/wp\/v2\/comments?post=8976"}],"version-history":[{"count":1,"href":"https:\/\/www.fraczinet.cl\/sitio\/wp-json\/wp\/v2\/posts\/8976\/revisions"}],"predecessor-version":[{"id":14408,"href":"https:\/\/www.fraczinet.cl\/sitio\/wp-json\/wp\/v2\/posts\/8976\/revisions\/14408"}],"wp:attachment":[{"href":"https:\/\/www.fraczinet.cl\/sitio\/wp-json\/wp\/v2\/media?parent=8976"}],"wp:term":[{"taxonomy":"category","embeddable":true,"href":"https:\/\/www.fraczinet.cl\/sitio\/wp-json\/wp\/v2\/categories?post=8976"},{"taxonomy":"post_tag","embeddable":true,"href":"https:\/\/www.fraczinet.cl\/sitio\/wp-json\/wp\/v2\/tags?post=8976"}],"curies":[{"name":"wp","href":"https:\/\/api.w.org\/{rel}","templated":true}]}}