{"id":8977,"date":"2010-12-27T20:56:00","date_gmt":"2010-12-27T20:56:00","guid":{"rendered":"https:\/\/www.fraczinet.cl\/sitio\/2010\/12\/27\/nuevo-camion-tolva-para-nipas-soluciona-deficit-de-atencion-a-vecinos\/"},"modified":"2022-10-07T00:32:47","modified_gmt":"2022-10-07T00:32:47","slug":"nuevo-camion-tolva-para-nipas-soluciona-deficit-de-atencion-a-vecinos","status":"publish","type":"post","link":"https:\/\/www.fraczinet.cl\/sitio\/2010\/12\/27\/nuevo-camion-tolva-para-nipas-soluciona-deficit-de-atencion-a-vecinos\/","title":{"rendered":"Nuevo Cami\u00f3n Tolva Para \u00d1ipas Soluciona D\u00e9ficit De Atenci\u00f3n A Vecinos"},"content":{"rendered":"<p><a href=\"http:\/\/4.bp.blogspot.com\/_2S_RxGRVjis\/TRv95DHu-8I\/AAAAAAAARtg\/zJFY96uVC2o\/s1600\/P1010295.JPG\" style=\"clear: left; float: left; margin-bottom: 1em; margin-right: 1em;\"><img decoding=\"async\" alt=\"\" border=\"0\" id=\"BLOGGER_PHOTO_ID_5556313721823755202\" src=\"https:\/\/4.bp.blogspot.com\/_2S_RxGRVjis\/TRv95DHu-8I\/AAAAAAAARtg\/zJFY96uVC2o\/s400\/P1010295.JPG\" style=\"height: 300px; width: 400px;\" \/><\/a><\/p>\n<div style=\"text-align: justify;\">Con satisfacci\u00f3n y alegr\u00eda se recibi\u00f3 esta semana nuevo cami\u00f3n tolva que viene a solucionar un gran problema de atenci\u00f3n a los requerimientos de los vecinos de la Comuna de R\u00e1nquil que no pod\u00edan ser atendidos por falta de Veh\u00edculo de traslado de material pesado, a\u00fan existiendo uno pero que debido a la gran demanda de necesidades que se presentan no se pod\u00eda absorber todas.<\/div>\n<div style=\"text-align: justify;\"><\/div>\n<div style=\"text-align: justify;\">Con la la llegada de este un cami\u00f3n TOLVA de 6 metros c\u00fabicos, tipo disel turbo Aftercooler, de cilindrada de 3,9 l, norma de emisi\u00f3n Euro III, tiene una Carga M\u00e1xima de 11.890 Kg. PBV, 16.800 Kg. PBC 27.000 Kg. El Monto del cami\u00f3n Adjudicado fue de $ 38.627.400.- y fue financiado por el programa Circular 33 del Gobierno Regional del Bio Bio.<\/div>\n<div style=\"text-align: justify;\"><\/div>\n<div style=\"text-align: justify;\">El Alcalde Carlos Garrido  manifest\u00f3 su agradecimiento al Gobierno Regional ya que este vehiculo era un proyecto presentado en el mes de Febrero y que como todos sabemos que el terremoto del 27 de febrero podr\u00eda haber desvanecido las posibilidades, sin embargo se tuvo \u00e9xito y eso es valorable y nos permite dar curso a varias peticiones de los vecinos que necesitan del cami\u00f3n, se\u00f1alando  que no se descarta seguir trabajando para la adquisici\u00f3n de un cami\u00f3n aljibes que cubra el reparto de agua que esw necesario en varios sectores de la comuna debido a las sequ\u00edas y que a\u00f1o tras a\u00f1o se va agudizando mas. Sin dejar de mencionar que este a\u00f1o 2010 tambi\u00e9n se incorpor\u00f3 una motoniveladora que a solucionado los problemas de los caminos no enrolados y que presentan dificultades para el normal tr\u00e1nsito y que se han visto considerablemente mejorado en su calidad desde que llego esta maquina, adem\u00e1s se esta trabajando en la mitigaci\u00f3n de polvo en los caminos rurales con el fin de velar por una mejor salud para la poblaci\u00f3n.<\/div>\n","protected":false},"excerpt":{"rendered":"<p>Con satisfacci\u00f3n y alegr\u00eda se recibi\u00f3 esta semana nuevo cami\u00f3n tolva que viene a solucionar un gran problema de atenci\u00f3n a los requerimientos de los vecinos de la Comuna de R\u00e1nquil que no pod\u00edan ser atendidos por falta de Veh\u00edculo de traslado de material pesado, a\u00fan existiendo uno pero que debido a la gran demanda [&hellip;]<\/p>\n","protected":false},"author":1,"featured_media":0,"comment_status":"open","ping_status":"open","sticky":false,"template":"","format":"standard","meta":{"footnotes":""},"categories":[131],"tags":[],"class_list":["post-8977","post","type-post","status-publish","format-standard","hentry","category-politica"],"yoast_head":"<!-- This site is optimized with the Yoast SEO plugin v25.0 - https:\/\/yoast.com\/wordpress\/plugins\/seo\/ -->\n<title>Nuevo Cami\u00f3n Tolva Para \u00d1ipas Soluciona D\u00e9ficit De Atenci\u00f3n A Vecinos - Nuestro Bio B\u00edo<\/title>\n<meta name=\"robots\" content=\"index, follow, max-snippet:-1, max-image-preview:large, max-video-preview:-1\" \/>\n<link rel=\"canonical\" href=\"https:\/\/www.fraczinet.cl\/sitio\/2010\/12\/27\/nuevo-camion-tolva-para-nipas-soluciona-deficit-de-atencion-a-vecinos\/\" \/>\n<meta property=\"og:locale\" content=\"es_ES\" \/>\n<meta property=\"og:type\" content=\"article\" \/>\n<meta property=\"og:title\" content=\"Nuevo Cami\u00f3n Tolva Para \u00d1ipas Soluciona D\u00e9ficit De Atenci\u00f3n A Vecinos - Nuestro Bio B\u00edo\" \/>\n<meta property=\"og:description\" content=\"Con satisfacci\u00f3n y alegr\u00eda se recibi\u00f3 esta semana nuevo cami\u00f3n tolva que viene a solucionar un gran problema de atenci\u00f3n a los requerimientos de los vecinos de la Comuna de R\u00e1nquil que no pod\u00edan ser atendidos por falta de Veh\u00edculo de traslado de material pesado, a\u00fan existiendo uno pero que debido a la gran demanda [&hellip;]\" \/>\n<meta property=\"og:url\" content=\"https:\/\/www.fraczinet.cl\/sitio\/2010\/12\/27\/nuevo-camion-tolva-para-nipas-soluciona-deficit-de-atencion-a-vecinos\/\" \/>\n<meta property=\"og:site_name\" content=\"Nuestro Bio B\u00edo\" \/>\n<meta property=\"article:published_time\" content=\"2010-12-27T20:56:00+00:00\" \/>\n<meta property=\"article:modified_time\" content=\"2022-10-07T00:32:47+00:00\" \/>\n<meta property=\"og:image\" content=\"https:\/\/4.bp.blogspot.com\/_2S_RxGRVjis\/TRv95DHu-8I\/AAAAAAAARtg\/zJFY96uVC2o\/s400\/P1010295.JPG\" \/>\n<meta name=\"author\" content=\"admin\" \/>\n<meta name=\"twitter:card\" content=\"summary_large_image\" \/>\n<meta name=\"twitter:creator\" content=\"@nuestrobiobio\" \/>\n<meta name=\"twitter:site\" content=\"@nuestrobiobio\" \/>\n<meta name=\"twitter:label1\" content=\"Escrito por\" \/>\n\t<meta name=\"twitter:data1\" content=\"admin\" \/>\n\t<meta name=\"twitter:label2\" content=\"Tiempo de lectura\" \/>\n\t<meta name=\"twitter:data2\" content=\"2 minutos\" \/>\n<script type=\"application\/ld+json\" class=\"yoast-schema-graph\">{\"@context\":\"https:\/\/schema.org\",\"@graph\":[{\"@type\":\"Article\",\"@id\":\"https:\/\/www.fraczinet.cl\/sitio\/2010\/12\/27\/nuevo-camion-tolva-para-nipas-soluciona-deficit-de-atencion-a-vecinos\/#article\",\"isPartOf\":{\"@id\":\"https:\/\/www.fraczinet.cl\/sitio\/2010\/12\/27\/nuevo-camion-tolva-para-nipas-soluciona-deficit-de-atencion-a-vecinos\/\"},\"author\":{\"name\":\"admin\",\"@id\":\"https:\/\/www.fraczinet.cl\/sitio\/#\/schema\/person\/bc30f98e9cb10ae7e119dbe14bc93784\"},\"headline\":\"Nuevo Cami\u00f3n Tolva Para \u00d1ipas Soluciona D\u00e9ficit De Atenci\u00f3n A Vecinos\",\"datePublished\":\"2010-12-27T20:56:00+00:00\",\"dateModified\":\"2022-10-07T00:32:47+00:00\",\"mainEntityOfPage\":{\"@id\":\"https:\/\/www.fraczinet.cl\/sitio\/2010\/12\/27\/nuevo-camion-tolva-para-nipas-soluciona-deficit-de-atencion-a-vecinos\/\"},\"wordCount\":338,\"commentCount\":0,\"publisher\":{\"@id\":\"https:\/\/www.fraczinet.cl\/sitio\/#\/schema\/person\/aec8ee4da68df2b9b0eefdad24a0d582\"},\"image\":{\"@id\":\"https:\/\/www.fraczinet.cl\/sitio\/2010\/12\/27\/nuevo-camion-tolva-para-nipas-soluciona-deficit-de-atencion-a-vecinos\/#primaryimage\"},\"thumbnailUrl\":\"https:\/\/4.bp.blogspot.com\/_2S_RxGRVjis\/TRv95DHu-8I\/AAAAAAAARtg\/zJFY96uVC2o\/s400\/P1010295.JPG\",\"articleSection\":[\"Pol\u00edtica\"],\"inLanguage\":\"es\",\"potentialAction\":[{\"@type\":\"CommentAction\",\"name\":\"Comment\",\"target\":[\"https:\/\/www.fraczinet.cl\/sitio\/2010\/12\/27\/nuevo-camion-tolva-para-nipas-soluciona-deficit-de-atencion-a-vecinos\/#respond\"]}]},{\"@type\":\"WebPage\",\"@id\":\"https:\/\/www.fraczinet.cl\/sitio\/2010\/12\/27\/nuevo-camion-tolva-para-nipas-soluciona-deficit-de-atencion-a-vecinos\/\",\"url\":\"https:\/\/www.fraczinet.cl\/sitio\/2010\/12\/27\/nuevo-camion-tolva-para-nipas-soluciona-deficit-de-atencion-a-vecinos\/\",\"name\":\"Nuevo Cami\u00f3n Tolva Para \u00d1ipas Soluciona D\u00e9ficit De Atenci\u00f3n A Vecinos - Nuestro Bio B\u00edo\",\"isPartOf\":{\"@id\":\"https:\/\/www.fraczinet.cl\/sitio\/#website\"},\"primaryImageOfPage\":{\"@id\":\"https:\/\/www.fraczinet.cl\/sitio\/2010\/12\/27\/nuevo-camion-tolva-para-nipas-soluciona-deficit-de-atencion-a-vecinos\/#primaryimage\"},\"image\":{\"@id\":\"https:\/\/www.fraczinet.cl\/sitio\/2010\/12\/27\/nuevo-camion-tolva-para-nipas-soluciona-deficit-de-atencion-a-vecinos\/#primaryimage\"},\"thumbnailUrl\":\"https:\/\/4.bp.blogspot.com\/_2S_RxGRVjis\/TRv95DHu-8I\/AAAAAAAARtg\/zJFY96uVC2o\/s400\/P1010295.JPG\",\"datePublished\":\"2010-12-27T20:56:00+00:00\",\"dateModified\":\"2022-10-07T00:32:47+00:00\",\"breadcrumb\":{\"@id\":\"https:\/\/www.fraczinet.cl\/sitio\/2010\/12\/27\/nuevo-camion-tolva-para-nipas-soluciona-deficit-de-atencion-a-vecinos\/#breadcrumb\"},\"inLanguage\":\"es\",\"potentialAction\":[{\"@type\":\"ReadAction\",\"target\":[\"https:\/\/www.fraczinet.cl\/sitio\/2010\/12\/27\/nuevo-camion-tolva-para-nipas-soluciona-deficit-de-atencion-a-vecinos\/\"]}]},{\"@type\":\"ImageObject\",\"inLanguage\":\"es\",\"@id\":\"https:\/\/www.fraczinet.cl\/sitio\/2010\/12\/27\/nuevo-camion-tolva-para-nipas-soluciona-deficit-de-atencion-a-vecinos\/#primaryimage\",\"url\":\"https:\/\/4.bp.blogspot.com\/_2S_RxGRVjis\/TRv95DHu-8I\/AAAAAAAARtg\/zJFY96uVC2o\/s400\/P1010295.JPG\",\"contentUrl\":\"https:\/\/4.bp.blogspot.com\/_2S_RxGRVjis\/TRv95DHu-8I\/AAAAAAAARtg\/zJFY96uVC2o\/s400\/P1010295.JPG\"},{\"@type\":\"BreadcrumbList\",\"@id\":\"https:\/\/www.fraczinet.cl\/sitio\/2010\/12\/27\/nuevo-camion-tolva-para-nipas-soluciona-deficit-de-atencion-a-vecinos\/#breadcrumb\",\"itemListElement\":[{\"@type\":\"ListItem\",\"position\":1,\"name\":\"Portada\",\"item\":\"https:\/\/www.fraczinet.cl\/sitio\/\"},{\"@type\":\"ListItem\",\"position\":2,\"name\":\"Nuevo Cami\u00f3n Tolva Para \u00d1ipas Soluciona D\u00e9ficit De Atenci\u00f3n A Vecinos\"}]},{\"@type\":\"WebSite\",\"@id\":\"https:\/\/www.fraczinet.cl\/sitio\/#website\",\"url\":\"https:\/\/www.fraczinet.cl\/sitio\/\",\"name\":\"Nuestro Bio B\u00edo\",\"description\":\"Tierra de Encuentros\",\"publisher\":{\"@id\":\"https:\/\/www.fraczinet.cl\/sitio\/#\/schema\/person\/aec8ee4da68df2b9b0eefdad24a0d582\"},\"potentialAction\":[{\"@type\":\"SearchAction\",\"target\":{\"@type\":\"EntryPoint\",\"urlTemplate\":\"https:\/\/www.fraczinet.cl\/sitio\/?s={search_term_string}\"},\"query-input\":{\"@type\":\"PropertyValueSpecification\",\"valueRequired\":true,\"valueName\":\"search_term_string\"}}],\"inLanguage\":\"es\"},{\"@type\":[\"Person\",\"Organization\"],\"@id\":\"https:\/\/www.fraczinet.cl\/sitio\/#\/schema\/person\/aec8ee4da68df2b9b0eefdad24a0d582\",\"name\":\"Luis Fernando Fraczinet\",\"image\":{\"@type\":\"ImageObject\",\"inLanguage\":\"es\",\"@id\":\"https:\/\/www.fraczinet.cl\/sitio\/#\/schema\/person\/image\/\",\"url\":\"https:\/\/www.fraczinet.cl\/sitio\/wp-content\/uploads\/2021\/07\/bannerlogo-1.gif\",\"contentUrl\":\"https:\/\/www.fraczinet.cl\/sitio\/wp-content\/uploads\/2021\/07\/bannerlogo-1.gif\",\"width\":159,\"height\":79,\"caption\":\"Luis Fernando Fraczinet\"},\"logo\":{\"@id\":\"https:\/\/www.fraczinet.cl\/sitio\/#\/schema\/person\/image\/\"},\"sameAs\":[\"https:\/\/www.fraczinet.cl\/sitio\/\"]},{\"@type\":\"Person\",\"@id\":\"https:\/\/www.fraczinet.cl\/sitio\/#\/schema\/person\/bc30f98e9cb10ae7e119dbe14bc93784\",\"name\":\"admin\",\"image\":{\"@type\":\"ImageObject\",\"inLanguage\":\"es\",\"@id\":\"https:\/\/www.fraczinet.cl\/sitio\/#\/schema\/person\/image\/\",\"url\":\"https:\/\/secure.gravatar.com\/avatar\/d5ad3cf7ef3b23a2bb5be73be780c86b2fc8545c3ad6b149f3913ff458c00099?s=96&d=mm&r=g\",\"contentUrl\":\"https:\/\/secure.gravatar.com\/avatar\/d5ad3cf7ef3b23a2bb5be73be780c86b2fc8545c3ad6b149f3913ff458c00099?s=96&d=mm&r=g\",\"caption\":\"admin\"},\"sameAs\":[\"https:\/\/www.fraczinet.cl\/sitio\"]}]}<\/script>\n<!-- \/ Yoast SEO plugin. -->","yoast_head_json":{"title":"Nuevo Cami\u00f3n Tolva Para \u00d1ipas Soluciona D\u00e9ficit De Atenci\u00f3n A Vecinos - Nuestro Bio B\u00edo","robots":{"index":"index","follow":"follow","max-snippet":"max-snippet:-1","max-image-preview":"max-image-preview:large","max-video-preview":"max-video-preview:-1"},"canonical":"https:\/\/www.fraczinet.cl\/sitio\/2010\/12\/27\/nuevo-camion-tolva-para-nipas-soluciona-deficit-de-atencion-a-vecinos\/","og_locale":"es_ES","og_type":"article","og_title":"Nuevo Cami\u00f3n Tolva Para \u00d1ipas Soluciona D\u00e9ficit De Atenci\u00f3n A Vecinos - Nuestro Bio B\u00edo","og_description":"Con satisfacci\u00f3n y alegr\u00eda se recibi\u00f3 esta semana nuevo cami\u00f3n tolva que viene a solucionar un gran problema de atenci\u00f3n a los requerimientos de los vecinos de la Comuna de R\u00e1nquil que no pod\u00edan ser atendidos por falta de Veh\u00edculo de traslado de material pesado, a\u00fan existiendo uno pero que debido a la gran demanda [&hellip;]","og_url":"https:\/\/www.fraczinet.cl\/sitio\/2010\/12\/27\/nuevo-camion-tolva-para-nipas-soluciona-deficit-de-atencion-a-vecinos\/","og_site_name":"Nuestro Bio B\u00edo","article_published_time":"2010-12-27T20:56:00+00:00","article_modified_time":"2022-10-07T00:32:47+00:00","og_image":[{"url":"https:\/\/4.bp.blogspot.com\/_2S_RxGRVjis\/TRv95DHu-8I\/AAAAAAAARtg\/zJFY96uVC2o\/s400\/P1010295.JPG","type":"","width":"","height":""}],"author":"admin","twitter_card":"summary_large_image","twitter_creator":"@nuestrobiobio","twitter_site":"@nuestrobiobio","twitter_misc":{"Escrito por":"admin","Tiempo de lectura":"2 minutos"},"schema":{"@context":"https:\/\/schema.org","@graph":[{"@type":"Article","@id":"https:\/\/www.fraczinet.cl\/sitio\/2010\/12\/27\/nuevo-camion-tolva-para-nipas-soluciona-deficit-de-atencion-a-vecinos\/#article","isPartOf":{"@id":"https:\/\/www.fraczinet.cl\/sitio\/2010\/12\/27\/nuevo-camion-tolva-para-nipas-soluciona-deficit-de-atencion-a-vecinos\/"},"author":{"name":"admin","@id":"https:\/\/www.fraczinet.cl\/sitio\/#\/schema\/person\/bc30f98e9cb10ae7e119dbe14bc93784"},"headline":"Nuevo Cami\u00f3n Tolva Para \u00d1ipas Soluciona D\u00e9ficit De Atenci\u00f3n A Vecinos","datePublished":"2010-12-27T20:56:00+00:00","dateModified":"2022-10-07T00:32:47+00:00","mainEntityOfPage":{"@id":"https:\/\/www.fraczinet.cl\/sitio\/2010\/12\/27\/nuevo-camion-tolva-para-nipas-soluciona-deficit-de-atencion-a-vecinos\/"},"wordCount":338,"commentCount":0,"publisher":{"@id":"https:\/\/www.fraczinet.cl\/sitio\/#\/schema\/person\/aec8ee4da68df2b9b0eefdad24a0d582"},"image":{"@id":"https:\/\/www.fraczinet.cl\/sitio\/2010\/12\/27\/nuevo-camion-tolva-para-nipas-soluciona-deficit-de-atencion-a-vecinos\/#primaryimage"},"thumbnailUrl":"https:\/\/4.bp.blogspot.com\/_2S_RxGRVjis\/TRv95DHu-8I\/AAAAAAAARtg\/zJFY96uVC2o\/s400\/P1010295.JPG","articleSection":["Pol\u00edtica"],"inLanguage":"es","potentialAction":[{"@type":"CommentAction","name":"Comment","target":["https:\/\/www.fraczinet.cl\/sitio\/2010\/12\/27\/nuevo-camion-tolva-para-nipas-soluciona-deficit-de-atencion-a-vecinos\/#respond"]}]},{"@type":"WebPage","@id":"https:\/\/www.fraczinet.cl\/sitio\/2010\/12\/27\/nuevo-camion-tolva-para-nipas-soluciona-deficit-de-atencion-a-vecinos\/","url":"https:\/\/www.fraczinet.cl\/sitio\/2010\/12\/27\/nuevo-camion-tolva-para-nipas-soluciona-deficit-de-atencion-a-vecinos\/","name":"Nuevo Cami\u00f3n Tolva Para \u00d1ipas Soluciona D\u00e9ficit De Atenci\u00f3n A Vecinos - Nuestro Bio B\u00edo","isPartOf":{"@id":"https:\/\/www.fraczinet.cl\/sitio\/#website"},"primaryImageOfPage":{"@id":"https:\/\/www.fraczinet.cl\/sitio\/2010\/12\/27\/nuevo-camion-tolva-para-nipas-soluciona-deficit-de-atencion-a-vecinos\/#primaryimage"},"image":{"@id":"https:\/\/www.fraczinet.cl\/sitio\/2010\/12\/27\/nuevo-camion-tolva-para-nipas-soluciona-deficit-de-atencion-a-vecinos\/#primaryimage"},"thumbnailUrl":"https:\/\/4.bp.blogspot.com\/_2S_RxGRVjis\/TRv95DHu-8I\/AAAAAAAARtg\/zJFY96uVC2o\/s400\/P1010295.JPG","datePublished":"2010-12-27T20:56:00+00:00","dateModified":"2022-10-07T00:32:47+00:00","breadcrumb":{"@id":"https:\/\/www.fraczinet.cl\/sitio\/2010\/12\/27\/nuevo-camion-tolva-para-nipas-soluciona-deficit-de-atencion-a-vecinos\/#breadcrumb"},"inLanguage":"es","potentialAction":[{"@type":"ReadAction","target":["https:\/\/www.fraczinet.cl\/sitio\/2010\/12\/27\/nuevo-camion-tolva-para-nipas-soluciona-deficit-de-atencion-a-vecinos\/"]}]},{"@type":"ImageObject","inLanguage":"es","@id":"https:\/\/www.fraczinet.cl\/sitio\/2010\/12\/27\/nuevo-camion-tolva-para-nipas-soluciona-deficit-de-atencion-a-vecinos\/#primaryimage","url":"https:\/\/4.bp.blogspot.com\/_2S_RxGRVjis\/TRv95DHu-8I\/AAAAAAAARtg\/zJFY96uVC2o\/s400\/P1010295.JPG","contentUrl":"https:\/\/4.bp.blogspot.com\/_2S_RxGRVjis\/TRv95DHu-8I\/AAAAAAAARtg\/zJFY96uVC2o\/s400\/P1010295.JPG"},{"@type":"BreadcrumbList","@id":"https:\/\/www.fraczinet.cl\/sitio\/2010\/12\/27\/nuevo-camion-tolva-para-nipas-soluciona-deficit-de-atencion-a-vecinos\/#breadcrumb","itemListElement":[{"@type":"ListItem","position":1,"name":"Portada","item":"https:\/\/www.fraczinet.cl\/sitio\/"},{"@type":"ListItem","position":2,"name":"Nuevo Cami\u00f3n Tolva Para \u00d1ipas Soluciona D\u00e9ficit De Atenci\u00f3n A Vecinos"}]},{"@type":"WebSite","@id":"https:\/\/www.fraczinet.cl\/sitio\/#website","url":"https:\/\/www.fraczinet.cl\/sitio\/","name":"Nuestro Bio B\u00edo","description":"Tierra de Encuentros","publisher":{"@id":"https:\/\/www.fraczinet.cl\/sitio\/#\/schema\/person\/aec8ee4da68df2b9b0eefdad24a0d582"},"potentialAction":[{"@type":"SearchAction","target":{"@type":"EntryPoint","urlTemplate":"https:\/\/www.fraczinet.cl\/sitio\/?s={search_term_string}"},"query-input":{"@type":"PropertyValueSpecification","valueRequired":true,"valueName":"search_term_string"}}],"inLanguage":"es"},{"@type":["Person","Organization"],"@id":"https:\/\/www.fraczinet.cl\/sitio\/#\/schema\/person\/aec8ee4da68df2b9b0eefdad24a0d582","name":"Luis Fernando Fraczinet","image":{"@type":"ImageObject","inLanguage":"es","@id":"https:\/\/www.fraczinet.cl\/sitio\/#\/schema\/person\/image\/","url":"https:\/\/www.fraczinet.cl\/sitio\/wp-content\/uploads\/2021\/07\/bannerlogo-1.gif","contentUrl":"https:\/\/www.fraczinet.cl\/sitio\/wp-content\/uploads\/2021\/07\/bannerlogo-1.gif","width":159,"height":79,"caption":"Luis Fernando Fraczinet"},"logo":{"@id":"https:\/\/www.fraczinet.cl\/sitio\/#\/schema\/person\/image\/"},"sameAs":["https:\/\/www.fraczinet.cl\/sitio\/"]},{"@type":"Person","@id":"https:\/\/www.fraczinet.cl\/sitio\/#\/schema\/person\/bc30f98e9cb10ae7e119dbe14bc93784","name":"admin","image":{"@type":"ImageObject","inLanguage":"es","@id":"https:\/\/www.fraczinet.cl\/sitio\/#\/schema\/person\/image\/","url":"https:\/\/secure.gravatar.com\/avatar\/d5ad3cf7ef3b23a2bb5be73be780c86b2fc8545c3ad6b149f3913ff458c00099?s=96&d=mm&r=g","contentUrl":"https:\/\/secure.gravatar.com\/avatar\/d5ad3cf7ef3b23a2bb5be73be780c86b2fc8545c3ad6b149f3913ff458c00099?s=96&d=mm&r=g","caption":"admin"},"sameAs":["https:\/\/www.fraczinet.cl\/sitio"]}]}},"_links":{"self":[{"href":"https:\/\/www.fraczinet.cl\/sitio\/wp-json\/wp\/v2\/posts\/8977","targetHints":{"allow":["GET"]}}],"collection":[{"href":"https:\/\/www.fraczinet.cl\/sitio\/wp-json\/wp\/v2\/posts"}],"about":[{"href":"https:\/\/www.fraczinet.cl\/sitio\/wp-json\/wp\/v2\/types\/post"}],"author":[{"embeddable":true,"href":"https:\/\/www.fraczinet.cl\/sitio\/wp-json\/wp\/v2\/users\/1"}],"replies":[{"embeddable":true,"href":"https:\/\/www.fraczinet.cl\/sitio\/wp-json\/wp\/v2\/comments?post=8977"}],"version-history":[{"count":1,"href":"https:\/\/www.fraczinet.cl\/sitio\/wp-json\/wp\/v2\/posts\/8977\/revisions"}],"predecessor-version":[{"id":14409,"href":"https:\/\/www.fraczinet.cl\/sitio\/wp-json\/wp\/v2\/posts\/8977\/revisions\/14409"}],"wp:attachment":[{"href":"https:\/\/www.fraczinet.cl\/sitio\/wp-json\/wp\/v2\/media?parent=8977"}],"wp:term":[{"taxonomy":"category","embeddable":true,"href":"https:\/\/www.fraczinet.cl\/sitio\/wp-json\/wp\/v2\/categories?post=8977"},{"taxonomy":"post_tag","embeddable":true,"href":"https:\/\/www.fraczinet.cl\/sitio\/wp-json\/wp\/v2\/tags?post=8977"}],"curies":[{"name":"wp","href":"https:\/\/api.w.org\/{rel}","templated":true}]}}