{"id":8981,"date":"2010-12-23T23:57:00","date_gmt":"2010-12-23T23:57:00","guid":{"rendered":"https:\/\/www.fraczinet.cl\/sitio\/2010\/12\/23\/ganadores-del-tercer-concurso-de-fotografia-flora-y-fauna-reconocemos-lo-nuestro\/"},"modified":"2010-12-23T23:57:00","modified_gmt":"2010-12-23T23:57:00","slug":"ganadores-del-tercer-concurso-de-fotografia-flora-y-fauna-reconocemos-lo-nuestro","status":"publish","type":"post","link":"https:\/\/www.fraczinet.cl\/sitio\/ganadores-del-tercer-concurso-de-fotografia-flora-y-fauna-reconocemos-lo-nuestro\/","title":{"rendered":"Ganadores Del Tercer Concurso De Fotograf\u00eda: Flora Y Fauna Reconocemos Lo Nuestro"},"content":{"rendered":"<p><a href=\"http:\/\/3.bp.blogspot.com\/_2S_RxGRVjis\/TRPiXt7b1PI\/AAAAAAAARrU\/1zcRjS1uLPg\/s1600\/211%2BJuan%2Bmanuel%2BBarra%2BValdebenito.jpg\"><img decoding=\"async\" alt=\"\" border=\"0\" id=\"BLOGGER_PHOTO_ID_5554031662571705586\" src=\"https:\/\/3.bp.blogspot.com\/_2S_RxGRVjis\/TRPiXt7b1PI\/AAAAAAAARrU\/1zcRjS1uLPg\/s400\/211%2BJuan%2Bmanuel%2BBarra%2BValdebenito.jpg\" style=\"height: 300px; width: 400px;\" \/><\/a><\/p>\n<p>1) Nombre(s) Com\u00fan(es): Chirihue<br \/>2) Lugar: Plaza Per\u00fa, Concepci\u00f3n.<br \/>3) Fecha: Primavera<br \/>4) Estado: Adulto<br \/>5) Nombre del Autor: Juan Barra Valdebenito de la Ciudad de Lebu, Provincia de Arauco.<\/p>\n<p><a href=\"http:\/\/2.bp.blogspot.com\/_2S_RxGRVjis\/TUZ8-iVv5hI\/AAAAAAAASF4\/a-ks74YKL1g\/s1600\/Juan%2BManuel%2Bganadoras1.jpg\"><img decoding=\"async\" alt=\"\" border=\"0\" id=\"BLOGGER_PHOTO_ID_5568275403101955602\" src=\"https:\/\/2.bp.blogspot.com\/_2S_RxGRVjis\/TUZ8-iVv5hI\/AAAAAAAASF4\/a-ks74YKL1g\/s200\/Juan%2BManuel%2Bganadoras1.jpg\" style=\"cursor: hand; cursor: pointer; float: left; height: 200px; margin: 0 10px 10px 0; width: 133px;\" \/><\/a><br \/><span style=\"font-weight: bold;\">Primer Lugar: Chirihue<\/span><span style=\"font-weight: bold;\">Premios<\/span>: Diploma, Ejemplar de la Gu\u00eda Ecocultural Pehuenche y 120.000.- pesos.<\/p>\n<p><span style=\"font-weight: bold;\">Segundo Lugar: Carpintero Negro.<\/span><\/p>\n<p><a href=\"http:\/\/4.bp.blogspot.com\/_2S_RxGRVjis\/TRPiXC9aMQI\/AAAAAAAARrM\/orEnkmuw8N8\/s1600\/223%2BCote%2BJara.jpg\"><img decoding=\"async\" alt=\"\" border=\"0\" id=\"BLOGGER_PHOTO_ID_5554031651037262082\" src=\"https:\/\/4.bp.blogspot.com\/_2S_RxGRVjis\/TRPiXC9aMQI\/AAAAAAAARrM\/orEnkmuw8N8\/s400\/223%2BCote%2BJara.jpg\" style=\"cursor: hand; cursor: pointer; height: 400px; width: 270px;\" \/><\/a><\/p>\n<p>1) Nombre(s) Com\u00fan(es): Carpintero Negro Macho (Campephilus magellanicus)<br \/>2) Lugar: Shangri-La, VIII Regi\u00f3n del Bio b\u00edo<br \/>3) Fecha: Agosto 2010<br \/>4) Estado: Adulto<br \/>5) Nombre del Autor: Maria Jose Jara Saavedra<\/p>\n<p><span style=\"font-weight: bold;\">Premios<\/span>: Diploma, Ejemplar de la Gu\u00eda Ecocultural Pehuenche y 80.000.- pesos.<\/p>\n<p><span style=\"font-weight: bold;\">Tercer Lugar: Cern\u00edcalo.<\/span><\/p>\n<p><a href=\"http:\/\/1.bp.blogspot.com\/_2S_RxGRVjis\/TRPiXOe7GEI\/AAAAAAAARrE\/_SxkEhN5cAk\/s1600\/34%2BCarlos%2BFlores%2BOlivares.jpg\"><img decoding=\"async\" alt=\"\" border=\"0\" id=\"BLOGGER_PHOTO_ID_5554031654130620482\" src=\"https:\/\/1.bp.blogspot.com\/_2S_RxGRVjis\/TRPiXOe7GEI\/AAAAAAAARrE\/_SxkEhN5cAk\/s400\/34%2BCarlos%2BFlores%2BOlivares.jpg\" style=\"cursor: hand; cursor: pointer; height: 225px; width: 400px;\" \/><\/a><\/p>\n<p>1) Nombre(s) Com\u00fan(es): Cernicalo (Falco sparverius)<br \/>2) Lugar: Mochileo Sur de Chile (Cerca de Chill\u00e1n)<br \/>3) Fecha: Verano<br \/>4) Estado: Juvenil<br \/>5) Nombre del Autor: Carlos Flores Olivares<\/p>\n<p><span style=\"font-weight: bold;\">Premios<\/span>: Diploma, Ejemplar de la Gu\u00eda Ecocultural Pehuenche y 50.000.- pesos.<\/p>\n<p>Agradecemos al Jurado por su participaci\u00f3n desinteresada en esta actividad.<\/p>\n<p><span style=\"font-weight: bold;\">Pablo Az\u00faa Garc\u00eda<\/span><br \/>Encargado Territorial Biob\u00edo<br \/>Fundaci\u00f3n Sendero de Chile<br \/>Lincoyan 145, Concepci\u00f3n<br \/>41-2791775<br \/><a href=\"http:\/\/www.senderodechile.cl\/\">www.senderodechile.cl<\/a> <\/p>\n<p>Eduardo Aravena Delgado<br \/>Artista Visual &#8211; Fot\u00f3grafo<br \/>Los \u00c1ngeles<br \/><a href=\"http:\/\/www.eduardoaravena.cl\/\">www.eduardoaravena.cl<\/a><\/p>\n<p>Este concurso fue convocados por 5 Medios de Comunicaci\u00f3n de la Regi\u00f3n del Bio B\u00edo.<\/p>\n<p><span style=\"font-weight: bold;\">Siete Ramas<\/span> \u2013 <a href=\"http:\/\/7ramas.blogspot.com\/\">http:\/\/7ramas.blogspot.com<\/a><br \/><span style=\"font-weight: bold;\">Chill\u00e1n Activo<\/span> \u2013 <a href=\"http:\/\/www.chillanactivo.cl\/\">http:\/\/www.chillanactivo.cl\/<\/a><br \/><span style=\"font-weight: bold;\">Lanalhue Noticias<\/span> \u2013 <a href=\"http:\/\/www.lanalhuenoticias.cl\/\">http:\/\/www.lanalhuenoticias.cl\/<\/a><br \/><span style=\"font-weight: bold;\">Cartelera Penquista<\/span> \u2013 <a href=\"http:\/\/www.facebook.com\/CarteleraPenquista\">http:\/\/www.facebook.com\/CarteleraPenquista<\/a><br \/><span style=\"font-weight: bold;\">Nuestro Bio B\u00edo.cl<\/span> \u2013<\/p>\n<p><a href=\"http:\/\/2.bp.blogspot.com\/_2S_RxGRVjis\/TGQ7Fw0QsaI\/AAAAAAAAQao\/iQlt7dBVdOA\/s400\/banner+memdios+jpg.jpg\"><img decoding=\"async\" alt=\"\" border=\"0\" src=\"https:\/\/2.bp.blogspot.com\/_2S_RxGRVjis\/TGQ7Fw0QsaI\/AAAAAAAAQao\/iQlt7dBVdOA\/s400\/banner+memdios+jpg.jpg\" style=\"cursor: hand; cursor: pointer; height: 94px; width: 400px;\" \/><\/a><\/p>\n<p>Confirmaci\u00f3n de recepci\u00f3n de premios para las personas que viven fuera de la regi\u00f3n.<\/p>\n<p><a href=\"http:\/\/4.bp.blogspot.com\/_2S_RxGRVjis\/TUaUh4NAtGI\/AAAAAAAASGI\/8Yz84nSSSSo\/s1600\/Mar%25C3%25ADa%2BJos%25C3%25A9%2BRecibido.jpg\"><img decoding=\"async\" alt=\"\" border=\"0\" id=\"BLOGGER_PHOTO_ID_5568301299033748578\" src=\"https:\/\/4.bp.blogspot.com\/_2S_RxGRVjis\/TUaUh4NAtGI\/AAAAAAAASGI\/8Yz84nSSSSo\/s200\/Mar%25C3%25ADa%2BJos%25C3%25A9%2BRecibido.jpg\" style=\"cursor: hand; cursor: pointer; float: left; height: 148px; margin: 0 10px 10px 0; width: 200px;\" \/><\/a><br \/><a href=\"http:\/\/2.bp.blogspot.com\/_2S_RxGRVjis\/TUaUhuuroVI\/AAAAAAAASGA\/2X2uk6gzyNQ\/s1600\/Carlos%2BRecibido.jpg\"><img decoding=\"async\" alt=\"\" border=\"0\" id=\"BLOGGER_PHOTO_ID_5568301296490619218\" src=\"https:\/\/2.bp.blogspot.com\/_2S_RxGRVjis\/TUaUhuuroVI\/AAAAAAAASGA\/2X2uk6gzyNQ\/s200\/Carlos%2BRecibido.jpg\" style=\"cursor: hand; cursor: pointer; float: left; height: 84px; margin: 0 10px 10px 0; width: 200px;\" \/><\/a><\/p>\n<p>Ev\u00edos realizados a la ciudad de Santiago y Chill\u00e1n. El ganador de la ciudad de Lebu s ele hizo entrega de las especies de forma personal.<br \/><a href=\"http:\/\/2.bp.blogspot.com\/_2S_RxGRVjis\/TUaV49fOeDI\/AAAAAAAASGQ\/E5AVjbKGK2A\/s1600\/Entregado%2Bambos.bmp\"><img decoding=\"async\" alt=\"\" border=\"0\" id=\"BLOGGER_PHOTO_ID_5568302795100944434\" src=\"https:\/\/2.bp.blogspot.com\/_2S_RxGRVjis\/TUaV49fOeDI\/AAAAAAAASGQ\/E5AVjbKGK2A\/s400\/Entregado%2Bambos.bmp\" style=\"cursor: hand; cursor: pointer; height: 263px; width: 204px;\" \/><\/a><\/p>\n","protected":false},"excerpt":{"rendered":"<p>1) Nombre(s) Com\u00fan(es): Chirihue2) Lugar: Plaza Per\u00fa, Concepci\u00f3n.3) Fecha: Primavera4) Estado: Adulto5) Nombre del Autor: Juan Barra Valdebenito de la Ciudad de Lebu, Provincia de Arauco. Primer Lugar: ChirihuePremios: Diploma, Ejemplar de la Gu\u00eda Ecocultural Pehuenche y 120.000.- pesos. Segundo Lugar: Carpintero Negro. 1) Nombre(s) Com\u00fan(es): Carpintero Negro Macho (Campephilus magellanicus)2) Lugar: Shangri-La, VIII Regi\u00f3n [&hellip;]<\/p>\n","protected":false},"author":1,"featured_media":0,"comment_status":"open","ping_status":"closed","sticky":false,"template":"","format":"standard","meta":{"footnotes":""},"categories":[206,208,146],"tags":[],"class_list":["post-8981","post","type-post","status-publish","format-standard","hentry","category-concursos","category-fotografia","category-region-del-bio-bio"],"yoast_head":"<!-- This site is optimized with the Yoast SEO plugin v28.2 - https:\/\/yoast.com\/product\/yoast-seo-wordpress\/ -->\n<title>Ganadores Del Tercer Concurso De Fotograf\u00eda: Flora Y Fauna Reconocemos Lo Nuestro - Nuestro Bio B\u00edo<\/title>\n<meta name=\"robots\" content=\"index, follow, max-snippet:-1, max-image-preview:large, max-video-preview:-1\" \/>\n<link rel=\"canonical\" href=\"https:\/\/www.fraczinet.cl\/sitio\/ganadores-del-tercer-concurso-de-fotografia-flora-y-fauna-reconocemos-lo-nuestro\/\" \/>\n<meta property=\"og:locale\" content=\"es_ES\" \/>\n<meta property=\"og:type\" content=\"article\" \/>\n<meta property=\"og:title\" content=\"Ganadores Del Tercer Concurso De Fotograf\u00eda: Flora Y Fauna Reconocemos Lo Nuestro - Nuestro Bio B\u00edo\" \/>\n<meta property=\"og:description\" content=\"1) Nombre(s) Com\u00fan(es): Chirihue2) Lugar: Plaza Per\u00fa, Concepci\u00f3n.3) Fecha: Primavera4) Estado: Adulto5) Nombre del Autor: Juan Barra Valdebenito de la Ciudad de Lebu, Provincia de Arauco. Primer Lugar: ChirihuePremios: Diploma, Ejemplar de la Gu\u00eda Ecocultural Pehuenche y 120.000.- pesos. Segundo Lugar: Carpintero Negro. 1) Nombre(s) Com\u00fan(es): Carpintero Negro Macho (Campephilus magellanicus)2) Lugar: Shangri-La, VIII Regi\u00f3n [&hellip;]\" \/>\n<meta property=\"og:url\" content=\"https:\/\/www.fraczinet.cl\/sitio\/ganadores-del-tercer-concurso-de-fotografia-flora-y-fauna-reconocemos-lo-nuestro\/\" \/>\n<meta property=\"og:site_name\" content=\"Nuestro Bio B\u00edo\" \/>\n<meta property=\"article:publisher\" content=\"https:\/\/www.facebook.com\/groups\/15721414452\/\" \/>\n<meta property=\"article:published_time\" content=\"2010-12-23T23:57:00+00:00\" \/>\n<meta property=\"og:image\" content=\"https:\/\/3.bp.blogspot.com\/_2S_RxGRVjis\/TRPiXt7b1PI\/AAAAAAAARrU\/1zcRjS1uLPg\/s400\/211%2BJuan%2Bmanuel%2BBarra%2BValdebenito.jpg\" \/>\n<meta name=\"twitter:card\" content=\"summary_large_image\" \/>\n<meta name=\"twitter:creator\" content=\"@nuestrobiobio\" \/>\n<meta name=\"twitter:site\" content=\"@nuestrobiobio\" \/>\n<meta name=\"twitter:label1\" content=\"Escrito por\" \/>\n\t<meta name=\"twitter:data1\" content=\"\" \/>\n\t<meta name=\"twitter:label2\" content=\"Tiempo de lectura\" \/>\n\t<meta name=\"twitter:data2\" content=\"1 minuto\" \/>\n<script type=\"application\/ld+json\" class=\"yoast-schema-graph\">{\"@context\":\"https:\\\/\\\/schema.org\",\"@graph\":[{\"@type\":\"Article\",\"@id\":\"https:\\\/\\\/www.fraczinet.cl\\\/sitio\\\/ganadores-del-tercer-concurso-de-fotografia-flora-y-fauna-reconocemos-lo-nuestro\\\/#article\",\"isPartOf\":{\"@id\":\"https:\\\/\\\/www.fraczinet.cl\\\/sitio\\\/ganadores-del-tercer-concurso-de-fotografia-flora-y-fauna-reconocemos-lo-nuestro\\\/\"},\"author\":{\"name\":\"\",\"@id\":\"\"},\"headline\":\"Ganadores Del Tercer Concurso De Fotograf\u00eda: Flora Y Fauna Reconocemos Lo Nuestro\",\"datePublished\":\"2010-12-23T23:57:00+00:00\",\"mainEntityOfPage\":{\"@id\":\"https:\\\/\\\/www.fraczinet.cl\\\/sitio\\\/ganadores-del-tercer-concurso-de-fotografia-flora-y-fauna-reconocemos-lo-nuestro\\\/\"},\"wordCount\":280,\"commentCount\":0,\"image\":{\"@id\":\"https:\\\/\\\/www.fraczinet.cl\\\/sitio\\\/ganadores-del-tercer-concurso-de-fotografia-flora-y-fauna-reconocemos-lo-nuestro\\\/#primaryimage\"},\"thumbnailUrl\":\"https:\\\/\\\/3.bp.blogspot.com\\\/_2S_RxGRVjis\\\/TRPiXt7b1PI\\\/AAAAAAAARrU\\\/1zcRjS1uLPg\\\/s400\\\/211%2BJuan%2Bmanuel%2BBarra%2BValdebenito.jpg\",\"articleSection\":[\"Concursos\",\"Fotograf\u00eda\",\"Regi\u00f3n del Bio B\u00edo\"],\"inLanguage\":\"es\",\"potentialAction\":[{\"@type\":\"CommentAction\",\"name\":\"Comment\",\"target\":[\"https:\\\/\\\/www.fraczinet.cl\\\/sitio\\\/ganadores-del-tercer-concurso-de-fotografia-flora-y-fauna-reconocemos-lo-nuestro\\\/#respond\"]}]},{\"@type\":\"WebPage\",\"@id\":\"https:\\\/\\\/www.fraczinet.cl\\\/sitio\\\/ganadores-del-tercer-concurso-de-fotografia-flora-y-fauna-reconocemos-lo-nuestro\\\/\",\"url\":\"https:\\\/\\\/www.fraczinet.cl\\\/sitio\\\/ganadores-del-tercer-concurso-de-fotografia-flora-y-fauna-reconocemos-lo-nuestro\\\/\",\"name\":\"Ganadores Del Tercer Concurso De Fotograf\u00eda: Flora Y Fauna Reconocemos Lo Nuestro - Nuestro Bio B\u00edo\",\"isPartOf\":{\"@id\":\"https:\\\/\\\/www.fraczinet.cl\\\/sitio\\\/#website\"},\"primaryImageOfPage\":{\"@id\":\"https:\\\/\\\/www.fraczinet.cl\\\/sitio\\\/ganadores-del-tercer-concurso-de-fotografia-flora-y-fauna-reconocemos-lo-nuestro\\\/#primaryimage\"},\"image\":{\"@id\":\"https:\\\/\\\/www.fraczinet.cl\\\/sitio\\\/ganadores-del-tercer-concurso-de-fotografia-flora-y-fauna-reconocemos-lo-nuestro\\\/#primaryimage\"},\"thumbnailUrl\":\"https:\\\/\\\/3.bp.blogspot.com\\\/_2S_RxGRVjis\\\/TRPiXt7b1PI\\\/AAAAAAAARrU\\\/1zcRjS1uLPg\\\/s400\\\/211%2BJuan%2Bmanuel%2BBarra%2BValdebenito.jpg\",\"datePublished\":\"2010-12-23T23:57:00+00:00\",\"author\":{\"@id\":\"\"},\"breadcrumb\":{\"@id\":\"https:\\\/\\\/www.fraczinet.cl\\\/sitio\\\/ganadores-del-tercer-concurso-de-fotografia-flora-y-fauna-reconocemos-lo-nuestro\\\/#breadcrumb\"},\"inLanguage\":\"es\",\"potentialAction\":[{\"@type\":\"ReadAction\",\"target\":[\"https:\\\/\\\/www.fraczinet.cl\\\/sitio\\\/ganadores-del-tercer-concurso-de-fotografia-flora-y-fauna-reconocemos-lo-nuestro\\\/\"]}]},{\"@type\":\"ImageObject\",\"inLanguage\":\"es\",\"@id\":\"https:\\\/\\\/www.fraczinet.cl\\\/sitio\\\/ganadores-del-tercer-concurso-de-fotografia-flora-y-fauna-reconocemos-lo-nuestro\\\/#primaryimage\",\"url\":\"https:\\\/\\\/3.bp.blogspot.com\\\/_2S_RxGRVjis\\\/TRPiXt7b1PI\\\/AAAAAAAARrU\\\/1zcRjS1uLPg\\\/s400\\\/211%2BJuan%2Bmanuel%2BBarra%2BValdebenito.jpg\",\"contentUrl\":\"https:\\\/\\\/3.bp.blogspot.com\\\/_2S_RxGRVjis\\\/TRPiXt7b1PI\\\/AAAAAAAARrU\\\/1zcRjS1uLPg\\\/s400\\\/211%2BJuan%2Bmanuel%2BBarra%2BValdebenito.jpg\"},{\"@type\":\"BreadcrumbList\",\"@id\":\"https:\\\/\\\/www.fraczinet.cl\\\/sitio\\\/ganadores-del-tercer-concurso-de-fotografia-flora-y-fauna-reconocemos-lo-nuestro\\\/#breadcrumb\",\"itemListElement\":[{\"@type\":\"ListItem\",\"position\":1,\"name\":\"Portada\",\"item\":\"https:\\\/\\\/www.fraczinet.cl\\\/sitio\\\/\"},{\"@type\":\"ListItem\",\"position\":2,\"name\":\"Ganadores Del Tercer Concurso De Fotograf\u00eda: Flora Y Fauna Reconocemos Lo Nuestro\"}]},{\"@type\":\"WebSite\",\"@id\":\"https:\\\/\\\/www.fraczinet.cl\\\/sitio\\\/#website\",\"url\":\"https:\\\/\\\/www.fraczinet.cl\\\/sitio\\\/\",\"name\":\"Nuestro Bio B\u00edo\",\"description\":\"Tierra de Encuentros\",\"potentialAction\":[{\"@type\":\"SearchAction\",\"target\":{\"@type\":\"EntryPoint\",\"urlTemplate\":\"https:\\\/\\\/www.fraczinet.cl\\\/sitio\\\/?s={search_term_string}\"},\"query-input\":{\"@type\":\"PropertyValueSpecification\",\"valueRequired\":true,\"valueName\":\"search_term_string\"}}],\"inLanguage\":\"es\"},{\"@type\":\"Person\",\"@id\":\"\"}]}<\/script>\n<!-- \/ Yoast SEO plugin. -->","yoast_head_json":{"title":"Ganadores Del Tercer Concurso De Fotograf\u00eda: Flora Y Fauna Reconocemos Lo Nuestro - Nuestro Bio B\u00edo","robots":{"index":"index","follow":"follow","max-snippet":"max-snippet:-1","max-image-preview":"max-image-preview:large","max-video-preview":"max-video-preview:-1"},"canonical":"https:\/\/www.fraczinet.cl\/sitio\/ganadores-del-tercer-concurso-de-fotografia-flora-y-fauna-reconocemos-lo-nuestro\/","og_locale":"es_ES","og_type":"article","og_title":"Ganadores Del Tercer Concurso De Fotograf\u00eda: Flora Y Fauna Reconocemos Lo Nuestro - Nuestro Bio B\u00edo","og_description":"1) Nombre(s) Com\u00fan(es): Chirihue2) Lugar: Plaza Per\u00fa, Concepci\u00f3n.3) Fecha: Primavera4) Estado: Adulto5) Nombre del Autor: Juan Barra Valdebenito de la Ciudad de Lebu, Provincia de Arauco. Primer Lugar: ChirihuePremios: Diploma, Ejemplar de la Gu\u00eda Ecocultural Pehuenche y 120.000.- pesos. Segundo Lugar: Carpintero Negro. 1) Nombre(s) Com\u00fan(es): Carpintero Negro Macho (Campephilus magellanicus)2) Lugar: Shangri-La, VIII Regi\u00f3n [&hellip;]","og_url":"https:\/\/www.fraczinet.cl\/sitio\/ganadores-del-tercer-concurso-de-fotografia-flora-y-fauna-reconocemos-lo-nuestro\/","og_site_name":"Nuestro Bio B\u00edo","article_publisher":"https:\/\/www.facebook.com\/groups\/15721414452\/","article_published_time":"2010-12-23T23:57:00+00:00","og_image":[{"url":"https:\/\/3.bp.blogspot.com\/_2S_RxGRVjis\/TRPiXt7b1PI\/AAAAAAAARrU\/1zcRjS1uLPg\/s400\/211%2BJuan%2Bmanuel%2BBarra%2BValdebenito.jpg","type":"","width":"","height":""}],"twitter_card":"summary_large_image","twitter_creator":"@nuestrobiobio","twitter_site":"@nuestrobiobio","twitter_misc":{"Escrito por":"","Tiempo de lectura":"1 minuto"},"schema":{"@context":"https:\/\/schema.org","@graph":[{"@type":"Article","@id":"https:\/\/www.fraczinet.cl\/sitio\/ganadores-del-tercer-concurso-de-fotografia-flora-y-fauna-reconocemos-lo-nuestro\/#article","isPartOf":{"@id":"https:\/\/www.fraczinet.cl\/sitio\/ganadores-del-tercer-concurso-de-fotografia-flora-y-fauna-reconocemos-lo-nuestro\/"},"author":{"name":"","@id":""},"headline":"Ganadores Del Tercer Concurso De Fotograf\u00eda: Flora Y Fauna Reconocemos Lo Nuestro","datePublished":"2010-12-23T23:57:00+00:00","mainEntityOfPage":{"@id":"https:\/\/www.fraczinet.cl\/sitio\/ganadores-del-tercer-concurso-de-fotografia-flora-y-fauna-reconocemos-lo-nuestro\/"},"wordCount":280,"commentCount":0,"image":{"@id":"https:\/\/www.fraczinet.cl\/sitio\/ganadores-del-tercer-concurso-de-fotografia-flora-y-fauna-reconocemos-lo-nuestro\/#primaryimage"},"thumbnailUrl":"https:\/\/3.bp.blogspot.com\/_2S_RxGRVjis\/TRPiXt7b1PI\/AAAAAAAARrU\/1zcRjS1uLPg\/s400\/211%2BJuan%2Bmanuel%2BBarra%2BValdebenito.jpg","articleSection":["Concursos","Fotograf\u00eda","Regi\u00f3n del Bio B\u00edo"],"inLanguage":"es","potentialAction":[{"@type":"CommentAction","name":"Comment","target":["https:\/\/www.fraczinet.cl\/sitio\/ganadores-del-tercer-concurso-de-fotografia-flora-y-fauna-reconocemos-lo-nuestro\/#respond"]}]},{"@type":"WebPage","@id":"https:\/\/www.fraczinet.cl\/sitio\/ganadores-del-tercer-concurso-de-fotografia-flora-y-fauna-reconocemos-lo-nuestro\/","url":"https:\/\/www.fraczinet.cl\/sitio\/ganadores-del-tercer-concurso-de-fotografia-flora-y-fauna-reconocemos-lo-nuestro\/","name":"Ganadores Del Tercer Concurso De Fotograf\u00eda: Flora Y Fauna Reconocemos Lo Nuestro - Nuestro Bio B\u00edo","isPartOf":{"@id":"https:\/\/www.fraczinet.cl\/sitio\/#website"},"primaryImageOfPage":{"@id":"https:\/\/www.fraczinet.cl\/sitio\/ganadores-del-tercer-concurso-de-fotografia-flora-y-fauna-reconocemos-lo-nuestro\/#primaryimage"},"image":{"@id":"https:\/\/www.fraczinet.cl\/sitio\/ganadores-del-tercer-concurso-de-fotografia-flora-y-fauna-reconocemos-lo-nuestro\/#primaryimage"},"thumbnailUrl":"https:\/\/3.bp.blogspot.com\/_2S_RxGRVjis\/TRPiXt7b1PI\/AAAAAAAARrU\/1zcRjS1uLPg\/s400\/211%2BJuan%2Bmanuel%2BBarra%2BValdebenito.jpg","datePublished":"2010-12-23T23:57:00+00:00","author":{"@id":""},"breadcrumb":{"@id":"https:\/\/www.fraczinet.cl\/sitio\/ganadores-del-tercer-concurso-de-fotografia-flora-y-fauna-reconocemos-lo-nuestro\/#breadcrumb"},"inLanguage":"es","potentialAction":[{"@type":"ReadAction","target":["https:\/\/www.fraczinet.cl\/sitio\/ganadores-del-tercer-concurso-de-fotografia-flora-y-fauna-reconocemos-lo-nuestro\/"]}]},{"@type":"ImageObject","inLanguage":"es","@id":"https:\/\/www.fraczinet.cl\/sitio\/ganadores-del-tercer-concurso-de-fotografia-flora-y-fauna-reconocemos-lo-nuestro\/#primaryimage","url":"https:\/\/3.bp.blogspot.com\/_2S_RxGRVjis\/TRPiXt7b1PI\/AAAAAAAARrU\/1zcRjS1uLPg\/s400\/211%2BJuan%2Bmanuel%2BBarra%2BValdebenito.jpg","contentUrl":"https:\/\/3.bp.blogspot.com\/_2S_RxGRVjis\/TRPiXt7b1PI\/AAAAAAAARrU\/1zcRjS1uLPg\/s400\/211%2BJuan%2Bmanuel%2BBarra%2BValdebenito.jpg"},{"@type":"BreadcrumbList","@id":"https:\/\/www.fraczinet.cl\/sitio\/ganadores-del-tercer-concurso-de-fotografia-flora-y-fauna-reconocemos-lo-nuestro\/#breadcrumb","itemListElement":[{"@type":"ListItem","position":1,"name":"Portada","item":"https:\/\/www.fraczinet.cl\/sitio\/"},{"@type":"ListItem","position":2,"name":"Ganadores Del Tercer Concurso De Fotograf\u00eda: Flora Y Fauna Reconocemos Lo Nuestro"}]},{"@type":"WebSite","@id":"https:\/\/www.fraczinet.cl\/sitio\/#website","url":"https:\/\/www.fraczinet.cl\/sitio\/","name":"Nuestro Bio B\u00edo","description":"Tierra de Encuentros","potentialAction":[{"@type":"SearchAction","target":{"@type":"EntryPoint","urlTemplate":"https:\/\/www.fraczinet.cl\/sitio\/?s={search_term_string}"},"query-input":{"@type":"PropertyValueSpecification","valueRequired":true,"valueName":"search_term_string"}}],"inLanguage":"es"},{"@type":"Person","@id":""}]}},"_links":{"self":[{"href":"https:\/\/www.fraczinet.cl\/sitio\/wp-json\/wp\/v2\/posts\/8981","targetHints":{"allow":["GET"]}}],"collection":[{"href":"https:\/\/www.fraczinet.cl\/sitio\/wp-json\/wp\/v2\/posts"}],"about":[{"href":"https:\/\/www.fraczinet.cl\/sitio\/wp-json\/wp\/v2\/types\/post"}],"author":[{"embeddable":true,"href":"https:\/\/www.fraczinet.cl\/sitio\/wp-json\/wp\/v2\/users\/1"}],"replies":[{"embeddable":true,"href":"https:\/\/www.fraczinet.cl\/sitio\/wp-json\/wp\/v2\/comments?post=8981"}],"version-history":[{"count":0,"href":"https:\/\/www.fraczinet.cl\/sitio\/wp-json\/wp\/v2\/posts\/8981\/revisions"}],"wp:attachment":[{"href":"https:\/\/www.fraczinet.cl\/sitio\/wp-json\/wp\/v2\/media?parent=8981"}],"wp:term":[{"taxonomy":"category","embeddable":true,"href":"https:\/\/www.fraczinet.cl\/sitio\/wp-json\/wp\/v2\/categories?post=8981"},{"taxonomy":"post_tag","embeddable":true,"href":"https:\/\/www.fraczinet.cl\/sitio\/wp-json\/wp\/v2\/tags?post=8981"}],"curies":[{"name":"wp","href":"https:\/\/api.w.org\/{rel}","templated":true}]}}