{"id":9005,"date":"2010-11-27T13:12:00","date_gmt":"2010-11-27T13:12:00","guid":{"rendered":"https:\/\/www.fraczinet.cl\/sitio\/2010\/11\/27\/tercer-concurso-de-fotografia-patrimonial-flora-y-fauna-de-la-region-del-bio-bio\/"},"modified":"2010-11-27T13:12:00","modified_gmt":"2010-11-27T13:12:00","slug":"tercer-concurso-de-fotografia-patrimonial-flora-y-fauna-de-la-region-del-bio-bio","status":"publish","type":"post","link":"https:\/\/www.fraczinet.cl\/sitio\/tercer-concurso-de-fotografia-patrimonial-flora-y-fauna-de-la-region-del-bio-bio\/","title":{"rendered":"Tercer Concurso De Fotograf\u00eda Patrimonial: Flora Y Fauna De La Regi\u00f3n Del Bio B\u00edo"},"content":{"rendered":"<p><a href=\"http:\/\/1.bp.blogspot.com\/_2S_RxGRVjis\/TPEE-rQTWzI\/AAAAAAAARcU\/13TUTMeIHLw\/s1600\/1%2BGuillermo%2BKoop.jpg\"><img decoding=\"async\" alt=\"\" border=\"0\" id=\"BLOGGER_PHOTO_ID_5544218091079293746\" src=\"https:\/\/1.bp.blogspot.com\/_2S_RxGRVjis\/TPEE-rQTWzI\/AAAAAAAARcU\/13TUTMeIHLw\/s400\/1%2BGuillermo%2BKoop.jpg\" style=\"cursor: pointer; height: 267px; width: 400px;\" \/><\/a><br \/><a href=\"http:\/\/4.bp.blogspot.com\/_2S_RxGRVjis\/TPEE-L9UJWI\/AAAAAAAARcM\/ItHTQ1gtQ5g\/s1600\/7%2BJuan%2BLuis%2BBurgos%2BA..jpg\"><img decoding=\"async\" alt=\"\" border=\"0\" id=\"BLOGGER_PHOTO_ID_5544218082678154594\" src=\"https:\/\/4.bp.blogspot.com\/_2S_RxGRVjis\/TPEE-L9UJWI\/AAAAAAAARcM\/ItHTQ1gtQ5g\/s400\/7%2BJuan%2BLuis%2BBurgos%2BA..jpg\" style=\"cursor: pointer; height: 267px; width: 400px;\" \/><\/a><br \/><a href=\"http:\/\/3.bp.blogspot.com\/_2S_RxGRVjis\/TPEE91-cHqI\/AAAAAAAARcE\/-K6KKh6MOck\/s1600\/20%2BMiguel%2B%2BGonz%25C3%25A1lez%2BFerrer.jpg\"><img decoding=\"async\" alt=\"\" border=\"0\" id=\"BLOGGER_PHOTO_ID_5544218076777291426\" src=\"https:\/\/3.bp.blogspot.com\/_2S_RxGRVjis\/TPEE91-cHqI\/AAAAAAAARcE\/-K6KKh6MOck\/s400\/20%2BMiguel%2B%2BGonz%25C3%25A1lez%2BFerrer.jpg\" style=\"cursor: pointer; height: 300px; width: 400px;\" \/><\/a><br \/><a href=\"http:\/\/2.bp.blogspot.com\/_2S_RxGRVjis\/TPEE9rBwCtI\/AAAAAAAARb8\/lXCqBSxbMbI\/s1600\/36%2BCarlos%2BFlores%2BOlivares.jpg\"><img decoding=\"async\" alt=\"\" border=\"0\" id=\"BLOGGER_PHOTO_ID_5544218073838389970\" src=\"https:\/\/2.bp.blogspot.com\/_2S_RxGRVjis\/TPEE9rBwCtI\/AAAAAAAARb8\/lXCqBSxbMbI\/s400\/36%2BCarlos%2BFlores%2BOlivares.jpg\" style=\"cursor: pointer; height: 300px; width: 400px;\" \/><\/a><\/p>\n<p>Hasta el momento 112 fotograf\u00edas est\u00e1n participando de esta tercera versi\u00f3n del concurso de fotograf\u00edas que en esta ocasi\u00f3n el tema es \u201cFlora y Fauna de la Regi\u00f3n del Bio B\u00edo: Reconocemos lo Nuestro \u201d que es convocada por cinco medios de comunicaci\u00f3n de la regi\u00f3n.<\/p>\n<p>Siete Ramas \u2013 <a href=\"http:\/\/7ramas.blogspot.com\/\">http:\/\/7ramas.blogspot.com<\/a><br \/>Chill\u00e1n Activo \u2013 <a href=\"http:\/\/www.chillanactivo.cl\/\">http:\/\/www.chillanactivo.cl\/<\/a><br \/>Lanalhue Noticias \u2013 <a href=\"http:\/\/www.lanalhuenoticias.cl\/\">http:\/\/www.lanalhuenoticias.cl\/<\/a><br \/>Cartelera Penquista \u2013 <a href=\"http:\/\/www.facebook.com\/CarteleraPenquista\">http:\/\/www.facebook.com\/CarteleraPenquista<\/a> <br \/>Nuestro Bio B\u00edo Tierra de Encuentros<\/p>\n<p><a href=\"http:\/\/1.bp.blogspot.com\/_2S_RxGRVjis\/TPEE9LIxMxI\/AAAAAAAARb0\/cvKrUc4HBrE\/s1600\/banner%2Bmedios%2Bjpg.jpg\"><img decoding=\"async\" alt=\"\" border=\"0\" id=\"BLOGGER_PHOTO_ID_5544218065277891346\" src=\"https:\/\/1.bp.blogspot.com\/_2S_RxGRVjis\/TPEE9LIxMxI\/AAAAAAAARb0\/cvKrUc4HBrE\/s400\/banner%2Bmedios%2Bjpg.jpg\" style=\"height: 94px; width: 400px;\" \/><\/a><\/p>\n<p>La fecha l\u00edmite de exposici\u00f3n es el jueves 9 de diciembre de 2010 a las 24 horas. Del 13 al 16 de diciembre ser\u00e1n escogidas 30 fotos finalistas, y el 20 de diciembre se seleccionar\u00e1 la imagen ganadora.<\/p>\n<p>Si deseas votar solo basta con realizar un comentario sobre la fotograf\u00eda. Mientras m\u00e1s comentarios reciba una fotograf\u00edas m\u00e1s posibilidades tiene de ser seleccionada. La fotograf\u00edas seleccionadas ser\u00e1n revisadas por el jurado quienes eligir\u00e1n los primeros 3 lugares del concurso.<\/p>\n<p>Para Publicar Fotograf\u00edas hacerlo en el grupo Facebook de Nuestro Bio B\u00edo en la secci\u00f3n de \u201cFotos\u201d. <a href=\"http:\/\/www.facebook.com\/group.php?gid=15721414452\">http:\/\/www.facebook.com\/group.php?gid=15721414452<\/a><\/p>\n","protected":false},"excerpt":{"rendered":"<p>Hasta el momento 112 fotograf\u00edas est\u00e1n participando de esta tercera versi\u00f3n del concurso de fotograf\u00edas que en esta ocasi\u00f3n el tema es \u201cFlora y Fauna de la Regi\u00f3n del Bio B\u00edo: Reconocemos lo Nuestro \u201d que es convocada por cinco medios de comunicaci\u00f3n de la regi\u00f3n. Siete Ramas \u2013 http:\/\/7ramas.blogspot.comChill\u00e1n Activo \u2013 http:\/\/www.chillanactivo.cl\/Lanalhue Noticias \u2013 [&hellip;]<\/p>\n","protected":false},"author":1,"featured_media":0,"comment_status":"open","ping_status":"closed","sticky":false,"template":"","format":"standard","meta":{"footnotes":""},"categories":[206,208,33],"tags":[],"class_list":["post-9005","post","type-post","status-publish","format-standard","hentry","category-concursos","category-fotografia","category-nbb"],"yoast_head":"<!-- This site is optimized with the Yoast SEO plugin v28.2 - https:\/\/yoast.com\/product\/yoast-seo-wordpress\/ -->\n<title>Tercer Concurso De Fotograf\u00eda Patrimonial: Flora Y Fauna De La Regi\u00f3n Del Bio B\u00edo - Nuestro Bio B\u00edo<\/title>\n<meta name=\"robots\" content=\"index, follow, max-snippet:-1, max-image-preview:large, max-video-preview:-1\" \/>\n<link rel=\"canonical\" href=\"https:\/\/www.fraczinet.cl\/sitio\/tercer-concurso-de-fotografia-patrimonial-flora-y-fauna-de-la-region-del-bio-bio\/\" \/>\n<meta property=\"og:locale\" content=\"es_ES\" \/>\n<meta property=\"og:type\" content=\"article\" \/>\n<meta property=\"og:title\" content=\"Tercer Concurso De Fotograf\u00eda Patrimonial: Flora Y Fauna De La Regi\u00f3n Del Bio B\u00edo - Nuestro Bio B\u00edo\" \/>\n<meta property=\"og:description\" content=\"Hasta el momento 112 fotograf\u00edas est\u00e1n participando de esta tercera versi\u00f3n del concurso de fotograf\u00edas que en esta ocasi\u00f3n el tema es \u201cFlora y Fauna de la Regi\u00f3n del Bio B\u00edo: Reconocemos lo Nuestro \u201d que es convocada por cinco medios de comunicaci\u00f3n de la regi\u00f3n. Siete Ramas \u2013 http:\/\/7ramas.blogspot.comChill\u00e1n Activo \u2013 http:\/\/www.chillanactivo.cl\/Lanalhue Noticias \u2013 [&hellip;]\" \/>\n<meta property=\"og:url\" content=\"https:\/\/www.fraczinet.cl\/sitio\/tercer-concurso-de-fotografia-patrimonial-flora-y-fauna-de-la-region-del-bio-bio\/\" \/>\n<meta property=\"og:site_name\" content=\"Nuestro Bio B\u00edo\" \/>\n<meta property=\"article:publisher\" content=\"https:\/\/www.facebook.com\/groups\/15721414452\/\" \/>\n<meta property=\"article:published_time\" content=\"2010-11-27T13:12:00+00:00\" \/>\n<meta property=\"og:image\" content=\"https:\/\/1.bp.blogspot.com\/_2S_RxGRVjis\/TPEE-rQTWzI\/AAAAAAAARcU\/13TUTMeIHLw\/s400\/1%2BGuillermo%2BKoop.jpg\" \/>\n<meta name=\"twitter:card\" content=\"summary_large_image\" \/>\n<meta name=\"twitter:creator\" content=\"@nuestrobiobio\" \/>\n<meta name=\"twitter:site\" content=\"@nuestrobiobio\" \/>\n<meta name=\"twitter:label1\" content=\"Escrito por\" \/>\n\t<meta name=\"twitter:data1\" content=\"\" \/>\n\t<meta name=\"twitter:label2\" content=\"Tiempo de lectura\" \/>\n\t<meta name=\"twitter:data2\" content=\"1 minuto\" \/>\n<script type=\"application\/ld+json\" class=\"yoast-schema-graph\">{\"@context\":\"https:\\\/\\\/schema.org\",\"@graph\":[{\"@type\":\"Article\",\"@id\":\"https:\\\/\\\/www.fraczinet.cl\\\/sitio\\\/tercer-concurso-de-fotografia-patrimonial-flora-y-fauna-de-la-region-del-bio-bio\\\/#article\",\"isPartOf\":{\"@id\":\"https:\\\/\\\/www.fraczinet.cl\\\/sitio\\\/tercer-concurso-de-fotografia-patrimonial-flora-y-fauna-de-la-region-del-bio-bio\\\/\"},\"author\":{\"name\":\"\",\"@id\":\"\"},\"headline\":\"Tercer Concurso De Fotograf\u00eda Patrimonial: Flora Y Fauna De La Regi\u00f3n Del Bio B\u00edo\",\"datePublished\":\"2010-11-27T13:12:00+00:00\",\"mainEntityOfPage\":{\"@id\":\"https:\\\/\\\/www.fraczinet.cl\\\/sitio\\\/tercer-concurso-de-fotografia-patrimonial-flora-y-fauna-de-la-region-del-bio-bio\\\/\"},\"wordCount\":210,\"commentCount\":0,\"image\":{\"@id\":\"https:\\\/\\\/www.fraczinet.cl\\\/sitio\\\/tercer-concurso-de-fotografia-patrimonial-flora-y-fauna-de-la-region-del-bio-bio\\\/#primaryimage\"},\"thumbnailUrl\":\"https:\\\/\\\/1.bp.blogspot.com\\\/_2S_RxGRVjis\\\/TPEE-rQTWzI\\\/AAAAAAAARcU\\\/13TUTMeIHLw\\\/s400\\\/1%2BGuillermo%2BKoop.jpg\",\"articleSection\":[\"Concursos\",\"Fotograf\u00eda\",\"NBB\"],\"inLanguage\":\"es\",\"potentialAction\":[{\"@type\":\"CommentAction\",\"name\":\"Comment\",\"target\":[\"https:\\\/\\\/www.fraczinet.cl\\\/sitio\\\/tercer-concurso-de-fotografia-patrimonial-flora-y-fauna-de-la-region-del-bio-bio\\\/#respond\"]}]},{\"@type\":\"WebPage\",\"@id\":\"https:\\\/\\\/www.fraczinet.cl\\\/sitio\\\/tercer-concurso-de-fotografia-patrimonial-flora-y-fauna-de-la-region-del-bio-bio\\\/\",\"url\":\"https:\\\/\\\/www.fraczinet.cl\\\/sitio\\\/tercer-concurso-de-fotografia-patrimonial-flora-y-fauna-de-la-region-del-bio-bio\\\/\",\"name\":\"Tercer Concurso De Fotograf\u00eda Patrimonial: Flora Y Fauna De La Regi\u00f3n Del Bio B\u00edo - Nuestro Bio B\u00edo\",\"isPartOf\":{\"@id\":\"https:\\\/\\\/www.fraczinet.cl\\\/sitio\\\/#website\"},\"primaryImageOfPage\":{\"@id\":\"https:\\\/\\\/www.fraczinet.cl\\\/sitio\\\/tercer-concurso-de-fotografia-patrimonial-flora-y-fauna-de-la-region-del-bio-bio\\\/#primaryimage\"},\"image\":{\"@id\":\"https:\\\/\\\/www.fraczinet.cl\\\/sitio\\\/tercer-concurso-de-fotografia-patrimonial-flora-y-fauna-de-la-region-del-bio-bio\\\/#primaryimage\"},\"thumbnailUrl\":\"https:\\\/\\\/1.bp.blogspot.com\\\/_2S_RxGRVjis\\\/TPEE-rQTWzI\\\/AAAAAAAARcU\\\/13TUTMeIHLw\\\/s400\\\/1%2BGuillermo%2BKoop.jpg\",\"datePublished\":\"2010-11-27T13:12:00+00:00\",\"author\":{\"@id\":\"\"},\"breadcrumb\":{\"@id\":\"https:\\\/\\\/www.fraczinet.cl\\\/sitio\\\/tercer-concurso-de-fotografia-patrimonial-flora-y-fauna-de-la-region-del-bio-bio\\\/#breadcrumb\"},\"inLanguage\":\"es\",\"potentialAction\":[{\"@type\":\"ReadAction\",\"target\":[\"https:\\\/\\\/www.fraczinet.cl\\\/sitio\\\/tercer-concurso-de-fotografia-patrimonial-flora-y-fauna-de-la-region-del-bio-bio\\\/\"]}]},{\"@type\":\"ImageObject\",\"inLanguage\":\"es\",\"@id\":\"https:\\\/\\\/www.fraczinet.cl\\\/sitio\\\/tercer-concurso-de-fotografia-patrimonial-flora-y-fauna-de-la-region-del-bio-bio\\\/#primaryimage\",\"url\":\"https:\\\/\\\/1.bp.blogspot.com\\\/_2S_RxGRVjis\\\/TPEE-rQTWzI\\\/AAAAAAAARcU\\\/13TUTMeIHLw\\\/s400\\\/1%2BGuillermo%2BKoop.jpg\",\"contentUrl\":\"https:\\\/\\\/1.bp.blogspot.com\\\/_2S_RxGRVjis\\\/TPEE-rQTWzI\\\/AAAAAAAARcU\\\/13TUTMeIHLw\\\/s400\\\/1%2BGuillermo%2BKoop.jpg\"},{\"@type\":\"BreadcrumbList\",\"@id\":\"https:\\\/\\\/www.fraczinet.cl\\\/sitio\\\/tercer-concurso-de-fotografia-patrimonial-flora-y-fauna-de-la-region-del-bio-bio\\\/#breadcrumb\",\"itemListElement\":[{\"@type\":\"ListItem\",\"position\":1,\"name\":\"Portada\",\"item\":\"https:\\\/\\\/www.fraczinet.cl\\\/sitio\\\/\"},{\"@type\":\"ListItem\",\"position\":2,\"name\":\"Tercer Concurso De Fotograf\u00eda Patrimonial: Flora Y Fauna De La Regi\u00f3n Del Bio B\u00edo\"}]},{\"@type\":\"WebSite\",\"@id\":\"https:\\\/\\\/www.fraczinet.cl\\\/sitio\\\/#website\",\"url\":\"https:\\\/\\\/www.fraczinet.cl\\\/sitio\\\/\",\"name\":\"Nuestro Bio B\u00edo\",\"description\":\"Tierra de Encuentros\",\"potentialAction\":[{\"@type\":\"SearchAction\",\"target\":{\"@type\":\"EntryPoint\",\"urlTemplate\":\"https:\\\/\\\/www.fraczinet.cl\\\/sitio\\\/?s={search_term_string}\"},\"query-input\":{\"@type\":\"PropertyValueSpecification\",\"valueRequired\":true,\"valueName\":\"search_term_string\"}}],\"inLanguage\":\"es\"},{\"@type\":\"Person\",\"@id\":\"\"}]}<\/script>\n<!-- \/ Yoast SEO plugin. -->","yoast_head_json":{"title":"Tercer Concurso De Fotograf\u00eda Patrimonial: Flora Y Fauna De La Regi\u00f3n Del Bio B\u00edo - Nuestro Bio B\u00edo","robots":{"index":"index","follow":"follow","max-snippet":"max-snippet:-1","max-image-preview":"max-image-preview:large","max-video-preview":"max-video-preview:-1"},"canonical":"https:\/\/www.fraczinet.cl\/sitio\/tercer-concurso-de-fotografia-patrimonial-flora-y-fauna-de-la-region-del-bio-bio\/","og_locale":"es_ES","og_type":"article","og_title":"Tercer Concurso De Fotograf\u00eda Patrimonial: Flora Y Fauna De La Regi\u00f3n Del Bio B\u00edo - Nuestro Bio B\u00edo","og_description":"Hasta el momento 112 fotograf\u00edas est\u00e1n participando de esta tercera versi\u00f3n del concurso de fotograf\u00edas que en esta ocasi\u00f3n el tema es \u201cFlora y Fauna de la Regi\u00f3n del Bio B\u00edo: Reconocemos lo Nuestro \u201d que es convocada por cinco medios de comunicaci\u00f3n de la regi\u00f3n. Siete Ramas \u2013 http:\/\/7ramas.blogspot.comChill\u00e1n Activo \u2013 http:\/\/www.chillanactivo.cl\/Lanalhue Noticias \u2013 [&hellip;]","og_url":"https:\/\/www.fraczinet.cl\/sitio\/tercer-concurso-de-fotografia-patrimonial-flora-y-fauna-de-la-region-del-bio-bio\/","og_site_name":"Nuestro Bio B\u00edo","article_publisher":"https:\/\/www.facebook.com\/groups\/15721414452\/","article_published_time":"2010-11-27T13:12:00+00:00","og_image":[{"url":"https:\/\/1.bp.blogspot.com\/_2S_RxGRVjis\/TPEE-rQTWzI\/AAAAAAAARcU\/13TUTMeIHLw\/s400\/1%2BGuillermo%2BKoop.jpg","type":"","width":"","height":""}],"twitter_card":"summary_large_image","twitter_creator":"@nuestrobiobio","twitter_site":"@nuestrobiobio","twitter_misc":{"Escrito por":"","Tiempo de lectura":"1 minuto"},"schema":{"@context":"https:\/\/schema.org","@graph":[{"@type":"Article","@id":"https:\/\/www.fraczinet.cl\/sitio\/tercer-concurso-de-fotografia-patrimonial-flora-y-fauna-de-la-region-del-bio-bio\/#article","isPartOf":{"@id":"https:\/\/www.fraczinet.cl\/sitio\/tercer-concurso-de-fotografia-patrimonial-flora-y-fauna-de-la-region-del-bio-bio\/"},"author":{"name":"","@id":""},"headline":"Tercer Concurso De Fotograf\u00eda Patrimonial: Flora Y Fauna De La Regi\u00f3n Del Bio B\u00edo","datePublished":"2010-11-27T13:12:00+00:00","mainEntityOfPage":{"@id":"https:\/\/www.fraczinet.cl\/sitio\/tercer-concurso-de-fotografia-patrimonial-flora-y-fauna-de-la-region-del-bio-bio\/"},"wordCount":210,"commentCount":0,"image":{"@id":"https:\/\/www.fraczinet.cl\/sitio\/tercer-concurso-de-fotografia-patrimonial-flora-y-fauna-de-la-region-del-bio-bio\/#primaryimage"},"thumbnailUrl":"https:\/\/1.bp.blogspot.com\/_2S_RxGRVjis\/TPEE-rQTWzI\/AAAAAAAARcU\/13TUTMeIHLw\/s400\/1%2BGuillermo%2BKoop.jpg","articleSection":["Concursos","Fotograf\u00eda","NBB"],"inLanguage":"es","potentialAction":[{"@type":"CommentAction","name":"Comment","target":["https:\/\/www.fraczinet.cl\/sitio\/tercer-concurso-de-fotografia-patrimonial-flora-y-fauna-de-la-region-del-bio-bio\/#respond"]}]},{"@type":"WebPage","@id":"https:\/\/www.fraczinet.cl\/sitio\/tercer-concurso-de-fotografia-patrimonial-flora-y-fauna-de-la-region-del-bio-bio\/","url":"https:\/\/www.fraczinet.cl\/sitio\/tercer-concurso-de-fotografia-patrimonial-flora-y-fauna-de-la-region-del-bio-bio\/","name":"Tercer Concurso De Fotograf\u00eda Patrimonial: Flora Y Fauna De La Regi\u00f3n Del Bio B\u00edo - Nuestro Bio B\u00edo","isPartOf":{"@id":"https:\/\/www.fraczinet.cl\/sitio\/#website"},"primaryImageOfPage":{"@id":"https:\/\/www.fraczinet.cl\/sitio\/tercer-concurso-de-fotografia-patrimonial-flora-y-fauna-de-la-region-del-bio-bio\/#primaryimage"},"image":{"@id":"https:\/\/www.fraczinet.cl\/sitio\/tercer-concurso-de-fotografia-patrimonial-flora-y-fauna-de-la-region-del-bio-bio\/#primaryimage"},"thumbnailUrl":"https:\/\/1.bp.blogspot.com\/_2S_RxGRVjis\/TPEE-rQTWzI\/AAAAAAAARcU\/13TUTMeIHLw\/s400\/1%2BGuillermo%2BKoop.jpg","datePublished":"2010-11-27T13:12:00+00:00","author":{"@id":""},"breadcrumb":{"@id":"https:\/\/www.fraczinet.cl\/sitio\/tercer-concurso-de-fotografia-patrimonial-flora-y-fauna-de-la-region-del-bio-bio\/#breadcrumb"},"inLanguage":"es","potentialAction":[{"@type":"ReadAction","target":["https:\/\/www.fraczinet.cl\/sitio\/tercer-concurso-de-fotografia-patrimonial-flora-y-fauna-de-la-region-del-bio-bio\/"]}]},{"@type":"ImageObject","inLanguage":"es","@id":"https:\/\/www.fraczinet.cl\/sitio\/tercer-concurso-de-fotografia-patrimonial-flora-y-fauna-de-la-region-del-bio-bio\/#primaryimage","url":"https:\/\/1.bp.blogspot.com\/_2S_RxGRVjis\/TPEE-rQTWzI\/AAAAAAAARcU\/13TUTMeIHLw\/s400\/1%2BGuillermo%2BKoop.jpg","contentUrl":"https:\/\/1.bp.blogspot.com\/_2S_RxGRVjis\/TPEE-rQTWzI\/AAAAAAAARcU\/13TUTMeIHLw\/s400\/1%2BGuillermo%2BKoop.jpg"},{"@type":"BreadcrumbList","@id":"https:\/\/www.fraczinet.cl\/sitio\/tercer-concurso-de-fotografia-patrimonial-flora-y-fauna-de-la-region-del-bio-bio\/#breadcrumb","itemListElement":[{"@type":"ListItem","position":1,"name":"Portada","item":"https:\/\/www.fraczinet.cl\/sitio\/"},{"@type":"ListItem","position":2,"name":"Tercer Concurso De Fotograf\u00eda Patrimonial: Flora Y Fauna De La Regi\u00f3n Del Bio B\u00edo"}]},{"@type":"WebSite","@id":"https:\/\/www.fraczinet.cl\/sitio\/#website","url":"https:\/\/www.fraczinet.cl\/sitio\/","name":"Nuestro Bio B\u00edo","description":"Tierra de Encuentros","potentialAction":[{"@type":"SearchAction","target":{"@type":"EntryPoint","urlTemplate":"https:\/\/www.fraczinet.cl\/sitio\/?s={search_term_string}"},"query-input":{"@type":"PropertyValueSpecification","valueRequired":true,"valueName":"search_term_string"}}],"inLanguage":"es"},{"@type":"Person","@id":""}]}},"_links":{"self":[{"href":"https:\/\/www.fraczinet.cl\/sitio\/wp-json\/wp\/v2\/posts\/9005","targetHints":{"allow":["GET"]}}],"collection":[{"href":"https:\/\/www.fraczinet.cl\/sitio\/wp-json\/wp\/v2\/posts"}],"about":[{"href":"https:\/\/www.fraczinet.cl\/sitio\/wp-json\/wp\/v2\/types\/post"}],"author":[{"embeddable":true,"href":"https:\/\/www.fraczinet.cl\/sitio\/wp-json\/wp\/v2\/users\/1"}],"replies":[{"embeddable":true,"href":"https:\/\/www.fraczinet.cl\/sitio\/wp-json\/wp\/v2\/comments?post=9005"}],"version-history":[{"count":0,"href":"https:\/\/www.fraczinet.cl\/sitio\/wp-json\/wp\/v2\/posts\/9005\/revisions"}],"wp:attachment":[{"href":"https:\/\/www.fraczinet.cl\/sitio\/wp-json\/wp\/v2\/media?parent=9005"}],"wp:term":[{"taxonomy":"category","embeddable":true,"href":"https:\/\/www.fraczinet.cl\/sitio\/wp-json\/wp\/v2\/categories?post=9005"},{"taxonomy":"post_tag","embeddable":true,"href":"https:\/\/www.fraczinet.cl\/sitio\/wp-json\/wp\/v2\/tags?post=9005"}],"curies":[{"name":"wp","href":"https:\/\/api.w.org\/{rel}","templated":true}]}}