{"id":9013,"date":"2010-11-21T16:12:00","date_gmt":"2010-11-21T16:12:00","guid":{"rendered":"https:\/\/www.fraczinet.cl\/sitio\/2010\/11\/21\/1-encuentro-regional-de-medioambiente-y-desarrollo-sostenible\/"},"modified":"2022-10-04T12:35:32","modified_gmt":"2022-10-04T12:35:32","slug":"1-encuentro-regional-de-medioambiente-y-desarrollo-sostenible","status":"publish","type":"post","link":"https:\/\/www.fraczinet.cl\/sitio\/2010\/11\/21\/1-encuentro-regional-de-medioambiente-y-desarrollo-sostenible\/","title":{"rendered":"1\u00b0 Encuentro Regional De Medioambiente Y Desarrollo Sostenible"},"content":{"rendered":"<p><a href=\"http:\/\/3.bp.blogspot.com\/_2S_RxGRVjis\/TOvb3WtMhbI\/AAAAAAAARak\/XF7vxGQ5Fe8\/s1600\/afiche%2B158.jpg\"><img decoding=\"async\" alt=\"\" border=\"0\" id=\"BLOGGER_PHOTO_ID_5542765510443959730\" src=\"https:\/\/3.bp.blogspot.com\/_2S_RxGRVjis\/TOvb3WtMhbI\/AAAAAAAARak\/XF7vxGQ5Fe8\/s400\/afiche%2B158.jpg\" style=\"cursor: pointer; float: left; height: 224px; margin: 0px 10px 10px 0px; width: 158px;\" \/><\/a>El Consejo Ecol\u00f3gico Chill\u00e1n junto al Centro Psicosocial de la Universidad del Bio B\u00edo, en colaboraci\u00f3n con la Escuela de Psicolog\u00eda, se encuentran organizando el 1\u00b0 Encuentro Regional de Medioambiente y Desarrollo Sostenible el cual se realizar\u00e1 el viernes 26 y s\u00e1bado 27 de noviembre del presente a\u00f1o, cuya propuesta contempla un espacio para generar alianzas estrat\u00e9gicas entre los diferentes actores sociales de la Regi\u00f3n del Bio B\u00edo con el fin de generar redes de trabajo desde y hacia la comunidad que ser\u00e1 capacitada en diversas tem\u00e1ticas medioambientales con el prop\u00f3sito de visibilizar problem\u00e1ticas, recursos y desaf\u00edos que en ella se encuentran.<\/p>\n<p><span style=\"font-weight: bold;\">Organizaciones confirmadas:<\/span><\/p>\n<p>1.- Teja Verde &#8211; Concepci\u00f3n<br \/>2.- Pachamrita Centro Demostrativo de Permacultura &#8211; Santiago<br \/>3.- Bioantu &#8211; Chanco<br \/>4.- Ecoescuela El Manzano &#8211; Cabrero<br \/>5.- Permacultura Chill\u00e1n &#8211; Chill\u00e1n<br \/>6.- Millaruka Dise\u00f1o Sostenible &#8211; Concepci\u00f3n<br \/>7.- Parque Educativo de Agrotecnolog\u00edas &#8211; Linares<br \/>8.- Inia Quilamapu &#8211; Chill\u00e1n<br \/>9.- Futuro Paisajismo &#8211; Chill\u00e1n<br \/>10.- DISAMU &#8211; Chill\u00e1n<br \/>11.- Biomiel &#8211; Chill\u00e1n<br \/>12.- Espacio Espiral &#8211; Los \u00c1ngeles<br \/>13.- Aldea Antukelen &#8211; Alto Bio B\u00edo<br \/>14.- Manzana Verde &#8211; Concepci\u00f3n<\/p>\n<p><span style=\"font-weight: bold;\">Talleres y charlas gratu\u00edtos confirmados:<\/span><\/p>\n<p>1.- Construci\u00f3n de macetas para cultivo de hortalizas &#8211; Teja Verde<br \/>2.- Eco comunidades y Transici\u00f3n &#8211; Ecoescuela El Manzano<br \/>3.- Semillas: un principio, un medio, un fin Pachamrita<br \/>4.- Permacultura: Alternativa para la sustentabilidad Permacultura Chill\u00e1n<br \/>5.- Calentador Solar de Agua Artesanal Bioantu<br \/>6.- Cocina Lorena alto rendimiento Bioantu<br \/>7.- Institucionalidad medio ambiental y situaci\u00f3n atmosf\u00e9rica Ministerio del Medio Ambiente<br \/>8.- Saneamiento B\u00e1sico SEREMI de Salud<br \/>9.- Competencias del SEREMI de Salud SEREMI de Salud<br \/>10.- Deeksha &#8211; Terapias gratuitas Mabel Barr\u00eda &#8211; Carolina Orellana<br \/>11.- Despensa de Emergencia Aldea Antukelen<br \/>12.- Medicina Alternativa Espacio Espiral<br \/>13.- Energ\u00eda Solar Parque Educativo de Agrotecnolog\u00edas<br \/>14.- Construcci\u00f3n Deshidratador de fruta solar Consejo Ecol\u00f3gico Chill\u00e1n<br \/>15.- Construcci\u00f3n Gallinero m\u00f3vil Consejo Ecol\u00f3gico Chill\u00e1n<br \/>16.- Iluminaci\u00f3n Led Manzana Verde<\/p>\n<p>El Primer Encuentro de Medio Ambiente y Desarrollo Sostenible tendr\u00e1 habilitado un espacio para Medicina Alternativa totalmente gratu\u00edto, en ambas jornadas se entregar\u00e1: Deeksha, Acupuntura, auriculoterapia, moxibusti\u00f3n (combusti\u00f3n de hierbas) ventosas y Tui-na (masaje chino), Shiatsu en silla (japon\u00e9s), masaje en silla. Espacio Espiral compartira con quienes lo deseen Tryambakam Homa, Vyahruti Homa.<\/p>\n<p>Quienes deseen participar de los talleres deben inscribirse con anticipacion al e-mail encuentromedioambiental@hotmail.com<\/p>\n<p><span style=\"font-weight: bold;\">Descargue Programa haciendo clic en la imagen.<\/span><br \/><a href=\"http:\/\/2.bp.blogspot.com\/_2S_RxGRVjis\/TOvcMjOKg6I\/AAAAAAAARas\/2Dg2EEoiujY\/s1600\/Programa%2BEncuentro%2BM.%2BAmbiente%2By%2B%2BD.%2BSostenible.JPG\"><img decoding=\"async\" alt=\"\" border=\"0\" id=\"BLOGGER_PHOTO_ID_5542765874580718498\" src=\"https:\/\/2.bp.blogspot.com\/_2S_RxGRVjis\/TOvcMjOKg6I\/AAAAAAAARas\/2Dg2EEoiujY\/s400\/Programa%2BEncuentro%2BM.%2BAmbiente%2By%2B%2BD.%2BSostenible.JPG\" style=\"cursor: pointer; height: 261px; width: 400px;\" \/><\/a><\/p>\n<p><\/p>\n","protected":false},"excerpt":{"rendered":"<p>El Consejo Ecol\u00f3gico Chill\u00e1n junto al Centro Psicosocial de la Universidad del Bio B\u00edo, en colaboraci\u00f3n con la Escuela de Psicolog\u00eda, se encuentran organizando el 1\u00b0 Encuentro Regional de Medioambiente y Desarrollo Sostenible el cual se realizar\u00e1 el viernes 26 y s\u00e1bado 27 de noviembre del presente a\u00f1o, cuya propuesta contempla un espacio para generar [&hellip;]<\/p>\n","protected":false},"author":1,"featured_media":0,"comment_status":"open","ping_status":"open","sticky":false,"template":"","format":"standard","meta":{"footnotes":""},"categories":[196,124],"tags":[],"class_list":["post-9013","post","type-post","status-publish","format-standard","hentry","category-congresos","category-medio-ambiente"],"yoast_head":"<!-- This site is optimized with the Yoast SEO plugin v25.0 - https:\/\/yoast.com\/wordpress\/plugins\/seo\/ -->\n<title>1\u00b0 Encuentro Regional De Medioambiente Y Desarrollo Sostenible - Nuestro Bio B\u00edo<\/title>\n<meta name=\"robots\" content=\"index, follow, max-snippet:-1, max-image-preview:large, max-video-preview:-1\" \/>\n<link rel=\"canonical\" href=\"https:\/\/www.fraczinet.cl\/sitio\/2010\/11\/21\/1-encuentro-regional-de-medioambiente-y-desarrollo-sostenible\/\" \/>\n<meta property=\"og:locale\" content=\"es_ES\" \/>\n<meta property=\"og:type\" content=\"article\" \/>\n<meta property=\"og:title\" content=\"1\u00b0 Encuentro Regional De Medioambiente Y Desarrollo Sostenible - Nuestro Bio B\u00edo\" \/>\n<meta property=\"og:description\" content=\"El Consejo Ecol\u00f3gico Chill\u00e1n junto al Centro Psicosocial de la Universidad del Bio B\u00edo, en colaboraci\u00f3n con la Escuela de Psicolog\u00eda, se encuentran organizando el 1\u00b0 Encuentro Regional de Medioambiente y Desarrollo Sostenible el cual se realizar\u00e1 el viernes 26 y s\u00e1bado 27 de noviembre del presente a\u00f1o, cuya propuesta contempla un espacio para generar [&hellip;]\" \/>\n<meta property=\"og:url\" content=\"https:\/\/www.fraczinet.cl\/sitio\/2010\/11\/21\/1-encuentro-regional-de-medioambiente-y-desarrollo-sostenible\/\" \/>\n<meta property=\"og:site_name\" content=\"Nuestro Bio B\u00edo\" \/>\n<meta property=\"article:published_time\" content=\"2010-11-21T16:12:00+00:00\" \/>\n<meta property=\"article:modified_time\" content=\"2022-10-04T12:35:32+00:00\" \/>\n<meta property=\"og:image\" content=\"https:\/\/3.bp.blogspot.com\/_2S_RxGRVjis\/TOvb3WtMhbI\/AAAAAAAARak\/XF7vxGQ5Fe8\/s400\/afiche%2B158.jpg\" \/>\n<meta name=\"author\" content=\"admin\" \/>\n<meta name=\"twitter:card\" content=\"summary_large_image\" \/>\n<meta name=\"twitter:creator\" content=\"@nuestrobiobio\" \/>\n<meta name=\"twitter:site\" content=\"@nuestrobiobio\" \/>\n<meta name=\"twitter:label1\" content=\"Escrito por\" \/>\n\t<meta name=\"twitter:data1\" content=\"admin\" \/>\n\t<meta name=\"twitter:label2\" content=\"Tiempo de lectura\" \/>\n\t<meta name=\"twitter:data2\" content=\"2 minutos\" \/>\n<script type=\"application\/ld+json\" class=\"yoast-schema-graph\">{\"@context\":\"https:\/\/schema.org\",\"@graph\":[{\"@type\":\"Article\",\"@id\":\"https:\/\/www.fraczinet.cl\/sitio\/2010\/11\/21\/1-encuentro-regional-de-medioambiente-y-desarrollo-sostenible\/#article\",\"isPartOf\":{\"@id\":\"https:\/\/www.fraczinet.cl\/sitio\/2010\/11\/21\/1-encuentro-regional-de-medioambiente-y-desarrollo-sostenible\/\"},\"author\":{\"name\":\"admin\",\"@id\":\"https:\/\/www.fraczinet.cl\/sitio\/#\/schema\/person\/bc30f98e9cb10ae7e119dbe14bc93784\"},\"headline\":\"1\u00b0 Encuentro Regional De Medioambiente Y Desarrollo Sostenible\",\"datePublished\":\"2010-11-21T16:12:00+00:00\",\"dateModified\":\"2022-10-04T12:35:32+00:00\",\"mainEntityOfPage\":{\"@id\":\"https:\/\/www.fraczinet.cl\/sitio\/2010\/11\/21\/1-encuentro-regional-de-medioambiente-y-desarrollo-sostenible\/\"},\"wordCount\":438,\"commentCount\":0,\"publisher\":{\"@id\":\"https:\/\/www.fraczinet.cl\/sitio\/#\/schema\/person\/aec8ee4da68df2b9b0eefdad24a0d582\"},\"image\":{\"@id\":\"https:\/\/www.fraczinet.cl\/sitio\/2010\/11\/21\/1-encuentro-regional-de-medioambiente-y-desarrollo-sostenible\/#primaryimage\"},\"thumbnailUrl\":\"https:\/\/3.bp.blogspot.com\/_2S_RxGRVjis\/TOvb3WtMhbI\/AAAAAAAARak\/XF7vxGQ5Fe8\/s400\/afiche%2B158.jpg\",\"articleSection\":[\"Congresos\",\"Medio Ambiente\"],\"inLanguage\":\"es\",\"potentialAction\":[{\"@type\":\"CommentAction\",\"name\":\"Comment\",\"target\":[\"https:\/\/www.fraczinet.cl\/sitio\/2010\/11\/21\/1-encuentro-regional-de-medioambiente-y-desarrollo-sostenible\/#respond\"]}]},{\"@type\":\"WebPage\",\"@id\":\"https:\/\/www.fraczinet.cl\/sitio\/2010\/11\/21\/1-encuentro-regional-de-medioambiente-y-desarrollo-sostenible\/\",\"url\":\"https:\/\/www.fraczinet.cl\/sitio\/2010\/11\/21\/1-encuentro-regional-de-medioambiente-y-desarrollo-sostenible\/\",\"name\":\"1\u00b0 Encuentro Regional De Medioambiente Y Desarrollo Sostenible - Nuestro Bio B\u00edo\",\"isPartOf\":{\"@id\":\"https:\/\/www.fraczinet.cl\/sitio\/#website\"},\"primaryImageOfPage\":{\"@id\":\"https:\/\/www.fraczinet.cl\/sitio\/2010\/11\/21\/1-encuentro-regional-de-medioambiente-y-desarrollo-sostenible\/#primaryimage\"},\"image\":{\"@id\":\"https:\/\/www.fraczinet.cl\/sitio\/2010\/11\/21\/1-encuentro-regional-de-medioambiente-y-desarrollo-sostenible\/#primaryimage\"},\"thumbnailUrl\":\"https:\/\/3.bp.blogspot.com\/_2S_RxGRVjis\/TOvb3WtMhbI\/AAAAAAAARak\/XF7vxGQ5Fe8\/s400\/afiche%2B158.jpg\",\"datePublished\":\"2010-11-21T16:12:00+00:00\",\"dateModified\":\"2022-10-04T12:35:32+00:00\",\"breadcrumb\":{\"@id\":\"https:\/\/www.fraczinet.cl\/sitio\/2010\/11\/21\/1-encuentro-regional-de-medioambiente-y-desarrollo-sostenible\/#breadcrumb\"},\"inLanguage\":\"es\",\"potentialAction\":[{\"@type\":\"ReadAction\",\"target\":[\"https:\/\/www.fraczinet.cl\/sitio\/2010\/11\/21\/1-encuentro-regional-de-medioambiente-y-desarrollo-sostenible\/\"]}]},{\"@type\":\"ImageObject\",\"inLanguage\":\"es\",\"@id\":\"https:\/\/www.fraczinet.cl\/sitio\/2010\/11\/21\/1-encuentro-regional-de-medioambiente-y-desarrollo-sostenible\/#primaryimage\",\"url\":\"https:\/\/3.bp.blogspot.com\/_2S_RxGRVjis\/TOvb3WtMhbI\/AAAAAAAARak\/XF7vxGQ5Fe8\/s400\/afiche%2B158.jpg\",\"contentUrl\":\"https:\/\/3.bp.blogspot.com\/_2S_RxGRVjis\/TOvb3WtMhbI\/AAAAAAAARak\/XF7vxGQ5Fe8\/s400\/afiche%2B158.jpg\"},{\"@type\":\"BreadcrumbList\",\"@id\":\"https:\/\/www.fraczinet.cl\/sitio\/2010\/11\/21\/1-encuentro-regional-de-medioambiente-y-desarrollo-sostenible\/#breadcrumb\",\"itemListElement\":[{\"@type\":\"ListItem\",\"position\":1,\"name\":\"Portada\",\"item\":\"https:\/\/www.fraczinet.cl\/sitio\/\"},{\"@type\":\"ListItem\",\"position\":2,\"name\":\"1\u00b0 Encuentro Regional De Medioambiente Y Desarrollo Sostenible\"}]},{\"@type\":\"WebSite\",\"@id\":\"https:\/\/www.fraczinet.cl\/sitio\/#website\",\"url\":\"https:\/\/www.fraczinet.cl\/sitio\/\",\"name\":\"Nuestro Bio B\u00edo\",\"description\":\"Tierra de Encuentros\",\"publisher\":{\"@id\":\"https:\/\/www.fraczinet.cl\/sitio\/#\/schema\/person\/aec8ee4da68df2b9b0eefdad24a0d582\"},\"potentialAction\":[{\"@type\":\"SearchAction\",\"target\":{\"@type\":\"EntryPoint\",\"urlTemplate\":\"https:\/\/www.fraczinet.cl\/sitio\/?s={search_term_string}\"},\"query-input\":{\"@type\":\"PropertyValueSpecification\",\"valueRequired\":true,\"valueName\":\"search_term_string\"}}],\"inLanguage\":\"es\"},{\"@type\":[\"Person\",\"Organization\"],\"@id\":\"https:\/\/www.fraczinet.cl\/sitio\/#\/schema\/person\/aec8ee4da68df2b9b0eefdad24a0d582\",\"name\":\"Luis Fernando Fraczinet\",\"image\":{\"@type\":\"ImageObject\",\"inLanguage\":\"es\",\"@id\":\"https:\/\/www.fraczinet.cl\/sitio\/#\/schema\/person\/image\/\",\"url\":\"https:\/\/www.fraczinet.cl\/sitio\/wp-content\/uploads\/2021\/07\/bannerlogo-1.gif\",\"contentUrl\":\"https:\/\/www.fraczinet.cl\/sitio\/wp-content\/uploads\/2021\/07\/bannerlogo-1.gif\",\"width\":159,\"height\":79,\"caption\":\"Luis Fernando Fraczinet\"},\"logo\":{\"@id\":\"https:\/\/www.fraczinet.cl\/sitio\/#\/schema\/person\/image\/\"},\"sameAs\":[\"https:\/\/www.fraczinet.cl\/sitio\/\"]},{\"@type\":\"Person\",\"@id\":\"https:\/\/www.fraczinet.cl\/sitio\/#\/schema\/person\/bc30f98e9cb10ae7e119dbe14bc93784\",\"name\":\"admin\",\"image\":{\"@type\":\"ImageObject\",\"inLanguage\":\"es\",\"@id\":\"https:\/\/www.fraczinet.cl\/sitio\/#\/schema\/person\/image\/\",\"url\":\"https:\/\/secure.gravatar.com\/avatar\/d5ad3cf7ef3b23a2bb5be73be780c86b2fc8545c3ad6b149f3913ff458c00099?s=96&d=mm&r=g\",\"contentUrl\":\"https:\/\/secure.gravatar.com\/avatar\/d5ad3cf7ef3b23a2bb5be73be780c86b2fc8545c3ad6b149f3913ff458c00099?s=96&d=mm&r=g\",\"caption\":\"admin\"},\"sameAs\":[\"https:\/\/www.fraczinet.cl\/sitio\"]}]}<\/script>\n<!-- \/ Yoast SEO plugin. -->","yoast_head_json":{"title":"1\u00b0 Encuentro Regional De Medioambiente Y Desarrollo Sostenible - Nuestro Bio B\u00edo","robots":{"index":"index","follow":"follow","max-snippet":"max-snippet:-1","max-image-preview":"max-image-preview:large","max-video-preview":"max-video-preview:-1"},"canonical":"https:\/\/www.fraczinet.cl\/sitio\/2010\/11\/21\/1-encuentro-regional-de-medioambiente-y-desarrollo-sostenible\/","og_locale":"es_ES","og_type":"article","og_title":"1\u00b0 Encuentro Regional De Medioambiente Y Desarrollo Sostenible - Nuestro Bio B\u00edo","og_description":"El Consejo Ecol\u00f3gico Chill\u00e1n junto al Centro Psicosocial de la Universidad del Bio B\u00edo, en colaboraci\u00f3n con la Escuela de Psicolog\u00eda, se encuentran organizando el 1\u00b0 Encuentro Regional de Medioambiente y Desarrollo Sostenible el cual se realizar\u00e1 el viernes 26 y s\u00e1bado 27 de noviembre del presente a\u00f1o, cuya propuesta contempla un espacio para generar [&hellip;]","og_url":"https:\/\/www.fraczinet.cl\/sitio\/2010\/11\/21\/1-encuentro-regional-de-medioambiente-y-desarrollo-sostenible\/","og_site_name":"Nuestro Bio B\u00edo","article_published_time":"2010-11-21T16:12:00+00:00","article_modified_time":"2022-10-04T12:35:32+00:00","og_image":[{"url":"https:\/\/3.bp.blogspot.com\/_2S_RxGRVjis\/TOvb3WtMhbI\/AAAAAAAARak\/XF7vxGQ5Fe8\/s400\/afiche%2B158.jpg","type":"","width":"","height":""}],"author":"admin","twitter_card":"summary_large_image","twitter_creator":"@nuestrobiobio","twitter_site":"@nuestrobiobio","twitter_misc":{"Escrito por":"admin","Tiempo de lectura":"2 minutos"},"schema":{"@context":"https:\/\/schema.org","@graph":[{"@type":"Article","@id":"https:\/\/www.fraczinet.cl\/sitio\/2010\/11\/21\/1-encuentro-regional-de-medioambiente-y-desarrollo-sostenible\/#article","isPartOf":{"@id":"https:\/\/www.fraczinet.cl\/sitio\/2010\/11\/21\/1-encuentro-regional-de-medioambiente-y-desarrollo-sostenible\/"},"author":{"name":"admin","@id":"https:\/\/www.fraczinet.cl\/sitio\/#\/schema\/person\/bc30f98e9cb10ae7e119dbe14bc93784"},"headline":"1\u00b0 Encuentro Regional De Medioambiente Y Desarrollo Sostenible","datePublished":"2010-11-21T16:12:00+00:00","dateModified":"2022-10-04T12:35:32+00:00","mainEntityOfPage":{"@id":"https:\/\/www.fraczinet.cl\/sitio\/2010\/11\/21\/1-encuentro-regional-de-medioambiente-y-desarrollo-sostenible\/"},"wordCount":438,"commentCount":0,"publisher":{"@id":"https:\/\/www.fraczinet.cl\/sitio\/#\/schema\/person\/aec8ee4da68df2b9b0eefdad24a0d582"},"image":{"@id":"https:\/\/www.fraczinet.cl\/sitio\/2010\/11\/21\/1-encuentro-regional-de-medioambiente-y-desarrollo-sostenible\/#primaryimage"},"thumbnailUrl":"https:\/\/3.bp.blogspot.com\/_2S_RxGRVjis\/TOvb3WtMhbI\/AAAAAAAARak\/XF7vxGQ5Fe8\/s400\/afiche%2B158.jpg","articleSection":["Congresos","Medio Ambiente"],"inLanguage":"es","potentialAction":[{"@type":"CommentAction","name":"Comment","target":["https:\/\/www.fraczinet.cl\/sitio\/2010\/11\/21\/1-encuentro-regional-de-medioambiente-y-desarrollo-sostenible\/#respond"]}]},{"@type":"WebPage","@id":"https:\/\/www.fraczinet.cl\/sitio\/2010\/11\/21\/1-encuentro-regional-de-medioambiente-y-desarrollo-sostenible\/","url":"https:\/\/www.fraczinet.cl\/sitio\/2010\/11\/21\/1-encuentro-regional-de-medioambiente-y-desarrollo-sostenible\/","name":"1\u00b0 Encuentro Regional De Medioambiente Y Desarrollo Sostenible - Nuestro Bio B\u00edo","isPartOf":{"@id":"https:\/\/www.fraczinet.cl\/sitio\/#website"},"primaryImageOfPage":{"@id":"https:\/\/www.fraczinet.cl\/sitio\/2010\/11\/21\/1-encuentro-regional-de-medioambiente-y-desarrollo-sostenible\/#primaryimage"},"image":{"@id":"https:\/\/www.fraczinet.cl\/sitio\/2010\/11\/21\/1-encuentro-regional-de-medioambiente-y-desarrollo-sostenible\/#primaryimage"},"thumbnailUrl":"https:\/\/3.bp.blogspot.com\/_2S_RxGRVjis\/TOvb3WtMhbI\/AAAAAAAARak\/XF7vxGQ5Fe8\/s400\/afiche%2B158.jpg","datePublished":"2010-11-21T16:12:00+00:00","dateModified":"2022-10-04T12:35:32+00:00","breadcrumb":{"@id":"https:\/\/www.fraczinet.cl\/sitio\/2010\/11\/21\/1-encuentro-regional-de-medioambiente-y-desarrollo-sostenible\/#breadcrumb"},"inLanguage":"es","potentialAction":[{"@type":"ReadAction","target":["https:\/\/www.fraczinet.cl\/sitio\/2010\/11\/21\/1-encuentro-regional-de-medioambiente-y-desarrollo-sostenible\/"]}]},{"@type":"ImageObject","inLanguage":"es","@id":"https:\/\/www.fraczinet.cl\/sitio\/2010\/11\/21\/1-encuentro-regional-de-medioambiente-y-desarrollo-sostenible\/#primaryimage","url":"https:\/\/3.bp.blogspot.com\/_2S_RxGRVjis\/TOvb3WtMhbI\/AAAAAAAARak\/XF7vxGQ5Fe8\/s400\/afiche%2B158.jpg","contentUrl":"https:\/\/3.bp.blogspot.com\/_2S_RxGRVjis\/TOvb3WtMhbI\/AAAAAAAARak\/XF7vxGQ5Fe8\/s400\/afiche%2B158.jpg"},{"@type":"BreadcrumbList","@id":"https:\/\/www.fraczinet.cl\/sitio\/2010\/11\/21\/1-encuentro-regional-de-medioambiente-y-desarrollo-sostenible\/#breadcrumb","itemListElement":[{"@type":"ListItem","position":1,"name":"Portada","item":"https:\/\/www.fraczinet.cl\/sitio\/"},{"@type":"ListItem","position":2,"name":"1\u00b0 Encuentro Regional De Medioambiente Y Desarrollo Sostenible"}]},{"@type":"WebSite","@id":"https:\/\/www.fraczinet.cl\/sitio\/#website","url":"https:\/\/www.fraczinet.cl\/sitio\/","name":"Nuestro Bio B\u00edo","description":"Tierra de Encuentros","publisher":{"@id":"https:\/\/www.fraczinet.cl\/sitio\/#\/schema\/person\/aec8ee4da68df2b9b0eefdad24a0d582"},"potentialAction":[{"@type":"SearchAction","target":{"@type":"EntryPoint","urlTemplate":"https:\/\/www.fraczinet.cl\/sitio\/?s={search_term_string}"},"query-input":{"@type":"PropertyValueSpecification","valueRequired":true,"valueName":"search_term_string"}}],"inLanguage":"es"},{"@type":["Person","Organization"],"@id":"https:\/\/www.fraczinet.cl\/sitio\/#\/schema\/person\/aec8ee4da68df2b9b0eefdad24a0d582","name":"Luis Fernando Fraczinet","image":{"@type":"ImageObject","inLanguage":"es","@id":"https:\/\/www.fraczinet.cl\/sitio\/#\/schema\/person\/image\/","url":"https:\/\/www.fraczinet.cl\/sitio\/wp-content\/uploads\/2021\/07\/bannerlogo-1.gif","contentUrl":"https:\/\/www.fraczinet.cl\/sitio\/wp-content\/uploads\/2021\/07\/bannerlogo-1.gif","width":159,"height":79,"caption":"Luis Fernando Fraczinet"},"logo":{"@id":"https:\/\/www.fraczinet.cl\/sitio\/#\/schema\/person\/image\/"},"sameAs":["https:\/\/www.fraczinet.cl\/sitio\/"]},{"@type":"Person","@id":"https:\/\/www.fraczinet.cl\/sitio\/#\/schema\/person\/bc30f98e9cb10ae7e119dbe14bc93784","name":"admin","image":{"@type":"ImageObject","inLanguage":"es","@id":"https:\/\/www.fraczinet.cl\/sitio\/#\/schema\/person\/image\/","url":"https:\/\/secure.gravatar.com\/avatar\/d5ad3cf7ef3b23a2bb5be73be780c86b2fc8545c3ad6b149f3913ff458c00099?s=96&d=mm&r=g","contentUrl":"https:\/\/secure.gravatar.com\/avatar\/d5ad3cf7ef3b23a2bb5be73be780c86b2fc8545c3ad6b149f3913ff458c00099?s=96&d=mm&r=g","caption":"admin"},"sameAs":["https:\/\/www.fraczinet.cl\/sitio"]}]}},"_links":{"self":[{"href":"https:\/\/www.fraczinet.cl\/sitio\/wp-json\/wp\/v2\/posts\/9013","targetHints":{"allow":["GET"]}}],"collection":[{"href":"https:\/\/www.fraczinet.cl\/sitio\/wp-json\/wp\/v2\/posts"}],"about":[{"href":"https:\/\/www.fraczinet.cl\/sitio\/wp-json\/wp\/v2\/types\/post"}],"author":[{"embeddable":true,"href":"https:\/\/www.fraczinet.cl\/sitio\/wp-json\/wp\/v2\/users\/1"}],"replies":[{"embeddable":true,"href":"https:\/\/www.fraczinet.cl\/sitio\/wp-json\/wp\/v2\/comments?post=9013"}],"version-history":[{"count":1,"href":"https:\/\/www.fraczinet.cl\/sitio\/wp-json\/wp\/v2\/posts\/9013\/revisions"}],"predecessor-version":[{"id":13802,"href":"https:\/\/www.fraczinet.cl\/sitio\/wp-json\/wp\/v2\/posts\/9013\/revisions\/13802"}],"wp:attachment":[{"href":"https:\/\/www.fraczinet.cl\/sitio\/wp-json\/wp\/v2\/media?parent=9013"}],"wp:term":[{"taxonomy":"category","embeddable":true,"href":"https:\/\/www.fraczinet.cl\/sitio\/wp-json\/wp\/v2\/categories?post=9013"},{"taxonomy":"post_tag","embeddable":true,"href":"https:\/\/www.fraczinet.cl\/sitio\/wp-json\/wp\/v2\/tags?post=9013"}],"curies":[{"name":"wp","href":"https:\/\/api.w.org\/{rel}","templated":true}]}}