{"id":9044,"date":"2010-10-29T14:05:00","date_gmt":"2010-10-29T14:05:00","guid":{"rendered":"https:\/\/www.fraczinet.cl\/sitio\/2010\/10\/29\/estreno-del-documental-caleta-de-mujeres\/"},"modified":"2022-10-06T23:06:00","modified_gmt":"2022-10-06T23:06:00","slug":"estreno-del-documental-caleta-de-mujeres","status":"publish","type":"post","link":"https:\/\/www.fraczinet.cl\/sitio\/2010\/10\/29\/estreno-del-documental-caleta-de-mujeres\/","title":{"rendered":"Estreno Del Documental \u00abCaleta De Mujeres\u00bb"},"content":{"rendered":"<p><a href=\"http:\/\/1.bp.blogspot.com\/_2S_RxGRVjis\/TMrVrjFmBMI\/AAAAAAAAQ9s\/yT88VBBivNY\/s1600\/Caleta-de-Mujeres,-Casadelacultura.jpg\" style=\"clear: left; float: left; margin-bottom: 1em; margin-right: 1em;\"><img decoding=\"async\" alt=\"\" border=\"0\" id=\"BLOGGER_PHOTO_ID_5533470036307870914\" src=\"https:\/\/1.bp.blogspot.com\/_2S_RxGRVjis\/TMrVrjFmBMI\/AAAAAAAAQ9s\/yT88VBBivNY\/s400\/Caleta-de-Mujeres,-Casadelacultura.jpg\" style=\"height: 400px; width: 309px;\" \/><\/a><\/p>\n<div style=\"text-align: justify;\"><\/div>\n<div style=\"text-align: justify;\">Presentaci\u00f3n del cortometraje documental de Andrea Gonz\u00e1lez, realizado con<\/div>\n<div style=\"text-align: justify;\">un grupo mujeres trabajadoras de la Caleta Los Bagres, Tom\u00e9.<\/div>\n<div style=\"text-align: justify;\"><\/div>\n<div style=\"text-align: justify;\">Jueves 4 de noviembre, 18:30 horas.<\/div>\n<div style=\"text-align: justify;\">*Casa de la Cultura*, Ilustre Municipalidad de Tom\u00e9.<\/div>\n<div style=\"text-align: justify;\">Entrada liberada.<\/div>\n<div style=\"text-align: justify;\"><span style=\"font-weight: bold;\"><br \/>CALETA DE MUJERES<\/span><\/div>\n<div style=\"text-align: justify;\">Documental-Color-18:24min.- Todo Espectador- Tom\u00e9 (Chile)-MMX<\/div>\n<div style=\"text-align: justify;\"><\/div>\n<div style=\"text-align: justify;\"><span style=\"font-weight: bold;\">Sinopsis:<\/span><\/div>\n<div style=\"text-align: justify;\">Un grupo de mujeres, jefas de hogar, trabajadoras del Programa Proempleo de la Municipalidad de Tom\u00e9, intentan conciliar su vida laboral con su vida familiar, en un lugar arrasado por el terremoto del 27 de febrero de 2010.<\/div>\n<div style=\"text-align: justify;\"><\/div>\n<div style=\"text-align: justify;\">Direcci\u00f3n, producci\u00f3n y gui\u00f3n: Andrea Gonz\u00e1lez.<\/div>\n<div style=\"text-align: justify;\">C\u00e1mara y edici\u00f3n: Ricardo Mahnke.<\/div>\n<div style=\"text-align: justify;\"><\/div>\n<div style=\"text-align: justify;\">Ivitan: PencopolitaniA Films e Ilustre Munincipalidad de Tom\u00e9<\/div>\n","protected":false},"excerpt":{"rendered":"<p>Presentaci\u00f3n del cortometraje documental de Andrea Gonz\u00e1lez, realizado con un grupo mujeres trabajadoras de la Caleta Los Bagres, Tom\u00e9. Jueves 4 de noviembre, 18:30 horas. *Casa de la Cultura*, Ilustre Municipalidad de Tom\u00e9. Entrada liberada. CALETA DE MUJERES Documental-Color-18:24min.- Todo Espectador- Tom\u00e9 (Chile)-MMX Sinopsis: Un grupo de mujeres, jefas de hogar, trabajadoras del Programa Proempleo [&hellip;]<\/p>\n","protected":false},"author":1,"featured_media":0,"comment_status":"open","ping_status":"open","sticky":false,"template":"","format":"standard","meta":{"footnotes":""},"categories":[164],"tags":[],"class_list":["post-9044","post","type-post","status-publish","format-standard","hentry","category-documentales"],"yoast_head":"<!-- This site is optimized with the Yoast SEO plugin v25.0 - https:\/\/yoast.com\/wordpress\/plugins\/seo\/ -->\n<title>Estreno Del Documental &quot;Caleta De Mujeres&quot; - Nuestro Bio B\u00edo<\/title>\n<meta name=\"robots\" content=\"index, follow, max-snippet:-1, max-image-preview:large, max-video-preview:-1\" \/>\n<link rel=\"canonical\" href=\"https:\/\/www.fraczinet.cl\/sitio\/2010\/10\/29\/estreno-del-documental-caleta-de-mujeres\/\" \/>\n<meta property=\"og:locale\" content=\"es_ES\" \/>\n<meta property=\"og:type\" content=\"article\" \/>\n<meta property=\"og:title\" content=\"Estreno Del Documental &quot;Caleta De Mujeres&quot; - Nuestro Bio B\u00edo\" \/>\n<meta property=\"og:description\" content=\"Presentaci\u00f3n del cortometraje documental de Andrea Gonz\u00e1lez, realizado con un grupo mujeres trabajadoras de la Caleta Los Bagres, Tom\u00e9. Jueves 4 de noviembre, 18:30 horas. *Casa de la Cultura*, Ilustre Municipalidad de Tom\u00e9. Entrada liberada. CALETA DE MUJERES Documental-Color-18:24min.- Todo Espectador- Tom\u00e9 (Chile)-MMX Sinopsis: Un grupo de mujeres, jefas de hogar, trabajadoras del Programa Proempleo [&hellip;]\" \/>\n<meta property=\"og:url\" content=\"https:\/\/www.fraczinet.cl\/sitio\/2010\/10\/29\/estreno-del-documental-caleta-de-mujeres\/\" \/>\n<meta property=\"og:site_name\" content=\"Nuestro Bio B\u00edo\" \/>\n<meta property=\"article:published_time\" content=\"2010-10-29T14:05:00+00:00\" \/>\n<meta property=\"article:modified_time\" content=\"2022-10-06T23:06:00+00:00\" \/>\n<meta property=\"og:image\" content=\"https:\/\/1.bp.blogspot.com\/_2S_RxGRVjis\/TMrVrjFmBMI\/AAAAAAAAQ9s\/yT88VBBivNY\/s400\/Caleta-de-Mujeres,-Casadelacultura.jpg\" \/>\n<meta name=\"author\" content=\"admin\" \/>\n<meta name=\"twitter:card\" content=\"summary_large_image\" \/>\n<meta name=\"twitter:creator\" content=\"@nuestrobiobio\" \/>\n<meta name=\"twitter:site\" content=\"@nuestrobiobio\" \/>\n<meta name=\"twitter:label1\" content=\"Escrito por\" \/>\n\t<meta name=\"twitter:data1\" content=\"admin\" \/>\n\t<meta name=\"twitter:label2\" content=\"Tiempo de lectura\" \/>\n\t<meta name=\"twitter:data2\" content=\"1 minuto\" \/>\n<script type=\"application\/ld+json\" class=\"yoast-schema-graph\">{\"@context\":\"https:\/\/schema.org\",\"@graph\":[{\"@type\":\"Article\",\"@id\":\"https:\/\/www.fraczinet.cl\/sitio\/2010\/10\/29\/estreno-del-documental-caleta-de-mujeres\/#article\",\"isPartOf\":{\"@id\":\"https:\/\/www.fraczinet.cl\/sitio\/2010\/10\/29\/estreno-del-documental-caleta-de-mujeres\/\"},\"author\":{\"name\":\"admin\",\"@id\":\"https:\/\/www.fraczinet.cl\/sitio\/#\/schema\/person\/bc30f98e9cb10ae7e119dbe14bc93784\"},\"headline\":\"Estreno Del Documental \u00abCaleta De Mujeres\u00bb\",\"datePublished\":\"2010-10-29T14:05:00+00:00\",\"dateModified\":\"2022-10-06T23:06:00+00:00\",\"mainEntityOfPage\":{\"@id\":\"https:\/\/www.fraczinet.cl\/sitio\/2010\/10\/29\/estreno-del-documental-caleta-de-mujeres\/\"},\"wordCount\":114,\"commentCount\":0,\"publisher\":{\"@id\":\"https:\/\/www.fraczinet.cl\/sitio\/#\/schema\/person\/aec8ee4da68df2b9b0eefdad24a0d582\"},\"image\":{\"@id\":\"https:\/\/www.fraczinet.cl\/sitio\/2010\/10\/29\/estreno-del-documental-caleta-de-mujeres\/#primaryimage\"},\"thumbnailUrl\":\"https:\/\/1.bp.blogspot.com\/_2S_RxGRVjis\/TMrVrjFmBMI\/AAAAAAAAQ9s\/yT88VBBivNY\/s400\/Caleta-de-Mujeres,-Casadelacultura.jpg\",\"articleSection\":[\"Documentales\"],\"inLanguage\":\"es\",\"potentialAction\":[{\"@type\":\"CommentAction\",\"name\":\"Comment\",\"target\":[\"https:\/\/www.fraczinet.cl\/sitio\/2010\/10\/29\/estreno-del-documental-caleta-de-mujeres\/#respond\"]}]},{\"@type\":\"WebPage\",\"@id\":\"https:\/\/www.fraczinet.cl\/sitio\/2010\/10\/29\/estreno-del-documental-caleta-de-mujeres\/\",\"url\":\"https:\/\/www.fraczinet.cl\/sitio\/2010\/10\/29\/estreno-del-documental-caleta-de-mujeres\/\",\"name\":\"Estreno Del Documental \\\"Caleta De Mujeres\\\" - Nuestro Bio B\u00edo\",\"isPartOf\":{\"@id\":\"https:\/\/www.fraczinet.cl\/sitio\/#website\"},\"primaryImageOfPage\":{\"@id\":\"https:\/\/www.fraczinet.cl\/sitio\/2010\/10\/29\/estreno-del-documental-caleta-de-mujeres\/#primaryimage\"},\"image\":{\"@id\":\"https:\/\/www.fraczinet.cl\/sitio\/2010\/10\/29\/estreno-del-documental-caleta-de-mujeres\/#primaryimage\"},\"thumbnailUrl\":\"https:\/\/1.bp.blogspot.com\/_2S_RxGRVjis\/TMrVrjFmBMI\/AAAAAAAAQ9s\/yT88VBBivNY\/s400\/Caleta-de-Mujeres,-Casadelacultura.jpg\",\"datePublished\":\"2010-10-29T14:05:00+00:00\",\"dateModified\":\"2022-10-06T23:06:00+00:00\",\"breadcrumb\":{\"@id\":\"https:\/\/www.fraczinet.cl\/sitio\/2010\/10\/29\/estreno-del-documental-caleta-de-mujeres\/#breadcrumb\"},\"inLanguage\":\"es\",\"potentialAction\":[{\"@type\":\"ReadAction\",\"target\":[\"https:\/\/www.fraczinet.cl\/sitio\/2010\/10\/29\/estreno-del-documental-caleta-de-mujeres\/\"]}]},{\"@type\":\"ImageObject\",\"inLanguage\":\"es\",\"@id\":\"https:\/\/www.fraczinet.cl\/sitio\/2010\/10\/29\/estreno-del-documental-caleta-de-mujeres\/#primaryimage\",\"url\":\"https:\/\/1.bp.blogspot.com\/_2S_RxGRVjis\/TMrVrjFmBMI\/AAAAAAAAQ9s\/yT88VBBivNY\/s400\/Caleta-de-Mujeres,-Casadelacultura.jpg\",\"contentUrl\":\"https:\/\/1.bp.blogspot.com\/_2S_RxGRVjis\/TMrVrjFmBMI\/AAAAAAAAQ9s\/yT88VBBivNY\/s400\/Caleta-de-Mujeres,-Casadelacultura.jpg\"},{\"@type\":\"BreadcrumbList\",\"@id\":\"https:\/\/www.fraczinet.cl\/sitio\/2010\/10\/29\/estreno-del-documental-caleta-de-mujeres\/#breadcrumb\",\"itemListElement\":[{\"@type\":\"ListItem\",\"position\":1,\"name\":\"Portada\",\"item\":\"https:\/\/www.fraczinet.cl\/sitio\/\"},{\"@type\":\"ListItem\",\"position\":2,\"name\":\"Estreno Del Documental \u00abCaleta De Mujeres\u00bb\"}]},{\"@type\":\"WebSite\",\"@id\":\"https:\/\/www.fraczinet.cl\/sitio\/#website\",\"url\":\"https:\/\/www.fraczinet.cl\/sitio\/\",\"name\":\"Nuestro Bio B\u00edo\",\"description\":\"Tierra de Encuentros\",\"publisher\":{\"@id\":\"https:\/\/www.fraczinet.cl\/sitio\/#\/schema\/person\/aec8ee4da68df2b9b0eefdad24a0d582\"},\"potentialAction\":[{\"@type\":\"SearchAction\",\"target\":{\"@type\":\"EntryPoint\",\"urlTemplate\":\"https:\/\/www.fraczinet.cl\/sitio\/?s={search_term_string}\"},\"query-input\":{\"@type\":\"PropertyValueSpecification\",\"valueRequired\":true,\"valueName\":\"search_term_string\"}}],\"inLanguage\":\"es\"},{\"@type\":[\"Person\",\"Organization\"],\"@id\":\"https:\/\/www.fraczinet.cl\/sitio\/#\/schema\/person\/aec8ee4da68df2b9b0eefdad24a0d582\",\"name\":\"Luis Fernando Fraczinet\",\"image\":{\"@type\":\"ImageObject\",\"inLanguage\":\"es\",\"@id\":\"https:\/\/www.fraczinet.cl\/sitio\/#\/schema\/person\/image\/\",\"url\":\"https:\/\/www.fraczinet.cl\/sitio\/wp-content\/uploads\/2021\/07\/bannerlogo-1.gif\",\"contentUrl\":\"https:\/\/www.fraczinet.cl\/sitio\/wp-content\/uploads\/2021\/07\/bannerlogo-1.gif\",\"width\":159,\"height\":79,\"caption\":\"Luis Fernando Fraczinet\"},\"logo\":{\"@id\":\"https:\/\/www.fraczinet.cl\/sitio\/#\/schema\/person\/image\/\"},\"sameAs\":[\"https:\/\/www.fraczinet.cl\/sitio\/\"]},{\"@type\":\"Person\",\"@id\":\"https:\/\/www.fraczinet.cl\/sitio\/#\/schema\/person\/bc30f98e9cb10ae7e119dbe14bc93784\",\"name\":\"admin\",\"image\":{\"@type\":\"ImageObject\",\"inLanguage\":\"es\",\"@id\":\"https:\/\/www.fraczinet.cl\/sitio\/#\/schema\/person\/image\/\",\"url\":\"https:\/\/secure.gravatar.com\/avatar\/d5ad3cf7ef3b23a2bb5be73be780c86b2fc8545c3ad6b149f3913ff458c00099?s=96&d=mm&r=g\",\"contentUrl\":\"https:\/\/secure.gravatar.com\/avatar\/d5ad3cf7ef3b23a2bb5be73be780c86b2fc8545c3ad6b149f3913ff458c00099?s=96&d=mm&r=g\",\"caption\":\"admin\"},\"sameAs\":[\"https:\/\/www.fraczinet.cl\/sitio\"]}]}<\/script>\n<!-- \/ Yoast SEO plugin. -->","yoast_head_json":{"title":"Estreno Del Documental \"Caleta De Mujeres\" - Nuestro Bio B\u00edo","robots":{"index":"index","follow":"follow","max-snippet":"max-snippet:-1","max-image-preview":"max-image-preview:large","max-video-preview":"max-video-preview:-1"},"canonical":"https:\/\/www.fraczinet.cl\/sitio\/2010\/10\/29\/estreno-del-documental-caleta-de-mujeres\/","og_locale":"es_ES","og_type":"article","og_title":"Estreno Del Documental \"Caleta De Mujeres\" - Nuestro Bio B\u00edo","og_description":"Presentaci\u00f3n del cortometraje documental de Andrea Gonz\u00e1lez, realizado con un grupo mujeres trabajadoras de la Caleta Los Bagres, Tom\u00e9. Jueves 4 de noviembre, 18:30 horas. *Casa de la Cultura*, Ilustre Municipalidad de Tom\u00e9. Entrada liberada. CALETA DE MUJERES Documental-Color-18:24min.- Todo Espectador- Tom\u00e9 (Chile)-MMX Sinopsis: Un grupo de mujeres, jefas de hogar, trabajadoras del Programa Proempleo [&hellip;]","og_url":"https:\/\/www.fraczinet.cl\/sitio\/2010\/10\/29\/estreno-del-documental-caleta-de-mujeres\/","og_site_name":"Nuestro Bio B\u00edo","article_published_time":"2010-10-29T14:05:00+00:00","article_modified_time":"2022-10-06T23:06:00+00:00","og_image":[{"url":"https:\/\/1.bp.blogspot.com\/_2S_RxGRVjis\/TMrVrjFmBMI\/AAAAAAAAQ9s\/yT88VBBivNY\/s400\/Caleta-de-Mujeres,-Casadelacultura.jpg","type":"","width":"","height":""}],"author":"admin","twitter_card":"summary_large_image","twitter_creator":"@nuestrobiobio","twitter_site":"@nuestrobiobio","twitter_misc":{"Escrito por":"admin","Tiempo de lectura":"1 minuto"},"schema":{"@context":"https:\/\/schema.org","@graph":[{"@type":"Article","@id":"https:\/\/www.fraczinet.cl\/sitio\/2010\/10\/29\/estreno-del-documental-caleta-de-mujeres\/#article","isPartOf":{"@id":"https:\/\/www.fraczinet.cl\/sitio\/2010\/10\/29\/estreno-del-documental-caleta-de-mujeres\/"},"author":{"name":"admin","@id":"https:\/\/www.fraczinet.cl\/sitio\/#\/schema\/person\/bc30f98e9cb10ae7e119dbe14bc93784"},"headline":"Estreno Del Documental \u00abCaleta De Mujeres\u00bb","datePublished":"2010-10-29T14:05:00+00:00","dateModified":"2022-10-06T23:06:00+00:00","mainEntityOfPage":{"@id":"https:\/\/www.fraczinet.cl\/sitio\/2010\/10\/29\/estreno-del-documental-caleta-de-mujeres\/"},"wordCount":114,"commentCount":0,"publisher":{"@id":"https:\/\/www.fraczinet.cl\/sitio\/#\/schema\/person\/aec8ee4da68df2b9b0eefdad24a0d582"},"image":{"@id":"https:\/\/www.fraczinet.cl\/sitio\/2010\/10\/29\/estreno-del-documental-caleta-de-mujeres\/#primaryimage"},"thumbnailUrl":"https:\/\/1.bp.blogspot.com\/_2S_RxGRVjis\/TMrVrjFmBMI\/AAAAAAAAQ9s\/yT88VBBivNY\/s400\/Caleta-de-Mujeres,-Casadelacultura.jpg","articleSection":["Documentales"],"inLanguage":"es","potentialAction":[{"@type":"CommentAction","name":"Comment","target":["https:\/\/www.fraczinet.cl\/sitio\/2010\/10\/29\/estreno-del-documental-caleta-de-mujeres\/#respond"]}]},{"@type":"WebPage","@id":"https:\/\/www.fraczinet.cl\/sitio\/2010\/10\/29\/estreno-del-documental-caleta-de-mujeres\/","url":"https:\/\/www.fraczinet.cl\/sitio\/2010\/10\/29\/estreno-del-documental-caleta-de-mujeres\/","name":"Estreno Del Documental \"Caleta De Mujeres\" - Nuestro Bio B\u00edo","isPartOf":{"@id":"https:\/\/www.fraczinet.cl\/sitio\/#website"},"primaryImageOfPage":{"@id":"https:\/\/www.fraczinet.cl\/sitio\/2010\/10\/29\/estreno-del-documental-caleta-de-mujeres\/#primaryimage"},"image":{"@id":"https:\/\/www.fraczinet.cl\/sitio\/2010\/10\/29\/estreno-del-documental-caleta-de-mujeres\/#primaryimage"},"thumbnailUrl":"https:\/\/1.bp.blogspot.com\/_2S_RxGRVjis\/TMrVrjFmBMI\/AAAAAAAAQ9s\/yT88VBBivNY\/s400\/Caleta-de-Mujeres,-Casadelacultura.jpg","datePublished":"2010-10-29T14:05:00+00:00","dateModified":"2022-10-06T23:06:00+00:00","breadcrumb":{"@id":"https:\/\/www.fraczinet.cl\/sitio\/2010\/10\/29\/estreno-del-documental-caleta-de-mujeres\/#breadcrumb"},"inLanguage":"es","potentialAction":[{"@type":"ReadAction","target":["https:\/\/www.fraczinet.cl\/sitio\/2010\/10\/29\/estreno-del-documental-caleta-de-mujeres\/"]}]},{"@type":"ImageObject","inLanguage":"es","@id":"https:\/\/www.fraczinet.cl\/sitio\/2010\/10\/29\/estreno-del-documental-caleta-de-mujeres\/#primaryimage","url":"https:\/\/1.bp.blogspot.com\/_2S_RxGRVjis\/TMrVrjFmBMI\/AAAAAAAAQ9s\/yT88VBBivNY\/s400\/Caleta-de-Mujeres,-Casadelacultura.jpg","contentUrl":"https:\/\/1.bp.blogspot.com\/_2S_RxGRVjis\/TMrVrjFmBMI\/AAAAAAAAQ9s\/yT88VBBivNY\/s400\/Caleta-de-Mujeres,-Casadelacultura.jpg"},{"@type":"BreadcrumbList","@id":"https:\/\/www.fraczinet.cl\/sitio\/2010\/10\/29\/estreno-del-documental-caleta-de-mujeres\/#breadcrumb","itemListElement":[{"@type":"ListItem","position":1,"name":"Portada","item":"https:\/\/www.fraczinet.cl\/sitio\/"},{"@type":"ListItem","position":2,"name":"Estreno Del Documental \u00abCaleta De Mujeres\u00bb"}]},{"@type":"WebSite","@id":"https:\/\/www.fraczinet.cl\/sitio\/#website","url":"https:\/\/www.fraczinet.cl\/sitio\/","name":"Nuestro Bio B\u00edo","description":"Tierra de Encuentros","publisher":{"@id":"https:\/\/www.fraczinet.cl\/sitio\/#\/schema\/person\/aec8ee4da68df2b9b0eefdad24a0d582"},"potentialAction":[{"@type":"SearchAction","target":{"@type":"EntryPoint","urlTemplate":"https:\/\/www.fraczinet.cl\/sitio\/?s={search_term_string}"},"query-input":{"@type":"PropertyValueSpecification","valueRequired":true,"valueName":"search_term_string"}}],"inLanguage":"es"},{"@type":["Person","Organization"],"@id":"https:\/\/www.fraczinet.cl\/sitio\/#\/schema\/person\/aec8ee4da68df2b9b0eefdad24a0d582","name":"Luis Fernando Fraczinet","image":{"@type":"ImageObject","inLanguage":"es","@id":"https:\/\/www.fraczinet.cl\/sitio\/#\/schema\/person\/image\/","url":"https:\/\/www.fraczinet.cl\/sitio\/wp-content\/uploads\/2021\/07\/bannerlogo-1.gif","contentUrl":"https:\/\/www.fraczinet.cl\/sitio\/wp-content\/uploads\/2021\/07\/bannerlogo-1.gif","width":159,"height":79,"caption":"Luis Fernando Fraczinet"},"logo":{"@id":"https:\/\/www.fraczinet.cl\/sitio\/#\/schema\/person\/image\/"},"sameAs":["https:\/\/www.fraczinet.cl\/sitio\/"]},{"@type":"Person","@id":"https:\/\/www.fraczinet.cl\/sitio\/#\/schema\/person\/bc30f98e9cb10ae7e119dbe14bc93784","name":"admin","image":{"@type":"ImageObject","inLanguage":"es","@id":"https:\/\/www.fraczinet.cl\/sitio\/#\/schema\/person\/image\/","url":"https:\/\/secure.gravatar.com\/avatar\/d5ad3cf7ef3b23a2bb5be73be780c86b2fc8545c3ad6b149f3913ff458c00099?s=96&d=mm&r=g","contentUrl":"https:\/\/secure.gravatar.com\/avatar\/d5ad3cf7ef3b23a2bb5be73be780c86b2fc8545c3ad6b149f3913ff458c00099?s=96&d=mm&r=g","caption":"admin"},"sameAs":["https:\/\/www.fraczinet.cl\/sitio"]}]}},"_links":{"self":[{"href":"https:\/\/www.fraczinet.cl\/sitio\/wp-json\/wp\/v2\/posts\/9044","targetHints":{"allow":["GET"]}}],"collection":[{"href":"https:\/\/www.fraczinet.cl\/sitio\/wp-json\/wp\/v2\/posts"}],"about":[{"href":"https:\/\/www.fraczinet.cl\/sitio\/wp-json\/wp\/v2\/types\/post"}],"author":[{"embeddable":true,"href":"https:\/\/www.fraczinet.cl\/sitio\/wp-json\/wp\/v2\/users\/1"}],"replies":[{"embeddable":true,"href":"https:\/\/www.fraczinet.cl\/sitio\/wp-json\/wp\/v2\/comments?post=9044"}],"version-history":[{"count":1,"href":"https:\/\/www.fraczinet.cl\/sitio\/wp-json\/wp\/v2\/posts\/9044\/revisions"}],"predecessor-version":[{"id":14336,"href":"https:\/\/www.fraczinet.cl\/sitio\/wp-json\/wp\/v2\/posts\/9044\/revisions\/14336"}],"wp:attachment":[{"href":"https:\/\/www.fraczinet.cl\/sitio\/wp-json\/wp\/v2\/media?parent=9044"}],"wp:term":[{"taxonomy":"category","embeddable":true,"href":"https:\/\/www.fraczinet.cl\/sitio\/wp-json\/wp\/v2\/categories?post=9044"},{"taxonomy":"post_tag","embeddable":true,"href":"https:\/\/www.fraczinet.cl\/sitio\/wp-json\/wp\/v2\/tags?post=9044"}],"curies":[{"name":"wp","href":"https:\/\/api.w.org\/{rel}","templated":true}]}}