{"id":9046,"date":"2010-10-28T23:21:00","date_gmt":"2010-10-28T23:21:00","guid":{"rendered":"https:\/\/www.fraczinet.cl\/sitio\/2010\/10\/28\/muluches-contaran-con-policlinico-intercultural-en-el-hospital-de-mulchen\/"},"modified":"2022-10-04T23:48:33","modified_gmt":"2022-10-04T23:48:33","slug":"muluches-contaran-con-policlinico-intercultural-en-el-hospital-de-mulchen","status":"publish","type":"post","link":"https:\/\/www.fraczinet.cl\/sitio\/2010\/10\/28\/muluches-contaran-con-policlinico-intercultural-en-el-hospital-de-mulchen\/","title":{"rendered":"Muluches Contaran Con Policl\u00ednico Intercultural En El Hospital De Mulch\u00e9n"},"content":{"rendered":"<p><a href=\"http:\/\/1.bp.blogspot.com\/_2S_RxGRVjis\/TMoHwlQ-o6I\/AAAAAAAAQ9M\/zSVp27029VE\/s1600\/Ruca+Mulchen+2.JPG\" style=\"clear: left; float: left; margin-bottom: 1em; margin-right: 1em;\"><img decoding=\"async\" alt=\"\" border=\"0\" id=\"BLOGGER_PHOTO_ID_5533243623396516770\" src=\"https:\/\/1.bp.blogspot.com\/_2S_RxGRVjis\/TMoHwlQ-o6I\/AAAAAAAAQ9M\/zSVp27029VE\/s400\/Ruca+Mulchen+2.JPG\" style=\"height: 225px; width: 400px;\" \/><\/a><\/p>\n<div style=\"text-align: justify;\"><\/div>\n<div style=\"text-align: justify;\">Las comunidades moluches de la Comuna de Mulch\u00e9n, en el marco del programa de salud para los pueblos ind\u00edgenas, con el apoyo del Servicio de Salud Bio- Bio y el Hospital de Mulch\u00e9n, contar\u00e1n con un Policl\u00ednico Intercultural con dis\u00e9\u00f1o y pertinencia mapuche, en el cual se atender\u00e1 a la poblaci\u00f3n ind\u00edgena bajo un r\u00e9gimen de protocolo de derivaci\u00f3n y contraderivaci\u00f3n, esto quiere decir que se utilizar\u00e1n las 2 medicinas, la ind\u00edgena y la Alop\u00e1tica o occidental (Complementariedad).<\/div>\n<div style=\"text-align: justify;\"><\/div>\n<div style=\"text-align: justify;\">Para las comunidades moluches, esto es un gran avance, por cuanto se val\u00edda y reconoce la medicina ancestral y se d\u00e1 cumplimiento a la Ley Ind\u00edgena y el convenio 169 en cuanto a proteger las pr\u00e1cticas medicinales, la cultura y cosmovisi\u00f3n de los pueblos originarios.<\/div>\n<div style=\"text-align: justify;\"><\/div>\n<div style=\"text-align: justify;\">En la pr\u00e1ctica esto quiere decir que en algunos casos los agentes de medicina Mapuche  (Machis, Lawentucheves, etc.) tendr\u00e1n la posibilidad de atender a los pacientes mapuches que as\u00ed lo solicitaran.<\/div>\n<div style=\"text-align: justify;\"><\/div>\n<div style=\"text-align: justify;\">Queremos agradecer en todo lo que vale, el apoyo y compromiso que ha demostrado el Servicio de Salud Bio B\u00edo, la direcci\u00f3n juntamente con el equipo de salud del Hospital de Mulch\u00e9n y la mesa de salud intercultural representadas por todas sus autoridades tradicionales de las organizaciones moluches de la Comuna de Mulch\u00e9n, para sacar adelante este in\u00e9dito proyecto en nuestra comuna.<\/div>\n<div style=\"text-align: justify;\"><\/div>\n<div style=\"text-align: justify;\">Debemos decir que esta es la d\u00e9cima experiencia en salud intercultural en el Pa\u00eds, pero la primera que trabajar\u00e1 con ind\u00edgenas urbanos, con la intenci\u00f3n de que a futuro se ampl\u00ede esta atenci\u00f3n a todo el p\u00fablico, complementando con las medicinas alternativas reconocidas.<\/div>\n<div style=\"text-align: justify;\"><\/div>\n<div style=\"text-align: justify;\">Creemos que en esta experiencia seremos un gran aporte a la salud, toda vez que para el pueblo mapuche y su cosmovisi\u00f3n, la salud \u00e9s estar bi\u00e9n integralmente, en armonia con el mediambiente, los ecosistemas sagrados (menokos), la familia, cultura, etc. Para el pueblo mapuche el enfermo es un Persona F\u00edsica y espiritual y de acuerdo a esa filosofia se le d\u00e1 un tratamiento digno.<\/div>\n<div style=\"text-align: justify;\"><\/div>\n<div style=\"text-align: justify;\">En el hospital de Mulch\u00e9n ya se han dado pasos importante en el respeto y protecci\u00f3n de su poblaci\u00f3n mapuche, como por ejemplo: Se\u00f1al\u00e9tica en espa\u00f1ol y mapudung\u00fan, Facilitador intercultural, espacio sagrado dentro del recinto en el cual se instal\u00f3 <\/div>\n<div style=\"text-align: justify;\">un Rehue, etc.<\/div>\n<div style=\"text-align: justify;\"><\/div>\n<div style=\"text-align: justify;\">Este policl\u00ednico en el mejor de los casos y con el apoyo del municipio de Mulch\u00e9n y el departamento de obras, deber\u00eda colocar la primera piedra para comenzar a construirse, la primera quincena de noviembre del 2010.<\/div>\n<div style=\"text-align: justify;\"><\/div>\n<div style=\"text-align: justify;\">Ad\u00e1n Carim\u00e1n R.<\/div>\n<div style=\"text-align: justify;\">Lonko comunidad Admapu Molche\u00f1ancu<\/div>\n<div style=\"text-align: justify;\">Mulch\u00e9n<\/div>\n<div style=\"text-align: justify;\">6-2619785<\/div>\n<p><a href=\"http:\/\/2.bp.blogspot.com\/_2S_RxGRVjis\/TMoHnjNvFfI\/AAAAAAAAQ9E\/fTV-oqgwehU\/s1600\/Ruca+Mulchen5.JPG\"><img decoding=\"async\" alt=\"\" border=\"0\" id=\"BLOGGER_PHOTO_ID_5533243468227220978\" src=\"https:\/\/2.bp.blogspot.com\/_2S_RxGRVjis\/TMoHnjNvFfI\/AAAAAAAAQ9E\/fTV-oqgwehU\/s400\/Ruca+Mulchen5.JPG\" style=\"cursor: hand; cursor: pointer; height: 225px; width: 400px;\" \/><\/a><br \/><a href=\"http:\/\/4.bp.blogspot.com\/_2S_RxGRVjis\/TMoHhYm-W6I\/AAAAAAAAQ88\/nLzeAfKiC5g\/s1600\/Ruca+Mulchen3.JPG\"><img decoding=\"async\" alt=\"\" border=\"0\" id=\"BLOGGER_PHOTO_ID_5533243362301074338\" src=\"https:\/\/4.bp.blogspot.com\/_2S_RxGRVjis\/TMoHhYm-W6I\/AAAAAAAAQ88\/nLzeAfKiC5g\/s400\/Ruca+Mulchen3.JPG\" style=\"cursor: hand; cursor: pointer; height: 225px; width: 400px;\" \/><\/a><\/p>\n","protected":false},"excerpt":{"rendered":"<p>Las comunidades moluches de la Comuna de Mulch\u00e9n, en el marco del programa de salud para los pueblos ind\u00edgenas, con el apoyo del Servicio de Salud Bio- Bio y el Hospital de Mulch\u00e9n, contar\u00e1n con un Policl\u00ednico Intercultural con dis\u00e9\u00f1o y pertinencia mapuche, en el cual se atender\u00e1 a la poblaci\u00f3n ind\u00edgena bajo un r\u00e9gimen [&hellip;]<\/p>\n","protected":false},"author":1,"featured_media":0,"comment_status":"open","ping_status":"open","sticky":false,"template":"","format":"standard","meta":{"footnotes":""},"categories":[47,123,180],"tags":[],"class_list":["post-9046","post","type-post","status-publish","format-standard","hentry","category-mapuches","category-moluches","category-salud"],"yoast_head":"<!-- This site is optimized with the Yoast SEO plugin v25.0 - https:\/\/yoast.com\/wordpress\/plugins\/seo\/ -->\n<title>Muluches Contaran Con Policl\u00ednico Intercultural En El Hospital De Mulch\u00e9n - Nuestro Bio B\u00edo<\/title>\n<meta name=\"robots\" content=\"index, follow, max-snippet:-1, max-image-preview:large, max-video-preview:-1\" \/>\n<link rel=\"canonical\" href=\"https:\/\/www.fraczinet.cl\/sitio\/2010\/10\/28\/muluches-contaran-con-policlinico-intercultural-en-el-hospital-de-mulchen\/\" \/>\n<meta property=\"og:locale\" content=\"es_ES\" \/>\n<meta property=\"og:type\" content=\"article\" \/>\n<meta property=\"og:title\" content=\"Muluches Contaran Con Policl\u00ednico Intercultural En El Hospital De Mulch\u00e9n - Nuestro Bio B\u00edo\" \/>\n<meta property=\"og:description\" content=\"Las comunidades moluches de la Comuna de Mulch\u00e9n, en el marco del programa de salud para los pueblos ind\u00edgenas, con el apoyo del Servicio de Salud Bio- Bio y el Hospital de Mulch\u00e9n, contar\u00e1n con un Policl\u00ednico Intercultural con dis\u00e9\u00f1o y pertinencia mapuche, en el cual se atender\u00e1 a la poblaci\u00f3n ind\u00edgena bajo un r\u00e9gimen [&hellip;]\" \/>\n<meta property=\"og:url\" content=\"https:\/\/www.fraczinet.cl\/sitio\/2010\/10\/28\/muluches-contaran-con-policlinico-intercultural-en-el-hospital-de-mulchen\/\" \/>\n<meta property=\"og:site_name\" content=\"Nuestro Bio B\u00edo\" \/>\n<meta property=\"article:published_time\" content=\"2010-10-28T23:21:00+00:00\" \/>\n<meta property=\"article:modified_time\" content=\"2022-10-04T23:48:33+00:00\" \/>\n<meta property=\"og:image\" content=\"https:\/\/1.bp.blogspot.com\/_2S_RxGRVjis\/TMoHwlQ-o6I\/AAAAAAAAQ9M\/zSVp27029VE\/s400\/Ruca+Mulchen+2.JPG\" \/>\n<meta name=\"author\" content=\"admin\" \/>\n<meta name=\"twitter:card\" content=\"summary_large_image\" \/>\n<meta name=\"twitter:creator\" content=\"@nuestrobiobio\" \/>\n<meta name=\"twitter:site\" content=\"@nuestrobiobio\" \/>\n<meta name=\"twitter:label1\" content=\"Escrito por\" \/>\n\t<meta name=\"twitter:data1\" content=\"admin\" \/>\n\t<meta name=\"twitter:label2\" content=\"Tiempo de lectura\" \/>\n\t<meta name=\"twitter:data2\" content=\"2 minutos\" \/>\n<script type=\"application\/ld+json\" class=\"yoast-schema-graph\">{\"@context\":\"https:\/\/schema.org\",\"@graph\":[{\"@type\":\"Article\",\"@id\":\"https:\/\/www.fraczinet.cl\/sitio\/2010\/10\/28\/muluches-contaran-con-policlinico-intercultural-en-el-hospital-de-mulchen\/#article\",\"isPartOf\":{\"@id\":\"https:\/\/www.fraczinet.cl\/sitio\/2010\/10\/28\/muluches-contaran-con-policlinico-intercultural-en-el-hospital-de-mulchen\/\"},\"author\":{\"name\":\"admin\",\"@id\":\"https:\/\/www.fraczinet.cl\/sitio\/#\/schema\/person\/bc30f98e9cb10ae7e119dbe14bc93784\"},\"headline\":\"Muluches Contaran Con Policl\u00ednico Intercultural En El Hospital De Mulch\u00e9n\",\"datePublished\":\"2010-10-28T23:21:00+00:00\",\"dateModified\":\"2022-10-04T23:48:33+00:00\",\"mainEntityOfPage\":{\"@id\":\"https:\/\/www.fraczinet.cl\/sitio\/2010\/10\/28\/muluches-contaran-con-policlinico-intercultural-en-el-hospital-de-mulchen\/\"},\"wordCount\":471,\"commentCount\":0,\"publisher\":{\"@id\":\"https:\/\/www.fraczinet.cl\/sitio\/#\/schema\/person\/aec8ee4da68df2b9b0eefdad24a0d582\"},\"image\":{\"@id\":\"https:\/\/www.fraczinet.cl\/sitio\/2010\/10\/28\/muluches-contaran-con-policlinico-intercultural-en-el-hospital-de-mulchen\/#primaryimage\"},\"thumbnailUrl\":\"https:\/\/1.bp.blogspot.com\/_2S_RxGRVjis\/TMoHwlQ-o6I\/AAAAAAAAQ9M\/zSVp27029VE\/s400\/Ruca+Mulchen+2.JPG\",\"articleSection\":[\"Mapuches\",\"Moluches\",\"Salud\"],\"inLanguage\":\"es\",\"potentialAction\":[{\"@type\":\"CommentAction\",\"name\":\"Comment\",\"target\":[\"https:\/\/www.fraczinet.cl\/sitio\/2010\/10\/28\/muluches-contaran-con-policlinico-intercultural-en-el-hospital-de-mulchen\/#respond\"]}]},{\"@type\":\"WebPage\",\"@id\":\"https:\/\/www.fraczinet.cl\/sitio\/2010\/10\/28\/muluches-contaran-con-policlinico-intercultural-en-el-hospital-de-mulchen\/\",\"url\":\"https:\/\/www.fraczinet.cl\/sitio\/2010\/10\/28\/muluches-contaran-con-policlinico-intercultural-en-el-hospital-de-mulchen\/\",\"name\":\"Muluches Contaran Con Policl\u00ednico Intercultural En El Hospital De Mulch\u00e9n - Nuestro Bio B\u00edo\",\"isPartOf\":{\"@id\":\"https:\/\/www.fraczinet.cl\/sitio\/#website\"},\"primaryImageOfPage\":{\"@id\":\"https:\/\/www.fraczinet.cl\/sitio\/2010\/10\/28\/muluches-contaran-con-policlinico-intercultural-en-el-hospital-de-mulchen\/#primaryimage\"},\"image\":{\"@id\":\"https:\/\/www.fraczinet.cl\/sitio\/2010\/10\/28\/muluches-contaran-con-policlinico-intercultural-en-el-hospital-de-mulchen\/#primaryimage\"},\"thumbnailUrl\":\"https:\/\/1.bp.blogspot.com\/_2S_RxGRVjis\/TMoHwlQ-o6I\/AAAAAAAAQ9M\/zSVp27029VE\/s400\/Ruca+Mulchen+2.JPG\",\"datePublished\":\"2010-10-28T23:21:00+00:00\",\"dateModified\":\"2022-10-04T23:48:33+00:00\",\"breadcrumb\":{\"@id\":\"https:\/\/www.fraczinet.cl\/sitio\/2010\/10\/28\/muluches-contaran-con-policlinico-intercultural-en-el-hospital-de-mulchen\/#breadcrumb\"},\"inLanguage\":\"es\",\"potentialAction\":[{\"@type\":\"ReadAction\",\"target\":[\"https:\/\/www.fraczinet.cl\/sitio\/2010\/10\/28\/muluches-contaran-con-policlinico-intercultural-en-el-hospital-de-mulchen\/\"]}]},{\"@type\":\"ImageObject\",\"inLanguage\":\"es\",\"@id\":\"https:\/\/www.fraczinet.cl\/sitio\/2010\/10\/28\/muluches-contaran-con-policlinico-intercultural-en-el-hospital-de-mulchen\/#primaryimage\",\"url\":\"https:\/\/1.bp.blogspot.com\/_2S_RxGRVjis\/TMoHwlQ-o6I\/AAAAAAAAQ9M\/zSVp27029VE\/s400\/Ruca+Mulchen+2.JPG\",\"contentUrl\":\"https:\/\/1.bp.blogspot.com\/_2S_RxGRVjis\/TMoHwlQ-o6I\/AAAAAAAAQ9M\/zSVp27029VE\/s400\/Ruca+Mulchen+2.JPG\"},{\"@type\":\"BreadcrumbList\",\"@id\":\"https:\/\/www.fraczinet.cl\/sitio\/2010\/10\/28\/muluches-contaran-con-policlinico-intercultural-en-el-hospital-de-mulchen\/#breadcrumb\",\"itemListElement\":[{\"@type\":\"ListItem\",\"position\":1,\"name\":\"Portada\",\"item\":\"https:\/\/www.fraczinet.cl\/sitio\/\"},{\"@type\":\"ListItem\",\"position\":2,\"name\":\"Muluches Contaran Con Policl\u00ednico Intercultural En El Hospital De Mulch\u00e9n\"}]},{\"@type\":\"WebSite\",\"@id\":\"https:\/\/www.fraczinet.cl\/sitio\/#website\",\"url\":\"https:\/\/www.fraczinet.cl\/sitio\/\",\"name\":\"Nuestro Bio B\u00edo\",\"description\":\"Tierra de Encuentros\",\"publisher\":{\"@id\":\"https:\/\/www.fraczinet.cl\/sitio\/#\/schema\/person\/aec8ee4da68df2b9b0eefdad24a0d582\"},\"potentialAction\":[{\"@type\":\"SearchAction\",\"target\":{\"@type\":\"EntryPoint\",\"urlTemplate\":\"https:\/\/www.fraczinet.cl\/sitio\/?s={search_term_string}\"},\"query-input\":{\"@type\":\"PropertyValueSpecification\",\"valueRequired\":true,\"valueName\":\"search_term_string\"}}],\"inLanguage\":\"es\"},{\"@type\":[\"Person\",\"Organization\"],\"@id\":\"https:\/\/www.fraczinet.cl\/sitio\/#\/schema\/person\/aec8ee4da68df2b9b0eefdad24a0d582\",\"name\":\"Luis Fernando Fraczinet\",\"image\":{\"@type\":\"ImageObject\",\"inLanguage\":\"es\",\"@id\":\"https:\/\/www.fraczinet.cl\/sitio\/#\/schema\/person\/image\/\",\"url\":\"https:\/\/www.fraczinet.cl\/sitio\/wp-content\/uploads\/2021\/07\/bannerlogo-1.gif\",\"contentUrl\":\"https:\/\/www.fraczinet.cl\/sitio\/wp-content\/uploads\/2021\/07\/bannerlogo-1.gif\",\"width\":159,\"height\":79,\"caption\":\"Luis Fernando Fraczinet\"},\"logo\":{\"@id\":\"https:\/\/www.fraczinet.cl\/sitio\/#\/schema\/person\/image\/\"},\"sameAs\":[\"https:\/\/www.fraczinet.cl\/sitio\/\"]},{\"@type\":\"Person\",\"@id\":\"https:\/\/www.fraczinet.cl\/sitio\/#\/schema\/person\/bc30f98e9cb10ae7e119dbe14bc93784\",\"name\":\"admin\",\"image\":{\"@type\":\"ImageObject\",\"inLanguage\":\"es\",\"@id\":\"https:\/\/www.fraczinet.cl\/sitio\/#\/schema\/person\/image\/\",\"url\":\"https:\/\/secure.gravatar.com\/avatar\/d5ad3cf7ef3b23a2bb5be73be780c86b2fc8545c3ad6b149f3913ff458c00099?s=96&d=mm&r=g\",\"contentUrl\":\"https:\/\/secure.gravatar.com\/avatar\/d5ad3cf7ef3b23a2bb5be73be780c86b2fc8545c3ad6b149f3913ff458c00099?s=96&d=mm&r=g\",\"caption\":\"admin\"},\"sameAs\":[\"https:\/\/www.fraczinet.cl\/sitio\"]}]}<\/script>\n<!-- \/ Yoast SEO plugin. -->","yoast_head_json":{"title":"Muluches Contaran Con Policl\u00ednico Intercultural En El Hospital De Mulch\u00e9n - Nuestro Bio B\u00edo","robots":{"index":"index","follow":"follow","max-snippet":"max-snippet:-1","max-image-preview":"max-image-preview:large","max-video-preview":"max-video-preview:-1"},"canonical":"https:\/\/www.fraczinet.cl\/sitio\/2010\/10\/28\/muluches-contaran-con-policlinico-intercultural-en-el-hospital-de-mulchen\/","og_locale":"es_ES","og_type":"article","og_title":"Muluches Contaran Con Policl\u00ednico Intercultural En El Hospital De Mulch\u00e9n - Nuestro Bio B\u00edo","og_description":"Las comunidades moluches de la Comuna de Mulch\u00e9n, en el marco del programa de salud para los pueblos ind\u00edgenas, con el apoyo del Servicio de Salud Bio- Bio y el Hospital de Mulch\u00e9n, contar\u00e1n con un Policl\u00ednico Intercultural con dis\u00e9\u00f1o y pertinencia mapuche, en el cual se atender\u00e1 a la poblaci\u00f3n ind\u00edgena bajo un r\u00e9gimen [&hellip;]","og_url":"https:\/\/www.fraczinet.cl\/sitio\/2010\/10\/28\/muluches-contaran-con-policlinico-intercultural-en-el-hospital-de-mulchen\/","og_site_name":"Nuestro Bio B\u00edo","article_published_time":"2010-10-28T23:21:00+00:00","article_modified_time":"2022-10-04T23:48:33+00:00","og_image":[{"url":"https:\/\/1.bp.blogspot.com\/_2S_RxGRVjis\/TMoHwlQ-o6I\/AAAAAAAAQ9M\/zSVp27029VE\/s400\/Ruca+Mulchen+2.JPG","type":"","width":"","height":""}],"author":"admin","twitter_card":"summary_large_image","twitter_creator":"@nuestrobiobio","twitter_site":"@nuestrobiobio","twitter_misc":{"Escrito por":"admin","Tiempo de lectura":"2 minutos"},"schema":{"@context":"https:\/\/schema.org","@graph":[{"@type":"Article","@id":"https:\/\/www.fraczinet.cl\/sitio\/2010\/10\/28\/muluches-contaran-con-policlinico-intercultural-en-el-hospital-de-mulchen\/#article","isPartOf":{"@id":"https:\/\/www.fraczinet.cl\/sitio\/2010\/10\/28\/muluches-contaran-con-policlinico-intercultural-en-el-hospital-de-mulchen\/"},"author":{"name":"admin","@id":"https:\/\/www.fraczinet.cl\/sitio\/#\/schema\/person\/bc30f98e9cb10ae7e119dbe14bc93784"},"headline":"Muluches Contaran Con Policl\u00ednico Intercultural En El Hospital De Mulch\u00e9n","datePublished":"2010-10-28T23:21:00+00:00","dateModified":"2022-10-04T23:48:33+00:00","mainEntityOfPage":{"@id":"https:\/\/www.fraczinet.cl\/sitio\/2010\/10\/28\/muluches-contaran-con-policlinico-intercultural-en-el-hospital-de-mulchen\/"},"wordCount":471,"commentCount":0,"publisher":{"@id":"https:\/\/www.fraczinet.cl\/sitio\/#\/schema\/person\/aec8ee4da68df2b9b0eefdad24a0d582"},"image":{"@id":"https:\/\/www.fraczinet.cl\/sitio\/2010\/10\/28\/muluches-contaran-con-policlinico-intercultural-en-el-hospital-de-mulchen\/#primaryimage"},"thumbnailUrl":"https:\/\/1.bp.blogspot.com\/_2S_RxGRVjis\/TMoHwlQ-o6I\/AAAAAAAAQ9M\/zSVp27029VE\/s400\/Ruca+Mulchen+2.JPG","articleSection":["Mapuches","Moluches","Salud"],"inLanguage":"es","potentialAction":[{"@type":"CommentAction","name":"Comment","target":["https:\/\/www.fraczinet.cl\/sitio\/2010\/10\/28\/muluches-contaran-con-policlinico-intercultural-en-el-hospital-de-mulchen\/#respond"]}]},{"@type":"WebPage","@id":"https:\/\/www.fraczinet.cl\/sitio\/2010\/10\/28\/muluches-contaran-con-policlinico-intercultural-en-el-hospital-de-mulchen\/","url":"https:\/\/www.fraczinet.cl\/sitio\/2010\/10\/28\/muluches-contaran-con-policlinico-intercultural-en-el-hospital-de-mulchen\/","name":"Muluches Contaran Con Policl\u00ednico Intercultural En El Hospital De Mulch\u00e9n - Nuestro Bio B\u00edo","isPartOf":{"@id":"https:\/\/www.fraczinet.cl\/sitio\/#website"},"primaryImageOfPage":{"@id":"https:\/\/www.fraczinet.cl\/sitio\/2010\/10\/28\/muluches-contaran-con-policlinico-intercultural-en-el-hospital-de-mulchen\/#primaryimage"},"image":{"@id":"https:\/\/www.fraczinet.cl\/sitio\/2010\/10\/28\/muluches-contaran-con-policlinico-intercultural-en-el-hospital-de-mulchen\/#primaryimage"},"thumbnailUrl":"https:\/\/1.bp.blogspot.com\/_2S_RxGRVjis\/TMoHwlQ-o6I\/AAAAAAAAQ9M\/zSVp27029VE\/s400\/Ruca+Mulchen+2.JPG","datePublished":"2010-10-28T23:21:00+00:00","dateModified":"2022-10-04T23:48:33+00:00","breadcrumb":{"@id":"https:\/\/www.fraczinet.cl\/sitio\/2010\/10\/28\/muluches-contaran-con-policlinico-intercultural-en-el-hospital-de-mulchen\/#breadcrumb"},"inLanguage":"es","potentialAction":[{"@type":"ReadAction","target":["https:\/\/www.fraczinet.cl\/sitio\/2010\/10\/28\/muluches-contaran-con-policlinico-intercultural-en-el-hospital-de-mulchen\/"]}]},{"@type":"ImageObject","inLanguage":"es","@id":"https:\/\/www.fraczinet.cl\/sitio\/2010\/10\/28\/muluches-contaran-con-policlinico-intercultural-en-el-hospital-de-mulchen\/#primaryimage","url":"https:\/\/1.bp.blogspot.com\/_2S_RxGRVjis\/TMoHwlQ-o6I\/AAAAAAAAQ9M\/zSVp27029VE\/s400\/Ruca+Mulchen+2.JPG","contentUrl":"https:\/\/1.bp.blogspot.com\/_2S_RxGRVjis\/TMoHwlQ-o6I\/AAAAAAAAQ9M\/zSVp27029VE\/s400\/Ruca+Mulchen+2.JPG"},{"@type":"BreadcrumbList","@id":"https:\/\/www.fraczinet.cl\/sitio\/2010\/10\/28\/muluches-contaran-con-policlinico-intercultural-en-el-hospital-de-mulchen\/#breadcrumb","itemListElement":[{"@type":"ListItem","position":1,"name":"Portada","item":"https:\/\/www.fraczinet.cl\/sitio\/"},{"@type":"ListItem","position":2,"name":"Muluches Contaran Con Policl\u00ednico Intercultural En El Hospital De Mulch\u00e9n"}]},{"@type":"WebSite","@id":"https:\/\/www.fraczinet.cl\/sitio\/#website","url":"https:\/\/www.fraczinet.cl\/sitio\/","name":"Nuestro Bio B\u00edo","description":"Tierra de Encuentros","publisher":{"@id":"https:\/\/www.fraczinet.cl\/sitio\/#\/schema\/person\/aec8ee4da68df2b9b0eefdad24a0d582"},"potentialAction":[{"@type":"SearchAction","target":{"@type":"EntryPoint","urlTemplate":"https:\/\/www.fraczinet.cl\/sitio\/?s={search_term_string}"},"query-input":{"@type":"PropertyValueSpecification","valueRequired":true,"valueName":"search_term_string"}}],"inLanguage":"es"},{"@type":["Person","Organization"],"@id":"https:\/\/www.fraczinet.cl\/sitio\/#\/schema\/person\/aec8ee4da68df2b9b0eefdad24a0d582","name":"Luis Fernando Fraczinet","image":{"@type":"ImageObject","inLanguage":"es","@id":"https:\/\/www.fraczinet.cl\/sitio\/#\/schema\/person\/image\/","url":"https:\/\/www.fraczinet.cl\/sitio\/wp-content\/uploads\/2021\/07\/bannerlogo-1.gif","contentUrl":"https:\/\/www.fraczinet.cl\/sitio\/wp-content\/uploads\/2021\/07\/bannerlogo-1.gif","width":159,"height":79,"caption":"Luis Fernando Fraczinet"},"logo":{"@id":"https:\/\/www.fraczinet.cl\/sitio\/#\/schema\/person\/image\/"},"sameAs":["https:\/\/www.fraczinet.cl\/sitio\/"]},{"@type":"Person","@id":"https:\/\/www.fraczinet.cl\/sitio\/#\/schema\/person\/bc30f98e9cb10ae7e119dbe14bc93784","name":"admin","image":{"@type":"ImageObject","inLanguage":"es","@id":"https:\/\/www.fraczinet.cl\/sitio\/#\/schema\/person\/image\/","url":"https:\/\/secure.gravatar.com\/avatar\/d5ad3cf7ef3b23a2bb5be73be780c86b2fc8545c3ad6b149f3913ff458c00099?s=96&d=mm&r=g","contentUrl":"https:\/\/secure.gravatar.com\/avatar\/d5ad3cf7ef3b23a2bb5be73be780c86b2fc8545c3ad6b149f3913ff458c00099?s=96&d=mm&r=g","caption":"admin"},"sameAs":["https:\/\/www.fraczinet.cl\/sitio"]}]}},"_links":{"self":[{"href":"https:\/\/www.fraczinet.cl\/sitio\/wp-json\/wp\/v2\/posts\/9046","targetHints":{"allow":["GET"]}}],"collection":[{"href":"https:\/\/www.fraczinet.cl\/sitio\/wp-json\/wp\/v2\/posts"}],"about":[{"href":"https:\/\/www.fraczinet.cl\/sitio\/wp-json\/wp\/v2\/types\/post"}],"author":[{"embeddable":true,"href":"https:\/\/www.fraczinet.cl\/sitio\/wp-json\/wp\/v2\/users\/1"}],"replies":[{"embeddable":true,"href":"https:\/\/www.fraczinet.cl\/sitio\/wp-json\/wp\/v2\/comments?post=9046"}],"version-history":[{"count":1,"href":"https:\/\/www.fraczinet.cl\/sitio\/wp-json\/wp\/v2\/posts\/9046\/revisions"}],"predecessor-version":[{"id":13986,"href":"https:\/\/www.fraczinet.cl\/sitio\/wp-json\/wp\/v2\/posts\/9046\/revisions\/13986"}],"wp:attachment":[{"href":"https:\/\/www.fraczinet.cl\/sitio\/wp-json\/wp\/v2\/media?parent=9046"}],"wp:term":[{"taxonomy":"category","embeddable":true,"href":"https:\/\/www.fraczinet.cl\/sitio\/wp-json\/wp\/v2\/categories?post=9046"},{"taxonomy":"post_tag","embeddable":true,"href":"https:\/\/www.fraczinet.cl\/sitio\/wp-json\/wp\/v2\/tags?post=9046"}],"curies":[{"name":"wp","href":"https:\/\/api.w.org\/{rel}","templated":true}]}}