{"id":9048,"date":"2010-10-26T21:32:00","date_gmt":"2010-10-26T21:32:00","guid":{"rendered":"https:\/\/www.fraczinet.cl\/sitio\/2010\/10\/26\/educacion-y-entretencion-familiar-en-el-parque-educativo-jorge-alessandri\/"},"modified":"2022-10-21T00:06:28","modified_gmt":"2022-10-21T00:06:28","slug":"educacion-y-entretencion-familiar-en-el-parque-educativo-jorge-alessandri","status":"publish","type":"post","link":"https:\/\/www.fraczinet.cl\/sitio\/2010\/10\/26\/educacion-y-entretencion-familiar-en-el-parque-educativo-jorge-alessandri\/","title":{"rendered":"Educaci\u00f3n Y Entretenci\u00f3n Familiar En El Parque Educativo Jorge Alessandri"},"content":{"rendered":"<p><a style=\"clear: left; float: left; margin-bottom: 1em; margin-right: 1em;\" href=\"http:\/\/1.bp.blogspot.com\/_2S_RxGRVjis\/TMdK6W_KAhI\/AAAAAAAAQ6k\/VqsEJcSZty8\/s1600\/DSC08131.a.JPG\"><img decoding=\"async\" id=\"BLOGGER_PHOTO_ID_5532473033711288850\" style=\"height: 300px; width: 400px;\" src=\"https:\/\/1.bp.blogspot.com\/_2S_RxGRVjis\/TMdK6W_KAhI\/AAAAAAAAQ6k\/VqsEJcSZty8\/s400\/DSC08131.a.JPG\" alt=\"\" border=\"0\" \/><\/a><\/p>\n<div style=\"text-align: justify;\"><span style=\"font-style: italic;\"><span style=\"font-weight: bold;\">Como una forma de brindar una alternativa de recreaci\u00f3n, esparcimiento familiar y educaci\u00f3n interactiva el Parque Educativo Jorge Alessandri, ha programado entretenidas actividades familiares y educativas.<\/span><\/span><\/div>\n<div style=\"text-align: justify;\"><\/div>\n<div style=\"text-align: justify;\">Cada s\u00e1bado y domingo de noviembre nuestros espacios educativos Sala del \u00c1rbol, Artequ\u00edn, Vivero Senderos y Bosque Nativo tendr\u00e1n talleres familiares y visitas guiadas, para disfrutar de un panorama entretenido junto a una naturaleza \u00fanica.<\/div>\n<div style=\"text-align: justify;\"><\/div>\n<div style=\"text-align: justify;\">Artequ\u00edn en el Parque, nos traslada a la \u00e9poca de los grandes maestros de la pintura chilena de la mano de una obra representativa de este per\u00edodo, \u201cLa Carta de Amor\u201d de Pedro Lira, uno de los artistas m\u00e1s talentosos de la pintura chilena.<\/div>\n<div style=\"text-align: justify;\"><\/div>\n<div style=\"text-align: justify;\">La Sala del \u00c1rbol por su lado nos invita a descubrir sus laboratorios en los tallares de Reciclaje de Papel y Absorci\u00f3n del Agua, los cuales unen entretenidas actividades pr\u00e1cticas con conocimientos t\u00e9cnicos del sector industrial.<\/div>\n<div style=\"text-align: justify;\"><\/div>\n<div style=\"text-align: justify;\">En tanto en nuestro Vivero Educativo, el taller \u201cPintemos con Tierra\u201d los invita a descubrir las propiedades y usos de diversos tipos de suelo, en una actividad pr\u00e1ctica donde se desarrolla la creatividad utilizando elementos naturales en la creaci\u00f3n de una pintura.<\/div>\n<div style=\"text-align: justify;\"><\/div>\n<div style=\"text-align: justify;\">Otra de nuestras alternativas son los viajes al Bosque Nativo, un recorrido por un hermoso sendero de Bosque Nativo tipo Valdiviano, con especies aut\u00f3ctonas centenarias como laureles, olivillos, lingues entre otros\u2026 la visita est\u00e1 a cargo de gu\u00edas especializados que hacen de este recorrido una gran experiencia. Esta actividad es de cupos limitados y con reserva previa.<\/div>\n<div style=\"text-align: justify;\"><\/div>\n<div style=\"text-align: justify;\"><a style=\"clear: right; float: right; margin-bottom: 1em; margin-left: 1em;\" href=\"http:\/\/2.bp.blogspot.com\/_2S_RxGRVjis\/TMdKFuBeaMI\/AAAAAAAAQ6U\/NIy4uqk3xGQ\/s1600\/bosque1.jpg\"><img decoding=\"async\" id=\"BLOGGER_PHOTO_ID_5532472129361963202\" style=\"height: 265px; width: 400px;\" src=\"https:\/\/2.bp.blogspot.com\/_2S_RxGRVjis\/TMdKFuBeaMI\/AAAAAAAAQ6U\/NIy4uqk3xGQ\/s400\/bosque1.jpg\" alt=\"\" border=\"0\" \/><\/a>Para quienes comienzan con la vida escolar desde el 9 al 26 de noviembre celebraremos a los p\u00e1rvulos, con entretenidas y did\u00e1cticas actividades de aprendizaje, conocimiento del entorno y la naturaleza, desarrollando la creatividad cada preescolar podr\u00e1 conocer bosques, aves y animales presente es el Parque.<\/div>\n<div style=\"text-align: justify;\"><\/div>\n<div style=\"text-align: justify;\">Y como siempre nuestros gu\u00edas, los esperan para recorrer los senderos educativos de martes a domingo de 09:00 a 19:00hrs, en el km 18. del camino Concepci\u00f3n \u2013 Coronel.<\/div>\n<div style=\"text-align: justify;\"><\/div>\n<div style=\"text-align: justify;\">Les recordamos que la entrada al Parque y a todas nuestras actividades son liberadas.<\/div>\n<p><a href=\"http:\/\/3.bp.blogspot.com\/_2S_RxGRVjis\/TMdJ21gCFzI\/AAAAAAAAQ6M\/L8muCAdFZzs\/s1600\/1003.jpg\"><img decoding=\"async\" id=\"BLOGGER_PHOTO_ID_5532471873671141170\" style=\"cursor: pointer; height: 338px; width: 400px;\" src=\"https:\/\/3.bp.blogspot.com\/_2S_RxGRVjis\/TMdJ21gCFzI\/AAAAAAAAQ6M\/L8muCAdFZzs\/s400\/1003.jpg\" alt=\"\" border=\"0\" \/><\/a><\/p>\n","protected":false},"excerpt":{"rendered":"<p>Como una forma de brindar una alternativa de recreaci\u00f3n, esparcimiento familiar y educaci\u00f3n interactiva el Parque Educativo Jorge Alessandri, ha programado entretenidas actividades familiares y educativas. Cada s\u00e1bado y domingo de noviembre nuestros espacios educativos Sala del \u00c1rbol, Artequ\u00edn, Vivero Senderos y Bosque Nativo tendr\u00e1n talleres familiares y visitas guiadas, para disfrutar de un panorama [&hellip;]<\/p>\n","protected":false},"author":1,"featured_media":0,"comment_status":"open","ping_status":"open","sticky":false,"template":"","format":"standard","meta":{"footnotes":""},"categories":[151],"tags":[],"class_list":["post-9048","post","type-post","status-publish","format-standard","hentry","category-educacion"],"yoast_head":"<!-- This site is optimized with the Yoast SEO plugin v25.0 - https:\/\/yoast.com\/wordpress\/plugins\/seo\/ -->\n<title>Educaci\u00f3n Y Entretenci\u00f3n Familiar En El Parque Educativo Jorge Alessandri - Nuestro Bio B\u00edo<\/title>\n<meta name=\"robots\" content=\"index, follow, max-snippet:-1, max-image-preview:large, max-video-preview:-1\" \/>\n<link rel=\"canonical\" href=\"https:\/\/www.fraczinet.cl\/sitio\/2010\/10\/26\/educacion-y-entretencion-familiar-en-el-parque-educativo-jorge-alessandri\/\" \/>\n<meta property=\"og:locale\" content=\"es_ES\" \/>\n<meta property=\"og:type\" content=\"article\" \/>\n<meta property=\"og:title\" content=\"Educaci\u00f3n Y Entretenci\u00f3n Familiar En El Parque Educativo Jorge Alessandri - Nuestro Bio B\u00edo\" \/>\n<meta property=\"og:description\" content=\"Como una forma de brindar una alternativa de recreaci\u00f3n, esparcimiento familiar y educaci\u00f3n interactiva el Parque Educativo Jorge Alessandri, ha programado entretenidas actividades familiares y educativas. Cada s\u00e1bado y domingo de noviembre nuestros espacios educativos Sala del \u00c1rbol, Artequ\u00edn, Vivero Senderos y Bosque Nativo tendr\u00e1n talleres familiares y visitas guiadas, para disfrutar de un panorama [&hellip;]\" \/>\n<meta property=\"og:url\" content=\"https:\/\/www.fraczinet.cl\/sitio\/2010\/10\/26\/educacion-y-entretencion-familiar-en-el-parque-educativo-jorge-alessandri\/\" \/>\n<meta property=\"og:site_name\" content=\"Nuestro Bio B\u00edo\" \/>\n<meta property=\"article:published_time\" content=\"2010-10-26T21:32:00+00:00\" \/>\n<meta property=\"article:modified_time\" content=\"2022-10-21T00:06:28+00:00\" \/>\n<meta property=\"og:image\" content=\"https:\/\/1.bp.blogspot.com\/_2S_RxGRVjis\/TMdK6W_KAhI\/AAAAAAAAQ6k\/VqsEJcSZty8\/s400\/DSC08131.a.JPG\" \/>\n<meta name=\"author\" content=\"admin\" \/>\n<meta name=\"twitter:card\" content=\"summary_large_image\" \/>\n<meta name=\"twitter:creator\" content=\"@nuestrobiobio\" \/>\n<meta name=\"twitter:site\" content=\"@nuestrobiobio\" \/>\n<meta name=\"twitter:label1\" content=\"Escrito por\" \/>\n\t<meta name=\"twitter:data1\" content=\"admin\" \/>\n\t<meta name=\"twitter:label2\" content=\"Tiempo de lectura\" \/>\n\t<meta name=\"twitter:data2\" content=\"2 minutos\" \/>\n<script type=\"application\/ld+json\" class=\"yoast-schema-graph\">{\"@context\":\"https:\/\/schema.org\",\"@graph\":[{\"@type\":\"Article\",\"@id\":\"https:\/\/www.fraczinet.cl\/sitio\/2010\/10\/26\/educacion-y-entretencion-familiar-en-el-parque-educativo-jorge-alessandri\/#article\",\"isPartOf\":{\"@id\":\"https:\/\/www.fraczinet.cl\/sitio\/2010\/10\/26\/educacion-y-entretencion-familiar-en-el-parque-educativo-jorge-alessandri\/\"},\"author\":{\"name\":\"admin\",\"@id\":\"https:\/\/www.fraczinet.cl\/sitio\/#\/schema\/person\/bc30f98e9cb10ae7e119dbe14bc93784\"},\"headline\":\"Educaci\u00f3n Y Entretenci\u00f3n Familiar En El Parque Educativo Jorge Alessandri\",\"datePublished\":\"2010-10-26T21:32:00+00:00\",\"dateModified\":\"2022-10-21T00:06:28+00:00\",\"mainEntityOfPage\":{\"@id\":\"https:\/\/www.fraczinet.cl\/sitio\/2010\/10\/26\/educacion-y-entretencion-familiar-en-el-parque-educativo-jorge-alessandri\/\"},\"wordCount\":355,\"commentCount\":0,\"publisher\":{\"@id\":\"https:\/\/www.fraczinet.cl\/sitio\/#\/schema\/person\/aec8ee4da68df2b9b0eefdad24a0d582\"},\"image\":{\"@id\":\"https:\/\/www.fraczinet.cl\/sitio\/2010\/10\/26\/educacion-y-entretencion-familiar-en-el-parque-educativo-jorge-alessandri\/#primaryimage\"},\"thumbnailUrl\":\"https:\/\/1.bp.blogspot.com\/_2S_RxGRVjis\/TMdK6W_KAhI\/AAAAAAAAQ6k\/VqsEJcSZty8\/s400\/DSC08131.a.JPG\",\"articleSection\":[\"Educaci\u00f3n\"],\"inLanguage\":\"es\",\"potentialAction\":[{\"@type\":\"CommentAction\",\"name\":\"Comment\",\"target\":[\"https:\/\/www.fraczinet.cl\/sitio\/2010\/10\/26\/educacion-y-entretencion-familiar-en-el-parque-educativo-jorge-alessandri\/#respond\"]}]},{\"@type\":\"WebPage\",\"@id\":\"https:\/\/www.fraczinet.cl\/sitio\/2010\/10\/26\/educacion-y-entretencion-familiar-en-el-parque-educativo-jorge-alessandri\/\",\"url\":\"https:\/\/www.fraczinet.cl\/sitio\/2010\/10\/26\/educacion-y-entretencion-familiar-en-el-parque-educativo-jorge-alessandri\/\",\"name\":\"Educaci\u00f3n Y Entretenci\u00f3n Familiar En El Parque Educativo Jorge Alessandri - Nuestro Bio B\u00edo\",\"isPartOf\":{\"@id\":\"https:\/\/www.fraczinet.cl\/sitio\/#website\"},\"primaryImageOfPage\":{\"@id\":\"https:\/\/www.fraczinet.cl\/sitio\/2010\/10\/26\/educacion-y-entretencion-familiar-en-el-parque-educativo-jorge-alessandri\/#primaryimage\"},\"image\":{\"@id\":\"https:\/\/www.fraczinet.cl\/sitio\/2010\/10\/26\/educacion-y-entretencion-familiar-en-el-parque-educativo-jorge-alessandri\/#primaryimage\"},\"thumbnailUrl\":\"https:\/\/1.bp.blogspot.com\/_2S_RxGRVjis\/TMdK6W_KAhI\/AAAAAAAAQ6k\/VqsEJcSZty8\/s400\/DSC08131.a.JPG\",\"datePublished\":\"2010-10-26T21:32:00+00:00\",\"dateModified\":\"2022-10-21T00:06:28+00:00\",\"breadcrumb\":{\"@id\":\"https:\/\/www.fraczinet.cl\/sitio\/2010\/10\/26\/educacion-y-entretencion-familiar-en-el-parque-educativo-jorge-alessandri\/#breadcrumb\"},\"inLanguage\":\"es\",\"potentialAction\":[{\"@type\":\"ReadAction\",\"target\":[\"https:\/\/www.fraczinet.cl\/sitio\/2010\/10\/26\/educacion-y-entretencion-familiar-en-el-parque-educativo-jorge-alessandri\/\"]}]},{\"@type\":\"ImageObject\",\"inLanguage\":\"es\",\"@id\":\"https:\/\/www.fraczinet.cl\/sitio\/2010\/10\/26\/educacion-y-entretencion-familiar-en-el-parque-educativo-jorge-alessandri\/#primaryimage\",\"url\":\"https:\/\/1.bp.blogspot.com\/_2S_RxGRVjis\/TMdK6W_KAhI\/AAAAAAAAQ6k\/VqsEJcSZty8\/s400\/DSC08131.a.JPG\",\"contentUrl\":\"https:\/\/1.bp.blogspot.com\/_2S_RxGRVjis\/TMdK6W_KAhI\/AAAAAAAAQ6k\/VqsEJcSZty8\/s400\/DSC08131.a.JPG\"},{\"@type\":\"BreadcrumbList\",\"@id\":\"https:\/\/www.fraczinet.cl\/sitio\/2010\/10\/26\/educacion-y-entretencion-familiar-en-el-parque-educativo-jorge-alessandri\/#breadcrumb\",\"itemListElement\":[{\"@type\":\"ListItem\",\"position\":1,\"name\":\"Portada\",\"item\":\"https:\/\/www.fraczinet.cl\/sitio\/\"},{\"@type\":\"ListItem\",\"position\":2,\"name\":\"Educaci\u00f3n Y Entretenci\u00f3n Familiar En El Parque Educativo Jorge Alessandri\"}]},{\"@type\":\"WebSite\",\"@id\":\"https:\/\/www.fraczinet.cl\/sitio\/#website\",\"url\":\"https:\/\/www.fraczinet.cl\/sitio\/\",\"name\":\"Nuestro Bio B\u00edo\",\"description\":\"Tierra de Encuentros\",\"publisher\":{\"@id\":\"https:\/\/www.fraczinet.cl\/sitio\/#\/schema\/person\/aec8ee4da68df2b9b0eefdad24a0d582\"},\"potentialAction\":[{\"@type\":\"SearchAction\",\"target\":{\"@type\":\"EntryPoint\",\"urlTemplate\":\"https:\/\/www.fraczinet.cl\/sitio\/?s={search_term_string}\"},\"query-input\":{\"@type\":\"PropertyValueSpecification\",\"valueRequired\":true,\"valueName\":\"search_term_string\"}}],\"inLanguage\":\"es\"},{\"@type\":[\"Person\",\"Organization\"],\"@id\":\"https:\/\/www.fraczinet.cl\/sitio\/#\/schema\/person\/aec8ee4da68df2b9b0eefdad24a0d582\",\"name\":\"Luis Fernando Fraczinet\",\"image\":{\"@type\":\"ImageObject\",\"inLanguage\":\"es\",\"@id\":\"https:\/\/www.fraczinet.cl\/sitio\/#\/schema\/person\/image\/\",\"url\":\"https:\/\/www.fraczinet.cl\/sitio\/wp-content\/uploads\/2021\/07\/bannerlogo-1.gif\",\"contentUrl\":\"https:\/\/www.fraczinet.cl\/sitio\/wp-content\/uploads\/2021\/07\/bannerlogo-1.gif\",\"width\":159,\"height\":79,\"caption\":\"Luis Fernando Fraczinet\"},\"logo\":{\"@id\":\"https:\/\/www.fraczinet.cl\/sitio\/#\/schema\/person\/image\/\"},\"sameAs\":[\"https:\/\/www.fraczinet.cl\/sitio\/\"]},{\"@type\":\"Person\",\"@id\":\"https:\/\/www.fraczinet.cl\/sitio\/#\/schema\/person\/bc30f98e9cb10ae7e119dbe14bc93784\",\"name\":\"admin\",\"image\":{\"@type\":\"ImageObject\",\"inLanguage\":\"es\",\"@id\":\"https:\/\/www.fraczinet.cl\/sitio\/#\/schema\/person\/image\/\",\"url\":\"https:\/\/secure.gravatar.com\/avatar\/d5ad3cf7ef3b23a2bb5be73be780c86b2fc8545c3ad6b149f3913ff458c00099?s=96&d=mm&r=g\",\"contentUrl\":\"https:\/\/secure.gravatar.com\/avatar\/d5ad3cf7ef3b23a2bb5be73be780c86b2fc8545c3ad6b149f3913ff458c00099?s=96&d=mm&r=g\",\"caption\":\"admin\"},\"sameAs\":[\"https:\/\/www.fraczinet.cl\/sitio\"]}]}<\/script>\n<!-- \/ Yoast SEO plugin. -->","yoast_head_json":{"title":"Educaci\u00f3n Y Entretenci\u00f3n Familiar En El Parque Educativo Jorge Alessandri - Nuestro Bio B\u00edo","robots":{"index":"index","follow":"follow","max-snippet":"max-snippet:-1","max-image-preview":"max-image-preview:large","max-video-preview":"max-video-preview:-1"},"canonical":"https:\/\/www.fraczinet.cl\/sitio\/2010\/10\/26\/educacion-y-entretencion-familiar-en-el-parque-educativo-jorge-alessandri\/","og_locale":"es_ES","og_type":"article","og_title":"Educaci\u00f3n Y Entretenci\u00f3n Familiar En El Parque Educativo Jorge Alessandri - Nuestro Bio B\u00edo","og_description":"Como una forma de brindar una alternativa de recreaci\u00f3n, esparcimiento familiar y educaci\u00f3n interactiva el Parque Educativo Jorge Alessandri, ha programado entretenidas actividades familiares y educativas. Cada s\u00e1bado y domingo de noviembre nuestros espacios educativos Sala del \u00c1rbol, Artequ\u00edn, Vivero Senderos y Bosque Nativo tendr\u00e1n talleres familiares y visitas guiadas, para disfrutar de un panorama [&hellip;]","og_url":"https:\/\/www.fraczinet.cl\/sitio\/2010\/10\/26\/educacion-y-entretencion-familiar-en-el-parque-educativo-jorge-alessandri\/","og_site_name":"Nuestro Bio B\u00edo","article_published_time":"2010-10-26T21:32:00+00:00","article_modified_time":"2022-10-21T00:06:28+00:00","og_image":[{"url":"https:\/\/1.bp.blogspot.com\/_2S_RxGRVjis\/TMdK6W_KAhI\/AAAAAAAAQ6k\/VqsEJcSZty8\/s400\/DSC08131.a.JPG","type":"","width":"","height":""}],"author":"admin","twitter_card":"summary_large_image","twitter_creator":"@nuestrobiobio","twitter_site":"@nuestrobiobio","twitter_misc":{"Escrito por":"admin","Tiempo de lectura":"2 minutos"},"schema":{"@context":"https:\/\/schema.org","@graph":[{"@type":"Article","@id":"https:\/\/www.fraczinet.cl\/sitio\/2010\/10\/26\/educacion-y-entretencion-familiar-en-el-parque-educativo-jorge-alessandri\/#article","isPartOf":{"@id":"https:\/\/www.fraczinet.cl\/sitio\/2010\/10\/26\/educacion-y-entretencion-familiar-en-el-parque-educativo-jorge-alessandri\/"},"author":{"name":"admin","@id":"https:\/\/www.fraczinet.cl\/sitio\/#\/schema\/person\/bc30f98e9cb10ae7e119dbe14bc93784"},"headline":"Educaci\u00f3n Y Entretenci\u00f3n Familiar En El Parque Educativo Jorge Alessandri","datePublished":"2010-10-26T21:32:00+00:00","dateModified":"2022-10-21T00:06:28+00:00","mainEntityOfPage":{"@id":"https:\/\/www.fraczinet.cl\/sitio\/2010\/10\/26\/educacion-y-entretencion-familiar-en-el-parque-educativo-jorge-alessandri\/"},"wordCount":355,"commentCount":0,"publisher":{"@id":"https:\/\/www.fraczinet.cl\/sitio\/#\/schema\/person\/aec8ee4da68df2b9b0eefdad24a0d582"},"image":{"@id":"https:\/\/www.fraczinet.cl\/sitio\/2010\/10\/26\/educacion-y-entretencion-familiar-en-el-parque-educativo-jorge-alessandri\/#primaryimage"},"thumbnailUrl":"https:\/\/1.bp.blogspot.com\/_2S_RxGRVjis\/TMdK6W_KAhI\/AAAAAAAAQ6k\/VqsEJcSZty8\/s400\/DSC08131.a.JPG","articleSection":["Educaci\u00f3n"],"inLanguage":"es","potentialAction":[{"@type":"CommentAction","name":"Comment","target":["https:\/\/www.fraczinet.cl\/sitio\/2010\/10\/26\/educacion-y-entretencion-familiar-en-el-parque-educativo-jorge-alessandri\/#respond"]}]},{"@type":"WebPage","@id":"https:\/\/www.fraczinet.cl\/sitio\/2010\/10\/26\/educacion-y-entretencion-familiar-en-el-parque-educativo-jorge-alessandri\/","url":"https:\/\/www.fraczinet.cl\/sitio\/2010\/10\/26\/educacion-y-entretencion-familiar-en-el-parque-educativo-jorge-alessandri\/","name":"Educaci\u00f3n Y Entretenci\u00f3n Familiar En El Parque Educativo Jorge Alessandri - Nuestro Bio B\u00edo","isPartOf":{"@id":"https:\/\/www.fraczinet.cl\/sitio\/#website"},"primaryImageOfPage":{"@id":"https:\/\/www.fraczinet.cl\/sitio\/2010\/10\/26\/educacion-y-entretencion-familiar-en-el-parque-educativo-jorge-alessandri\/#primaryimage"},"image":{"@id":"https:\/\/www.fraczinet.cl\/sitio\/2010\/10\/26\/educacion-y-entretencion-familiar-en-el-parque-educativo-jorge-alessandri\/#primaryimage"},"thumbnailUrl":"https:\/\/1.bp.blogspot.com\/_2S_RxGRVjis\/TMdK6W_KAhI\/AAAAAAAAQ6k\/VqsEJcSZty8\/s400\/DSC08131.a.JPG","datePublished":"2010-10-26T21:32:00+00:00","dateModified":"2022-10-21T00:06:28+00:00","breadcrumb":{"@id":"https:\/\/www.fraczinet.cl\/sitio\/2010\/10\/26\/educacion-y-entretencion-familiar-en-el-parque-educativo-jorge-alessandri\/#breadcrumb"},"inLanguage":"es","potentialAction":[{"@type":"ReadAction","target":["https:\/\/www.fraczinet.cl\/sitio\/2010\/10\/26\/educacion-y-entretencion-familiar-en-el-parque-educativo-jorge-alessandri\/"]}]},{"@type":"ImageObject","inLanguage":"es","@id":"https:\/\/www.fraczinet.cl\/sitio\/2010\/10\/26\/educacion-y-entretencion-familiar-en-el-parque-educativo-jorge-alessandri\/#primaryimage","url":"https:\/\/1.bp.blogspot.com\/_2S_RxGRVjis\/TMdK6W_KAhI\/AAAAAAAAQ6k\/VqsEJcSZty8\/s400\/DSC08131.a.JPG","contentUrl":"https:\/\/1.bp.blogspot.com\/_2S_RxGRVjis\/TMdK6W_KAhI\/AAAAAAAAQ6k\/VqsEJcSZty8\/s400\/DSC08131.a.JPG"},{"@type":"BreadcrumbList","@id":"https:\/\/www.fraczinet.cl\/sitio\/2010\/10\/26\/educacion-y-entretencion-familiar-en-el-parque-educativo-jorge-alessandri\/#breadcrumb","itemListElement":[{"@type":"ListItem","position":1,"name":"Portada","item":"https:\/\/www.fraczinet.cl\/sitio\/"},{"@type":"ListItem","position":2,"name":"Educaci\u00f3n Y Entretenci\u00f3n Familiar En El Parque Educativo Jorge Alessandri"}]},{"@type":"WebSite","@id":"https:\/\/www.fraczinet.cl\/sitio\/#website","url":"https:\/\/www.fraczinet.cl\/sitio\/","name":"Nuestro Bio B\u00edo","description":"Tierra de Encuentros","publisher":{"@id":"https:\/\/www.fraczinet.cl\/sitio\/#\/schema\/person\/aec8ee4da68df2b9b0eefdad24a0d582"},"potentialAction":[{"@type":"SearchAction","target":{"@type":"EntryPoint","urlTemplate":"https:\/\/www.fraczinet.cl\/sitio\/?s={search_term_string}"},"query-input":{"@type":"PropertyValueSpecification","valueRequired":true,"valueName":"search_term_string"}}],"inLanguage":"es"},{"@type":["Person","Organization"],"@id":"https:\/\/www.fraczinet.cl\/sitio\/#\/schema\/person\/aec8ee4da68df2b9b0eefdad24a0d582","name":"Luis Fernando Fraczinet","image":{"@type":"ImageObject","inLanguage":"es","@id":"https:\/\/www.fraczinet.cl\/sitio\/#\/schema\/person\/image\/","url":"https:\/\/www.fraczinet.cl\/sitio\/wp-content\/uploads\/2021\/07\/bannerlogo-1.gif","contentUrl":"https:\/\/www.fraczinet.cl\/sitio\/wp-content\/uploads\/2021\/07\/bannerlogo-1.gif","width":159,"height":79,"caption":"Luis Fernando Fraczinet"},"logo":{"@id":"https:\/\/www.fraczinet.cl\/sitio\/#\/schema\/person\/image\/"},"sameAs":["https:\/\/www.fraczinet.cl\/sitio\/"]},{"@type":"Person","@id":"https:\/\/www.fraczinet.cl\/sitio\/#\/schema\/person\/bc30f98e9cb10ae7e119dbe14bc93784","name":"admin","image":{"@type":"ImageObject","inLanguage":"es","@id":"https:\/\/www.fraczinet.cl\/sitio\/#\/schema\/person\/image\/","url":"https:\/\/secure.gravatar.com\/avatar\/d5ad3cf7ef3b23a2bb5be73be780c86b2fc8545c3ad6b149f3913ff458c00099?s=96&d=mm&r=g","contentUrl":"https:\/\/secure.gravatar.com\/avatar\/d5ad3cf7ef3b23a2bb5be73be780c86b2fc8545c3ad6b149f3913ff458c00099?s=96&d=mm&r=g","caption":"admin"},"sameAs":["https:\/\/www.fraczinet.cl\/sitio"]}]}},"_links":{"self":[{"href":"https:\/\/www.fraczinet.cl\/sitio\/wp-json\/wp\/v2\/posts\/9048","targetHints":{"allow":["GET"]}}],"collection":[{"href":"https:\/\/www.fraczinet.cl\/sitio\/wp-json\/wp\/v2\/posts"}],"about":[{"href":"https:\/\/www.fraczinet.cl\/sitio\/wp-json\/wp\/v2\/types\/post"}],"author":[{"embeddable":true,"href":"https:\/\/www.fraczinet.cl\/sitio\/wp-json\/wp\/v2\/users\/1"}],"replies":[{"embeddable":true,"href":"https:\/\/www.fraczinet.cl\/sitio\/wp-json\/wp\/v2\/comments?post=9048"}],"version-history":[{"count":2,"href":"https:\/\/www.fraczinet.cl\/sitio\/wp-json\/wp\/v2\/posts\/9048\/revisions"}],"predecessor-version":[{"id":14811,"href":"https:\/\/www.fraczinet.cl\/sitio\/wp-json\/wp\/v2\/posts\/9048\/revisions\/14811"}],"wp:attachment":[{"href":"https:\/\/www.fraczinet.cl\/sitio\/wp-json\/wp\/v2\/media?parent=9048"}],"wp:term":[{"taxonomy":"category","embeddable":true,"href":"https:\/\/www.fraczinet.cl\/sitio\/wp-json\/wp\/v2\/categories?post=9048"},{"taxonomy":"post_tag","embeddable":true,"href":"https:\/\/www.fraczinet.cl\/sitio\/wp-json\/wp\/v2\/tags?post=9048"}],"curies":[{"name":"wp","href":"https:\/\/api.w.org\/{rel}","templated":true}]}}