{"id":9050,"date":"2010-10-22T21:46:00","date_gmt":"2010-10-22T21:46:00","guid":{"rendered":"https:\/\/www.fraczinet.cl\/sitio\/2010\/10\/22\/el-dia-de-la-unidad-de-los-seres-humanos\/"},"modified":"2010-10-22T21:46:00","modified_gmt":"2010-10-22T21:46:00","slug":"el-dia-de-la-unidad-de-los-seres-humanos","status":"publish","type":"post","link":"https:\/\/www.fraczinet.cl\/sitio\/2010\/10\/22\/el-dia-de-la-unidad-de-los-seres-humanos\/","title":{"rendered":"El D\u00eda De La Unidad De Los Seres Humanos"},"content":{"rendered":"<div style=\"text-align: justify;\"><span style=\"font-style: italic;\"><span style=\"font-weight: bold;\">Las Naciones Unidas celebra todos los a\u00f1os este acontecimiento y le ha solicitado a todas las naciones que hagan lo propio.<\/span><\/span><\/div>\n<div style=\"text-align: justify;\"><\/div>\n<div style=\"text-align: justify;\">Este Domingo 24 de octubre se celebra el d\u00eda de la ONU, fecha en que entr\u00f3 en vigor la Carta de Las Naciones Unidas. Actualmente son parte de ella 192 Estados.  Su creaci\u00f3n es una de las ideas m\u00e1s revolucionarias de la historia y representa un avance gigantesco en la uni\u00f3n de los seres humanos.     <\/div>\n<div style=\"text-align: justify;\"><\/div>\n<div style=\"text-align: justify;\">Esta instituci\u00f3n es imprescindible para solucionar colectivamente los problemas como la Globalizaci\u00f3n y la Energ\u00eda. El SIDA, pandemias como la Gripe, la Pobreza y el Cambio Clim\u00e1tico. Preocupaci\u00f3n por las aplicaciones de la Ingenier\u00eda Gen\u00e9tica y la Ciencia; la Propiedad Intelectual y para generar un Pacto Internacional sobre el Agua. <span style=\"font-weight: bold;\">(1*)<\/span><\/div>\n<div style=\"text-align: justify;\"><\/div>\n<div style=\"text-align: justify;\">Desde hace muchos a\u00f1os existe conciencia que las Naciones Unidas deben tener m\u00e1s poder especialmente en lo que se refiere a su participaci\u00f3n en la b\u00fasqueda de la paz, el incremento del desarme nuclear, qu\u00edmico y biol\u00f3gico. <\/div>\n<div style=\"text-align: justify;\"><\/div>\n<div style=\"text-align: justify;\">La Carta de la ONU comienza <span style=\"font-style: italic;\">\u00abNosotros los pueblos de las Naciones Unidas resueltos a preservar a las generaciones venideras del flagelo de la guerra.\u00bb<\/span> Porque los Estados que est\u00e1n en ella no solamente se representan a si mismos sino a sus pueblos. \u00bfCual ser\u00eda la respuesta de los ciudadanos del mundo si la ONU les consultara, en un plebiscito mundial, si deben establecerse mecanismos para poner en ejecuci\u00f3n progresivamente un desarme? <span style=\"font-weight: bold;\">(2*)<\/span><\/div>\n<div style=\"text-align: justify;\"><\/div>\n<div style=\"text-align: justify;\"><span style=\"font-weight: bold;\">El total de gastos militares a nivel mundial en un solo a\u00f1o, el 2009 fue 1.531 mil<br \/>millones de d\u00f3lares.<\/span>  <span style=\"font-weight: bold;\">(3*)<\/span>  <\/div>\n<div style=\"text-align: justify;\"><\/div>\n<div style=\"text-align: justify;\">Esta cifra equivale, no al doble o al triple sino a 50 veces toda la destrucci\u00f3n que produjo el terremoto y maremoto en Chile el 2010. <\/div>\n<div style=\"text-align: justify;\"><\/div>\n<div style=\"text-align: justify;\">Mientras esto sucede: la mitad de la humanidad vive con 1.000 pesos chilenos diarios. Cada segundo mueren 3 ni\u00f1os de hambre y enfermedad. <\/div>\n<div style=\"text-align: justify;\"><\/div>\n<div style=\"text-align: justify;\">\u00abTan solo una rebaja del 1% del gasto militar ser\u00eda suficiente para sentar frente a un pizarr\u00f3n a todos los ni\u00f1os del mundo\u00bb. <span style=\"font-weight: bold;\">(4*)<\/span><\/div>\n<div style=\"text-align: justify;\"><\/div>\n<div style=\"text-align: justify;\"><span style=\"font-weight: bold;\">\u00abLo criminal es que con el 0,5 % del gasto en armamentos se podr\u00eda resolver el problema alimentario de todo el mundo\u00bb.  (5*)<\/span> <\/div>\n<div style=\"text-align: justify;\"><\/div>\n<div style=\"text-align: justify;\">En Am\u00e9rica del Sur el gasto en armas en el a\u00f1o 2009 fue de 51,8 miles de millones de d\u00f3lares. <span style=\"font-weight: bold;\">(3*)<\/span>  Esto equivale a comprar en un a\u00f1o 51.800.000 buenos computadores de 500.000 pesos chilenos cada uno. La poblaci\u00f3n total de Am\u00e9rica del Sur es 357.000.000 <\/div>\n<div style=\"text-align: justify;\"><\/div>\n<div style=\"text-align: justify;\">Seg\u00fan el Banco Mundial y SIPRI: en Chile, el gasto militar fue el 3,5 % del PIB en<\/div>\n<div style=\"text-align: justify;\">el a\u00f1o 2008  <span style=\"font-weight: bold;\">(3*)<\/span>    <\/div>\n<div style=\"text-align: justify;\"><\/div>\n<div style=\"text-align: justify;\">Chile apenas invirti\u00f3 0,4% del PIB en Investigaci\u00f3n y Desarrollo en el mismo a\u00f1o 2008, casi nueve veces menos. <span style=\"font-weight: bold;\">(6*)<\/span><\/div>\n<div style=\"text-align: justify;\"><\/div>\n<div style=\"text-align: justify;\">Fue muy importante que el gobierno de la Presidenta Bachelet reingresara a la Comunidad Andina de Naciones (Bolivia, Colombia, Ecuador y Per\u00fa). As\u00ed mismo el progreso de formar parte de UNASUR (Argentina, Bolivia, Brasil, Chile, Colombia, Ecuador, Guyana, Paraguay, Per\u00fa, Suriname, Uruguay y Venezuela. Naciones observadoras: M\u00e9xico y Panam\u00e1. Fue un acierto su participaci\u00f3n, y la de UNASUR para detener el intento de desestabilizaci\u00f3n del Gobierno de Bolivia. Tambi\u00e9n fue un acierto la decisi\u00f3n del gobierno que preside Sebasti\u00e1n Pi\u00f1era de apoyar al gobierno de Ecuador frente el intento de desestabilizaci\u00f3n. <\/div>\n<div style=\"text-align: justify;\"><\/div>\n<div style=\"text-align: justify;\"><span style=\"font-weight: bold;\">La integraci\u00f3n de las naciones es la mejor defensa y la mejor disuasi\u00f3n para las guerras.<\/span> En Am\u00e9rica Latina servir\u00eda para la disminuci\u00f3n del enorme gasto en armas que podr\u00eda utilizarse para solucionar tantas y tan graves necesidades sociales y cient\u00edficas. As\u00ed mismo, estos pa\u00edses, 515 millones de personas, unidos, tendr\u00e1n una mayor prestancia para el di\u00e1logo social, cultural y econ\u00f3mico con otras naciones. <\/div>\n<div style=\"text-align: justify;\"><\/div>\n<div style=\"text-align: justify;\">\u00abLa utop\u00edas son el comienzo de la realidad\u00bb. Siempre las iniciativas nuevas est\u00e1n al comienzo en minor\u00eda. Porque son nuevas. Parecen una utop\u00eda, y sin embargo, luego se concretan. Hace 66 a\u00f1os, el franc\u00e9s y el alem\u00e1n que combat\u00edan en las trincheras uno contra otro, habr\u00edan considerado una utop\u00eda imaginar que sus nietos tendr\u00edan doble ciudadan\u00eda: la del pa\u00eds donde naci\u00f3 y la ciudadan\u00eda de la Uni\u00f3n Europea; pasaportes comunes y que vivir\u00edan y trabajar\u00edan en una Europa sin fronteras, con moneda com\u00fan, parlamento europeo&#8230; El proceso de 65 a\u00f1os de progresiva unidad se constituye, probablemente, en el mayor per\u00edodo de su historia sin guerras. Es el comienzo del mundo del futuro.<\/div>\n<div style=\"text-align: justify;\"><\/div>\n<div style=\"text-align: justify;\">La existencia de la ONU representa el comienzo para tener en el futuro un solo Gobierno Mundial. El futuro de la humanidad ser\u00e1 de cooperaci\u00f3n, en paz y sin fronteras.     <\/div>\n<div style=\"text-align: justify;\"><\/div>\n<div style=\"text-align: justify;\">Lo que existe son obras humanas que otros seres humanos \u00abqueremos, podemos y debemos\u00bb cambiar.  <\/div>\n<div style=\"text-align: justify;\"><\/div>\n<div style=\"text-align: justify;\"><span style=\"font-weight: bold;\">En el mundo del futuro se celebrar\u00e1 el D\u00eda de la Unidad de los Seres Humanos.<\/span><\/div>\n<div style=\"text-align: justify;\"><\/div>\n<div style=\"text-align: justify;\"><span style=\"font-weight: bold;\">Dr. Edgardo Condeza Vaccaro,  <br \/>Presidente<br \/>MOVIMIENTO POR LA CONSULTA Y  LOS DERECHOS CIUDADANOS<br \/>edgardocondeza@vtr.net<\/span><\/div>\n<div style=\"text-align: justify;\"><\/div>\n<div style=\"text-align: justify;\">NOTAS   <\/div>\n<div style=\"text-align: justify;\"><\/div>\n<div style=\"text-align: justify;\"><span style=\"font-weight: bold;\">1*<\/span> \u00abPrestamos m\u00e1s ayuda humanitaria que ninguna otra organizaci\u00f3n, y en los sitios m\u00e1s dif\u00edciles. Vacunamos al 40% de los ni\u00f1os del mundo. Alimentamos a m\u00e1s de 100 millones de personas y ayudamos a m\u00e1s de 30 millones de refugiados, en su mayor\u00eda mujeres y ni\u00f1os que huyen de la guerra y la persecuci\u00f3n. Desplegamos m\u00e1s personal de mantenimiento de la paz que nunca antes, m\u00e1s de 115.000 efectivos. Solo en el \u00faltimo a\u00f1o (2008) prestamos asistencia electoral a casi 50 pa\u00edses.\u00bb <span style=\"font-weight: bold;\">Ban Ki-moon  Secretario General de la ONU.<\/span>   <\/div>\n<div style=\"text-align: justify;\"><\/div>\n<div style=\"text-align: justify;\"><span style=\"font-weight: bold;\">2*<\/span> En esto tambi\u00e9n ha trabajado la organizaci\u00f3n chilena Paz Mundial. <\/div>\n<div style=\"text-align: justify;\"><\/div>\n<div style=\"text-align: justify;\">Nuestro Movimiento ha hecho 53 Consultas Ciudadanas: en Santiago, Concepci\u00f3n. Una de<\/div>\n<div style=\"text-align: justify;\">las preguntas era: \u00bfDebe el estado continuar gastando en armas?  Ej. el resultado en<\/div>\n<div style=\"text-align: justify;\">Vi\u00f1a del Mar (es similar al de otras comunas):<\/div>\n<div style=\"text-align: justify;\"><\/div>\n<div style=\"text-align: justify;\">SI = 1.773 &#8211; 19%     <\/div>\n<div style=\"text-align: justify;\">NO = 7.275 &#8211; 79%    <\/div>\n<div style=\"text-align: justify;\">Blancos = 128 &#8211; 1%   <\/div>\n<div style=\"text-align: justify;\">Nulos = 43 &#8211; 0,05%.<\/div>\n<div style=\"text-align: justify;\"><\/div>\n<div style=\"text-align: justify;\">Como siempre, fue un requisito: que los ciudadanos votaran con su carn\u00e9 de identidad<\/div>\n<div style=\"text-align: justify;\">y firmando el registro correspondiente.<\/div>\n<div style=\"text-align: justify;\"><\/div>\n<div style=\"text-align: justify;\"><span style=\"font-weight: bold;\">3*<\/span>  <a href=\"http:\/\/www.sipri.org\/yearbook\/2010\/05\">http:\/\/www.sipri.org\/yearbook\/2010\/05<\/a><\/div>\n<div style=\"text-align: justify;\"><\/div>\n<div style=\"text-align: justify;\">EEUU participa con el 43 % del gasto total mundial en armamentos. <\/div>\n<div style=\"text-align: justify;\"><a href=\"http:\/\/www.sipri.org\/yearbook\/2010\/yearbook\/2010\/files\/SIPRIYB10summaryES.pdf\">http:\/\/www.sipri.org\/yearbook\/2010\/yearbook\/2010\/files\/SIPRIYB10summaryES.pdf<\/a><\/div>\n<div style=\"text-align: justify;\"><\/div>\n<div style=\"text-align: justify;\">Mientras esto sucede: La FAO inform\u00f3 en Junio 2009 que una de cada seis personas padece de desnutrici\u00f3n, total  1.020 millones.<\/div>\n<div style=\"text-align: justify;\"><a href=\"http:\/\/www.lanacion.cl\/prontus_noticias_v2\/site\/artic\/20090619\/pags\/20090619210537.html\">http:\/\/www.lanacion.cl\/prontus_noticias_v2\/site\/artic\/20090619\/pags\/20090619210537.html<\/a><\/div>\n<div style=\"text-align: justify;\"><\/div>\n<div style=\"text-align: justify;\">212 millones de personas en todo el globo no ten\u00edan empleo en 2009, un aumento de 30 millones de personas en comparaci\u00f3n con 2007, m\u00e1s del 15 por ciento de la poblaci\u00f3n chilena  es pobre y una de cada siete personas sufre abusos o violaciones de Derechos Humanos.  <a href=\"http:\/\/radio.uchile.cl\/noticias\/87351\/\">http:\/\/radio.uchile.cl\/noticias\/87351\/<\/a> <\/div>\n<div style=\"text-align: justify;\"><\/div>\n<div style=\"text-align: justify;\"><span style=\"font-weight: bold;\">4*<\/span> Carlos Fuentes  libro \u00abEn esto Creo\u00bb.<\/div>\n<div style=\"text-align: justify;\"><\/div>\n<div style=\"text-align: justify;\"><span style=\"font-weight: bold;\">5*<\/span> Ernesto S\u00e1bato libro \u00abAntes del Fin\u00bb<\/div>\n<div style=\"text-align: justify;\"><\/div>\n<div style=\"text-align: justify;\"><span style=\"font-weight: bold;\">6*<\/span> <a href=\"http:\/\/www.emol.com\/noticias\/economia\/detalle\/detallenoticias.asp?idnoticia=431057\">http:\/\/www.emol.com\/noticias\/economia\/detalle\/detallenoticias.asp?idnoticia=431057<\/a><\/div>\n","protected":false},"excerpt":{"rendered":"<p>Las Naciones Unidas celebra todos los a\u00f1os este acontecimiento y le ha solicitado a todas las naciones que hagan lo propio. Este Domingo 24 de octubre se celebra el d\u00eda de la ONU, fecha en que entr\u00f3 en vigor la Carta de Las Naciones Unidas. Actualmente son parte de ella 192 Estados. Su creaci\u00f3n es [&hellip;]<\/p>\n","protected":false},"author":1,"featured_media":0,"comment_status":"open","ping_status":"open","sticky":false,"template":"","format":"standard","meta":{"footnotes":""},"categories":[154],"tags":[],"class_list":["post-9050","post","type-post","status-publish","format-standard","hentry","category-ddhh"],"yoast_head":"<!-- This site is optimized with the Yoast SEO plugin v25.0 - https:\/\/yoast.com\/wordpress\/plugins\/seo\/ -->\n<title>El D\u00eda De La Unidad De Los Seres Humanos - Nuestro Bio B\u00edo<\/title>\n<meta name=\"robots\" content=\"index, follow, max-snippet:-1, max-image-preview:large, max-video-preview:-1\" \/>\n<link rel=\"canonical\" href=\"https:\/\/www.fraczinet.cl\/sitio\/2010\/10\/22\/el-dia-de-la-unidad-de-los-seres-humanos\/\" \/>\n<meta property=\"og:locale\" content=\"es_ES\" \/>\n<meta property=\"og:type\" content=\"article\" \/>\n<meta property=\"og:title\" content=\"El D\u00eda De La Unidad De Los Seres Humanos - Nuestro Bio B\u00edo\" \/>\n<meta property=\"og:description\" content=\"Las Naciones Unidas celebra todos los a\u00f1os este acontecimiento y le ha solicitado a todas las naciones que hagan lo propio. Este Domingo 24 de octubre se celebra el d\u00eda de la ONU, fecha en que entr\u00f3 en vigor la Carta de Las Naciones Unidas. Actualmente son parte de ella 192 Estados. Su creaci\u00f3n es [&hellip;]\" \/>\n<meta property=\"og:url\" content=\"https:\/\/www.fraczinet.cl\/sitio\/2010\/10\/22\/el-dia-de-la-unidad-de-los-seres-humanos\/\" \/>\n<meta property=\"og:site_name\" content=\"Nuestro Bio B\u00edo\" \/>\n<meta property=\"article:published_time\" content=\"2010-10-22T21:46:00+00:00\" \/>\n<meta property=\"og:image\" content=\"https:\/\/www.fraczinet.cl\/sitio\/wp-content\/uploads\/2021\/07\/bannerlogo-1.gif\" \/>\n\t<meta property=\"og:image:width\" content=\"159\" \/>\n\t<meta property=\"og:image:height\" content=\"79\" \/>\n\t<meta property=\"og:image:type\" content=\"image\/gif\" \/>\n<meta name=\"author\" content=\"admin\" \/>\n<meta name=\"twitter:card\" content=\"summary_large_image\" \/>\n<meta name=\"twitter:creator\" content=\"@nuestrobiobio\" \/>\n<meta name=\"twitter:site\" content=\"@nuestrobiobio\" \/>\n<meta name=\"twitter:label1\" content=\"Escrito por\" \/>\n\t<meta name=\"twitter:data1\" content=\"admin\" \/>\n\t<meta name=\"twitter:label2\" content=\"Tiempo de lectura\" \/>\n\t<meta name=\"twitter:data2\" content=\"6 minutos\" \/>\n<script type=\"application\/ld+json\" class=\"yoast-schema-graph\">{\"@context\":\"https:\/\/schema.org\",\"@graph\":[{\"@type\":\"Article\",\"@id\":\"https:\/\/www.fraczinet.cl\/sitio\/2010\/10\/22\/el-dia-de-la-unidad-de-los-seres-humanos\/#article\",\"isPartOf\":{\"@id\":\"https:\/\/www.fraczinet.cl\/sitio\/2010\/10\/22\/el-dia-de-la-unidad-de-los-seres-humanos\/\"},\"author\":{\"name\":\"admin\",\"@id\":\"https:\/\/www.fraczinet.cl\/sitio\/#\/schema\/person\/bc30f98e9cb10ae7e119dbe14bc93784\"},\"headline\":\"El D\u00eda De La Unidad De Los Seres Humanos\",\"datePublished\":\"2010-10-22T21:46:00+00:00\",\"mainEntityOfPage\":{\"@id\":\"https:\/\/www.fraczinet.cl\/sitio\/2010\/10\/22\/el-dia-de-la-unidad-de-los-seres-humanos\/\"},\"wordCount\":1144,\"commentCount\":0,\"publisher\":{\"@id\":\"https:\/\/www.fraczinet.cl\/sitio\/#\/schema\/person\/aec8ee4da68df2b9b0eefdad24a0d582\"},\"articleSection\":[\"DDHH\"],\"inLanguage\":\"es\",\"potentialAction\":[{\"@type\":\"CommentAction\",\"name\":\"Comment\",\"target\":[\"https:\/\/www.fraczinet.cl\/sitio\/2010\/10\/22\/el-dia-de-la-unidad-de-los-seres-humanos\/#respond\"]}]},{\"@type\":\"WebPage\",\"@id\":\"https:\/\/www.fraczinet.cl\/sitio\/2010\/10\/22\/el-dia-de-la-unidad-de-los-seres-humanos\/\",\"url\":\"https:\/\/www.fraczinet.cl\/sitio\/2010\/10\/22\/el-dia-de-la-unidad-de-los-seres-humanos\/\",\"name\":\"El D\u00eda De La Unidad De Los Seres Humanos - Nuestro Bio B\u00edo\",\"isPartOf\":{\"@id\":\"https:\/\/www.fraczinet.cl\/sitio\/#website\"},\"datePublished\":\"2010-10-22T21:46:00+00:00\",\"breadcrumb\":{\"@id\":\"https:\/\/www.fraczinet.cl\/sitio\/2010\/10\/22\/el-dia-de-la-unidad-de-los-seres-humanos\/#breadcrumb\"},\"inLanguage\":\"es\",\"potentialAction\":[{\"@type\":\"ReadAction\",\"target\":[\"https:\/\/www.fraczinet.cl\/sitio\/2010\/10\/22\/el-dia-de-la-unidad-de-los-seres-humanos\/\"]}]},{\"@type\":\"BreadcrumbList\",\"@id\":\"https:\/\/www.fraczinet.cl\/sitio\/2010\/10\/22\/el-dia-de-la-unidad-de-los-seres-humanos\/#breadcrumb\",\"itemListElement\":[{\"@type\":\"ListItem\",\"position\":1,\"name\":\"Portada\",\"item\":\"https:\/\/www.fraczinet.cl\/sitio\/\"},{\"@type\":\"ListItem\",\"position\":2,\"name\":\"El D\u00eda De La Unidad De Los Seres Humanos\"}]},{\"@type\":\"WebSite\",\"@id\":\"https:\/\/www.fraczinet.cl\/sitio\/#website\",\"url\":\"https:\/\/www.fraczinet.cl\/sitio\/\",\"name\":\"Nuestro Bio B\u00edo\",\"description\":\"Tierra de Encuentros\",\"publisher\":{\"@id\":\"https:\/\/www.fraczinet.cl\/sitio\/#\/schema\/person\/aec8ee4da68df2b9b0eefdad24a0d582\"},\"potentialAction\":[{\"@type\":\"SearchAction\",\"target\":{\"@type\":\"EntryPoint\",\"urlTemplate\":\"https:\/\/www.fraczinet.cl\/sitio\/?s={search_term_string}\"},\"query-input\":{\"@type\":\"PropertyValueSpecification\",\"valueRequired\":true,\"valueName\":\"search_term_string\"}}],\"inLanguage\":\"es\"},{\"@type\":[\"Person\",\"Organization\"],\"@id\":\"https:\/\/www.fraczinet.cl\/sitio\/#\/schema\/person\/aec8ee4da68df2b9b0eefdad24a0d582\",\"name\":\"Luis Fernando Fraczinet\",\"image\":{\"@type\":\"ImageObject\",\"inLanguage\":\"es\",\"@id\":\"https:\/\/www.fraczinet.cl\/sitio\/#\/schema\/person\/image\/\",\"url\":\"https:\/\/www.fraczinet.cl\/sitio\/wp-content\/uploads\/2021\/07\/bannerlogo-1.gif\",\"contentUrl\":\"https:\/\/www.fraczinet.cl\/sitio\/wp-content\/uploads\/2021\/07\/bannerlogo-1.gif\",\"width\":159,\"height\":79,\"caption\":\"Luis Fernando Fraczinet\"},\"logo\":{\"@id\":\"https:\/\/www.fraczinet.cl\/sitio\/#\/schema\/person\/image\/\"},\"sameAs\":[\"https:\/\/www.fraczinet.cl\/sitio\/\"]},{\"@type\":\"Person\",\"@id\":\"https:\/\/www.fraczinet.cl\/sitio\/#\/schema\/person\/bc30f98e9cb10ae7e119dbe14bc93784\",\"name\":\"admin\",\"image\":{\"@type\":\"ImageObject\",\"inLanguage\":\"es\",\"@id\":\"https:\/\/www.fraczinet.cl\/sitio\/#\/schema\/person\/image\/\",\"url\":\"https:\/\/secure.gravatar.com\/avatar\/d5ad3cf7ef3b23a2bb5be73be780c86b2fc8545c3ad6b149f3913ff458c00099?s=96&d=mm&r=g\",\"contentUrl\":\"https:\/\/secure.gravatar.com\/avatar\/d5ad3cf7ef3b23a2bb5be73be780c86b2fc8545c3ad6b149f3913ff458c00099?s=96&d=mm&r=g\",\"caption\":\"admin\"},\"sameAs\":[\"https:\/\/www.fraczinet.cl\/sitio\"]}]}<\/script>\n<!-- \/ Yoast SEO plugin. -->","yoast_head_json":{"title":"El D\u00eda De La Unidad De Los Seres Humanos - Nuestro Bio B\u00edo","robots":{"index":"index","follow":"follow","max-snippet":"max-snippet:-1","max-image-preview":"max-image-preview:large","max-video-preview":"max-video-preview:-1"},"canonical":"https:\/\/www.fraczinet.cl\/sitio\/2010\/10\/22\/el-dia-de-la-unidad-de-los-seres-humanos\/","og_locale":"es_ES","og_type":"article","og_title":"El D\u00eda De La Unidad De Los Seres Humanos - Nuestro Bio B\u00edo","og_description":"Las Naciones Unidas celebra todos los a\u00f1os este acontecimiento y le ha solicitado a todas las naciones que hagan lo propio. Este Domingo 24 de octubre se celebra el d\u00eda de la ONU, fecha en que entr\u00f3 en vigor la Carta de Las Naciones Unidas. Actualmente son parte de ella 192 Estados. Su creaci\u00f3n es [&hellip;]","og_url":"https:\/\/www.fraczinet.cl\/sitio\/2010\/10\/22\/el-dia-de-la-unidad-de-los-seres-humanos\/","og_site_name":"Nuestro Bio B\u00edo","article_published_time":"2010-10-22T21:46:00+00:00","og_image":[{"width":159,"height":79,"url":"https:\/\/www.fraczinet.cl\/sitio\/wp-content\/uploads\/2021\/07\/bannerlogo-1.gif","type":"image\/gif"}],"author":"admin","twitter_card":"summary_large_image","twitter_creator":"@nuestrobiobio","twitter_site":"@nuestrobiobio","twitter_misc":{"Escrito por":"admin","Tiempo de lectura":"6 minutos"},"schema":{"@context":"https:\/\/schema.org","@graph":[{"@type":"Article","@id":"https:\/\/www.fraczinet.cl\/sitio\/2010\/10\/22\/el-dia-de-la-unidad-de-los-seres-humanos\/#article","isPartOf":{"@id":"https:\/\/www.fraczinet.cl\/sitio\/2010\/10\/22\/el-dia-de-la-unidad-de-los-seres-humanos\/"},"author":{"name":"admin","@id":"https:\/\/www.fraczinet.cl\/sitio\/#\/schema\/person\/bc30f98e9cb10ae7e119dbe14bc93784"},"headline":"El D\u00eda De La Unidad De Los Seres Humanos","datePublished":"2010-10-22T21:46:00+00:00","mainEntityOfPage":{"@id":"https:\/\/www.fraczinet.cl\/sitio\/2010\/10\/22\/el-dia-de-la-unidad-de-los-seres-humanos\/"},"wordCount":1144,"commentCount":0,"publisher":{"@id":"https:\/\/www.fraczinet.cl\/sitio\/#\/schema\/person\/aec8ee4da68df2b9b0eefdad24a0d582"},"articleSection":["DDHH"],"inLanguage":"es","potentialAction":[{"@type":"CommentAction","name":"Comment","target":["https:\/\/www.fraczinet.cl\/sitio\/2010\/10\/22\/el-dia-de-la-unidad-de-los-seres-humanos\/#respond"]}]},{"@type":"WebPage","@id":"https:\/\/www.fraczinet.cl\/sitio\/2010\/10\/22\/el-dia-de-la-unidad-de-los-seres-humanos\/","url":"https:\/\/www.fraczinet.cl\/sitio\/2010\/10\/22\/el-dia-de-la-unidad-de-los-seres-humanos\/","name":"El D\u00eda De La Unidad De Los Seres Humanos - Nuestro Bio B\u00edo","isPartOf":{"@id":"https:\/\/www.fraczinet.cl\/sitio\/#website"},"datePublished":"2010-10-22T21:46:00+00:00","breadcrumb":{"@id":"https:\/\/www.fraczinet.cl\/sitio\/2010\/10\/22\/el-dia-de-la-unidad-de-los-seres-humanos\/#breadcrumb"},"inLanguage":"es","potentialAction":[{"@type":"ReadAction","target":["https:\/\/www.fraczinet.cl\/sitio\/2010\/10\/22\/el-dia-de-la-unidad-de-los-seres-humanos\/"]}]},{"@type":"BreadcrumbList","@id":"https:\/\/www.fraczinet.cl\/sitio\/2010\/10\/22\/el-dia-de-la-unidad-de-los-seres-humanos\/#breadcrumb","itemListElement":[{"@type":"ListItem","position":1,"name":"Portada","item":"https:\/\/www.fraczinet.cl\/sitio\/"},{"@type":"ListItem","position":2,"name":"El D\u00eda De La Unidad De Los Seres Humanos"}]},{"@type":"WebSite","@id":"https:\/\/www.fraczinet.cl\/sitio\/#website","url":"https:\/\/www.fraczinet.cl\/sitio\/","name":"Nuestro Bio B\u00edo","description":"Tierra de Encuentros","publisher":{"@id":"https:\/\/www.fraczinet.cl\/sitio\/#\/schema\/person\/aec8ee4da68df2b9b0eefdad24a0d582"},"potentialAction":[{"@type":"SearchAction","target":{"@type":"EntryPoint","urlTemplate":"https:\/\/www.fraczinet.cl\/sitio\/?s={search_term_string}"},"query-input":{"@type":"PropertyValueSpecification","valueRequired":true,"valueName":"search_term_string"}}],"inLanguage":"es"},{"@type":["Person","Organization"],"@id":"https:\/\/www.fraczinet.cl\/sitio\/#\/schema\/person\/aec8ee4da68df2b9b0eefdad24a0d582","name":"Luis Fernando Fraczinet","image":{"@type":"ImageObject","inLanguage":"es","@id":"https:\/\/www.fraczinet.cl\/sitio\/#\/schema\/person\/image\/","url":"https:\/\/www.fraczinet.cl\/sitio\/wp-content\/uploads\/2021\/07\/bannerlogo-1.gif","contentUrl":"https:\/\/www.fraczinet.cl\/sitio\/wp-content\/uploads\/2021\/07\/bannerlogo-1.gif","width":159,"height":79,"caption":"Luis Fernando Fraczinet"},"logo":{"@id":"https:\/\/www.fraczinet.cl\/sitio\/#\/schema\/person\/image\/"},"sameAs":["https:\/\/www.fraczinet.cl\/sitio\/"]},{"@type":"Person","@id":"https:\/\/www.fraczinet.cl\/sitio\/#\/schema\/person\/bc30f98e9cb10ae7e119dbe14bc93784","name":"admin","image":{"@type":"ImageObject","inLanguage":"es","@id":"https:\/\/www.fraczinet.cl\/sitio\/#\/schema\/person\/image\/","url":"https:\/\/secure.gravatar.com\/avatar\/d5ad3cf7ef3b23a2bb5be73be780c86b2fc8545c3ad6b149f3913ff458c00099?s=96&d=mm&r=g","contentUrl":"https:\/\/secure.gravatar.com\/avatar\/d5ad3cf7ef3b23a2bb5be73be780c86b2fc8545c3ad6b149f3913ff458c00099?s=96&d=mm&r=g","caption":"admin"},"sameAs":["https:\/\/www.fraczinet.cl\/sitio"]}]}},"_links":{"self":[{"href":"https:\/\/www.fraczinet.cl\/sitio\/wp-json\/wp\/v2\/posts\/9050","targetHints":{"allow":["GET"]}}],"collection":[{"href":"https:\/\/www.fraczinet.cl\/sitio\/wp-json\/wp\/v2\/posts"}],"about":[{"href":"https:\/\/www.fraczinet.cl\/sitio\/wp-json\/wp\/v2\/types\/post"}],"author":[{"embeddable":true,"href":"https:\/\/www.fraczinet.cl\/sitio\/wp-json\/wp\/v2\/users\/1"}],"replies":[{"embeddable":true,"href":"https:\/\/www.fraczinet.cl\/sitio\/wp-json\/wp\/v2\/comments?post=9050"}],"version-history":[{"count":0,"href":"https:\/\/www.fraczinet.cl\/sitio\/wp-json\/wp\/v2\/posts\/9050\/revisions"}],"wp:attachment":[{"href":"https:\/\/www.fraczinet.cl\/sitio\/wp-json\/wp\/v2\/media?parent=9050"}],"wp:term":[{"taxonomy":"category","embeddable":true,"href":"https:\/\/www.fraczinet.cl\/sitio\/wp-json\/wp\/v2\/categories?post=9050"},{"taxonomy":"post_tag","embeddable":true,"href":"https:\/\/www.fraczinet.cl\/sitio\/wp-json\/wp\/v2\/tags?post=9050"}],"curies":[{"name":"wp","href":"https:\/\/api.w.org\/{rel}","templated":true}]}}