{"id":9053,"date":"2010-10-21T23:29:00","date_gmt":"2010-10-21T23:29:00","guid":{"rendered":"https:\/\/www.fraczinet.cl\/sitio\/2010\/10\/21\/centro-de-excelencia-de-la-universidad-de-concepcion-participa-en-feria-mundial-del-plastico-en-alemania\/"},"modified":"2022-09-27T00:57:37","modified_gmt":"2022-09-27T00:57:37","slug":"centro-de-excelencia-de-la-universidad-de-concepcion-participa-en-feria-mundial-del-plastico-en-alemania","status":"publish","type":"post","link":"https:\/\/www.fraczinet.cl\/sitio\/2010\/10\/21\/centro-de-excelencia-de-la-universidad-de-concepcion-participa-en-feria-mundial-del-plastico-en-alemania\/","title":{"rendered":"Centro De Excelencia De La Universidad De Concepci\u00f3n Participa En Feria Mundial Del Pl\u00e1stico En Alemania"},"content":{"rendered":"<div style=\"text-align: justify;\"><span style=\"font-weight: bold;\"><span style=\"font-style: italic;\">Es la vitrina m\u00e1s importante de la industria del pl\u00e1stico en el mundo, re\u00fane a m\u00e1s de 3 mil empresas y 240 mil visitantes y \u00e9sta es la primera vez que una instituci\u00f3n chilena participa como expositora en este evento.<\/span><\/span><\/div>\n<div style=\"text-align: justify;\"><\/div>\n<div style=\"text-align: justify;\">Con el objetivo de mostrar su trabajo a nivel internacional y contactar a empresarios e inversionistas para transferir sus resultados, la Unidad de Desarrollo Tecnol\u00f3gico (UDT) de la Universidad de Concepci\u00f3n participar\u00e1 en la versi\u00f3n 2010 de la Feria K, en D\u00fcsseldorf, Alemania, entre el 27 de octubre y el 3 de noviembre.<\/div>\n<div style=\"text-align: justify;\"><\/div>\n<div style=\"text-align: justify;\">Esta es la primera vez que una instituci\u00f3n chilena expone en este evento, el punto de encuentro m\u00e1s importante de la industria del pl\u00e1stico y caucho a nivel mundial. En su versi\u00f3n anterior, realizada el a\u00f1o 2007, tuvo 3 mil 130 empresas expositoras y 242 mil visitantes.<\/div>\n<div style=\"text-align: justify;\"><\/div>\n<div style=\"text-align: justify;\">Entre los proyectos a presentar destaca un contenedor biodegradable para plantas forestales, en el cual ocurre la germinaci\u00f3n de la semilla, el crecimiento de la planta en el invernadero durante un a\u00f1o y la posterior plantaci\u00f3n en el bosque. La pr\u00e1ctica actual corresponde al uso de contenedores de polipropileno, lo que obliga a realizar un transplante al llevar la planta desde el invernadero al sitio forestal, con el estr\u00e9s asociado a la exposici\u00f3n de las ra\u00edces al medio. La consecuencia de esto es que entre un 4 y un 20% de las plantas no sobreviven.<\/div>\n<div style=\"text-align: justify;\"><\/div>\n<div style=\"text-align: justify;\">Otra iniciativa que se dar\u00e1 a conocer es la relacionada con nanomateriales basados en nanopart\u00edculas de cobre y una matriz termopl\u00e1stica. En este caso, se trata de un nuevo material, cuya superficie desacelera y, en muchos casos, impide la proliferaci\u00f3n de microorganismos. Sus posibles aplicaciones son m\u00faltiples y variadas, desde redes para cultivos acu\u00edcolas con propiedades antifouling a productos m\u00e9dicos.<\/div>\n<div style=\"text-align: justify;\"><\/div>\n<div style=\"text-align: justify;\">Cabe destacar que cinco de los seis proyectos que ser\u00e1n exhibidos por UDT en la Feria K, fueron desarrollados con el apoyo del programa Fondef de Conicyt.<\/div>\n","protected":false},"excerpt":{"rendered":"<p>Es la vitrina m\u00e1s importante de la industria del pl\u00e1stico en el mundo, re\u00fane a m\u00e1s de 3 mil empresas y 240 mil visitantes y \u00e9sta es la primera vez que una instituci\u00f3n chilena participa como expositora en este evento. Con el objetivo de mostrar su trabajo a nivel internacional y contactar a empresarios e [&hellip;]<\/p>\n","protected":false},"author":1,"featured_media":2425,"comment_status":"open","ping_status":"open","sticky":false,"template":"","format":"standard","meta":{"footnotes":""},"categories":[151],"tags":[],"class_list":["post-9053","post","type-post","status-publish","format-standard","has-post-thumbnail","hentry","category-educacion"],"yoast_head":"<!-- This site is optimized with the Yoast SEO plugin v25.0 - https:\/\/yoast.com\/wordpress\/plugins\/seo\/ -->\n<title>Centro De Excelencia De La Universidad De Concepci\u00f3n Participa En Feria Mundial Del Pl\u00e1stico En Alemania - Nuestro Bio B\u00edo<\/title>\n<meta name=\"robots\" content=\"index, follow, max-snippet:-1, max-image-preview:large, max-video-preview:-1\" \/>\n<link rel=\"canonical\" href=\"https:\/\/www.fraczinet.cl\/sitio\/2010\/10\/21\/centro-de-excelencia-de-la-universidad-de-concepcion-participa-en-feria-mundial-del-plastico-en-alemania\/\" \/>\n<meta property=\"og:locale\" content=\"es_ES\" \/>\n<meta property=\"og:type\" content=\"article\" \/>\n<meta property=\"og:title\" content=\"Centro De Excelencia De La Universidad De Concepci\u00f3n Participa En Feria Mundial Del Pl\u00e1stico En Alemania - Nuestro Bio B\u00edo\" \/>\n<meta property=\"og:description\" content=\"Es la vitrina m\u00e1s importante de la industria del pl\u00e1stico en el mundo, re\u00fane a m\u00e1s de 3 mil empresas y 240 mil visitantes y \u00e9sta es la primera vez que una instituci\u00f3n chilena participa como expositora en este evento. Con el objetivo de mostrar su trabajo a nivel internacional y contactar a empresarios e [&hellip;]\" \/>\n<meta property=\"og:url\" content=\"https:\/\/www.fraczinet.cl\/sitio\/2010\/10\/21\/centro-de-excelencia-de-la-universidad-de-concepcion-participa-en-feria-mundial-del-plastico-en-alemania\/\" \/>\n<meta property=\"og:site_name\" content=\"Nuestro Bio B\u00edo\" \/>\n<meta property=\"article:published_time\" content=\"2010-10-21T23:29:00+00:00\" \/>\n<meta property=\"article:modified_time\" content=\"2022-09-27T00:57:37+00:00\" \/>\n<meta property=\"og:image\" content=\"https:\/\/www.fraczinet.cl\/sitio\/wp-content\/uploads\/2009\/02\/Facultad-de-medicina-Facultad-medico-biol-C3-B3gico.jpg\" \/>\n\t<meta property=\"og:image:width\" content=\"143\" \/>\n\t<meta property=\"og:image:height\" content=\"95\" \/>\n\t<meta property=\"og:image:type\" content=\"image\/jpeg\" \/>\n<meta name=\"author\" content=\"admin\" \/>\n<meta name=\"twitter:card\" content=\"summary_large_image\" \/>\n<meta name=\"twitter:creator\" content=\"@nuestrobiobio\" \/>\n<meta name=\"twitter:site\" content=\"@nuestrobiobio\" \/>\n<meta name=\"twitter:label1\" content=\"Escrito por\" \/>\n\t<meta name=\"twitter:data1\" content=\"admin\" \/>\n\t<meta name=\"twitter:label2\" content=\"Tiempo de lectura\" \/>\n\t<meta name=\"twitter:data2\" content=\"2 minutos\" \/>\n<script type=\"application\/ld+json\" class=\"yoast-schema-graph\">{\"@context\":\"https:\/\/schema.org\",\"@graph\":[{\"@type\":\"Article\",\"@id\":\"https:\/\/www.fraczinet.cl\/sitio\/2010\/10\/21\/centro-de-excelencia-de-la-universidad-de-concepcion-participa-en-feria-mundial-del-plastico-en-alemania\/#article\",\"isPartOf\":{\"@id\":\"https:\/\/www.fraczinet.cl\/sitio\/2010\/10\/21\/centro-de-excelencia-de-la-universidad-de-concepcion-participa-en-feria-mundial-del-plastico-en-alemania\/\"},\"author\":{\"name\":\"admin\",\"@id\":\"https:\/\/www.fraczinet.cl\/sitio\/#\/schema\/person\/bc30f98e9cb10ae7e119dbe14bc93784\"},\"headline\":\"Centro De Excelencia De La Universidad De Concepci\u00f3n Participa En Feria Mundial Del Pl\u00e1stico En Alemania\",\"datePublished\":\"2010-10-21T23:29:00+00:00\",\"dateModified\":\"2022-09-27T00:57:37+00:00\",\"mainEntityOfPage\":{\"@id\":\"https:\/\/www.fraczinet.cl\/sitio\/2010\/10\/21\/centro-de-excelencia-de-la-universidad-de-concepcion-participa-en-feria-mundial-del-plastico-en-alemania\/\"},\"wordCount\":357,\"commentCount\":0,\"publisher\":{\"@id\":\"https:\/\/www.fraczinet.cl\/sitio\/#\/schema\/person\/aec8ee4da68df2b9b0eefdad24a0d582\"},\"image\":{\"@id\":\"https:\/\/www.fraczinet.cl\/sitio\/2010\/10\/21\/centro-de-excelencia-de-la-universidad-de-concepcion-participa-en-feria-mundial-del-plastico-en-alemania\/#primaryimage\"},\"thumbnailUrl\":\"https:\/\/www.fraczinet.cl\/sitio\/wp-content\/uploads\/2009\/02\/Facultad-de-medicina-Facultad-medico-biol-C3-B3gico.jpg\",\"articleSection\":[\"Educaci\u00f3n\"],\"inLanguage\":\"es\",\"potentialAction\":[{\"@type\":\"CommentAction\",\"name\":\"Comment\",\"target\":[\"https:\/\/www.fraczinet.cl\/sitio\/2010\/10\/21\/centro-de-excelencia-de-la-universidad-de-concepcion-participa-en-feria-mundial-del-plastico-en-alemania\/#respond\"]}]},{\"@type\":\"WebPage\",\"@id\":\"https:\/\/www.fraczinet.cl\/sitio\/2010\/10\/21\/centro-de-excelencia-de-la-universidad-de-concepcion-participa-en-feria-mundial-del-plastico-en-alemania\/\",\"url\":\"https:\/\/www.fraczinet.cl\/sitio\/2010\/10\/21\/centro-de-excelencia-de-la-universidad-de-concepcion-participa-en-feria-mundial-del-plastico-en-alemania\/\",\"name\":\"Centro De Excelencia De La Universidad De Concepci\u00f3n Participa En Feria Mundial Del Pl\u00e1stico En Alemania - Nuestro Bio B\u00edo\",\"isPartOf\":{\"@id\":\"https:\/\/www.fraczinet.cl\/sitio\/#website\"},\"primaryImageOfPage\":{\"@id\":\"https:\/\/www.fraczinet.cl\/sitio\/2010\/10\/21\/centro-de-excelencia-de-la-universidad-de-concepcion-participa-en-feria-mundial-del-plastico-en-alemania\/#primaryimage\"},\"image\":{\"@id\":\"https:\/\/www.fraczinet.cl\/sitio\/2010\/10\/21\/centro-de-excelencia-de-la-universidad-de-concepcion-participa-en-feria-mundial-del-plastico-en-alemania\/#primaryimage\"},\"thumbnailUrl\":\"https:\/\/www.fraczinet.cl\/sitio\/wp-content\/uploads\/2009\/02\/Facultad-de-medicina-Facultad-medico-biol-C3-B3gico.jpg\",\"datePublished\":\"2010-10-21T23:29:00+00:00\",\"dateModified\":\"2022-09-27T00:57:37+00:00\",\"breadcrumb\":{\"@id\":\"https:\/\/www.fraczinet.cl\/sitio\/2010\/10\/21\/centro-de-excelencia-de-la-universidad-de-concepcion-participa-en-feria-mundial-del-plastico-en-alemania\/#breadcrumb\"},\"inLanguage\":\"es\",\"potentialAction\":[{\"@type\":\"ReadAction\",\"target\":[\"https:\/\/www.fraczinet.cl\/sitio\/2010\/10\/21\/centro-de-excelencia-de-la-universidad-de-concepcion-participa-en-feria-mundial-del-plastico-en-alemania\/\"]}]},{\"@type\":\"ImageObject\",\"inLanguage\":\"es\",\"@id\":\"https:\/\/www.fraczinet.cl\/sitio\/2010\/10\/21\/centro-de-excelencia-de-la-universidad-de-concepcion-participa-en-feria-mundial-del-plastico-en-alemania\/#primaryimage\",\"url\":\"https:\/\/www.fraczinet.cl\/sitio\/wp-content\/uploads\/2009\/02\/Facultad-de-medicina-Facultad-medico-biol-C3-B3gico.jpg\",\"contentUrl\":\"https:\/\/www.fraczinet.cl\/sitio\/wp-content\/uploads\/2009\/02\/Facultad-de-medicina-Facultad-medico-biol-C3-B3gico.jpg\",\"width\":143,\"height\":95},{\"@type\":\"BreadcrumbList\",\"@id\":\"https:\/\/www.fraczinet.cl\/sitio\/2010\/10\/21\/centro-de-excelencia-de-la-universidad-de-concepcion-participa-en-feria-mundial-del-plastico-en-alemania\/#breadcrumb\",\"itemListElement\":[{\"@type\":\"ListItem\",\"position\":1,\"name\":\"Portada\",\"item\":\"https:\/\/www.fraczinet.cl\/sitio\/\"},{\"@type\":\"ListItem\",\"position\":2,\"name\":\"Centro De Excelencia De La Universidad De Concepci\u00f3n Participa En Feria Mundial Del Pl\u00e1stico En Alemania\"}]},{\"@type\":\"WebSite\",\"@id\":\"https:\/\/www.fraczinet.cl\/sitio\/#website\",\"url\":\"https:\/\/www.fraczinet.cl\/sitio\/\",\"name\":\"Nuestro Bio B\u00edo\",\"description\":\"Tierra de Encuentros\",\"publisher\":{\"@id\":\"https:\/\/www.fraczinet.cl\/sitio\/#\/schema\/person\/aec8ee4da68df2b9b0eefdad24a0d582\"},\"potentialAction\":[{\"@type\":\"SearchAction\",\"target\":{\"@type\":\"EntryPoint\",\"urlTemplate\":\"https:\/\/www.fraczinet.cl\/sitio\/?s={search_term_string}\"},\"query-input\":{\"@type\":\"PropertyValueSpecification\",\"valueRequired\":true,\"valueName\":\"search_term_string\"}}],\"inLanguage\":\"es\"},{\"@type\":[\"Person\",\"Organization\"],\"@id\":\"https:\/\/www.fraczinet.cl\/sitio\/#\/schema\/person\/aec8ee4da68df2b9b0eefdad24a0d582\",\"name\":\"Luis Fernando Fraczinet\",\"image\":{\"@type\":\"ImageObject\",\"inLanguage\":\"es\",\"@id\":\"https:\/\/www.fraczinet.cl\/sitio\/#\/schema\/person\/image\/\",\"url\":\"https:\/\/www.fraczinet.cl\/sitio\/wp-content\/uploads\/2021\/07\/bannerlogo-1.gif\",\"contentUrl\":\"https:\/\/www.fraczinet.cl\/sitio\/wp-content\/uploads\/2021\/07\/bannerlogo-1.gif\",\"width\":159,\"height\":79,\"caption\":\"Luis Fernando Fraczinet\"},\"logo\":{\"@id\":\"https:\/\/www.fraczinet.cl\/sitio\/#\/schema\/person\/image\/\"},\"sameAs\":[\"https:\/\/www.fraczinet.cl\/sitio\/\"]},{\"@type\":\"Person\",\"@id\":\"https:\/\/www.fraczinet.cl\/sitio\/#\/schema\/person\/bc30f98e9cb10ae7e119dbe14bc93784\",\"name\":\"admin\",\"image\":{\"@type\":\"ImageObject\",\"inLanguage\":\"es\",\"@id\":\"https:\/\/www.fraczinet.cl\/sitio\/#\/schema\/person\/image\/\",\"url\":\"https:\/\/secure.gravatar.com\/avatar\/d5ad3cf7ef3b23a2bb5be73be780c86b2fc8545c3ad6b149f3913ff458c00099?s=96&d=mm&r=g\",\"contentUrl\":\"https:\/\/secure.gravatar.com\/avatar\/d5ad3cf7ef3b23a2bb5be73be780c86b2fc8545c3ad6b149f3913ff458c00099?s=96&d=mm&r=g\",\"caption\":\"admin\"},\"sameAs\":[\"https:\/\/www.fraczinet.cl\/sitio\"]}]}<\/script>\n<!-- \/ Yoast SEO plugin. -->","yoast_head_json":{"title":"Centro De Excelencia De La Universidad De Concepci\u00f3n Participa En Feria Mundial Del Pl\u00e1stico En Alemania - Nuestro Bio B\u00edo","robots":{"index":"index","follow":"follow","max-snippet":"max-snippet:-1","max-image-preview":"max-image-preview:large","max-video-preview":"max-video-preview:-1"},"canonical":"https:\/\/www.fraczinet.cl\/sitio\/2010\/10\/21\/centro-de-excelencia-de-la-universidad-de-concepcion-participa-en-feria-mundial-del-plastico-en-alemania\/","og_locale":"es_ES","og_type":"article","og_title":"Centro De Excelencia De La Universidad De Concepci\u00f3n Participa En Feria Mundial Del Pl\u00e1stico En Alemania - Nuestro Bio B\u00edo","og_description":"Es la vitrina m\u00e1s importante de la industria del pl\u00e1stico en el mundo, re\u00fane a m\u00e1s de 3 mil empresas y 240 mil visitantes y \u00e9sta es la primera vez que una instituci\u00f3n chilena participa como expositora en este evento. Con el objetivo de mostrar su trabajo a nivel internacional y contactar a empresarios e [&hellip;]","og_url":"https:\/\/www.fraczinet.cl\/sitio\/2010\/10\/21\/centro-de-excelencia-de-la-universidad-de-concepcion-participa-en-feria-mundial-del-plastico-en-alemania\/","og_site_name":"Nuestro Bio B\u00edo","article_published_time":"2010-10-21T23:29:00+00:00","article_modified_time":"2022-09-27T00:57:37+00:00","og_image":[{"width":143,"height":95,"url":"https:\/\/www.fraczinet.cl\/sitio\/wp-content\/uploads\/2009\/02\/Facultad-de-medicina-Facultad-medico-biol-C3-B3gico.jpg","type":"image\/jpeg"}],"author":"admin","twitter_card":"summary_large_image","twitter_creator":"@nuestrobiobio","twitter_site":"@nuestrobiobio","twitter_misc":{"Escrito por":"admin","Tiempo de lectura":"2 minutos"},"schema":{"@context":"https:\/\/schema.org","@graph":[{"@type":"Article","@id":"https:\/\/www.fraczinet.cl\/sitio\/2010\/10\/21\/centro-de-excelencia-de-la-universidad-de-concepcion-participa-en-feria-mundial-del-plastico-en-alemania\/#article","isPartOf":{"@id":"https:\/\/www.fraczinet.cl\/sitio\/2010\/10\/21\/centro-de-excelencia-de-la-universidad-de-concepcion-participa-en-feria-mundial-del-plastico-en-alemania\/"},"author":{"name":"admin","@id":"https:\/\/www.fraczinet.cl\/sitio\/#\/schema\/person\/bc30f98e9cb10ae7e119dbe14bc93784"},"headline":"Centro De Excelencia De La Universidad De Concepci\u00f3n Participa En Feria Mundial Del Pl\u00e1stico En Alemania","datePublished":"2010-10-21T23:29:00+00:00","dateModified":"2022-09-27T00:57:37+00:00","mainEntityOfPage":{"@id":"https:\/\/www.fraczinet.cl\/sitio\/2010\/10\/21\/centro-de-excelencia-de-la-universidad-de-concepcion-participa-en-feria-mundial-del-plastico-en-alemania\/"},"wordCount":357,"commentCount":0,"publisher":{"@id":"https:\/\/www.fraczinet.cl\/sitio\/#\/schema\/person\/aec8ee4da68df2b9b0eefdad24a0d582"},"image":{"@id":"https:\/\/www.fraczinet.cl\/sitio\/2010\/10\/21\/centro-de-excelencia-de-la-universidad-de-concepcion-participa-en-feria-mundial-del-plastico-en-alemania\/#primaryimage"},"thumbnailUrl":"https:\/\/www.fraczinet.cl\/sitio\/wp-content\/uploads\/2009\/02\/Facultad-de-medicina-Facultad-medico-biol-C3-B3gico.jpg","articleSection":["Educaci\u00f3n"],"inLanguage":"es","potentialAction":[{"@type":"CommentAction","name":"Comment","target":["https:\/\/www.fraczinet.cl\/sitio\/2010\/10\/21\/centro-de-excelencia-de-la-universidad-de-concepcion-participa-en-feria-mundial-del-plastico-en-alemania\/#respond"]}]},{"@type":"WebPage","@id":"https:\/\/www.fraczinet.cl\/sitio\/2010\/10\/21\/centro-de-excelencia-de-la-universidad-de-concepcion-participa-en-feria-mundial-del-plastico-en-alemania\/","url":"https:\/\/www.fraczinet.cl\/sitio\/2010\/10\/21\/centro-de-excelencia-de-la-universidad-de-concepcion-participa-en-feria-mundial-del-plastico-en-alemania\/","name":"Centro De Excelencia De La Universidad De Concepci\u00f3n Participa En Feria Mundial Del Pl\u00e1stico En Alemania - Nuestro Bio B\u00edo","isPartOf":{"@id":"https:\/\/www.fraczinet.cl\/sitio\/#website"},"primaryImageOfPage":{"@id":"https:\/\/www.fraczinet.cl\/sitio\/2010\/10\/21\/centro-de-excelencia-de-la-universidad-de-concepcion-participa-en-feria-mundial-del-plastico-en-alemania\/#primaryimage"},"image":{"@id":"https:\/\/www.fraczinet.cl\/sitio\/2010\/10\/21\/centro-de-excelencia-de-la-universidad-de-concepcion-participa-en-feria-mundial-del-plastico-en-alemania\/#primaryimage"},"thumbnailUrl":"https:\/\/www.fraczinet.cl\/sitio\/wp-content\/uploads\/2009\/02\/Facultad-de-medicina-Facultad-medico-biol-C3-B3gico.jpg","datePublished":"2010-10-21T23:29:00+00:00","dateModified":"2022-09-27T00:57:37+00:00","breadcrumb":{"@id":"https:\/\/www.fraczinet.cl\/sitio\/2010\/10\/21\/centro-de-excelencia-de-la-universidad-de-concepcion-participa-en-feria-mundial-del-plastico-en-alemania\/#breadcrumb"},"inLanguage":"es","potentialAction":[{"@type":"ReadAction","target":["https:\/\/www.fraczinet.cl\/sitio\/2010\/10\/21\/centro-de-excelencia-de-la-universidad-de-concepcion-participa-en-feria-mundial-del-plastico-en-alemania\/"]}]},{"@type":"ImageObject","inLanguage":"es","@id":"https:\/\/www.fraczinet.cl\/sitio\/2010\/10\/21\/centro-de-excelencia-de-la-universidad-de-concepcion-participa-en-feria-mundial-del-plastico-en-alemania\/#primaryimage","url":"https:\/\/www.fraczinet.cl\/sitio\/wp-content\/uploads\/2009\/02\/Facultad-de-medicina-Facultad-medico-biol-C3-B3gico.jpg","contentUrl":"https:\/\/www.fraczinet.cl\/sitio\/wp-content\/uploads\/2009\/02\/Facultad-de-medicina-Facultad-medico-biol-C3-B3gico.jpg","width":143,"height":95},{"@type":"BreadcrumbList","@id":"https:\/\/www.fraczinet.cl\/sitio\/2010\/10\/21\/centro-de-excelencia-de-la-universidad-de-concepcion-participa-en-feria-mundial-del-plastico-en-alemania\/#breadcrumb","itemListElement":[{"@type":"ListItem","position":1,"name":"Portada","item":"https:\/\/www.fraczinet.cl\/sitio\/"},{"@type":"ListItem","position":2,"name":"Centro De Excelencia De La Universidad De Concepci\u00f3n Participa En Feria Mundial Del Pl\u00e1stico En Alemania"}]},{"@type":"WebSite","@id":"https:\/\/www.fraczinet.cl\/sitio\/#website","url":"https:\/\/www.fraczinet.cl\/sitio\/","name":"Nuestro Bio B\u00edo","description":"Tierra de Encuentros","publisher":{"@id":"https:\/\/www.fraczinet.cl\/sitio\/#\/schema\/person\/aec8ee4da68df2b9b0eefdad24a0d582"},"potentialAction":[{"@type":"SearchAction","target":{"@type":"EntryPoint","urlTemplate":"https:\/\/www.fraczinet.cl\/sitio\/?s={search_term_string}"},"query-input":{"@type":"PropertyValueSpecification","valueRequired":true,"valueName":"search_term_string"}}],"inLanguage":"es"},{"@type":["Person","Organization"],"@id":"https:\/\/www.fraczinet.cl\/sitio\/#\/schema\/person\/aec8ee4da68df2b9b0eefdad24a0d582","name":"Luis Fernando Fraczinet","image":{"@type":"ImageObject","inLanguage":"es","@id":"https:\/\/www.fraczinet.cl\/sitio\/#\/schema\/person\/image\/","url":"https:\/\/www.fraczinet.cl\/sitio\/wp-content\/uploads\/2021\/07\/bannerlogo-1.gif","contentUrl":"https:\/\/www.fraczinet.cl\/sitio\/wp-content\/uploads\/2021\/07\/bannerlogo-1.gif","width":159,"height":79,"caption":"Luis Fernando Fraczinet"},"logo":{"@id":"https:\/\/www.fraczinet.cl\/sitio\/#\/schema\/person\/image\/"},"sameAs":["https:\/\/www.fraczinet.cl\/sitio\/"]},{"@type":"Person","@id":"https:\/\/www.fraczinet.cl\/sitio\/#\/schema\/person\/bc30f98e9cb10ae7e119dbe14bc93784","name":"admin","image":{"@type":"ImageObject","inLanguage":"es","@id":"https:\/\/www.fraczinet.cl\/sitio\/#\/schema\/person\/image\/","url":"https:\/\/secure.gravatar.com\/avatar\/d5ad3cf7ef3b23a2bb5be73be780c86b2fc8545c3ad6b149f3913ff458c00099?s=96&d=mm&r=g","contentUrl":"https:\/\/secure.gravatar.com\/avatar\/d5ad3cf7ef3b23a2bb5be73be780c86b2fc8545c3ad6b149f3913ff458c00099?s=96&d=mm&r=g","caption":"admin"},"sameAs":["https:\/\/www.fraczinet.cl\/sitio"]}]}},"_links":{"self":[{"href":"https:\/\/www.fraczinet.cl\/sitio\/wp-json\/wp\/v2\/posts\/9053","targetHints":{"allow":["GET"]}}],"collection":[{"href":"https:\/\/www.fraczinet.cl\/sitio\/wp-json\/wp\/v2\/posts"}],"about":[{"href":"https:\/\/www.fraczinet.cl\/sitio\/wp-json\/wp\/v2\/types\/post"}],"author":[{"embeddable":true,"href":"https:\/\/www.fraczinet.cl\/sitio\/wp-json\/wp\/v2\/users\/1"}],"replies":[{"embeddable":true,"href":"https:\/\/www.fraczinet.cl\/sitio\/wp-json\/wp\/v2\/comments?post=9053"}],"version-history":[{"count":1,"href":"https:\/\/www.fraczinet.cl\/sitio\/wp-json\/wp\/v2\/posts\/9053\/revisions"}],"predecessor-version":[{"id":13516,"href":"https:\/\/www.fraczinet.cl\/sitio\/wp-json\/wp\/v2\/posts\/9053\/revisions\/13516"}],"wp:featuredmedia":[{"embeddable":true,"href":"https:\/\/www.fraczinet.cl\/sitio\/wp-json\/wp\/v2\/media\/2425"}],"wp:attachment":[{"href":"https:\/\/www.fraczinet.cl\/sitio\/wp-json\/wp\/v2\/media?parent=9053"}],"wp:term":[{"taxonomy":"category","embeddable":true,"href":"https:\/\/www.fraczinet.cl\/sitio\/wp-json\/wp\/v2\/categories?post=9053"},{"taxonomy":"post_tag","embeddable":true,"href":"https:\/\/www.fraczinet.cl\/sitio\/wp-json\/wp\/v2\/tags?post=9053"}],"curies":[{"name":"wp","href":"https:\/\/api.w.org\/{rel}","templated":true}]}}