{"id":9056,"date":"2010-10-21T15:01:00","date_gmt":"2010-10-21T15:01:00","guid":{"rendered":"https:\/\/www.fraczinet.cl\/sitio\/2010\/10\/21\/inauguran-exposicion-de-pintura-trabajando-por-una-comuna-con-cultura-en-pabellon-83\/"},"modified":"2022-10-06T22:19:26","modified_gmt":"2022-10-06T22:19:26","slug":"inauguran-exposicion-de-pintura-trabajando-por-una-comuna-con-cultura-en-pabellon-83","status":"publish","type":"post","link":"https:\/\/www.fraczinet.cl\/sitio\/2010\/10\/21\/inauguran-exposicion-de-pintura-trabajando-por-una-comuna-con-cultura-en-pabellon-83\/","title":{"rendered":"Inauguran Exposici\u00f3n De Pintura \u00abTrabajando Por Una Comuna Con Cultura\u00bb En Pabell\u00f3n 83"},"content":{"rendered":"<div style=\"text-align: justify;\">El Centro Cultural Comunitario Pabell\u00f3n 83 &#8211; Lota y la Fundaci\u00f3n CEPAS, tienen el agrado de invitar a usted, famliares y amigos, a la inauguraci\u00f3n de la exposici\u00f3n de pintura \u00abTrabajando por una comuna con cultura\u00bb, de los Alumnos del CEIA de Lota, guiados por el profesor Carlos Torres.<\/div>\n<div style=\"text-align: justify;\"><\/div>\n<div style=\"text-align: justify;\">La inauguraci\u00f3n se realizar\u00e1 el viernes 22 de octubre, a las 16:00 horas, en el sal\u00f3n Baldomero Lillo de nuestro Centro Cultural Comunitario Pabell\u00f3n 83, ubicado en Carlos Cousi\u00f1o s\/n, sector Fundici\u00f3n, Lota Alto. La exposici\u00f3n estar\u00e1 abierta a partir del 22 de octubre al 2 de noviembre.<\/div>\n<div style=\"text-align: justify;\"><\/div>\n<div style=\"text-align: justify;\">Su presencia le dar\u00e1 mayor realce a esta actividad.<\/div>\n<div style=\"text-align: justify;\"><\/div>\n<div style=\"text-align: justify;\">Lota, octubre de 2010.<\/div>\n","protected":false},"excerpt":{"rendered":"<p>El Centro Cultural Comunitario Pabell\u00f3n 83 &#8211; Lota y la Fundaci\u00f3n CEPAS, tienen el agrado de invitar a usted, famliares y amigos, a la inauguraci\u00f3n de la exposici\u00f3n de pintura \u00abTrabajando por una comuna con cultura\u00bb, de los Alumnos del CEIA de Lota, guiados por el profesor Carlos Torres. La inauguraci\u00f3n se realizar\u00e1 el viernes [&hellip;]<\/p>\n","protected":false},"author":1,"featured_media":0,"comment_status":"open","ping_status":"open","sticky":false,"template":"","format":"standard","meta":{"footnotes":""},"categories":[68],"tags":[],"class_list":["post-9056","post","type-post","status-publish","format-standard","hentry","category-artes-visuales"],"yoast_head":"<!-- This site is optimized with the Yoast SEO plugin v25.0 - https:\/\/yoast.com\/wordpress\/plugins\/seo\/ -->\n<title>Inauguran Exposici\u00f3n De Pintura &quot;Trabajando Por Una Comuna Con Cultura&quot; En Pabell\u00f3n 83 - Nuestro Bio B\u00edo<\/title>\n<meta name=\"robots\" content=\"index, follow, max-snippet:-1, max-image-preview:large, max-video-preview:-1\" \/>\n<link rel=\"canonical\" href=\"https:\/\/www.fraczinet.cl\/sitio\/2010\/10\/21\/inauguran-exposicion-de-pintura-trabajando-por-una-comuna-con-cultura-en-pabellon-83\/\" \/>\n<meta property=\"og:locale\" content=\"es_ES\" \/>\n<meta property=\"og:type\" content=\"article\" \/>\n<meta property=\"og:title\" content=\"Inauguran Exposici\u00f3n De Pintura &quot;Trabajando Por Una Comuna Con Cultura&quot; En Pabell\u00f3n 83 - Nuestro Bio B\u00edo\" \/>\n<meta property=\"og:description\" content=\"El Centro Cultural Comunitario Pabell\u00f3n 83 &#8211; Lota y la Fundaci\u00f3n CEPAS, tienen el agrado de invitar a usted, famliares y amigos, a la inauguraci\u00f3n de la exposici\u00f3n de pintura \u00abTrabajando por una comuna con cultura\u00bb, de los Alumnos del CEIA de Lota, guiados por el profesor Carlos Torres. La inauguraci\u00f3n se realizar\u00e1 el viernes [&hellip;]\" \/>\n<meta property=\"og:url\" content=\"https:\/\/www.fraczinet.cl\/sitio\/2010\/10\/21\/inauguran-exposicion-de-pintura-trabajando-por-una-comuna-con-cultura-en-pabellon-83\/\" \/>\n<meta property=\"og:site_name\" content=\"Nuestro Bio B\u00edo\" \/>\n<meta property=\"article:published_time\" content=\"2010-10-21T15:01:00+00:00\" \/>\n<meta property=\"article:modified_time\" content=\"2022-10-06T22:19:26+00:00\" \/>\n<meta property=\"og:image\" content=\"https:\/\/www.fraczinet.cl\/sitio\/wp-content\/uploads\/2021\/07\/bannerlogo-1.gif\" \/>\n\t<meta property=\"og:image:width\" content=\"159\" \/>\n\t<meta property=\"og:image:height\" content=\"79\" \/>\n\t<meta property=\"og:image:type\" content=\"image\/gif\" \/>\n<meta name=\"author\" content=\"admin\" \/>\n<meta name=\"twitter:card\" content=\"summary_large_image\" \/>\n<meta name=\"twitter:creator\" content=\"@nuestrobiobio\" \/>\n<meta name=\"twitter:site\" content=\"@nuestrobiobio\" \/>\n<meta name=\"twitter:label1\" content=\"Escrito por\" \/>\n\t<meta name=\"twitter:data1\" content=\"admin\" \/>\n\t<meta name=\"twitter:label2\" content=\"Tiempo de lectura\" \/>\n\t<meta name=\"twitter:data2\" content=\"1 minuto\" \/>\n<script type=\"application\/ld+json\" class=\"yoast-schema-graph\">{\"@context\":\"https:\/\/schema.org\",\"@graph\":[{\"@type\":\"Article\",\"@id\":\"https:\/\/www.fraczinet.cl\/sitio\/2010\/10\/21\/inauguran-exposicion-de-pintura-trabajando-por-una-comuna-con-cultura-en-pabellon-83\/#article\",\"isPartOf\":{\"@id\":\"https:\/\/www.fraczinet.cl\/sitio\/2010\/10\/21\/inauguran-exposicion-de-pintura-trabajando-por-una-comuna-con-cultura-en-pabellon-83\/\"},\"author\":{\"name\":\"admin\",\"@id\":\"https:\/\/www.fraczinet.cl\/sitio\/#\/schema\/person\/bc30f98e9cb10ae7e119dbe14bc93784\"},\"headline\":\"Inauguran Exposici\u00f3n De Pintura \u00abTrabajando Por Una Comuna Con Cultura\u00bb En Pabell\u00f3n 83\",\"datePublished\":\"2010-10-21T15:01:00+00:00\",\"dateModified\":\"2022-10-06T22:19:26+00:00\",\"mainEntityOfPage\":{\"@id\":\"https:\/\/www.fraczinet.cl\/sitio\/2010\/10\/21\/inauguran-exposicion-de-pintura-trabajando-por-una-comuna-con-cultura-en-pabellon-83\/\"},\"wordCount\":128,\"commentCount\":0,\"publisher\":{\"@id\":\"https:\/\/www.fraczinet.cl\/sitio\/#\/schema\/person\/aec8ee4da68df2b9b0eefdad24a0d582\"},\"articleSection\":[\"Artes Visuales\"],\"inLanguage\":\"es\",\"potentialAction\":[{\"@type\":\"CommentAction\",\"name\":\"Comment\",\"target\":[\"https:\/\/www.fraczinet.cl\/sitio\/2010\/10\/21\/inauguran-exposicion-de-pintura-trabajando-por-una-comuna-con-cultura-en-pabellon-83\/#respond\"]}]},{\"@type\":\"WebPage\",\"@id\":\"https:\/\/www.fraczinet.cl\/sitio\/2010\/10\/21\/inauguran-exposicion-de-pintura-trabajando-por-una-comuna-con-cultura-en-pabellon-83\/\",\"url\":\"https:\/\/www.fraczinet.cl\/sitio\/2010\/10\/21\/inauguran-exposicion-de-pintura-trabajando-por-una-comuna-con-cultura-en-pabellon-83\/\",\"name\":\"Inauguran Exposici\u00f3n De Pintura \\\"Trabajando Por Una Comuna Con Cultura\\\" En Pabell\u00f3n 83 - Nuestro Bio B\u00edo\",\"isPartOf\":{\"@id\":\"https:\/\/www.fraczinet.cl\/sitio\/#website\"},\"datePublished\":\"2010-10-21T15:01:00+00:00\",\"dateModified\":\"2022-10-06T22:19:26+00:00\",\"breadcrumb\":{\"@id\":\"https:\/\/www.fraczinet.cl\/sitio\/2010\/10\/21\/inauguran-exposicion-de-pintura-trabajando-por-una-comuna-con-cultura-en-pabellon-83\/#breadcrumb\"},\"inLanguage\":\"es\",\"potentialAction\":[{\"@type\":\"ReadAction\",\"target\":[\"https:\/\/www.fraczinet.cl\/sitio\/2010\/10\/21\/inauguran-exposicion-de-pintura-trabajando-por-una-comuna-con-cultura-en-pabellon-83\/\"]}]},{\"@type\":\"BreadcrumbList\",\"@id\":\"https:\/\/www.fraczinet.cl\/sitio\/2010\/10\/21\/inauguran-exposicion-de-pintura-trabajando-por-una-comuna-con-cultura-en-pabellon-83\/#breadcrumb\",\"itemListElement\":[{\"@type\":\"ListItem\",\"position\":1,\"name\":\"Portada\",\"item\":\"https:\/\/www.fraczinet.cl\/sitio\/\"},{\"@type\":\"ListItem\",\"position\":2,\"name\":\"Inauguran Exposici\u00f3n De Pintura \u00abTrabajando Por Una Comuna Con Cultura\u00bb En Pabell\u00f3n 83\"}]},{\"@type\":\"WebSite\",\"@id\":\"https:\/\/www.fraczinet.cl\/sitio\/#website\",\"url\":\"https:\/\/www.fraczinet.cl\/sitio\/\",\"name\":\"Nuestro Bio B\u00edo\",\"description\":\"Tierra de Encuentros\",\"publisher\":{\"@id\":\"https:\/\/www.fraczinet.cl\/sitio\/#\/schema\/person\/aec8ee4da68df2b9b0eefdad24a0d582\"},\"potentialAction\":[{\"@type\":\"SearchAction\",\"target\":{\"@type\":\"EntryPoint\",\"urlTemplate\":\"https:\/\/www.fraczinet.cl\/sitio\/?s={search_term_string}\"},\"query-input\":{\"@type\":\"PropertyValueSpecification\",\"valueRequired\":true,\"valueName\":\"search_term_string\"}}],\"inLanguage\":\"es\"},{\"@type\":[\"Person\",\"Organization\"],\"@id\":\"https:\/\/www.fraczinet.cl\/sitio\/#\/schema\/person\/aec8ee4da68df2b9b0eefdad24a0d582\",\"name\":\"Luis Fernando Fraczinet\",\"image\":{\"@type\":\"ImageObject\",\"inLanguage\":\"es\",\"@id\":\"https:\/\/www.fraczinet.cl\/sitio\/#\/schema\/person\/image\/\",\"url\":\"https:\/\/www.fraczinet.cl\/sitio\/wp-content\/uploads\/2021\/07\/bannerlogo-1.gif\",\"contentUrl\":\"https:\/\/www.fraczinet.cl\/sitio\/wp-content\/uploads\/2021\/07\/bannerlogo-1.gif\",\"width\":159,\"height\":79,\"caption\":\"Luis Fernando Fraczinet\"},\"logo\":{\"@id\":\"https:\/\/www.fraczinet.cl\/sitio\/#\/schema\/person\/image\/\"},\"sameAs\":[\"https:\/\/www.fraczinet.cl\/sitio\/\"]},{\"@type\":\"Person\",\"@id\":\"https:\/\/www.fraczinet.cl\/sitio\/#\/schema\/person\/bc30f98e9cb10ae7e119dbe14bc93784\",\"name\":\"admin\",\"image\":{\"@type\":\"ImageObject\",\"inLanguage\":\"es\",\"@id\":\"https:\/\/www.fraczinet.cl\/sitio\/#\/schema\/person\/image\/\",\"url\":\"https:\/\/secure.gravatar.com\/avatar\/d5ad3cf7ef3b23a2bb5be73be780c86b2fc8545c3ad6b149f3913ff458c00099?s=96&d=mm&r=g\",\"contentUrl\":\"https:\/\/secure.gravatar.com\/avatar\/d5ad3cf7ef3b23a2bb5be73be780c86b2fc8545c3ad6b149f3913ff458c00099?s=96&d=mm&r=g\",\"caption\":\"admin\"},\"sameAs\":[\"https:\/\/www.fraczinet.cl\/sitio\"]}]}<\/script>\n<!-- \/ Yoast SEO plugin. -->","yoast_head_json":{"title":"Inauguran Exposici\u00f3n De Pintura \"Trabajando Por Una Comuna Con Cultura\" En Pabell\u00f3n 83 - Nuestro Bio B\u00edo","robots":{"index":"index","follow":"follow","max-snippet":"max-snippet:-1","max-image-preview":"max-image-preview:large","max-video-preview":"max-video-preview:-1"},"canonical":"https:\/\/www.fraczinet.cl\/sitio\/2010\/10\/21\/inauguran-exposicion-de-pintura-trabajando-por-una-comuna-con-cultura-en-pabellon-83\/","og_locale":"es_ES","og_type":"article","og_title":"Inauguran Exposici\u00f3n De Pintura \"Trabajando Por Una Comuna Con Cultura\" En Pabell\u00f3n 83 - Nuestro Bio B\u00edo","og_description":"El Centro Cultural Comunitario Pabell\u00f3n 83 &#8211; Lota y la Fundaci\u00f3n CEPAS, tienen el agrado de invitar a usted, famliares y amigos, a la inauguraci\u00f3n de la exposici\u00f3n de pintura \u00abTrabajando por una comuna con cultura\u00bb, de los Alumnos del CEIA de Lota, guiados por el profesor Carlos Torres. La inauguraci\u00f3n se realizar\u00e1 el viernes [&hellip;]","og_url":"https:\/\/www.fraczinet.cl\/sitio\/2010\/10\/21\/inauguran-exposicion-de-pintura-trabajando-por-una-comuna-con-cultura-en-pabellon-83\/","og_site_name":"Nuestro Bio B\u00edo","article_published_time":"2010-10-21T15:01:00+00:00","article_modified_time":"2022-10-06T22:19:26+00:00","og_image":[{"width":159,"height":79,"url":"https:\/\/www.fraczinet.cl\/sitio\/wp-content\/uploads\/2021\/07\/bannerlogo-1.gif","type":"image\/gif"}],"author":"admin","twitter_card":"summary_large_image","twitter_creator":"@nuestrobiobio","twitter_site":"@nuestrobiobio","twitter_misc":{"Escrito por":"admin","Tiempo de lectura":"1 minuto"},"schema":{"@context":"https:\/\/schema.org","@graph":[{"@type":"Article","@id":"https:\/\/www.fraczinet.cl\/sitio\/2010\/10\/21\/inauguran-exposicion-de-pintura-trabajando-por-una-comuna-con-cultura-en-pabellon-83\/#article","isPartOf":{"@id":"https:\/\/www.fraczinet.cl\/sitio\/2010\/10\/21\/inauguran-exposicion-de-pintura-trabajando-por-una-comuna-con-cultura-en-pabellon-83\/"},"author":{"name":"admin","@id":"https:\/\/www.fraczinet.cl\/sitio\/#\/schema\/person\/bc30f98e9cb10ae7e119dbe14bc93784"},"headline":"Inauguran Exposici\u00f3n De Pintura \u00abTrabajando Por Una Comuna Con Cultura\u00bb En Pabell\u00f3n 83","datePublished":"2010-10-21T15:01:00+00:00","dateModified":"2022-10-06T22:19:26+00:00","mainEntityOfPage":{"@id":"https:\/\/www.fraczinet.cl\/sitio\/2010\/10\/21\/inauguran-exposicion-de-pintura-trabajando-por-una-comuna-con-cultura-en-pabellon-83\/"},"wordCount":128,"commentCount":0,"publisher":{"@id":"https:\/\/www.fraczinet.cl\/sitio\/#\/schema\/person\/aec8ee4da68df2b9b0eefdad24a0d582"},"articleSection":["Artes Visuales"],"inLanguage":"es","potentialAction":[{"@type":"CommentAction","name":"Comment","target":["https:\/\/www.fraczinet.cl\/sitio\/2010\/10\/21\/inauguran-exposicion-de-pintura-trabajando-por-una-comuna-con-cultura-en-pabellon-83\/#respond"]}]},{"@type":"WebPage","@id":"https:\/\/www.fraczinet.cl\/sitio\/2010\/10\/21\/inauguran-exposicion-de-pintura-trabajando-por-una-comuna-con-cultura-en-pabellon-83\/","url":"https:\/\/www.fraczinet.cl\/sitio\/2010\/10\/21\/inauguran-exposicion-de-pintura-trabajando-por-una-comuna-con-cultura-en-pabellon-83\/","name":"Inauguran Exposici\u00f3n De Pintura \"Trabajando Por Una Comuna Con Cultura\" En Pabell\u00f3n 83 - Nuestro Bio B\u00edo","isPartOf":{"@id":"https:\/\/www.fraczinet.cl\/sitio\/#website"},"datePublished":"2010-10-21T15:01:00+00:00","dateModified":"2022-10-06T22:19:26+00:00","breadcrumb":{"@id":"https:\/\/www.fraczinet.cl\/sitio\/2010\/10\/21\/inauguran-exposicion-de-pintura-trabajando-por-una-comuna-con-cultura-en-pabellon-83\/#breadcrumb"},"inLanguage":"es","potentialAction":[{"@type":"ReadAction","target":["https:\/\/www.fraczinet.cl\/sitio\/2010\/10\/21\/inauguran-exposicion-de-pintura-trabajando-por-una-comuna-con-cultura-en-pabellon-83\/"]}]},{"@type":"BreadcrumbList","@id":"https:\/\/www.fraczinet.cl\/sitio\/2010\/10\/21\/inauguran-exposicion-de-pintura-trabajando-por-una-comuna-con-cultura-en-pabellon-83\/#breadcrumb","itemListElement":[{"@type":"ListItem","position":1,"name":"Portada","item":"https:\/\/www.fraczinet.cl\/sitio\/"},{"@type":"ListItem","position":2,"name":"Inauguran Exposici\u00f3n De Pintura \u00abTrabajando Por Una Comuna Con Cultura\u00bb En Pabell\u00f3n 83"}]},{"@type":"WebSite","@id":"https:\/\/www.fraczinet.cl\/sitio\/#website","url":"https:\/\/www.fraczinet.cl\/sitio\/","name":"Nuestro Bio B\u00edo","description":"Tierra de Encuentros","publisher":{"@id":"https:\/\/www.fraczinet.cl\/sitio\/#\/schema\/person\/aec8ee4da68df2b9b0eefdad24a0d582"},"potentialAction":[{"@type":"SearchAction","target":{"@type":"EntryPoint","urlTemplate":"https:\/\/www.fraczinet.cl\/sitio\/?s={search_term_string}"},"query-input":{"@type":"PropertyValueSpecification","valueRequired":true,"valueName":"search_term_string"}}],"inLanguage":"es"},{"@type":["Person","Organization"],"@id":"https:\/\/www.fraczinet.cl\/sitio\/#\/schema\/person\/aec8ee4da68df2b9b0eefdad24a0d582","name":"Luis Fernando Fraczinet","image":{"@type":"ImageObject","inLanguage":"es","@id":"https:\/\/www.fraczinet.cl\/sitio\/#\/schema\/person\/image\/","url":"https:\/\/www.fraczinet.cl\/sitio\/wp-content\/uploads\/2021\/07\/bannerlogo-1.gif","contentUrl":"https:\/\/www.fraczinet.cl\/sitio\/wp-content\/uploads\/2021\/07\/bannerlogo-1.gif","width":159,"height":79,"caption":"Luis Fernando Fraczinet"},"logo":{"@id":"https:\/\/www.fraczinet.cl\/sitio\/#\/schema\/person\/image\/"},"sameAs":["https:\/\/www.fraczinet.cl\/sitio\/"]},{"@type":"Person","@id":"https:\/\/www.fraczinet.cl\/sitio\/#\/schema\/person\/bc30f98e9cb10ae7e119dbe14bc93784","name":"admin","image":{"@type":"ImageObject","inLanguage":"es","@id":"https:\/\/www.fraczinet.cl\/sitio\/#\/schema\/person\/image\/","url":"https:\/\/secure.gravatar.com\/avatar\/d5ad3cf7ef3b23a2bb5be73be780c86b2fc8545c3ad6b149f3913ff458c00099?s=96&d=mm&r=g","contentUrl":"https:\/\/secure.gravatar.com\/avatar\/d5ad3cf7ef3b23a2bb5be73be780c86b2fc8545c3ad6b149f3913ff458c00099?s=96&d=mm&r=g","caption":"admin"},"sameAs":["https:\/\/www.fraczinet.cl\/sitio"]}]}},"_links":{"self":[{"href":"https:\/\/www.fraczinet.cl\/sitio\/wp-json\/wp\/v2\/posts\/9056","targetHints":{"allow":["GET"]}}],"collection":[{"href":"https:\/\/www.fraczinet.cl\/sitio\/wp-json\/wp\/v2\/posts"}],"about":[{"href":"https:\/\/www.fraczinet.cl\/sitio\/wp-json\/wp\/v2\/types\/post"}],"author":[{"embeddable":true,"href":"https:\/\/www.fraczinet.cl\/sitio\/wp-json\/wp\/v2\/users\/1"}],"replies":[{"embeddable":true,"href":"https:\/\/www.fraczinet.cl\/sitio\/wp-json\/wp\/v2\/comments?post=9056"}],"version-history":[{"count":1,"href":"https:\/\/www.fraczinet.cl\/sitio\/wp-json\/wp\/v2\/posts\/9056\/revisions"}],"predecessor-version":[{"id":14277,"href":"https:\/\/www.fraczinet.cl\/sitio\/wp-json\/wp\/v2\/posts\/9056\/revisions\/14277"}],"wp:attachment":[{"href":"https:\/\/www.fraczinet.cl\/sitio\/wp-json\/wp\/v2\/media?parent=9056"}],"wp:term":[{"taxonomy":"category","embeddable":true,"href":"https:\/\/www.fraczinet.cl\/sitio\/wp-json\/wp\/v2\/categories?post=9056"},{"taxonomy":"post_tag","embeddable":true,"href":"https:\/\/www.fraczinet.cl\/sitio\/wp-json\/wp\/v2\/tags?post=9056"}],"curies":[{"name":"wp","href":"https:\/\/api.w.org\/{rel}","templated":true}]}}