{"id":9061,"date":"2010-10-18T17:55:00","date_gmt":"2010-10-18T17:55:00","guid":{"rendered":"https:\/\/www.fraczinet.cl\/sitio\/2010\/10\/18\/taller-de-cine-digital\/"},"modified":"2010-10-18T17:55:00","modified_gmt":"2010-10-18T17:55:00","slug":"taller-de-cine-digital","status":"publish","type":"post","link":"https:\/\/www.fraczinet.cl\/sitio\/2010\/10\/18\/taller-de-cine-digital\/","title":{"rendered":"Taller De Cine Digital"},"content":{"rendered":"<p><\/p>\n<div style=\"text-align: justify;\"><\/div>\n<div style=\"text-align: justify;\"><a href=\"http:\/\/4.bp.blogspot.com\/_2S_RxGRVjis\/TLyLStZzgjI\/AAAAAAAAQ48\/5dHv2Io__mY\/s1600\/Tallerdecine.jpg\" style=\"clear: left; float: left; margin-bottom: 1em; margin-right: 1em;\"><img decoding=\"async\" alt=\"\" border=\"0\" id=\"BLOGGER_PHOTO_ID_5529447596045861426\" src=\"https:\/\/4.bp.blogspot.com\/_2S_RxGRVjis\/TLyLStZzgjI\/AAAAAAAAQ48\/5dHv2Io__mY\/s400\/Tallerdecine.jpg\" style=\"height: 400px; width: 270px;\" \/><\/a>Desde el pr\u00f3ximo martes 26 de octubre, realizaremos un Taller de Cine Digital en el Edificio Plan B, Orompello 555, Concepci\u00f3n.<\/div>\n<div style=\"text-align: justify;\"><\/div>\n<div style=\"text-align: justify;\">TALLER DE CINE.<\/div>\n<div style=\"text-align: justify;\"><\/div>\n<div style=\"text-align: justify;\">Taller te\u00f3rico y pr\u00e1ctico, cuyo objetivo es la realizaci\u00f3n de un cortometraje digital por alumno. No se necesita c\u00e1mara, computador, ni conocimientos previos. Abierto a todo p\u00fablico.<\/div>\n<div style=\"text-align: justify;\"><\/div>\n<div style=\"text-align: justify;\">Los contenidos son:<\/div>\n<div style=\"text-align: justify;\">GUI\u00d3N, PRODUCCI\u00d3N, RODAJE, EDICI\u00d3N DIGITAL y ESTRENO.<\/div>\n<div style=\"text-align: justify;\"><\/div>\n<div style=\"text-align: justify;\">Horario: Martes y mi\u00e9rcoles, de 19 a 21 horas.<\/div>\n<div style=\"text-align: justify;\">Inicio de clases: Martes 26 de octubre, 2010.<\/div>\n<div style=\"text-align: justify;\">Exhibici\u00f3n de trabajos: Viernes 26 de noviembre, 2010.<\/div>\n<div style=\"text-align: justify;\">Valor total: $ 50.000.-<\/div>\n<div style=\"text-align: justify;\">Las clases se dictan en el Edificio de Plan B, Orompello 555, Concepci\u00f3n.<\/div>\n<div style=\"text-align: justify;\"><\/div>\n<div style=\"text-align: justify;\">Ricardo MAHNKE<\/div>\n<div style=\"text-align: justify;\">Escritor y cineasta<\/div>\n<p><\/p>\n","protected":false},"excerpt":{"rendered":"<p>Desde el pr\u00f3ximo martes 26 de octubre, realizaremos un Taller de Cine Digital en el Edificio Plan B, Orompello 555, Concepci\u00f3n. TALLER DE CINE. Taller te\u00f3rico y pr\u00e1ctico, cuyo objetivo es la realizaci\u00f3n de un cortometraje digital por alumno. No se necesita c\u00e1mara, computador, ni conocimientos previos. Abierto a todo p\u00fablico. Los contenidos son: GUI\u00d3N, [&hellip;]<\/p>\n","protected":false},"author":1,"featured_media":0,"comment_status":"open","ping_status":"open","sticky":false,"template":"","format":"standard","meta":{"footnotes":""},"categories":[32,223],"tags":[],"class_list":["post-9061","post","type-post","status-publish","format-standard","hentry","category-cine","category-talleres"],"yoast_head":"<!-- This site is optimized with the Yoast SEO plugin v25.0 - https:\/\/yoast.com\/wordpress\/plugins\/seo\/ -->\n<title>Taller De Cine Digital - Nuestro Bio B\u00edo<\/title>\n<meta name=\"robots\" content=\"index, follow, max-snippet:-1, max-image-preview:large, max-video-preview:-1\" \/>\n<link rel=\"canonical\" href=\"https:\/\/www.fraczinet.cl\/sitio\/2010\/10\/18\/taller-de-cine-digital\/\" \/>\n<meta property=\"og:locale\" content=\"es_ES\" \/>\n<meta property=\"og:type\" content=\"article\" \/>\n<meta property=\"og:title\" content=\"Taller De Cine Digital - Nuestro Bio B\u00edo\" \/>\n<meta property=\"og:description\" content=\"Desde el pr\u00f3ximo martes 26 de octubre, realizaremos un Taller de Cine Digital en el Edificio Plan B, Orompello 555, Concepci\u00f3n. TALLER DE CINE. Taller te\u00f3rico y pr\u00e1ctico, cuyo objetivo es la realizaci\u00f3n de un cortometraje digital por alumno. No se necesita c\u00e1mara, computador, ni conocimientos previos. Abierto a todo p\u00fablico. Los contenidos son: GUI\u00d3N, [&hellip;]\" \/>\n<meta property=\"og:url\" content=\"https:\/\/www.fraczinet.cl\/sitio\/2010\/10\/18\/taller-de-cine-digital\/\" \/>\n<meta property=\"og:site_name\" content=\"Nuestro Bio B\u00edo\" \/>\n<meta property=\"article:published_time\" content=\"2010-10-18T17:55:00+00:00\" \/>\n<meta property=\"og:image\" content=\"https:\/\/4.bp.blogspot.com\/_2S_RxGRVjis\/TLyLStZzgjI\/AAAAAAAAQ48\/5dHv2Io__mY\/s400\/Tallerdecine.jpg\" \/>\n<meta name=\"author\" content=\"admin\" \/>\n<meta name=\"twitter:card\" content=\"summary_large_image\" \/>\n<meta name=\"twitter:creator\" content=\"@nuestrobiobio\" \/>\n<meta name=\"twitter:site\" content=\"@nuestrobiobio\" \/>\n<meta name=\"twitter:label1\" content=\"Escrito por\" \/>\n\t<meta name=\"twitter:data1\" content=\"admin\" \/>\n\t<meta name=\"twitter:label2\" content=\"Tiempo de lectura\" \/>\n\t<meta name=\"twitter:data2\" content=\"1 minuto\" \/>\n<script type=\"application\/ld+json\" class=\"yoast-schema-graph\">{\"@context\":\"https:\/\/schema.org\",\"@graph\":[{\"@type\":\"Article\",\"@id\":\"https:\/\/www.fraczinet.cl\/sitio\/2010\/10\/18\/taller-de-cine-digital\/#article\",\"isPartOf\":{\"@id\":\"https:\/\/www.fraczinet.cl\/sitio\/2010\/10\/18\/taller-de-cine-digital\/\"},\"author\":{\"name\":\"admin\",\"@id\":\"https:\/\/www.fraczinet.cl\/sitio\/#\/schema\/person\/bc30f98e9cb10ae7e119dbe14bc93784\"},\"headline\":\"Taller De Cine Digital\",\"datePublished\":\"2010-10-18T17:55:00+00:00\",\"mainEntityOfPage\":{\"@id\":\"https:\/\/www.fraczinet.cl\/sitio\/2010\/10\/18\/taller-de-cine-digital\/\"},\"wordCount\":115,\"commentCount\":0,\"publisher\":{\"@id\":\"https:\/\/www.fraczinet.cl\/sitio\/#\/schema\/person\/aec8ee4da68df2b9b0eefdad24a0d582\"},\"image\":{\"@id\":\"https:\/\/www.fraczinet.cl\/sitio\/2010\/10\/18\/taller-de-cine-digital\/#primaryimage\"},\"thumbnailUrl\":\"https:\/\/4.bp.blogspot.com\/_2S_RxGRVjis\/TLyLStZzgjI\/AAAAAAAAQ48\/5dHv2Io__mY\/s400\/Tallerdecine.jpg\",\"articleSection\":[\"Cine\",\"Talleres\"],\"inLanguage\":\"es\",\"potentialAction\":[{\"@type\":\"CommentAction\",\"name\":\"Comment\",\"target\":[\"https:\/\/www.fraczinet.cl\/sitio\/2010\/10\/18\/taller-de-cine-digital\/#respond\"]}]},{\"@type\":\"WebPage\",\"@id\":\"https:\/\/www.fraczinet.cl\/sitio\/2010\/10\/18\/taller-de-cine-digital\/\",\"url\":\"https:\/\/www.fraczinet.cl\/sitio\/2010\/10\/18\/taller-de-cine-digital\/\",\"name\":\"Taller De Cine Digital - Nuestro Bio B\u00edo\",\"isPartOf\":{\"@id\":\"https:\/\/www.fraczinet.cl\/sitio\/#website\"},\"primaryImageOfPage\":{\"@id\":\"https:\/\/www.fraczinet.cl\/sitio\/2010\/10\/18\/taller-de-cine-digital\/#primaryimage\"},\"image\":{\"@id\":\"https:\/\/www.fraczinet.cl\/sitio\/2010\/10\/18\/taller-de-cine-digital\/#primaryimage\"},\"thumbnailUrl\":\"https:\/\/4.bp.blogspot.com\/_2S_RxGRVjis\/TLyLStZzgjI\/AAAAAAAAQ48\/5dHv2Io__mY\/s400\/Tallerdecine.jpg\",\"datePublished\":\"2010-10-18T17:55:00+00:00\",\"breadcrumb\":{\"@id\":\"https:\/\/www.fraczinet.cl\/sitio\/2010\/10\/18\/taller-de-cine-digital\/#breadcrumb\"},\"inLanguage\":\"es\",\"potentialAction\":[{\"@type\":\"ReadAction\",\"target\":[\"https:\/\/www.fraczinet.cl\/sitio\/2010\/10\/18\/taller-de-cine-digital\/\"]}]},{\"@type\":\"ImageObject\",\"inLanguage\":\"es\",\"@id\":\"https:\/\/www.fraczinet.cl\/sitio\/2010\/10\/18\/taller-de-cine-digital\/#primaryimage\",\"url\":\"https:\/\/4.bp.blogspot.com\/_2S_RxGRVjis\/TLyLStZzgjI\/AAAAAAAAQ48\/5dHv2Io__mY\/s400\/Tallerdecine.jpg\",\"contentUrl\":\"https:\/\/4.bp.blogspot.com\/_2S_RxGRVjis\/TLyLStZzgjI\/AAAAAAAAQ48\/5dHv2Io__mY\/s400\/Tallerdecine.jpg\"},{\"@type\":\"BreadcrumbList\",\"@id\":\"https:\/\/www.fraczinet.cl\/sitio\/2010\/10\/18\/taller-de-cine-digital\/#breadcrumb\",\"itemListElement\":[{\"@type\":\"ListItem\",\"position\":1,\"name\":\"Portada\",\"item\":\"https:\/\/www.fraczinet.cl\/sitio\/\"},{\"@type\":\"ListItem\",\"position\":2,\"name\":\"Taller De Cine Digital\"}]},{\"@type\":\"WebSite\",\"@id\":\"https:\/\/www.fraczinet.cl\/sitio\/#website\",\"url\":\"https:\/\/www.fraczinet.cl\/sitio\/\",\"name\":\"Nuestro Bio B\u00edo\",\"description\":\"Tierra de Encuentros\",\"publisher\":{\"@id\":\"https:\/\/www.fraczinet.cl\/sitio\/#\/schema\/person\/aec8ee4da68df2b9b0eefdad24a0d582\"},\"potentialAction\":[{\"@type\":\"SearchAction\",\"target\":{\"@type\":\"EntryPoint\",\"urlTemplate\":\"https:\/\/www.fraczinet.cl\/sitio\/?s={search_term_string}\"},\"query-input\":{\"@type\":\"PropertyValueSpecification\",\"valueRequired\":true,\"valueName\":\"search_term_string\"}}],\"inLanguage\":\"es\"},{\"@type\":[\"Person\",\"Organization\"],\"@id\":\"https:\/\/www.fraczinet.cl\/sitio\/#\/schema\/person\/aec8ee4da68df2b9b0eefdad24a0d582\",\"name\":\"Luis Fernando Fraczinet\",\"image\":{\"@type\":\"ImageObject\",\"inLanguage\":\"es\",\"@id\":\"https:\/\/www.fraczinet.cl\/sitio\/#\/schema\/person\/image\/\",\"url\":\"https:\/\/www.fraczinet.cl\/sitio\/wp-content\/uploads\/2021\/07\/bannerlogo-1.gif\",\"contentUrl\":\"https:\/\/www.fraczinet.cl\/sitio\/wp-content\/uploads\/2021\/07\/bannerlogo-1.gif\",\"width\":159,\"height\":79,\"caption\":\"Luis Fernando Fraczinet\"},\"logo\":{\"@id\":\"https:\/\/www.fraczinet.cl\/sitio\/#\/schema\/person\/image\/\"},\"sameAs\":[\"https:\/\/www.fraczinet.cl\/sitio\/\"]},{\"@type\":\"Person\",\"@id\":\"https:\/\/www.fraczinet.cl\/sitio\/#\/schema\/person\/bc30f98e9cb10ae7e119dbe14bc93784\",\"name\":\"admin\",\"image\":{\"@type\":\"ImageObject\",\"inLanguage\":\"es\",\"@id\":\"https:\/\/www.fraczinet.cl\/sitio\/#\/schema\/person\/image\/\",\"url\":\"https:\/\/secure.gravatar.com\/avatar\/d5ad3cf7ef3b23a2bb5be73be780c86b2fc8545c3ad6b149f3913ff458c00099?s=96&d=mm&r=g\",\"contentUrl\":\"https:\/\/secure.gravatar.com\/avatar\/d5ad3cf7ef3b23a2bb5be73be780c86b2fc8545c3ad6b149f3913ff458c00099?s=96&d=mm&r=g\",\"caption\":\"admin\"},\"sameAs\":[\"https:\/\/www.fraczinet.cl\/sitio\"]}]}<\/script>\n<!-- \/ Yoast SEO plugin. -->","yoast_head_json":{"title":"Taller De Cine Digital - Nuestro Bio B\u00edo","robots":{"index":"index","follow":"follow","max-snippet":"max-snippet:-1","max-image-preview":"max-image-preview:large","max-video-preview":"max-video-preview:-1"},"canonical":"https:\/\/www.fraczinet.cl\/sitio\/2010\/10\/18\/taller-de-cine-digital\/","og_locale":"es_ES","og_type":"article","og_title":"Taller De Cine Digital - Nuestro Bio B\u00edo","og_description":"Desde el pr\u00f3ximo martes 26 de octubre, realizaremos un Taller de Cine Digital en el Edificio Plan B, Orompello 555, Concepci\u00f3n. TALLER DE CINE. Taller te\u00f3rico y pr\u00e1ctico, cuyo objetivo es la realizaci\u00f3n de un cortometraje digital por alumno. No se necesita c\u00e1mara, computador, ni conocimientos previos. Abierto a todo p\u00fablico. Los contenidos son: GUI\u00d3N, [&hellip;]","og_url":"https:\/\/www.fraczinet.cl\/sitio\/2010\/10\/18\/taller-de-cine-digital\/","og_site_name":"Nuestro Bio B\u00edo","article_published_time":"2010-10-18T17:55:00+00:00","og_image":[{"url":"https:\/\/4.bp.blogspot.com\/_2S_RxGRVjis\/TLyLStZzgjI\/AAAAAAAAQ48\/5dHv2Io__mY\/s400\/Tallerdecine.jpg","type":"","width":"","height":""}],"author":"admin","twitter_card":"summary_large_image","twitter_creator":"@nuestrobiobio","twitter_site":"@nuestrobiobio","twitter_misc":{"Escrito por":"admin","Tiempo de lectura":"1 minuto"},"schema":{"@context":"https:\/\/schema.org","@graph":[{"@type":"Article","@id":"https:\/\/www.fraczinet.cl\/sitio\/2010\/10\/18\/taller-de-cine-digital\/#article","isPartOf":{"@id":"https:\/\/www.fraczinet.cl\/sitio\/2010\/10\/18\/taller-de-cine-digital\/"},"author":{"name":"admin","@id":"https:\/\/www.fraczinet.cl\/sitio\/#\/schema\/person\/bc30f98e9cb10ae7e119dbe14bc93784"},"headline":"Taller De Cine Digital","datePublished":"2010-10-18T17:55:00+00:00","mainEntityOfPage":{"@id":"https:\/\/www.fraczinet.cl\/sitio\/2010\/10\/18\/taller-de-cine-digital\/"},"wordCount":115,"commentCount":0,"publisher":{"@id":"https:\/\/www.fraczinet.cl\/sitio\/#\/schema\/person\/aec8ee4da68df2b9b0eefdad24a0d582"},"image":{"@id":"https:\/\/www.fraczinet.cl\/sitio\/2010\/10\/18\/taller-de-cine-digital\/#primaryimage"},"thumbnailUrl":"https:\/\/4.bp.blogspot.com\/_2S_RxGRVjis\/TLyLStZzgjI\/AAAAAAAAQ48\/5dHv2Io__mY\/s400\/Tallerdecine.jpg","articleSection":["Cine","Talleres"],"inLanguage":"es","potentialAction":[{"@type":"CommentAction","name":"Comment","target":["https:\/\/www.fraczinet.cl\/sitio\/2010\/10\/18\/taller-de-cine-digital\/#respond"]}]},{"@type":"WebPage","@id":"https:\/\/www.fraczinet.cl\/sitio\/2010\/10\/18\/taller-de-cine-digital\/","url":"https:\/\/www.fraczinet.cl\/sitio\/2010\/10\/18\/taller-de-cine-digital\/","name":"Taller De Cine Digital - Nuestro Bio B\u00edo","isPartOf":{"@id":"https:\/\/www.fraczinet.cl\/sitio\/#website"},"primaryImageOfPage":{"@id":"https:\/\/www.fraczinet.cl\/sitio\/2010\/10\/18\/taller-de-cine-digital\/#primaryimage"},"image":{"@id":"https:\/\/www.fraczinet.cl\/sitio\/2010\/10\/18\/taller-de-cine-digital\/#primaryimage"},"thumbnailUrl":"https:\/\/4.bp.blogspot.com\/_2S_RxGRVjis\/TLyLStZzgjI\/AAAAAAAAQ48\/5dHv2Io__mY\/s400\/Tallerdecine.jpg","datePublished":"2010-10-18T17:55:00+00:00","breadcrumb":{"@id":"https:\/\/www.fraczinet.cl\/sitio\/2010\/10\/18\/taller-de-cine-digital\/#breadcrumb"},"inLanguage":"es","potentialAction":[{"@type":"ReadAction","target":["https:\/\/www.fraczinet.cl\/sitio\/2010\/10\/18\/taller-de-cine-digital\/"]}]},{"@type":"ImageObject","inLanguage":"es","@id":"https:\/\/www.fraczinet.cl\/sitio\/2010\/10\/18\/taller-de-cine-digital\/#primaryimage","url":"https:\/\/4.bp.blogspot.com\/_2S_RxGRVjis\/TLyLStZzgjI\/AAAAAAAAQ48\/5dHv2Io__mY\/s400\/Tallerdecine.jpg","contentUrl":"https:\/\/4.bp.blogspot.com\/_2S_RxGRVjis\/TLyLStZzgjI\/AAAAAAAAQ48\/5dHv2Io__mY\/s400\/Tallerdecine.jpg"},{"@type":"BreadcrumbList","@id":"https:\/\/www.fraczinet.cl\/sitio\/2010\/10\/18\/taller-de-cine-digital\/#breadcrumb","itemListElement":[{"@type":"ListItem","position":1,"name":"Portada","item":"https:\/\/www.fraczinet.cl\/sitio\/"},{"@type":"ListItem","position":2,"name":"Taller De Cine Digital"}]},{"@type":"WebSite","@id":"https:\/\/www.fraczinet.cl\/sitio\/#website","url":"https:\/\/www.fraczinet.cl\/sitio\/","name":"Nuestro Bio B\u00edo","description":"Tierra de Encuentros","publisher":{"@id":"https:\/\/www.fraczinet.cl\/sitio\/#\/schema\/person\/aec8ee4da68df2b9b0eefdad24a0d582"},"potentialAction":[{"@type":"SearchAction","target":{"@type":"EntryPoint","urlTemplate":"https:\/\/www.fraczinet.cl\/sitio\/?s={search_term_string}"},"query-input":{"@type":"PropertyValueSpecification","valueRequired":true,"valueName":"search_term_string"}}],"inLanguage":"es"},{"@type":["Person","Organization"],"@id":"https:\/\/www.fraczinet.cl\/sitio\/#\/schema\/person\/aec8ee4da68df2b9b0eefdad24a0d582","name":"Luis Fernando Fraczinet","image":{"@type":"ImageObject","inLanguage":"es","@id":"https:\/\/www.fraczinet.cl\/sitio\/#\/schema\/person\/image\/","url":"https:\/\/www.fraczinet.cl\/sitio\/wp-content\/uploads\/2021\/07\/bannerlogo-1.gif","contentUrl":"https:\/\/www.fraczinet.cl\/sitio\/wp-content\/uploads\/2021\/07\/bannerlogo-1.gif","width":159,"height":79,"caption":"Luis Fernando Fraczinet"},"logo":{"@id":"https:\/\/www.fraczinet.cl\/sitio\/#\/schema\/person\/image\/"},"sameAs":["https:\/\/www.fraczinet.cl\/sitio\/"]},{"@type":"Person","@id":"https:\/\/www.fraczinet.cl\/sitio\/#\/schema\/person\/bc30f98e9cb10ae7e119dbe14bc93784","name":"admin","image":{"@type":"ImageObject","inLanguage":"es","@id":"https:\/\/www.fraczinet.cl\/sitio\/#\/schema\/person\/image\/","url":"https:\/\/secure.gravatar.com\/avatar\/d5ad3cf7ef3b23a2bb5be73be780c86b2fc8545c3ad6b149f3913ff458c00099?s=96&d=mm&r=g","contentUrl":"https:\/\/secure.gravatar.com\/avatar\/d5ad3cf7ef3b23a2bb5be73be780c86b2fc8545c3ad6b149f3913ff458c00099?s=96&d=mm&r=g","caption":"admin"},"sameAs":["https:\/\/www.fraczinet.cl\/sitio"]}]}},"_links":{"self":[{"href":"https:\/\/www.fraczinet.cl\/sitio\/wp-json\/wp\/v2\/posts\/9061","targetHints":{"allow":["GET"]}}],"collection":[{"href":"https:\/\/www.fraczinet.cl\/sitio\/wp-json\/wp\/v2\/posts"}],"about":[{"href":"https:\/\/www.fraczinet.cl\/sitio\/wp-json\/wp\/v2\/types\/post"}],"author":[{"embeddable":true,"href":"https:\/\/www.fraczinet.cl\/sitio\/wp-json\/wp\/v2\/users\/1"}],"replies":[{"embeddable":true,"href":"https:\/\/www.fraczinet.cl\/sitio\/wp-json\/wp\/v2\/comments?post=9061"}],"version-history":[{"count":0,"href":"https:\/\/www.fraczinet.cl\/sitio\/wp-json\/wp\/v2\/posts\/9061\/revisions"}],"wp:attachment":[{"href":"https:\/\/www.fraczinet.cl\/sitio\/wp-json\/wp\/v2\/media?parent=9061"}],"wp:term":[{"taxonomy":"category","embeddable":true,"href":"https:\/\/www.fraczinet.cl\/sitio\/wp-json\/wp\/v2\/categories?post=9061"},{"taxonomy":"post_tag","embeddable":true,"href":"https:\/\/www.fraczinet.cl\/sitio\/wp-json\/wp\/v2\/tags?post=9061"}],"curies":[{"name":"wp","href":"https:\/\/api.w.org\/{rel}","templated":true}]}}