{"id":9063,"date":"2010-10-13T20:31:00","date_gmt":"2010-10-13T20:31:00","guid":{"rendered":"https:\/\/www.fraczinet.cl\/sitio\/2010\/10\/13\/sanpedrinos-en-exitosa-participacion-del-ii-encuentro-nacional-de-cultores-de-cueca\/"},"modified":"2022-10-06T22:36:52","modified_gmt":"2022-10-06T22:36:52","slug":"sanpedrinos-en-exitosa-participacion-del-ii-encuentro-nacional-de-cultores-de-cueca","status":"publish","type":"post","link":"https:\/\/www.fraczinet.cl\/sitio\/sanpedrinos-en-exitosa-participacion-del-ii-encuentro-nacional-de-cultores-de-cueca\/","title":{"rendered":"Sanpedrinos En Exitosa Participaci\u00f3n Del II Encuentro Nacional De Cultores De Cueca"},"content":{"rendered":"<p><a href=\"http:\/\/4.bp.blogspot.com\/_2S_RxGRVjis\/TLYZLLM37TI\/AAAAAAAAQ4c\/J_3f1eY--U0\/s1600\/Graciela+y+Luis+bailando+la+Cueca+Minera.jpg\" style=\"clear: left; float: left; margin-bottom: 1em; margin-right: 1em;\"><img decoding=\"async\" alt=\"\" border=\"0\" id=\"BLOGGER_PHOTO_ID_5527633272419904818\" src=\"https:\/\/4.bp.blogspot.com\/_2S_RxGRVjis\/TLYZLLM37TI\/AAAAAAAAQ4c\/J_3f1eY--U0\/s400\/Graciela+y+Luis+bailando+la+Cueca+Minera.jpg\" style=\"height: 263px; width: 400px;\" \/><\/a><\/p>\n<div style=\"text-align: justify;\">No informaron con mucha alegr\u00eda que Graciela Rivera Belmar, integrante del grupo ANTIHUEN y su hijo, Luis Villegas Rivera, obtuvieron el segundo lugar en el II Encuentro Nacional de Cultores de Cueca, realizado en la ciudad de Graneros el 9 y 10 de octubre reci\u00e9n pasado. Ellos representaron a la Regi\u00f3n del Bio B\u00edo, a la Comuna de San Pedro de la Paz, y por supuesto, al Grupo ANTIHUEN.  Ellos participaron mostrando la Cueca Minera. <\/div>\n<div style=\"text-align: justify;\"><\/div>\n<div style=\"text-align: justify;\">A ellos y al trabajo que representan nuestros m\u00e1s agradecidos aplausos.<\/div>\n","protected":false},"excerpt":{"rendered":"<p>No informaron con mucha alegr\u00eda que Graciela Rivera Belmar, integrante del grupo ANTIHUEN y su hijo, Luis Villegas Rivera, obtuvieron el segundo lugar en el II Encuentro Nacional de Cultores de Cueca, realizado en la ciudad de Graneros el 9 y 10 de octubre reci\u00e9n pasado. Ellos representaron a la Regi\u00f3n del Bio B\u00edo, a [&hellip;]<\/p>\n","protected":false},"author":1,"featured_media":0,"comment_status":"open","ping_status":"closed","sticky":false,"template":"","format":"standard","meta":{"footnotes":""},"categories":[30,80],"tags":[],"class_list":["post-9063","post","type-post","status-publish","format-standard","hentry","category-creadores","category-musica"],"yoast_head":"<!-- This site is optimized with the Yoast SEO plugin v28.2 - https:\/\/yoast.com\/product\/yoast-seo-wordpress\/ -->\n<title>Sanpedrinos En Exitosa Participaci\u00f3n Del II Encuentro Nacional De Cultores De Cueca - Nuestro Bio B\u00edo<\/title>\n<meta name=\"robots\" content=\"index, follow, max-snippet:-1, max-image-preview:large, max-video-preview:-1\" \/>\n<link rel=\"canonical\" href=\"https:\/\/www.fraczinet.cl\/sitio\/sanpedrinos-en-exitosa-participacion-del-ii-encuentro-nacional-de-cultores-de-cueca\/\" \/>\n<meta property=\"og:locale\" content=\"es_ES\" \/>\n<meta property=\"og:type\" content=\"article\" \/>\n<meta property=\"og:title\" content=\"Sanpedrinos En Exitosa Participaci\u00f3n Del II Encuentro Nacional De Cultores De Cueca - Nuestro Bio B\u00edo\" \/>\n<meta property=\"og:description\" content=\"No informaron con mucha alegr\u00eda que Graciela Rivera Belmar, integrante del grupo ANTIHUEN y su hijo, Luis Villegas Rivera, obtuvieron el segundo lugar en el II Encuentro Nacional de Cultores de Cueca, realizado en la ciudad de Graneros el 9 y 10 de octubre reci\u00e9n pasado. Ellos representaron a la Regi\u00f3n del Bio B\u00edo, a [&hellip;]\" \/>\n<meta property=\"og:url\" content=\"https:\/\/www.fraczinet.cl\/sitio\/sanpedrinos-en-exitosa-participacion-del-ii-encuentro-nacional-de-cultores-de-cueca\/\" \/>\n<meta property=\"og:site_name\" content=\"Nuestro Bio B\u00edo\" \/>\n<meta property=\"article:publisher\" content=\"https:\/\/www.facebook.com\/groups\/15721414452\/\" \/>\n<meta property=\"article:published_time\" content=\"2010-10-13T20:31:00+00:00\" \/>\n<meta property=\"article:modified_time\" content=\"2022-10-06T22:36:52+00:00\" \/>\n<meta property=\"og:image\" content=\"https:\/\/4.bp.blogspot.com\/_2S_RxGRVjis\/TLYZLLM37TI\/AAAAAAAAQ4c\/J_3f1eY--U0\/s400\/Graciela+y+Luis+bailando+la+Cueca+Minera.jpg\" \/>\n<meta name=\"twitter:card\" content=\"summary_large_image\" \/>\n<meta name=\"twitter:creator\" content=\"@nuestrobiobio\" \/>\n<meta name=\"twitter:site\" content=\"@nuestrobiobio\" \/>\n<meta name=\"twitter:label1\" content=\"Escrito por\" \/>\n\t<meta name=\"twitter:data1\" content=\"\" \/>\n<script type=\"application\/ld+json\" class=\"yoast-schema-graph\">{\"@context\":\"https:\\\/\\\/schema.org\",\"@graph\":[{\"@type\":\"Article\",\"@id\":\"https:\\\/\\\/www.fraczinet.cl\\\/sitio\\\/sanpedrinos-en-exitosa-participacion-del-ii-encuentro-nacional-de-cultores-de-cueca\\\/#article\",\"isPartOf\":{\"@id\":\"https:\\\/\\\/www.fraczinet.cl\\\/sitio\\\/sanpedrinos-en-exitosa-participacion-del-ii-encuentro-nacional-de-cultores-de-cueca\\\/\"},\"author\":{\"name\":\"\",\"@id\":\"\"},\"headline\":\"Sanpedrinos En Exitosa Participaci\u00f3n Del II Encuentro Nacional De Cultores De Cueca\",\"datePublished\":\"2010-10-13T20:31:00+00:00\",\"dateModified\":\"2022-10-06T22:36:52+00:00\",\"mainEntityOfPage\":{\"@id\":\"https:\\\/\\\/www.fraczinet.cl\\\/sitio\\\/sanpedrinos-en-exitosa-participacion-del-ii-encuentro-nacional-de-cultores-de-cueca\\\/\"},\"wordCount\":102,\"commentCount\":0,\"image\":{\"@id\":\"https:\\\/\\\/www.fraczinet.cl\\\/sitio\\\/sanpedrinos-en-exitosa-participacion-del-ii-encuentro-nacional-de-cultores-de-cueca\\\/#primaryimage\"},\"thumbnailUrl\":\"https:\\\/\\\/4.bp.blogspot.com\\\/_2S_RxGRVjis\\\/TLYZLLM37TI\\\/AAAAAAAAQ4c\\\/J_3f1eY--U0\\\/s400\\\/Graciela+y+Luis+bailando+la+Cueca+Minera.jpg\",\"articleSection\":[\"Creadores\",\"M\u00fasica\"],\"inLanguage\":\"es\",\"potentialAction\":[{\"@type\":\"CommentAction\",\"name\":\"Comment\",\"target\":[\"https:\\\/\\\/www.fraczinet.cl\\\/sitio\\\/sanpedrinos-en-exitosa-participacion-del-ii-encuentro-nacional-de-cultores-de-cueca\\\/#respond\"]}]},{\"@type\":\"WebPage\",\"@id\":\"https:\\\/\\\/www.fraczinet.cl\\\/sitio\\\/sanpedrinos-en-exitosa-participacion-del-ii-encuentro-nacional-de-cultores-de-cueca\\\/\",\"url\":\"https:\\\/\\\/www.fraczinet.cl\\\/sitio\\\/sanpedrinos-en-exitosa-participacion-del-ii-encuentro-nacional-de-cultores-de-cueca\\\/\",\"name\":\"Sanpedrinos En Exitosa Participaci\u00f3n Del II Encuentro Nacional De Cultores De Cueca - Nuestro Bio B\u00edo\",\"isPartOf\":{\"@id\":\"https:\\\/\\\/www.fraczinet.cl\\\/sitio\\\/#website\"},\"primaryImageOfPage\":{\"@id\":\"https:\\\/\\\/www.fraczinet.cl\\\/sitio\\\/sanpedrinos-en-exitosa-participacion-del-ii-encuentro-nacional-de-cultores-de-cueca\\\/#primaryimage\"},\"image\":{\"@id\":\"https:\\\/\\\/www.fraczinet.cl\\\/sitio\\\/sanpedrinos-en-exitosa-participacion-del-ii-encuentro-nacional-de-cultores-de-cueca\\\/#primaryimage\"},\"thumbnailUrl\":\"https:\\\/\\\/4.bp.blogspot.com\\\/_2S_RxGRVjis\\\/TLYZLLM37TI\\\/AAAAAAAAQ4c\\\/J_3f1eY--U0\\\/s400\\\/Graciela+y+Luis+bailando+la+Cueca+Minera.jpg\",\"datePublished\":\"2010-10-13T20:31:00+00:00\",\"dateModified\":\"2022-10-06T22:36:52+00:00\",\"author\":{\"@id\":\"\"},\"breadcrumb\":{\"@id\":\"https:\\\/\\\/www.fraczinet.cl\\\/sitio\\\/sanpedrinos-en-exitosa-participacion-del-ii-encuentro-nacional-de-cultores-de-cueca\\\/#breadcrumb\"},\"inLanguage\":\"es\",\"potentialAction\":[{\"@type\":\"ReadAction\",\"target\":[\"https:\\\/\\\/www.fraczinet.cl\\\/sitio\\\/sanpedrinos-en-exitosa-participacion-del-ii-encuentro-nacional-de-cultores-de-cueca\\\/\"]}]},{\"@type\":\"ImageObject\",\"inLanguage\":\"es\",\"@id\":\"https:\\\/\\\/www.fraczinet.cl\\\/sitio\\\/sanpedrinos-en-exitosa-participacion-del-ii-encuentro-nacional-de-cultores-de-cueca\\\/#primaryimage\",\"url\":\"https:\\\/\\\/4.bp.blogspot.com\\\/_2S_RxGRVjis\\\/TLYZLLM37TI\\\/AAAAAAAAQ4c\\\/J_3f1eY--U0\\\/s400\\\/Graciela+y+Luis+bailando+la+Cueca+Minera.jpg\",\"contentUrl\":\"https:\\\/\\\/4.bp.blogspot.com\\\/_2S_RxGRVjis\\\/TLYZLLM37TI\\\/AAAAAAAAQ4c\\\/J_3f1eY--U0\\\/s400\\\/Graciela+y+Luis+bailando+la+Cueca+Minera.jpg\"},{\"@type\":\"BreadcrumbList\",\"@id\":\"https:\\\/\\\/www.fraczinet.cl\\\/sitio\\\/sanpedrinos-en-exitosa-participacion-del-ii-encuentro-nacional-de-cultores-de-cueca\\\/#breadcrumb\",\"itemListElement\":[{\"@type\":\"ListItem\",\"position\":1,\"name\":\"Portada\",\"item\":\"https:\\\/\\\/www.fraczinet.cl\\\/sitio\\\/\"},{\"@type\":\"ListItem\",\"position\":2,\"name\":\"Sanpedrinos En Exitosa Participaci\u00f3n Del II Encuentro Nacional De Cultores De Cueca\"}]},{\"@type\":\"WebSite\",\"@id\":\"https:\\\/\\\/www.fraczinet.cl\\\/sitio\\\/#website\",\"url\":\"https:\\\/\\\/www.fraczinet.cl\\\/sitio\\\/\",\"name\":\"Nuestro Bio B\u00edo\",\"description\":\"Tierra de Encuentros\",\"potentialAction\":[{\"@type\":\"SearchAction\",\"target\":{\"@type\":\"EntryPoint\",\"urlTemplate\":\"https:\\\/\\\/www.fraczinet.cl\\\/sitio\\\/?s={search_term_string}\"},\"query-input\":{\"@type\":\"PropertyValueSpecification\",\"valueRequired\":true,\"valueName\":\"search_term_string\"}}],\"inLanguage\":\"es\"},{\"@type\":\"Person\",\"@id\":\"\"}]}<\/script>\n<!-- \/ Yoast SEO plugin. -->","yoast_head_json":{"title":"Sanpedrinos En Exitosa Participaci\u00f3n Del II Encuentro Nacional De Cultores De Cueca - Nuestro Bio B\u00edo","robots":{"index":"index","follow":"follow","max-snippet":"max-snippet:-1","max-image-preview":"max-image-preview:large","max-video-preview":"max-video-preview:-1"},"canonical":"https:\/\/www.fraczinet.cl\/sitio\/sanpedrinos-en-exitosa-participacion-del-ii-encuentro-nacional-de-cultores-de-cueca\/","og_locale":"es_ES","og_type":"article","og_title":"Sanpedrinos En Exitosa Participaci\u00f3n Del II Encuentro Nacional De Cultores De Cueca - Nuestro Bio B\u00edo","og_description":"No informaron con mucha alegr\u00eda que Graciela Rivera Belmar, integrante del grupo ANTIHUEN y su hijo, Luis Villegas Rivera, obtuvieron el segundo lugar en el II Encuentro Nacional de Cultores de Cueca, realizado en la ciudad de Graneros el 9 y 10 de octubre reci\u00e9n pasado. Ellos representaron a la Regi\u00f3n del Bio B\u00edo, a [&hellip;]","og_url":"https:\/\/www.fraczinet.cl\/sitio\/sanpedrinos-en-exitosa-participacion-del-ii-encuentro-nacional-de-cultores-de-cueca\/","og_site_name":"Nuestro Bio B\u00edo","article_publisher":"https:\/\/www.facebook.com\/groups\/15721414452\/","article_published_time":"2010-10-13T20:31:00+00:00","article_modified_time":"2022-10-06T22:36:52+00:00","og_image":[{"url":"https:\/\/4.bp.blogspot.com\/_2S_RxGRVjis\/TLYZLLM37TI\/AAAAAAAAQ4c\/J_3f1eY--U0\/s400\/Graciela+y+Luis+bailando+la+Cueca+Minera.jpg","type":"","width":"","height":""}],"twitter_card":"summary_large_image","twitter_creator":"@nuestrobiobio","twitter_site":"@nuestrobiobio","twitter_misc":{"Escrito por":""},"schema":{"@context":"https:\/\/schema.org","@graph":[{"@type":"Article","@id":"https:\/\/www.fraczinet.cl\/sitio\/sanpedrinos-en-exitosa-participacion-del-ii-encuentro-nacional-de-cultores-de-cueca\/#article","isPartOf":{"@id":"https:\/\/www.fraczinet.cl\/sitio\/sanpedrinos-en-exitosa-participacion-del-ii-encuentro-nacional-de-cultores-de-cueca\/"},"author":{"name":"","@id":""},"headline":"Sanpedrinos En Exitosa Participaci\u00f3n Del II Encuentro Nacional De Cultores De Cueca","datePublished":"2010-10-13T20:31:00+00:00","dateModified":"2022-10-06T22:36:52+00:00","mainEntityOfPage":{"@id":"https:\/\/www.fraczinet.cl\/sitio\/sanpedrinos-en-exitosa-participacion-del-ii-encuentro-nacional-de-cultores-de-cueca\/"},"wordCount":102,"commentCount":0,"image":{"@id":"https:\/\/www.fraczinet.cl\/sitio\/sanpedrinos-en-exitosa-participacion-del-ii-encuentro-nacional-de-cultores-de-cueca\/#primaryimage"},"thumbnailUrl":"https:\/\/4.bp.blogspot.com\/_2S_RxGRVjis\/TLYZLLM37TI\/AAAAAAAAQ4c\/J_3f1eY--U0\/s400\/Graciela+y+Luis+bailando+la+Cueca+Minera.jpg","articleSection":["Creadores","M\u00fasica"],"inLanguage":"es","potentialAction":[{"@type":"CommentAction","name":"Comment","target":["https:\/\/www.fraczinet.cl\/sitio\/sanpedrinos-en-exitosa-participacion-del-ii-encuentro-nacional-de-cultores-de-cueca\/#respond"]}]},{"@type":"WebPage","@id":"https:\/\/www.fraczinet.cl\/sitio\/sanpedrinos-en-exitosa-participacion-del-ii-encuentro-nacional-de-cultores-de-cueca\/","url":"https:\/\/www.fraczinet.cl\/sitio\/sanpedrinos-en-exitosa-participacion-del-ii-encuentro-nacional-de-cultores-de-cueca\/","name":"Sanpedrinos En Exitosa Participaci\u00f3n Del II Encuentro Nacional De Cultores De Cueca - Nuestro Bio B\u00edo","isPartOf":{"@id":"https:\/\/www.fraczinet.cl\/sitio\/#website"},"primaryImageOfPage":{"@id":"https:\/\/www.fraczinet.cl\/sitio\/sanpedrinos-en-exitosa-participacion-del-ii-encuentro-nacional-de-cultores-de-cueca\/#primaryimage"},"image":{"@id":"https:\/\/www.fraczinet.cl\/sitio\/sanpedrinos-en-exitosa-participacion-del-ii-encuentro-nacional-de-cultores-de-cueca\/#primaryimage"},"thumbnailUrl":"https:\/\/4.bp.blogspot.com\/_2S_RxGRVjis\/TLYZLLM37TI\/AAAAAAAAQ4c\/J_3f1eY--U0\/s400\/Graciela+y+Luis+bailando+la+Cueca+Minera.jpg","datePublished":"2010-10-13T20:31:00+00:00","dateModified":"2022-10-06T22:36:52+00:00","author":{"@id":""},"breadcrumb":{"@id":"https:\/\/www.fraczinet.cl\/sitio\/sanpedrinos-en-exitosa-participacion-del-ii-encuentro-nacional-de-cultores-de-cueca\/#breadcrumb"},"inLanguage":"es","potentialAction":[{"@type":"ReadAction","target":["https:\/\/www.fraczinet.cl\/sitio\/sanpedrinos-en-exitosa-participacion-del-ii-encuentro-nacional-de-cultores-de-cueca\/"]}]},{"@type":"ImageObject","inLanguage":"es","@id":"https:\/\/www.fraczinet.cl\/sitio\/sanpedrinos-en-exitosa-participacion-del-ii-encuentro-nacional-de-cultores-de-cueca\/#primaryimage","url":"https:\/\/4.bp.blogspot.com\/_2S_RxGRVjis\/TLYZLLM37TI\/AAAAAAAAQ4c\/J_3f1eY--U0\/s400\/Graciela+y+Luis+bailando+la+Cueca+Minera.jpg","contentUrl":"https:\/\/4.bp.blogspot.com\/_2S_RxGRVjis\/TLYZLLM37TI\/AAAAAAAAQ4c\/J_3f1eY--U0\/s400\/Graciela+y+Luis+bailando+la+Cueca+Minera.jpg"},{"@type":"BreadcrumbList","@id":"https:\/\/www.fraczinet.cl\/sitio\/sanpedrinos-en-exitosa-participacion-del-ii-encuentro-nacional-de-cultores-de-cueca\/#breadcrumb","itemListElement":[{"@type":"ListItem","position":1,"name":"Portada","item":"https:\/\/www.fraczinet.cl\/sitio\/"},{"@type":"ListItem","position":2,"name":"Sanpedrinos En Exitosa Participaci\u00f3n Del II Encuentro Nacional De Cultores De Cueca"}]},{"@type":"WebSite","@id":"https:\/\/www.fraczinet.cl\/sitio\/#website","url":"https:\/\/www.fraczinet.cl\/sitio\/","name":"Nuestro Bio B\u00edo","description":"Tierra de Encuentros","potentialAction":[{"@type":"SearchAction","target":{"@type":"EntryPoint","urlTemplate":"https:\/\/www.fraczinet.cl\/sitio\/?s={search_term_string}"},"query-input":{"@type":"PropertyValueSpecification","valueRequired":true,"valueName":"search_term_string"}}],"inLanguage":"es"},{"@type":"Person","@id":""}]}},"_links":{"self":[{"href":"https:\/\/www.fraczinet.cl\/sitio\/wp-json\/wp\/v2\/posts\/9063","targetHints":{"allow":["GET"]}}],"collection":[{"href":"https:\/\/www.fraczinet.cl\/sitio\/wp-json\/wp\/v2\/posts"}],"about":[{"href":"https:\/\/www.fraczinet.cl\/sitio\/wp-json\/wp\/v2\/types\/post"}],"author":[{"embeddable":true,"href":"https:\/\/www.fraczinet.cl\/sitio\/wp-json\/wp\/v2\/users\/1"}],"replies":[{"embeddable":true,"href":"https:\/\/www.fraczinet.cl\/sitio\/wp-json\/wp\/v2\/comments?post=9063"}],"version-history":[{"count":1,"href":"https:\/\/www.fraczinet.cl\/sitio\/wp-json\/wp\/v2\/posts\/9063\/revisions"}],"predecessor-version":[{"id":14299,"href":"https:\/\/www.fraczinet.cl\/sitio\/wp-json\/wp\/v2\/posts\/9063\/revisions\/14299"}],"wp:attachment":[{"href":"https:\/\/www.fraczinet.cl\/sitio\/wp-json\/wp\/v2\/media?parent=9063"}],"wp:term":[{"taxonomy":"category","embeddable":true,"href":"https:\/\/www.fraczinet.cl\/sitio\/wp-json\/wp\/v2\/categories?post=9063"},{"taxonomy":"post_tag","embeddable":true,"href":"https:\/\/www.fraczinet.cl\/sitio\/wp-json\/wp\/v2\/tags?post=9063"}],"curies":[{"name":"wp","href":"https:\/\/api.w.org\/{rel}","templated":true}]}}