{"id":9079,"date":"2010-09-29T18:51:00","date_gmt":"2010-09-29T18:51:00","guid":{"rendered":"https:\/\/www.fraczinet.cl\/sitio\/2010\/09\/29\/celebracion-del-dia-internacional-de-la-no-violencia\/"},"modified":"2022-10-05T21:26:04","modified_gmt":"2022-10-05T21:26:04","slug":"celebracion-del-dia-internacional-de-la-no-violencia","status":"publish","type":"post","link":"https:\/\/www.fraczinet.cl\/sitio\/2010\/09\/29\/celebracion-del-dia-internacional-de-la-no-violencia\/","title":{"rendered":"Celebraci\u00f3n Del D\u00eda Internacional De La No-Violencia"},"content":{"rendered":"<div style=\"text-align: justify;\"><span style=\"font-style: italic;\">Bajo el lema \u201cEl Futuro no es Violento\u201d la Comunidad para el Desarrollo Humano convoca a la conmemoraci\u00f3n del D\u00eda Internacional de la No Violencia este s\u00e1bado 2 de octubre en la Plaza Independencia de Concepci\u00f3n.<\/span><\/div>\n<div style=\"text-align: justify;\"><\/div>\n<div style=\"text-align: justify;\">La Asamblea General de las Naciones Unidas proclam\u00f3 el a\u00f1o 2007 esta fecha como D\u00eda Internacional de la No Violencia, conmemorando simult\u00e1neamente el nacimiento del l\u00edder del movimiento independentista e ide\u00f3logo de la filosof\u00eda no violentista Mahatma Gandhi.<\/div>\n<div style=\"text-align: justify;\"><\/div>\n<div style=\"text-align: justify;\">La celebraci\u00f3n se llevara a cabo en la esquina de las calles Barros Arana y Caupolic\u00e1n, ciudad de Concepci\u00f3n, desde las 11:00 hrs. donde se realizara una feria con diferentes stand de distintas organizaciones que buscan difundir e informar sobre los muchos tipos de violencia que existen ya sea; f\u00edsica, sicol\u00f3gica, econ\u00f3mica, racial, religiosa, entre otras y como luchar contra ellas en busca de la paz y as\u00ed construir un mundo mejor.   <\/div>\n<div style=\"text-align: justify;\"><\/div>\n<div style=\"text-align: justify;\">Para integrar a la comunidad a esta celebraci\u00f3n se realizar\u00e1 el signo de la No Violencia con las personas que se encuentren en la actividad  y ser\u00e1 registrado desde las alturas, esto se desarrollar\u00e1 justo al mediod\u00eda.<\/div>\n<div style=\"text-align: justify;\"><\/div>\n<div style=\"text-align: justify;\">Esta conmemoraci\u00f3n es una oportunidad para diseminar el mensaje de la no violencia a trav\u00e9s de la educaci\u00f3n y la conciencia p\u00fablica, adem\u00e1s de reafirmar \u201cla relevancia universal del principio de la no violencia\u201d declarado por la Asamblea General de las Naciones Unidas en junio del 2007. Es por esto que se hace necesario recordar en octubre este importante tema ya que no se puede dejar de levantar la voz para denunciar la violencia generalizada en el pa\u00eds, en el continente, en el planeta en general y por todos aquellos que sufren represi\u00f3n y violaci\u00f3n a los derechos m\u00e1s elementales de la vida.<\/div>\n<div style=\"text-align: justify;\"><\/div>\n<div style=\"text-align: justify;\">La Comunidad para el Desarrollo Humano es un organismo sin fines de lucro y de car\u00e1cter mundial que forma parte del Movimiento Humanista. Sus objetivos son el estudio, el desarrollo, la difusi\u00f3n y la instalaci\u00f3n de una nueva cultura. Adem\u00e1s, su metodolog\u00eda es la no violencia activa y la propuesta del cambio personal en funci\u00f3n de la transformaci\u00f3n social.<\/div>\n<div style=\"text-align: justify;\"><\/div>\n<div style=\"text-align: justify;\">Correo electr\u00f3nico: lacomunidadconce@hotmail.com<\/div>\n","protected":false},"excerpt":{"rendered":"<p>Bajo el lema \u201cEl Futuro no es Violento\u201d la Comunidad para el Desarrollo Humano convoca a la conmemoraci\u00f3n del D\u00eda Internacional de la No Violencia este s\u00e1bado 2 de octubre en la Plaza Independencia de Concepci\u00f3n. La Asamblea General de las Naciones Unidas proclam\u00f3 el a\u00f1o 2007 esta fecha como D\u00eda Internacional de la No [&hellip;]<\/p>\n","protected":false},"author":1,"featured_media":0,"comment_status":"open","ping_status":"open","sticky":false,"template":"","format":"standard","meta":{"footnotes":""},"categories":[129],"tags":[],"class_list":["post-9079","post","type-post","status-publish","format-standard","hentry","category-no-violencia"],"yoast_head":"<!-- This site is optimized with the Yoast SEO plugin v25.0 - https:\/\/yoast.com\/wordpress\/plugins\/seo\/ -->\n<title>Celebraci\u00f3n Del D\u00eda Internacional De La No-Violencia - Nuestro Bio B\u00edo<\/title>\n<meta name=\"robots\" content=\"index, follow, max-snippet:-1, max-image-preview:large, max-video-preview:-1\" \/>\n<link rel=\"canonical\" href=\"https:\/\/www.fraczinet.cl\/sitio\/2010\/09\/29\/celebracion-del-dia-internacional-de-la-no-violencia\/\" \/>\n<meta property=\"og:locale\" content=\"es_ES\" \/>\n<meta property=\"og:type\" content=\"article\" \/>\n<meta property=\"og:title\" content=\"Celebraci\u00f3n Del D\u00eda Internacional De La No-Violencia - Nuestro Bio B\u00edo\" \/>\n<meta property=\"og:description\" content=\"Bajo el lema \u201cEl Futuro no es Violento\u201d la Comunidad para el Desarrollo Humano convoca a la conmemoraci\u00f3n del D\u00eda Internacional de la No Violencia este s\u00e1bado 2 de octubre en la Plaza Independencia de Concepci\u00f3n. La Asamblea General de las Naciones Unidas proclam\u00f3 el a\u00f1o 2007 esta fecha como D\u00eda Internacional de la No [&hellip;]\" \/>\n<meta property=\"og:url\" content=\"https:\/\/www.fraczinet.cl\/sitio\/2010\/09\/29\/celebracion-del-dia-internacional-de-la-no-violencia\/\" \/>\n<meta property=\"og:site_name\" content=\"Nuestro Bio B\u00edo\" \/>\n<meta property=\"article:published_time\" content=\"2010-09-29T18:51:00+00:00\" \/>\n<meta property=\"article:modified_time\" content=\"2022-10-05T21:26:04+00:00\" \/>\n<meta property=\"og:image\" content=\"https:\/\/www.fraczinet.cl\/sitio\/wp-content\/uploads\/2021\/07\/bannerlogo-1.gif\" \/>\n\t<meta property=\"og:image:width\" content=\"159\" \/>\n\t<meta property=\"og:image:height\" content=\"79\" \/>\n\t<meta property=\"og:image:type\" content=\"image\/gif\" \/>\n<meta name=\"author\" content=\"admin\" \/>\n<meta name=\"twitter:card\" content=\"summary_large_image\" \/>\n<meta name=\"twitter:creator\" content=\"@nuestrobiobio\" \/>\n<meta name=\"twitter:site\" content=\"@nuestrobiobio\" \/>\n<meta name=\"twitter:label1\" content=\"Escrito por\" \/>\n\t<meta name=\"twitter:data1\" content=\"admin\" \/>\n\t<meta name=\"twitter:label2\" content=\"Tiempo de lectura\" \/>\n\t<meta name=\"twitter:data2\" content=\"2 minutos\" \/>\n<script type=\"application\/ld+json\" class=\"yoast-schema-graph\">{\"@context\":\"https:\/\/schema.org\",\"@graph\":[{\"@type\":\"Article\",\"@id\":\"https:\/\/www.fraczinet.cl\/sitio\/2010\/09\/29\/celebracion-del-dia-internacional-de-la-no-violencia\/#article\",\"isPartOf\":{\"@id\":\"https:\/\/www.fraczinet.cl\/sitio\/2010\/09\/29\/celebracion-del-dia-internacional-de-la-no-violencia\/\"},\"author\":{\"name\":\"admin\",\"@id\":\"https:\/\/www.fraczinet.cl\/sitio\/#\/schema\/person\/bc30f98e9cb10ae7e119dbe14bc93784\"},\"headline\":\"Celebraci\u00f3n Del D\u00eda Internacional De La No-Violencia\",\"datePublished\":\"2010-09-29T18:51:00+00:00\",\"dateModified\":\"2022-10-05T21:26:04+00:00\",\"mainEntityOfPage\":{\"@id\":\"https:\/\/www.fraczinet.cl\/sitio\/2010\/09\/29\/celebracion-del-dia-internacional-de-la-no-violencia\/\"},\"wordCount\":390,\"commentCount\":0,\"publisher\":{\"@id\":\"https:\/\/www.fraczinet.cl\/sitio\/#\/schema\/person\/aec8ee4da68df2b9b0eefdad24a0d582\"},\"articleSection\":[\"No-Violencia\"],\"inLanguage\":\"es\",\"potentialAction\":[{\"@type\":\"CommentAction\",\"name\":\"Comment\",\"target\":[\"https:\/\/www.fraczinet.cl\/sitio\/2010\/09\/29\/celebracion-del-dia-internacional-de-la-no-violencia\/#respond\"]}]},{\"@type\":\"WebPage\",\"@id\":\"https:\/\/www.fraczinet.cl\/sitio\/2010\/09\/29\/celebracion-del-dia-internacional-de-la-no-violencia\/\",\"url\":\"https:\/\/www.fraczinet.cl\/sitio\/2010\/09\/29\/celebracion-del-dia-internacional-de-la-no-violencia\/\",\"name\":\"Celebraci\u00f3n Del D\u00eda Internacional De La No-Violencia - Nuestro Bio B\u00edo\",\"isPartOf\":{\"@id\":\"https:\/\/www.fraczinet.cl\/sitio\/#website\"},\"datePublished\":\"2010-09-29T18:51:00+00:00\",\"dateModified\":\"2022-10-05T21:26:04+00:00\",\"breadcrumb\":{\"@id\":\"https:\/\/www.fraczinet.cl\/sitio\/2010\/09\/29\/celebracion-del-dia-internacional-de-la-no-violencia\/#breadcrumb\"},\"inLanguage\":\"es\",\"potentialAction\":[{\"@type\":\"ReadAction\",\"target\":[\"https:\/\/www.fraczinet.cl\/sitio\/2010\/09\/29\/celebracion-del-dia-internacional-de-la-no-violencia\/\"]}]},{\"@type\":\"BreadcrumbList\",\"@id\":\"https:\/\/www.fraczinet.cl\/sitio\/2010\/09\/29\/celebracion-del-dia-internacional-de-la-no-violencia\/#breadcrumb\",\"itemListElement\":[{\"@type\":\"ListItem\",\"position\":1,\"name\":\"Portada\",\"item\":\"https:\/\/www.fraczinet.cl\/sitio\/\"},{\"@type\":\"ListItem\",\"position\":2,\"name\":\"Celebraci\u00f3n Del D\u00eda Internacional De La No-Violencia\"}]},{\"@type\":\"WebSite\",\"@id\":\"https:\/\/www.fraczinet.cl\/sitio\/#website\",\"url\":\"https:\/\/www.fraczinet.cl\/sitio\/\",\"name\":\"Nuestro Bio B\u00edo\",\"description\":\"Tierra de Encuentros\",\"publisher\":{\"@id\":\"https:\/\/www.fraczinet.cl\/sitio\/#\/schema\/person\/aec8ee4da68df2b9b0eefdad24a0d582\"},\"potentialAction\":[{\"@type\":\"SearchAction\",\"target\":{\"@type\":\"EntryPoint\",\"urlTemplate\":\"https:\/\/www.fraczinet.cl\/sitio\/?s={search_term_string}\"},\"query-input\":{\"@type\":\"PropertyValueSpecification\",\"valueRequired\":true,\"valueName\":\"search_term_string\"}}],\"inLanguage\":\"es\"},{\"@type\":[\"Person\",\"Organization\"],\"@id\":\"https:\/\/www.fraczinet.cl\/sitio\/#\/schema\/person\/aec8ee4da68df2b9b0eefdad24a0d582\",\"name\":\"Luis Fernando Fraczinet\",\"image\":{\"@type\":\"ImageObject\",\"inLanguage\":\"es\",\"@id\":\"https:\/\/www.fraczinet.cl\/sitio\/#\/schema\/person\/image\/\",\"url\":\"https:\/\/www.fraczinet.cl\/sitio\/wp-content\/uploads\/2021\/07\/bannerlogo-1.gif\",\"contentUrl\":\"https:\/\/www.fraczinet.cl\/sitio\/wp-content\/uploads\/2021\/07\/bannerlogo-1.gif\",\"width\":159,\"height\":79,\"caption\":\"Luis Fernando Fraczinet\"},\"logo\":{\"@id\":\"https:\/\/www.fraczinet.cl\/sitio\/#\/schema\/person\/image\/\"},\"sameAs\":[\"https:\/\/www.fraczinet.cl\/sitio\/\"]},{\"@type\":\"Person\",\"@id\":\"https:\/\/www.fraczinet.cl\/sitio\/#\/schema\/person\/bc30f98e9cb10ae7e119dbe14bc93784\",\"name\":\"admin\",\"image\":{\"@type\":\"ImageObject\",\"inLanguage\":\"es\",\"@id\":\"https:\/\/www.fraczinet.cl\/sitio\/#\/schema\/person\/image\/\",\"url\":\"https:\/\/secure.gravatar.com\/avatar\/d5ad3cf7ef3b23a2bb5be73be780c86b2fc8545c3ad6b149f3913ff458c00099?s=96&d=mm&r=g\",\"contentUrl\":\"https:\/\/secure.gravatar.com\/avatar\/d5ad3cf7ef3b23a2bb5be73be780c86b2fc8545c3ad6b149f3913ff458c00099?s=96&d=mm&r=g\",\"caption\":\"admin\"},\"sameAs\":[\"https:\/\/www.fraczinet.cl\/sitio\"]}]}<\/script>\n<!-- \/ Yoast SEO plugin. -->","yoast_head_json":{"title":"Celebraci\u00f3n Del D\u00eda Internacional De La No-Violencia - Nuestro Bio B\u00edo","robots":{"index":"index","follow":"follow","max-snippet":"max-snippet:-1","max-image-preview":"max-image-preview:large","max-video-preview":"max-video-preview:-1"},"canonical":"https:\/\/www.fraczinet.cl\/sitio\/2010\/09\/29\/celebracion-del-dia-internacional-de-la-no-violencia\/","og_locale":"es_ES","og_type":"article","og_title":"Celebraci\u00f3n Del D\u00eda Internacional De La No-Violencia - Nuestro Bio B\u00edo","og_description":"Bajo el lema \u201cEl Futuro no es Violento\u201d la Comunidad para el Desarrollo Humano convoca a la conmemoraci\u00f3n del D\u00eda Internacional de la No Violencia este s\u00e1bado 2 de octubre en la Plaza Independencia de Concepci\u00f3n. La Asamblea General de las Naciones Unidas proclam\u00f3 el a\u00f1o 2007 esta fecha como D\u00eda Internacional de la No [&hellip;]","og_url":"https:\/\/www.fraczinet.cl\/sitio\/2010\/09\/29\/celebracion-del-dia-internacional-de-la-no-violencia\/","og_site_name":"Nuestro Bio B\u00edo","article_published_time":"2010-09-29T18:51:00+00:00","article_modified_time":"2022-10-05T21:26:04+00:00","og_image":[{"width":159,"height":79,"url":"https:\/\/www.fraczinet.cl\/sitio\/wp-content\/uploads\/2021\/07\/bannerlogo-1.gif","type":"image\/gif"}],"author":"admin","twitter_card":"summary_large_image","twitter_creator":"@nuestrobiobio","twitter_site":"@nuestrobiobio","twitter_misc":{"Escrito por":"admin","Tiempo de lectura":"2 minutos"},"schema":{"@context":"https:\/\/schema.org","@graph":[{"@type":"Article","@id":"https:\/\/www.fraczinet.cl\/sitio\/2010\/09\/29\/celebracion-del-dia-internacional-de-la-no-violencia\/#article","isPartOf":{"@id":"https:\/\/www.fraczinet.cl\/sitio\/2010\/09\/29\/celebracion-del-dia-internacional-de-la-no-violencia\/"},"author":{"name":"admin","@id":"https:\/\/www.fraczinet.cl\/sitio\/#\/schema\/person\/bc30f98e9cb10ae7e119dbe14bc93784"},"headline":"Celebraci\u00f3n Del D\u00eda Internacional De La No-Violencia","datePublished":"2010-09-29T18:51:00+00:00","dateModified":"2022-10-05T21:26:04+00:00","mainEntityOfPage":{"@id":"https:\/\/www.fraczinet.cl\/sitio\/2010\/09\/29\/celebracion-del-dia-internacional-de-la-no-violencia\/"},"wordCount":390,"commentCount":0,"publisher":{"@id":"https:\/\/www.fraczinet.cl\/sitio\/#\/schema\/person\/aec8ee4da68df2b9b0eefdad24a0d582"},"articleSection":["No-Violencia"],"inLanguage":"es","potentialAction":[{"@type":"CommentAction","name":"Comment","target":["https:\/\/www.fraczinet.cl\/sitio\/2010\/09\/29\/celebracion-del-dia-internacional-de-la-no-violencia\/#respond"]}]},{"@type":"WebPage","@id":"https:\/\/www.fraczinet.cl\/sitio\/2010\/09\/29\/celebracion-del-dia-internacional-de-la-no-violencia\/","url":"https:\/\/www.fraczinet.cl\/sitio\/2010\/09\/29\/celebracion-del-dia-internacional-de-la-no-violencia\/","name":"Celebraci\u00f3n Del D\u00eda Internacional De La No-Violencia - Nuestro Bio B\u00edo","isPartOf":{"@id":"https:\/\/www.fraczinet.cl\/sitio\/#website"},"datePublished":"2010-09-29T18:51:00+00:00","dateModified":"2022-10-05T21:26:04+00:00","breadcrumb":{"@id":"https:\/\/www.fraczinet.cl\/sitio\/2010\/09\/29\/celebracion-del-dia-internacional-de-la-no-violencia\/#breadcrumb"},"inLanguage":"es","potentialAction":[{"@type":"ReadAction","target":["https:\/\/www.fraczinet.cl\/sitio\/2010\/09\/29\/celebracion-del-dia-internacional-de-la-no-violencia\/"]}]},{"@type":"BreadcrumbList","@id":"https:\/\/www.fraczinet.cl\/sitio\/2010\/09\/29\/celebracion-del-dia-internacional-de-la-no-violencia\/#breadcrumb","itemListElement":[{"@type":"ListItem","position":1,"name":"Portada","item":"https:\/\/www.fraczinet.cl\/sitio\/"},{"@type":"ListItem","position":2,"name":"Celebraci\u00f3n Del D\u00eda Internacional De La No-Violencia"}]},{"@type":"WebSite","@id":"https:\/\/www.fraczinet.cl\/sitio\/#website","url":"https:\/\/www.fraczinet.cl\/sitio\/","name":"Nuestro Bio B\u00edo","description":"Tierra de Encuentros","publisher":{"@id":"https:\/\/www.fraczinet.cl\/sitio\/#\/schema\/person\/aec8ee4da68df2b9b0eefdad24a0d582"},"potentialAction":[{"@type":"SearchAction","target":{"@type":"EntryPoint","urlTemplate":"https:\/\/www.fraczinet.cl\/sitio\/?s={search_term_string}"},"query-input":{"@type":"PropertyValueSpecification","valueRequired":true,"valueName":"search_term_string"}}],"inLanguage":"es"},{"@type":["Person","Organization"],"@id":"https:\/\/www.fraczinet.cl\/sitio\/#\/schema\/person\/aec8ee4da68df2b9b0eefdad24a0d582","name":"Luis Fernando Fraczinet","image":{"@type":"ImageObject","inLanguage":"es","@id":"https:\/\/www.fraczinet.cl\/sitio\/#\/schema\/person\/image\/","url":"https:\/\/www.fraczinet.cl\/sitio\/wp-content\/uploads\/2021\/07\/bannerlogo-1.gif","contentUrl":"https:\/\/www.fraczinet.cl\/sitio\/wp-content\/uploads\/2021\/07\/bannerlogo-1.gif","width":159,"height":79,"caption":"Luis Fernando Fraczinet"},"logo":{"@id":"https:\/\/www.fraczinet.cl\/sitio\/#\/schema\/person\/image\/"},"sameAs":["https:\/\/www.fraczinet.cl\/sitio\/"]},{"@type":"Person","@id":"https:\/\/www.fraczinet.cl\/sitio\/#\/schema\/person\/bc30f98e9cb10ae7e119dbe14bc93784","name":"admin","image":{"@type":"ImageObject","inLanguage":"es","@id":"https:\/\/www.fraczinet.cl\/sitio\/#\/schema\/person\/image\/","url":"https:\/\/secure.gravatar.com\/avatar\/d5ad3cf7ef3b23a2bb5be73be780c86b2fc8545c3ad6b149f3913ff458c00099?s=96&d=mm&r=g","contentUrl":"https:\/\/secure.gravatar.com\/avatar\/d5ad3cf7ef3b23a2bb5be73be780c86b2fc8545c3ad6b149f3913ff458c00099?s=96&d=mm&r=g","caption":"admin"},"sameAs":["https:\/\/www.fraczinet.cl\/sitio"]}]}},"_links":{"self":[{"href":"https:\/\/www.fraczinet.cl\/sitio\/wp-json\/wp\/v2\/posts\/9079","targetHints":{"allow":["GET"]}}],"collection":[{"href":"https:\/\/www.fraczinet.cl\/sitio\/wp-json\/wp\/v2\/posts"}],"about":[{"href":"https:\/\/www.fraczinet.cl\/sitio\/wp-json\/wp\/v2\/types\/post"}],"author":[{"embeddable":true,"href":"https:\/\/www.fraczinet.cl\/sitio\/wp-json\/wp\/v2\/users\/1"}],"replies":[{"embeddable":true,"href":"https:\/\/www.fraczinet.cl\/sitio\/wp-json\/wp\/v2\/comments?post=9079"}],"version-history":[{"count":1,"href":"https:\/\/www.fraczinet.cl\/sitio\/wp-json\/wp\/v2\/posts\/9079\/revisions"}],"predecessor-version":[{"id":14093,"href":"https:\/\/www.fraczinet.cl\/sitio\/wp-json\/wp\/v2\/posts\/9079\/revisions\/14093"}],"wp:attachment":[{"href":"https:\/\/www.fraczinet.cl\/sitio\/wp-json\/wp\/v2\/media?parent=9079"}],"wp:term":[{"taxonomy":"category","embeddable":true,"href":"https:\/\/www.fraczinet.cl\/sitio\/wp-json\/wp\/v2\/categories?post=9079"},{"taxonomy":"post_tag","embeddable":true,"href":"https:\/\/www.fraczinet.cl\/sitio\/wp-json\/wp\/v2\/tags?post=9079"}],"curies":[{"name":"wp","href":"https:\/\/api.w.org\/{rel}","templated":true}]}}