{"id":9086,"date":"2010-09-26T04:30:00","date_gmt":"2010-09-26T04:30:00","guid":{"rendered":"https:\/\/www.fraczinet.cl\/sitio\/2010\/09\/26\/centro-cultural-chilereality-realizara-escuela-de-cine-documental\/"},"modified":"2022-10-07T00:55:33","modified_gmt":"2022-10-07T00:55:33","slug":"centro-cultural-chilereality-realizara-escuela-de-cine-documental","status":"publish","type":"post","link":"https:\/\/www.fraczinet.cl\/sitio\/2010\/09\/26\/centro-cultural-chilereality-realizara-escuela-de-cine-documental\/","title":{"rendered":"Centro Cultural Chilereality Realizar\u00e1 Escuela De Cine Documental"},"content":{"rendered":"<div style=\"text-align: justify;\"><a href=\"http:\/\/2.bp.blogspot.com\/_2S_RxGRVjis\/TKAGFOazj9I\/AAAAAAAAQyA\/-FVBhlenUlM\/s1600\/EjemploDise%C3%B1o.jpg\"><img decoding=\"async\" alt=\"\" border=\"0\" id=\"BLOGGER_PHOTO_ID_5521419829995868114\" src=\"https:\/\/2.bp.blogspot.com\/_2S_RxGRVjis\/TKAGFOazj9I\/AAAAAAAAQyA\/-FVBhlenUlM\/s400\/EjemploDise%C3%B1o.jpg\" style=\"cursor: hand; cursor: pointer; float: left; height: 194px; margin: 0 10px 10px 0; width: 200px;\" \/><\/a>Se trata de una instancia de formaci\u00f3n que busca apoyar el talento creativo de los audiovisualistas de la Sexta a la Novena regi\u00f3n y que espera ser el semillero de quienes apuestan a desarrollarse en el mundo del Cine Documental.<\/div>\n<div style=\"text-align: justify;\"><\/div>\n<div style=\"text-align: justify;\">Esta actividad es organizada por el Centro Cultural Chilereality y la Pontificia Universidad Cat\u00f3lica de Chile y es financiada por el Fondo de Fomento Audiovisual 2010 del Consejo Nacional de la Cultura y las Artes.<\/div>\n<div style=\"text-align: justify;\"><\/div>\n<div style=\"text-align: justify;\">Las clases de la Tercera Versi\u00f3n de esta Escuela se desarrollar\u00e1n entre noviembre de 2010 y enero de 2011 en la ciudad de Chill\u00e1n, alcanzando las 119 horas cronol\u00f3gicas, de las cuales 66 corresponden al conocimiento te\u00f3rico y 53 al pr\u00e1ctico.<\/div>\n<div style=\"text-align: justify;\"><\/div>\n<div style=\"text-align: justify;\">El equipo de profesores contar\u00e1 con expertos del g\u00e9nero documental como Rodrigo Moreno (director de la Facultad de Comunicaciones de la PUC), Iv\u00e1n Osnovikoff, Tiziana Panizza, Ignacio Ceruti, Susana Foxley, Viviana Erpel, Andrea Chignoli, Maite Alberdi y Bruno Bettati.<\/div>\n<div style=\"text-align: justify;\"><\/div>\n<div style=\"text-align: justify;\">El lanzamiento de la Escuela se realizar\u00e1 durante la realizaci\u00f3n del Sexto Festival de Cine Documental Chilereality 2010, que se realizar\u00e1 en Chill\u00e1n entre el 3 y el 8 de Noviembre de 2010. El hecho de que el lanzamiento de la Escuela se realice durante el Festival es que permitir\u00e1 que los seleccionados entren directamente al mundo documental, pues podr\u00e1n apreciar toda una gama de realizaciones nacionales y extranjeras, adem\u00e1s de disfrutar de las actividades paralelas que se desarrollan durante el certamen\u00bb, destaca Sandrine Crisostomo, directora del evento cinematogr\u00e1fico.<\/div>\n<div style=\"text-align: justify;\"><\/div>\n<div style=\"text-align: justify;\">Las bases de postulaci\u00f3n se encuentran abiertas hasta el 8 de octubre de 2010 y se pueden encontrar en http:\/\/www.chilereality.cl\/bases\/2010\/escuela\/<\/div>\n<div style=\"text-align: justify;\"><\/div>\n<div style=\"text-align: justify;\">Consultas al correo: escuela@chilereality.cl <\/div>\n","protected":false},"excerpt":{"rendered":"<p>Se trata de una instancia de formaci\u00f3n que busca apoyar el talento creativo de los audiovisualistas de la Sexta a la Novena regi\u00f3n y que espera ser el semillero de quienes apuestan a desarrollarse en el mundo del Cine Documental. Esta actividad es organizada por el Centro Cultural Chilereality y la Pontificia Universidad Cat\u00f3lica de [&hellip;]<\/p>\n","protected":false},"author":1,"featured_media":0,"comment_status":"open","ping_status":"open","sticky":false,"template":"","format":"standard","meta":{"footnotes":""},"categories":[32],"tags":[],"class_list":["post-9086","post","type-post","status-publish","format-standard","hentry","category-cine"],"yoast_head":"<!-- This site is optimized with the Yoast SEO plugin v25.0 - https:\/\/yoast.com\/wordpress\/plugins\/seo\/ -->\n<title>Centro Cultural Chilereality Realizar\u00e1 Escuela De Cine Documental - Nuestro Bio B\u00edo<\/title>\n<meta name=\"robots\" content=\"index, follow, max-snippet:-1, max-image-preview:large, max-video-preview:-1\" \/>\n<link rel=\"canonical\" href=\"https:\/\/www.fraczinet.cl\/sitio\/2010\/09\/26\/centro-cultural-chilereality-realizara-escuela-de-cine-documental\/\" \/>\n<meta property=\"og:locale\" content=\"es_ES\" \/>\n<meta property=\"og:type\" content=\"article\" \/>\n<meta property=\"og:title\" content=\"Centro Cultural Chilereality Realizar\u00e1 Escuela De Cine Documental - Nuestro Bio B\u00edo\" \/>\n<meta property=\"og:description\" content=\"Se trata de una instancia de formaci\u00f3n que busca apoyar el talento creativo de los audiovisualistas de la Sexta a la Novena regi\u00f3n y que espera ser el semillero de quienes apuestan a desarrollarse en el mundo del Cine Documental. Esta actividad es organizada por el Centro Cultural Chilereality y la Pontificia Universidad Cat\u00f3lica de [&hellip;]\" \/>\n<meta property=\"og:url\" content=\"https:\/\/www.fraczinet.cl\/sitio\/2010\/09\/26\/centro-cultural-chilereality-realizara-escuela-de-cine-documental\/\" \/>\n<meta property=\"og:site_name\" content=\"Nuestro Bio B\u00edo\" \/>\n<meta property=\"article:published_time\" content=\"2010-09-26T04:30:00+00:00\" \/>\n<meta property=\"article:modified_time\" content=\"2022-10-07T00:55:33+00:00\" \/>\n<meta property=\"og:image\" content=\"https:\/\/2.bp.blogspot.com\/_2S_RxGRVjis\/TKAGFOazj9I\/AAAAAAAAQyA\/-FVBhlenUlM\/s400\/EjemploDise%C3%B1o.jpg\" \/>\n<meta name=\"author\" content=\"admin\" \/>\n<meta name=\"twitter:card\" content=\"summary_large_image\" \/>\n<meta name=\"twitter:creator\" content=\"@nuestrobiobio\" \/>\n<meta name=\"twitter:site\" content=\"@nuestrobiobio\" \/>\n<meta name=\"twitter:label1\" content=\"Escrito por\" \/>\n\t<meta name=\"twitter:data1\" content=\"admin\" \/>\n\t<meta name=\"twitter:label2\" content=\"Tiempo de lectura\" \/>\n\t<meta name=\"twitter:data2\" content=\"1 minuto\" \/>\n<script type=\"application\/ld+json\" class=\"yoast-schema-graph\">{\"@context\":\"https:\/\/schema.org\",\"@graph\":[{\"@type\":\"Article\",\"@id\":\"https:\/\/www.fraczinet.cl\/sitio\/2010\/09\/26\/centro-cultural-chilereality-realizara-escuela-de-cine-documental\/#article\",\"isPartOf\":{\"@id\":\"https:\/\/www.fraczinet.cl\/sitio\/2010\/09\/26\/centro-cultural-chilereality-realizara-escuela-de-cine-documental\/\"},\"author\":{\"name\":\"admin\",\"@id\":\"https:\/\/www.fraczinet.cl\/sitio\/#\/schema\/person\/bc30f98e9cb10ae7e119dbe14bc93784\"},\"headline\":\"Centro Cultural Chilereality Realizar\u00e1 Escuela De Cine Documental\",\"datePublished\":\"2010-09-26T04:30:00+00:00\",\"dateModified\":\"2022-10-07T00:55:33+00:00\",\"mainEntityOfPage\":{\"@id\":\"https:\/\/www.fraczinet.cl\/sitio\/2010\/09\/26\/centro-cultural-chilereality-realizara-escuela-de-cine-documental\/\"},\"wordCount\":288,\"commentCount\":0,\"publisher\":{\"@id\":\"https:\/\/www.fraczinet.cl\/sitio\/#\/schema\/person\/aec8ee4da68df2b9b0eefdad24a0d582\"},\"image\":{\"@id\":\"https:\/\/www.fraczinet.cl\/sitio\/2010\/09\/26\/centro-cultural-chilereality-realizara-escuela-de-cine-documental\/#primaryimage\"},\"thumbnailUrl\":\"https:\/\/2.bp.blogspot.com\/_2S_RxGRVjis\/TKAGFOazj9I\/AAAAAAAAQyA\/-FVBhlenUlM\/s400\/EjemploDise%C3%B1o.jpg\",\"articleSection\":[\"Cine\"],\"inLanguage\":\"es\",\"potentialAction\":[{\"@type\":\"CommentAction\",\"name\":\"Comment\",\"target\":[\"https:\/\/www.fraczinet.cl\/sitio\/2010\/09\/26\/centro-cultural-chilereality-realizara-escuela-de-cine-documental\/#respond\"]}]},{\"@type\":\"WebPage\",\"@id\":\"https:\/\/www.fraczinet.cl\/sitio\/2010\/09\/26\/centro-cultural-chilereality-realizara-escuela-de-cine-documental\/\",\"url\":\"https:\/\/www.fraczinet.cl\/sitio\/2010\/09\/26\/centro-cultural-chilereality-realizara-escuela-de-cine-documental\/\",\"name\":\"Centro Cultural Chilereality Realizar\u00e1 Escuela De Cine Documental - Nuestro Bio B\u00edo\",\"isPartOf\":{\"@id\":\"https:\/\/www.fraczinet.cl\/sitio\/#website\"},\"primaryImageOfPage\":{\"@id\":\"https:\/\/www.fraczinet.cl\/sitio\/2010\/09\/26\/centro-cultural-chilereality-realizara-escuela-de-cine-documental\/#primaryimage\"},\"image\":{\"@id\":\"https:\/\/www.fraczinet.cl\/sitio\/2010\/09\/26\/centro-cultural-chilereality-realizara-escuela-de-cine-documental\/#primaryimage\"},\"thumbnailUrl\":\"https:\/\/2.bp.blogspot.com\/_2S_RxGRVjis\/TKAGFOazj9I\/AAAAAAAAQyA\/-FVBhlenUlM\/s400\/EjemploDise%C3%B1o.jpg\",\"datePublished\":\"2010-09-26T04:30:00+00:00\",\"dateModified\":\"2022-10-07T00:55:33+00:00\",\"breadcrumb\":{\"@id\":\"https:\/\/www.fraczinet.cl\/sitio\/2010\/09\/26\/centro-cultural-chilereality-realizara-escuela-de-cine-documental\/#breadcrumb\"},\"inLanguage\":\"es\",\"potentialAction\":[{\"@type\":\"ReadAction\",\"target\":[\"https:\/\/www.fraczinet.cl\/sitio\/2010\/09\/26\/centro-cultural-chilereality-realizara-escuela-de-cine-documental\/\"]}]},{\"@type\":\"ImageObject\",\"inLanguage\":\"es\",\"@id\":\"https:\/\/www.fraczinet.cl\/sitio\/2010\/09\/26\/centro-cultural-chilereality-realizara-escuela-de-cine-documental\/#primaryimage\",\"url\":\"https:\/\/2.bp.blogspot.com\/_2S_RxGRVjis\/TKAGFOazj9I\/AAAAAAAAQyA\/-FVBhlenUlM\/s400\/EjemploDise%C3%B1o.jpg\",\"contentUrl\":\"https:\/\/2.bp.blogspot.com\/_2S_RxGRVjis\/TKAGFOazj9I\/AAAAAAAAQyA\/-FVBhlenUlM\/s400\/EjemploDise%C3%B1o.jpg\"},{\"@type\":\"BreadcrumbList\",\"@id\":\"https:\/\/www.fraczinet.cl\/sitio\/2010\/09\/26\/centro-cultural-chilereality-realizara-escuela-de-cine-documental\/#breadcrumb\",\"itemListElement\":[{\"@type\":\"ListItem\",\"position\":1,\"name\":\"Portada\",\"item\":\"https:\/\/www.fraczinet.cl\/sitio\/\"},{\"@type\":\"ListItem\",\"position\":2,\"name\":\"Centro Cultural Chilereality Realizar\u00e1 Escuela De Cine Documental\"}]},{\"@type\":\"WebSite\",\"@id\":\"https:\/\/www.fraczinet.cl\/sitio\/#website\",\"url\":\"https:\/\/www.fraczinet.cl\/sitio\/\",\"name\":\"Nuestro Bio B\u00edo\",\"description\":\"Tierra de Encuentros\",\"publisher\":{\"@id\":\"https:\/\/www.fraczinet.cl\/sitio\/#\/schema\/person\/aec8ee4da68df2b9b0eefdad24a0d582\"},\"potentialAction\":[{\"@type\":\"SearchAction\",\"target\":{\"@type\":\"EntryPoint\",\"urlTemplate\":\"https:\/\/www.fraczinet.cl\/sitio\/?s={search_term_string}\"},\"query-input\":{\"@type\":\"PropertyValueSpecification\",\"valueRequired\":true,\"valueName\":\"search_term_string\"}}],\"inLanguage\":\"es\"},{\"@type\":[\"Person\",\"Organization\"],\"@id\":\"https:\/\/www.fraczinet.cl\/sitio\/#\/schema\/person\/aec8ee4da68df2b9b0eefdad24a0d582\",\"name\":\"Luis Fernando Fraczinet\",\"image\":{\"@type\":\"ImageObject\",\"inLanguage\":\"es\",\"@id\":\"https:\/\/www.fraczinet.cl\/sitio\/#\/schema\/person\/image\/\",\"url\":\"https:\/\/www.fraczinet.cl\/sitio\/wp-content\/uploads\/2021\/07\/bannerlogo-1.gif\",\"contentUrl\":\"https:\/\/www.fraczinet.cl\/sitio\/wp-content\/uploads\/2021\/07\/bannerlogo-1.gif\",\"width\":159,\"height\":79,\"caption\":\"Luis Fernando Fraczinet\"},\"logo\":{\"@id\":\"https:\/\/www.fraczinet.cl\/sitio\/#\/schema\/person\/image\/\"},\"sameAs\":[\"https:\/\/www.fraczinet.cl\/sitio\/\"]},{\"@type\":\"Person\",\"@id\":\"https:\/\/www.fraczinet.cl\/sitio\/#\/schema\/person\/bc30f98e9cb10ae7e119dbe14bc93784\",\"name\":\"admin\",\"image\":{\"@type\":\"ImageObject\",\"inLanguage\":\"es\",\"@id\":\"https:\/\/www.fraczinet.cl\/sitio\/#\/schema\/person\/image\/\",\"url\":\"https:\/\/secure.gravatar.com\/avatar\/d5ad3cf7ef3b23a2bb5be73be780c86b2fc8545c3ad6b149f3913ff458c00099?s=96&d=mm&r=g\",\"contentUrl\":\"https:\/\/secure.gravatar.com\/avatar\/d5ad3cf7ef3b23a2bb5be73be780c86b2fc8545c3ad6b149f3913ff458c00099?s=96&d=mm&r=g\",\"caption\":\"admin\"},\"sameAs\":[\"https:\/\/www.fraczinet.cl\/sitio\"]}]}<\/script>\n<!-- \/ Yoast SEO plugin. -->","yoast_head_json":{"title":"Centro Cultural Chilereality Realizar\u00e1 Escuela De Cine Documental - Nuestro Bio B\u00edo","robots":{"index":"index","follow":"follow","max-snippet":"max-snippet:-1","max-image-preview":"max-image-preview:large","max-video-preview":"max-video-preview:-1"},"canonical":"https:\/\/www.fraczinet.cl\/sitio\/2010\/09\/26\/centro-cultural-chilereality-realizara-escuela-de-cine-documental\/","og_locale":"es_ES","og_type":"article","og_title":"Centro Cultural Chilereality Realizar\u00e1 Escuela De Cine Documental - Nuestro Bio B\u00edo","og_description":"Se trata de una instancia de formaci\u00f3n que busca apoyar el talento creativo de los audiovisualistas de la Sexta a la Novena regi\u00f3n y que espera ser el semillero de quienes apuestan a desarrollarse en el mundo del Cine Documental. Esta actividad es organizada por el Centro Cultural Chilereality y la Pontificia Universidad Cat\u00f3lica de [&hellip;]","og_url":"https:\/\/www.fraczinet.cl\/sitio\/2010\/09\/26\/centro-cultural-chilereality-realizara-escuela-de-cine-documental\/","og_site_name":"Nuestro Bio B\u00edo","article_published_time":"2010-09-26T04:30:00+00:00","article_modified_time":"2022-10-07T00:55:33+00:00","og_image":[{"url":"https:\/\/2.bp.blogspot.com\/_2S_RxGRVjis\/TKAGFOazj9I\/AAAAAAAAQyA\/-FVBhlenUlM\/s400\/EjemploDise%C3%B1o.jpg","type":"","width":"","height":""}],"author":"admin","twitter_card":"summary_large_image","twitter_creator":"@nuestrobiobio","twitter_site":"@nuestrobiobio","twitter_misc":{"Escrito por":"admin","Tiempo de lectura":"1 minuto"},"schema":{"@context":"https:\/\/schema.org","@graph":[{"@type":"Article","@id":"https:\/\/www.fraczinet.cl\/sitio\/2010\/09\/26\/centro-cultural-chilereality-realizara-escuela-de-cine-documental\/#article","isPartOf":{"@id":"https:\/\/www.fraczinet.cl\/sitio\/2010\/09\/26\/centro-cultural-chilereality-realizara-escuela-de-cine-documental\/"},"author":{"name":"admin","@id":"https:\/\/www.fraczinet.cl\/sitio\/#\/schema\/person\/bc30f98e9cb10ae7e119dbe14bc93784"},"headline":"Centro Cultural Chilereality Realizar\u00e1 Escuela De Cine Documental","datePublished":"2010-09-26T04:30:00+00:00","dateModified":"2022-10-07T00:55:33+00:00","mainEntityOfPage":{"@id":"https:\/\/www.fraczinet.cl\/sitio\/2010\/09\/26\/centro-cultural-chilereality-realizara-escuela-de-cine-documental\/"},"wordCount":288,"commentCount":0,"publisher":{"@id":"https:\/\/www.fraczinet.cl\/sitio\/#\/schema\/person\/aec8ee4da68df2b9b0eefdad24a0d582"},"image":{"@id":"https:\/\/www.fraczinet.cl\/sitio\/2010\/09\/26\/centro-cultural-chilereality-realizara-escuela-de-cine-documental\/#primaryimage"},"thumbnailUrl":"https:\/\/2.bp.blogspot.com\/_2S_RxGRVjis\/TKAGFOazj9I\/AAAAAAAAQyA\/-FVBhlenUlM\/s400\/EjemploDise%C3%B1o.jpg","articleSection":["Cine"],"inLanguage":"es","potentialAction":[{"@type":"CommentAction","name":"Comment","target":["https:\/\/www.fraczinet.cl\/sitio\/2010\/09\/26\/centro-cultural-chilereality-realizara-escuela-de-cine-documental\/#respond"]}]},{"@type":"WebPage","@id":"https:\/\/www.fraczinet.cl\/sitio\/2010\/09\/26\/centro-cultural-chilereality-realizara-escuela-de-cine-documental\/","url":"https:\/\/www.fraczinet.cl\/sitio\/2010\/09\/26\/centro-cultural-chilereality-realizara-escuela-de-cine-documental\/","name":"Centro Cultural Chilereality Realizar\u00e1 Escuela De Cine Documental - Nuestro Bio B\u00edo","isPartOf":{"@id":"https:\/\/www.fraczinet.cl\/sitio\/#website"},"primaryImageOfPage":{"@id":"https:\/\/www.fraczinet.cl\/sitio\/2010\/09\/26\/centro-cultural-chilereality-realizara-escuela-de-cine-documental\/#primaryimage"},"image":{"@id":"https:\/\/www.fraczinet.cl\/sitio\/2010\/09\/26\/centro-cultural-chilereality-realizara-escuela-de-cine-documental\/#primaryimage"},"thumbnailUrl":"https:\/\/2.bp.blogspot.com\/_2S_RxGRVjis\/TKAGFOazj9I\/AAAAAAAAQyA\/-FVBhlenUlM\/s400\/EjemploDise%C3%B1o.jpg","datePublished":"2010-09-26T04:30:00+00:00","dateModified":"2022-10-07T00:55:33+00:00","breadcrumb":{"@id":"https:\/\/www.fraczinet.cl\/sitio\/2010\/09\/26\/centro-cultural-chilereality-realizara-escuela-de-cine-documental\/#breadcrumb"},"inLanguage":"es","potentialAction":[{"@type":"ReadAction","target":["https:\/\/www.fraczinet.cl\/sitio\/2010\/09\/26\/centro-cultural-chilereality-realizara-escuela-de-cine-documental\/"]}]},{"@type":"ImageObject","inLanguage":"es","@id":"https:\/\/www.fraczinet.cl\/sitio\/2010\/09\/26\/centro-cultural-chilereality-realizara-escuela-de-cine-documental\/#primaryimage","url":"https:\/\/2.bp.blogspot.com\/_2S_RxGRVjis\/TKAGFOazj9I\/AAAAAAAAQyA\/-FVBhlenUlM\/s400\/EjemploDise%C3%B1o.jpg","contentUrl":"https:\/\/2.bp.blogspot.com\/_2S_RxGRVjis\/TKAGFOazj9I\/AAAAAAAAQyA\/-FVBhlenUlM\/s400\/EjemploDise%C3%B1o.jpg"},{"@type":"BreadcrumbList","@id":"https:\/\/www.fraczinet.cl\/sitio\/2010\/09\/26\/centro-cultural-chilereality-realizara-escuela-de-cine-documental\/#breadcrumb","itemListElement":[{"@type":"ListItem","position":1,"name":"Portada","item":"https:\/\/www.fraczinet.cl\/sitio\/"},{"@type":"ListItem","position":2,"name":"Centro Cultural Chilereality Realizar\u00e1 Escuela De Cine Documental"}]},{"@type":"WebSite","@id":"https:\/\/www.fraczinet.cl\/sitio\/#website","url":"https:\/\/www.fraczinet.cl\/sitio\/","name":"Nuestro Bio B\u00edo","description":"Tierra de Encuentros","publisher":{"@id":"https:\/\/www.fraczinet.cl\/sitio\/#\/schema\/person\/aec8ee4da68df2b9b0eefdad24a0d582"},"potentialAction":[{"@type":"SearchAction","target":{"@type":"EntryPoint","urlTemplate":"https:\/\/www.fraczinet.cl\/sitio\/?s={search_term_string}"},"query-input":{"@type":"PropertyValueSpecification","valueRequired":true,"valueName":"search_term_string"}}],"inLanguage":"es"},{"@type":["Person","Organization"],"@id":"https:\/\/www.fraczinet.cl\/sitio\/#\/schema\/person\/aec8ee4da68df2b9b0eefdad24a0d582","name":"Luis Fernando Fraczinet","image":{"@type":"ImageObject","inLanguage":"es","@id":"https:\/\/www.fraczinet.cl\/sitio\/#\/schema\/person\/image\/","url":"https:\/\/www.fraczinet.cl\/sitio\/wp-content\/uploads\/2021\/07\/bannerlogo-1.gif","contentUrl":"https:\/\/www.fraczinet.cl\/sitio\/wp-content\/uploads\/2021\/07\/bannerlogo-1.gif","width":159,"height":79,"caption":"Luis Fernando Fraczinet"},"logo":{"@id":"https:\/\/www.fraczinet.cl\/sitio\/#\/schema\/person\/image\/"},"sameAs":["https:\/\/www.fraczinet.cl\/sitio\/"]},{"@type":"Person","@id":"https:\/\/www.fraczinet.cl\/sitio\/#\/schema\/person\/bc30f98e9cb10ae7e119dbe14bc93784","name":"admin","image":{"@type":"ImageObject","inLanguage":"es","@id":"https:\/\/www.fraczinet.cl\/sitio\/#\/schema\/person\/image\/","url":"https:\/\/secure.gravatar.com\/avatar\/d5ad3cf7ef3b23a2bb5be73be780c86b2fc8545c3ad6b149f3913ff458c00099?s=96&d=mm&r=g","contentUrl":"https:\/\/secure.gravatar.com\/avatar\/d5ad3cf7ef3b23a2bb5be73be780c86b2fc8545c3ad6b149f3913ff458c00099?s=96&d=mm&r=g","caption":"admin"},"sameAs":["https:\/\/www.fraczinet.cl\/sitio"]}]}},"_links":{"self":[{"href":"https:\/\/www.fraczinet.cl\/sitio\/wp-json\/wp\/v2\/posts\/9086","targetHints":{"allow":["GET"]}}],"collection":[{"href":"https:\/\/www.fraczinet.cl\/sitio\/wp-json\/wp\/v2\/posts"}],"about":[{"href":"https:\/\/www.fraczinet.cl\/sitio\/wp-json\/wp\/v2\/types\/post"}],"author":[{"embeddable":true,"href":"https:\/\/www.fraczinet.cl\/sitio\/wp-json\/wp\/v2\/users\/1"}],"replies":[{"embeddable":true,"href":"https:\/\/www.fraczinet.cl\/sitio\/wp-json\/wp\/v2\/comments?post=9086"}],"version-history":[{"count":1,"href":"https:\/\/www.fraczinet.cl\/sitio\/wp-json\/wp\/v2\/posts\/9086\/revisions"}],"predecessor-version":[{"id":14446,"href":"https:\/\/www.fraczinet.cl\/sitio\/wp-json\/wp\/v2\/posts\/9086\/revisions\/14446"}],"wp:attachment":[{"href":"https:\/\/www.fraczinet.cl\/sitio\/wp-json\/wp\/v2\/media?parent=9086"}],"wp:term":[{"taxonomy":"category","embeddable":true,"href":"https:\/\/www.fraczinet.cl\/sitio\/wp-json\/wp\/v2\/categories?post=9086"},{"taxonomy":"post_tag","embeddable":true,"href":"https:\/\/www.fraczinet.cl\/sitio\/wp-json\/wp\/v2\/tags?post=9086"}],"curies":[{"name":"wp","href":"https:\/\/api.w.org\/{rel}","templated":true}]}}