{"id":9087,"date":"2010-09-25T17:32:00","date_gmt":"2010-09-25T17:32:00","guid":{"rendered":"https:\/\/www.fraczinet.cl\/sitio\/2010\/09\/25\/con-amplio-marco-de-alianzas-nace-la-red-latinoamericana-de-gestion-cultural\/"},"modified":"2010-09-25T17:32:00","modified_gmt":"2010-09-25T17:32:00","slug":"con-amplio-marco-de-alianzas-nace-la-red-latinoamericana-de-gestion-cultural","status":"publish","type":"post","link":"https:\/\/www.fraczinet.cl\/sitio\/con-amplio-marco-de-alianzas-nace-la-red-latinoamericana-de-gestion-cultural\/","title":{"rendered":"Con Amplio Marco De Alianzas, Nace La Red Latinoamericana De Gesti\u00f3n Cultural"},"content":{"rendered":"<p><a href=\"http:\/\/2.bp.blogspot.com\/_2S_RxGRVjis\/TJ4yqmVLQ9I\/AAAAAAAAQxo\/Ghy4Yv1daPc\/s1600\/firma-en-maldonado.jpg\" style=\"clear: left; float: left; margin-bottom: 1em; margin-right: 1em;\"><img decoding=\"async\" alt=\"\" border=\"0\" id=\"BLOGGER_PHOTO_ID_5520905900628067282\" src=\"https:\/\/2.bp.blogspot.com\/_2S_RxGRVjis\/TJ4yqmVLQ9I\/AAAAAAAAQxo\/Ghy4Yv1daPc\/s400\/firma-en-maldonado.jpg\" style=\"height: 300px; width: 400px;\" \/><\/a><\/p>\n<div style=\"text-align: justify;\">Por Egac. Fotograf\u00edas: \u201cN\u00f3mada Gesti\u00f3n cultural\u201d, Argentina.<\/div>\n<div style=\"text-align: justify;\"><\/div>\n<div style=\"text-align: justify;\">Buenas noticias para los gestores culturales. En el marco del seminario \u201cGesti\u00f3n cultural y diversidad\u201d organizado por Traful en Canelones, Uruguay, se realiz\u00f3 la reuni\u00f3n constitutiva de la Red Latinoamericana de Gesti\u00f3n Cultural, REDLGC.<\/div>\n<div style=\"text-align: justify;\"><\/div>\n<div style=\"text-align: justify;\">La naciente Red, viene a llenar un vac\u00edo en el \u00e1mbito de la asociatividad en la regi\u00f3n, mediante la generaci\u00f3n de un espacio de articulaci\u00f3n de los gestores y organizaciones, con independencia de su marco jur\u00eddico, buscando la inclusi\u00f3n de todas aquellas experiencias que desarrollan una labor en el \u00e1mbito de la gesti\u00f3n cultural en sus diversos campos.<\/div>\n<div style=\"text-align: justify;\"><\/div>\n<div style=\"text-align: justify;\">Coronando un trabajo de cerca de un a\u00f1o, y tendiendo como sede la Biblioteca \u201cJos\u00e9 Artigas\u201d de la Casa de la Cultura en la ciudad de Maldonado, el 12 de Septiembre y ante la presencia de gestores y organizaciones locales, los miembros fundadores de organizaciones e instituciones de M\u00e9xico, Colombia, Uruguay, Argentina, Chile y Espa\u00f1a, firmaron el acta que marca el nacimiento de la Red. Junto a ellos, conforman la Red, destacadas organizaciones y gestores de Brasil, El Salvador, Bolivia, y se anuncia ya la incorporaci\u00f3n de representantes de Honduras, Venezuela, Ecuador y Per\u00fa, constituyendo la mayor red asociativa de los gestores en el continente.<\/div>\n<div style=\"text-align: justify;\"><\/div>\n<div style=\"text-align: justify;\">La Red es resultado del intenso proceso generado a partir del Primer Encuentro nacional de Gestores y Animadores Culturales, realizado en Santiago en el 2009 y que continuara, en el Congreso internacional de la gesti\u00f3n cultural en el marco Europeo, realizado en Espa\u00f1a, y que en Uruguay tuviera su s\u00edntesis asociativa. En materia org\u00e1nica, la REDLG se articula en torno de cinco nodos de trabajo en las \u00e1reas de formaci\u00f3n, investigaci\u00f3n, recursos informativos, movilidad y redes y participaci\u00f3n ciudadana, teniendo como el contribuir a generar un espacio de encuentro y colaboraci\u00f3n para la reflexi\u00f3n, discusi\u00f3n y construcci\u00f3n del campo disciplinar de la gesti\u00f3n cultural en Latinoam\u00e9rica, as\u00ed como al reconocimiento y valoraci\u00f3n del campo de la gesti\u00f3n cultural, sus pr\u00e1cticas, procesos y aprendizajes.<\/div>\n<div style=\"text-align: justify;\"><\/div>\n<div style=\"text-align: justify;\"><span style=\"font-weight: bold;\">La primera junta directiva est\u00e1 conformada por Argentina, M\u00e9xico, designando en la presidencia la <a href=\"http:\/\/www.egac.cl\/\">Egac <\/a>de Chile. En los pr\u00f3ximos d\u00edas mayor informaci\u00f3n sobre el proceso de afiliaci\u00f3n de nuevos miembros.<\/span><\/div>\n<div style=\"text-align: justify;\"><\/div>\n<div style=\"text-align: justify;\"><span style=\"font-weight: bold;\">Nota Original y Fotograf\u00edas en<\/span>: <a href=\"http:\/\/egac.wordpress.com\/2010\/09\/25\/con-amplio-marco-de-alianzas-nace-la-red-latinoamericana-de-gestion-cultural\/\">http:\/\/egac.wordpress.com\/2010\/09\/25\/con-amplio-marco-de-alianzas-nace-la-red-latinoamericana-de-gestion-cultural\/<\/a><\/div>\n","protected":false},"excerpt":{"rendered":"<p>Por Egac. Fotograf\u00edas: \u201cN\u00f3mada Gesti\u00f3n cultural\u201d, Argentina. Buenas noticias para los gestores culturales. En el marco del seminario \u201cGesti\u00f3n cultural y diversidad\u201d organizado por Traful en Canelones, Uruguay, se realiz\u00f3 la reuni\u00f3n constitutiva de la Red Latinoamericana de Gesti\u00f3n Cultural, REDLGC. La naciente Red, viene a llenar un vac\u00edo en el \u00e1mbito de la asociatividad [&hellip;]<\/p>\n","protected":false},"author":1,"featured_media":0,"comment_status":"open","ping_status":"closed","sticky":false,"template":"","format":"standard","meta":{"footnotes":""},"categories":[113,207],"tags":[],"class_list":["post-9087","post","type-post","status-publish","format-standard","hentry","category-ciudadania","category-gestion-cultural"],"yoast_head":"<!-- This site is optimized with the Yoast SEO plugin v28.2 - https:\/\/yoast.com\/product\/yoast-seo-wordpress\/ -->\n<title>Con Amplio Marco De Alianzas, Nace La Red Latinoamericana De Gesti\u00f3n Cultural - Nuestro Bio B\u00edo<\/title>\n<meta name=\"robots\" content=\"index, follow, max-snippet:-1, max-image-preview:large, max-video-preview:-1\" \/>\n<link rel=\"canonical\" href=\"https:\/\/www.fraczinet.cl\/sitio\/con-amplio-marco-de-alianzas-nace-la-red-latinoamericana-de-gestion-cultural\/\" \/>\n<meta property=\"og:locale\" content=\"es_ES\" \/>\n<meta property=\"og:type\" content=\"article\" \/>\n<meta property=\"og:title\" content=\"Con Amplio Marco De Alianzas, Nace La Red Latinoamericana De Gesti\u00f3n Cultural - Nuestro Bio B\u00edo\" \/>\n<meta property=\"og:description\" content=\"Por Egac. Fotograf\u00edas: \u201cN\u00f3mada Gesti\u00f3n cultural\u201d, Argentina. Buenas noticias para los gestores culturales. En el marco del seminario \u201cGesti\u00f3n cultural y diversidad\u201d organizado por Traful en Canelones, Uruguay, se realiz\u00f3 la reuni\u00f3n constitutiva de la Red Latinoamericana de Gesti\u00f3n Cultural, REDLGC. La naciente Red, viene a llenar un vac\u00edo en el \u00e1mbito de la asociatividad [&hellip;]\" \/>\n<meta property=\"og:url\" content=\"https:\/\/www.fraczinet.cl\/sitio\/con-amplio-marco-de-alianzas-nace-la-red-latinoamericana-de-gestion-cultural\/\" \/>\n<meta property=\"og:site_name\" content=\"Nuestro Bio B\u00edo\" \/>\n<meta property=\"article:publisher\" content=\"https:\/\/www.facebook.com\/groups\/15721414452\/\" \/>\n<meta property=\"article:published_time\" content=\"2010-09-25T17:32:00+00:00\" \/>\n<meta property=\"og:image\" content=\"https:\/\/2.bp.blogspot.com\/_2S_RxGRVjis\/TJ4yqmVLQ9I\/AAAAAAAAQxo\/Ghy4Yv1daPc\/s400\/firma-en-maldonado.jpg\" \/>\n<meta name=\"twitter:card\" content=\"summary_large_image\" \/>\n<meta name=\"twitter:creator\" content=\"@nuestrobiobio\" \/>\n<meta name=\"twitter:site\" content=\"@nuestrobiobio\" \/>\n<meta name=\"twitter:label1\" content=\"Escrito por\" \/>\n\t<meta name=\"twitter:data1\" content=\"\" \/>\n\t<meta name=\"twitter:label2\" content=\"Tiempo de lectura\" \/>\n\t<meta name=\"twitter:data2\" content=\"2 minutos\" \/>\n<script type=\"application\/ld+json\" class=\"yoast-schema-graph\">{\"@context\":\"https:\\\/\\\/schema.org\",\"@graph\":[{\"@type\":\"Article\",\"@id\":\"https:\\\/\\\/www.fraczinet.cl\\\/sitio\\\/con-amplio-marco-de-alianzas-nace-la-red-latinoamericana-de-gestion-cultural\\\/#article\",\"isPartOf\":{\"@id\":\"https:\\\/\\\/www.fraczinet.cl\\\/sitio\\\/con-amplio-marco-de-alianzas-nace-la-red-latinoamericana-de-gestion-cultural\\\/\"},\"author\":{\"name\":\"\",\"@id\":\"\"},\"headline\":\"Con Amplio Marco De Alianzas, Nace La Red Latinoamericana De Gesti\u00f3n Cultural\",\"datePublished\":\"2010-09-25T17:32:00+00:00\",\"mainEntityOfPage\":{\"@id\":\"https:\\\/\\\/www.fraczinet.cl\\\/sitio\\\/con-amplio-marco-de-alianzas-nace-la-red-latinoamericana-de-gestion-cultural\\\/\"},\"wordCount\":418,\"commentCount\":0,\"image\":{\"@id\":\"https:\\\/\\\/www.fraczinet.cl\\\/sitio\\\/con-amplio-marco-de-alianzas-nace-la-red-latinoamericana-de-gestion-cultural\\\/#primaryimage\"},\"thumbnailUrl\":\"https:\\\/\\\/2.bp.blogspot.com\\\/_2S_RxGRVjis\\\/TJ4yqmVLQ9I\\\/AAAAAAAAQxo\\\/Ghy4Yv1daPc\\\/s400\\\/firma-en-maldonado.jpg\",\"articleSection\":[\"Ciudadan\u00eda\",\"Gesti\u00f3n Cultural\"],\"inLanguage\":\"es\",\"potentialAction\":[{\"@type\":\"CommentAction\",\"name\":\"Comment\",\"target\":[\"https:\\\/\\\/www.fraczinet.cl\\\/sitio\\\/con-amplio-marco-de-alianzas-nace-la-red-latinoamericana-de-gestion-cultural\\\/#respond\"]}]},{\"@type\":\"WebPage\",\"@id\":\"https:\\\/\\\/www.fraczinet.cl\\\/sitio\\\/con-amplio-marco-de-alianzas-nace-la-red-latinoamericana-de-gestion-cultural\\\/\",\"url\":\"https:\\\/\\\/www.fraczinet.cl\\\/sitio\\\/con-amplio-marco-de-alianzas-nace-la-red-latinoamericana-de-gestion-cultural\\\/\",\"name\":\"Con Amplio Marco De Alianzas, Nace La Red Latinoamericana De Gesti\u00f3n Cultural - Nuestro Bio B\u00edo\",\"isPartOf\":{\"@id\":\"https:\\\/\\\/www.fraczinet.cl\\\/sitio\\\/#website\"},\"primaryImageOfPage\":{\"@id\":\"https:\\\/\\\/www.fraczinet.cl\\\/sitio\\\/con-amplio-marco-de-alianzas-nace-la-red-latinoamericana-de-gestion-cultural\\\/#primaryimage\"},\"image\":{\"@id\":\"https:\\\/\\\/www.fraczinet.cl\\\/sitio\\\/con-amplio-marco-de-alianzas-nace-la-red-latinoamericana-de-gestion-cultural\\\/#primaryimage\"},\"thumbnailUrl\":\"https:\\\/\\\/2.bp.blogspot.com\\\/_2S_RxGRVjis\\\/TJ4yqmVLQ9I\\\/AAAAAAAAQxo\\\/Ghy4Yv1daPc\\\/s400\\\/firma-en-maldonado.jpg\",\"datePublished\":\"2010-09-25T17:32:00+00:00\",\"author\":{\"@id\":\"\"},\"breadcrumb\":{\"@id\":\"https:\\\/\\\/www.fraczinet.cl\\\/sitio\\\/con-amplio-marco-de-alianzas-nace-la-red-latinoamericana-de-gestion-cultural\\\/#breadcrumb\"},\"inLanguage\":\"es\",\"potentialAction\":[{\"@type\":\"ReadAction\",\"target\":[\"https:\\\/\\\/www.fraczinet.cl\\\/sitio\\\/con-amplio-marco-de-alianzas-nace-la-red-latinoamericana-de-gestion-cultural\\\/\"]}]},{\"@type\":\"ImageObject\",\"inLanguage\":\"es\",\"@id\":\"https:\\\/\\\/www.fraczinet.cl\\\/sitio\\\/con-amplio-marco-de-alianzas-nace-la-red-latinoamericana-de-gestion-cultural\\\/#primaryimage\",\"url\":\"https:\\\/\\\/2.bp.blogspot.com\\\/_2S_RxGRVjis\\\/TJ4yqmVLQ9I\\\/AAAAAAAAQxo\\\/Ghy4Yv1daPc\\\/s400\\\/firma-en-maldonado.jpg\",\"contentUrl\":\"https:\\\/\\\/2.bp.blogspot.com\\\/_2S_RxGRVjis\\\/TJ4yqmVLQ9I\\\/AAAAAAAAQxo\\\/Ghy4Yv1daPc\\\/s400\\\/firma-en-maldonado.jpg\"},{\"@type\":\"BreadcrumbList\",\"@id\":\"https:\\\/\\\/www.fraczinet.cl\\\/sitio\\\/con-amplio-marco-de-alianzas-nace-la-red-latinoamericana-de-gestion-cultural\\\/#breadcrumb\",\"itemListElement\":[{\"@type\":\"ListItem\",\"position\":1,\"name\":\"Portada\",\"item\":\"https:\\\/\\\/www.fraczinet.cl\\\/sitio\\\/\"},{\"@type\":\"ListItem\",\"position\":2,\"name\":\"Con Amplio Marco De Alianzas, Nace La Red Latinoamericana De Gesti\u00f3n Cultural\"}]},{\"@type\":\"WebSite\",\"@id\":\"https:\\\/\\\/www.fraczinet.cl\\\/sitio\\\/#website\",\"url\":\"https:\\\/\\\/www.fraczinet.cl\\\/sitio\\\/\",\"name\":\"Nuestro Bio B\u00edo\",\"description\":\"Tierra de Encuentros\",\"potentialAction\":[{\"@type\":\"SearchAction\",\"target\":{\"@type\":\"EntryPoint\",\"urlTemplate\":\"https:\\\/\\\/www.fraczinet.cl\\\/sitio\\\/?s={search_term_string}\"},\"query-input\":{\"@type\":\"PropertyValueSpecification\",\"valueRequired\":true,\"valueName\":\"search_term_string\"}}],\"inLanguage\":\"es\"},{\"@type\":\"Person\",\"@id\":\"\"}]}<\/script>\n<!-- \/ Yoast SEO plugin. -->","yoast_head_json":{"title":"Con Amplio Marco De Alianzas, Nace La Red Latinoamericana De Gesti\u00f3n Cultural - Nuestro Bio B\u00edo","robots":{"index":"index","follow":"follow","max-snippet":"max-snippet:-1","max-image-preview":"max-image-preview:large","max-video-preview":"max-video-preview:-1"},"canonical":"https:\/\/www.fraczinet.cl\/sitio\/con-amplio-marco-de-alianzas-nace-la-red-latinoamericana-de-gestion-cultural\/","og_locale":"es_ES","og_type":"article","og_title":"Con Amplio Marco De Alianzas, Nace La Red Latinoamericana De Gesti\u00f3n Cultural - Nuestro Bio B\u00edo","og_description":"Por Egac. Fotograf\u00edas: \u201cN\u00f3mada Gesti\u00f3n cultural\u201d, Argentina. Buenas noticias para los gestores culturales. En el marco del seminario \u201cGesti\u00f3n cultural y diversidad\u201d organizado por Traful en Canelones, Uruguay, se realiz\u00f3 la reuni\u00f3n constitutiva de la Red Latinoamericana de Gesti\u00f3n Cultural, REDLGC. La naciente Red, viene a llenar un vac\u00edo en el \u00e1mbito de la asociatividad [&hellip;]","og_url":"https:\/\/www.fraczinet.cl\/sitio\/con-amplio-marco-de-alianzas-nace-la-red-latinoamericana-de-gestion-cultural\/","og_site_name":"Nuestro Bio B\u00edo","article_publisher":"https:\/\/www.facebook.com\/groups\/15721414452\/","article_published_time":"2010-09-25T17:32:00+00:00","og_image":[{"url":"https:\/\/2.bp.blogspot.com\/_2S_RxGRVjis\/TJ4yqmVLQ9I\/AAAAAAAAQxo\/Ghy4Yv1daPc\/s400\/firma-en-maldonado.jpg","type":"","width":"","height":""}],"twitter_card":"summary_large_image","twitter_creator":"@nuestrobiobio","twitter_site":"@nuestrobiobio","twitter_misc":{"Escrito por":"","Tiempo de lectura":"2 minutos"},"schema":{"@context":"https:\/\/schema.org","@graph":[{"@type":"Article","@id":"https:\/\/www.fraczinet.cl\/sitio\/con-amplio-marco-de-alianzas-nace-la-red-latinoamericana-de-gestion-cultural\/#article","isPartOf":{"@id":"https:\/\/www.fraczinet.cl\/sitio\/con-amplio-marco-de-alianzas-nace-la-red-latinoamericana-de-gestion-cultural\/"},"author":{"name":"","@id":""},"headline":"Con Amplio Marco De Alianzas, Nace La Red Latinoamericana De Gesti\u00f3n Cultural","datePublished":"2010-09-25T17:32:00+00:00","mainEntityOfPage":{"@id":"https:\/\/www.fraczinet.cl\/sitio\/con-amplio-marco-de-alianzas-nace-la-red-latinoamericana-de-gestion-cultural\/"},"wordCount":418,"commentCount":0,"image":{"@id":"https:\/\/www.fraczinet.cl\/sitio\/con-amplio-marco-de-alianzas-nace-la-red-latinoamericana-de-gestion-cultural\/#primaryimage"},"thumbnailUrl":"https:\/\/2.bp.blogspot.com\/_2S_RxGRVjis\/TJ4yqmVLQ9I\/AAAAAAAAQxo\/Ghy4Yv1daPc\/s400\/firma-en-maldonado.jpg","articleSection":["Ciudadan\u00eda","Gesti\u00f3n Cultural"],"inLanguage":"es","potentialAction":[{"@type":"CommentAction","name":"Comment","target":["https:\/\/www.fraczinet.cl\/sitio\/con-amplio-marco-de-alianzas-nace-la-red-latinoamericana-de-gestion-cultural\/#respond"]}]},{"@type":"WebPage","@id":"https:\/\/www.fraczinet.cl\/sitio\/con-amplio-marco-de-alianzas-nace-la-red-latinoamericana-de-gestion-cultural\/","url":"https:\/\/www.fraczinet.cl\/sitio\/con-amplio-marco-de-alianzas-nace-la-red-latinoamericana-de-gestion-cultural\/","name":"Con Amplio Marco De Alianzas, Nace La Red Latinoamericana De Gesti\u00f3n Cultural - Nuestro Bio B\u00edo","isPartOf":{"@id":"https:\/\/www.fraczinet.cl\/sitio\/#website"},"primaryImageOfPage":{"@id":"https:\/\/www.fraczinet.cl\/sitio\/con-amplio-marco-de-alianzas-nace-la-red-latinoamericana-de-gestion-cultural\/#primaryimage"},"image":{"@id":"https:\/\/www.fraczinet.cl\/sitio\/con-amplio-marco-de-alianzas-nace-la-red-latinoamericana-de-gestion-cultural\/#primaryimage"},"thumbnailUrl":"https:\/\/2.bp.blogspot.com\/_2S_RxGRVjis\/TJ4yqmVLQ9I\/AAAAAAAAQxo\/Ghy4Yv1daPc\/s400\/firma-en-maldonado.jpg","datePublished":"2010-09-25T17:32:00+00:00","author":{"@id":""},"breadcrumb":{"@id":"https:\/\/www.fraczinet.cl\/sitio\/con-amplio-marco-de-alianzas-nace-la-red-latinoamericana-de-gestion-cultural\/#breadcrumb"},"inLanguage":"es","potentialAction":[{"@type":"ReadAction","target":["https:\/\/www.fraczinet.cl\/sitio\/con-amplio-marco-de-alianzas-nace-la-red-latinoamericana-de-gestion-cultural\/"]}]},{"@type":"ImageObject","inLanguage":"es","@id":"https:\/\/www.fraczinet.cl\/sitio\/con-amplio-marco-de-alianzas-nace-la-red-latinoamericana-de-gestion-cultural\/#primaryimage","url":"https:\/\/2.bp.blogspot.com\/_2S_RxGRVjis\/TJ4yqmVLQ9I\/AAAAAAAAQxo\/Ghy4Yv1daPc\/s400\/firma-en-maldonado.jpg","contentUrl":"https:\/\/2.bp.blogspot.com\/_2S_RxGRVjis\/TJ4yqmVLQ9I\/AAAAAAAAQxo\/Ghy4Yv1daPc\/s400\/firma-en-maldonado.jpg"},{"@type":"BreadcrumbList","@id":"https:\/\/www.fraczinet.cl\/sitio\/con-amplio-marco-de-alianzas-nace-la-red-latinoamericana-de-gestion-cultural\/#breadcrumb","itemListElement":[{"@type":"ListItem","position":1,"name":"Portada","item":"https:\/\/www.fraczinet.cl\/sitio\/"},{"@type":"ListItem","position":2,"name":"Con Amplio Marco De Alianzas, Nace La Red Latinoamericana De Gesti\u00f3n Cultural"}]},{"@type":"WebSite","@id":"https:\/\/www.fraczinet.cl\/sitio\/#website","url":"https:\/\/www.fraczinet.cl\/sitio\/","name":"Nuestro Bio B\u00edo","description":"Tierra de Encuentros","potentialAction":[{"@type":"SearchAction","target":{"@type":"EntryPoint","urlTemplate":"https:\/\/www.fraczinet.cl\/sitio\/?s={search_term_string}"},"query-input":{"@type":"PropertyValueSpecification","valueRequired":true,"valueName":"search_term_string"}}],"inLanguage":"es"},{"@type":"Person","@id":""}]}},"_links":{"self":[{"href":"https:\/\/www.fraczinet.cl\/sitio\/wp-json\/wp\/v2\/posts\/9087","targetHints":{"allow":["GET"]}}],"collection":[{"href":"https:\/\/www.fraczinet.cl\/sitio\/wp-json\/wp\/v2\/posts"}],"about":[{"href":"https:\/\/www.fraczinet.cl\/sitio\/wp-json\/wp\/v2\/types\/post"}],"author":[{"embeddable":true,"href":"https:\/\/www.fraczinet.cl\/sitio\/wp-json\/wp\/v2\/users\/1"}],"replies":[{"embeddable":true,"href":"https:\/\/www.fraczinet.cl\/sitio\/wp-json\/wp\/v2\/comments?post=9087"}],"version-history":[{"count":0,"href":"https:\/\/www.fraczinet.cl\/sitio\/wp-json\/wp\/v2\/posts\/9087\/revisions"}],"wp:attachment":[{"href":"https:\/\/www.fraczinet.cl\/sitio\/wp-json\/wp\/v2\/media?parent=9087"}],"wp:term":[{"taxonomy":"category","embeddable":true,"href":"https:\/\/www.fraczinet.cl\/sitio\/wp-json\/wp\/v2\/categories?post=9087"},{"taxonomy":"post_tag","embeddable":true,"href":"https:\/\/www.fraczinet.cl\/sitio\/wp-json\/wp\/v2\/tags?post=9087"}],"curies":[{"name":"wp","href":"https:\/\/api.w.org\/{rel}","templated":true}]}}