{"id":9096,"date":"2010-09-16T21:05:00","date_gmt":"2010-09-16T21:05:00","guid":{"rendered":"https:\/\/www.fraczinet.cl\/sitio\/2010\/09\/16\/la-herejia-de-la-tecnificacion-fondos-concursables-consejo-nacional-del-arte-y-la-cultura-de-chile\/"},"modified":"2010-09-16T21:05:00","modified_gmt":"2010-09-16T21:05:00","slug":"la-herejia-de-la-tecnificacion-fondos-concursables-consejo-nacional-del-arte-y-la-cultura-de-chile","status":"publish","type":"post","link":"https:\/\/www.fraczinet.cl\/sitio\/2010\/09\/16\/la-herejia-de-la-tecnificacion-fondos-concursables-consejo-nacional-del-arte-y-la-cultura-de-chile\/","title":{"rendered":"La Herej\u00eda De La Tecnificaci\u00f3n. Fondos Concursables Consejo Nacional del Arte y la Cultura de Chile"},"content":{"rendered":"<div style=\"text-align: justify;\">Por Ingrid Odgers<\/div>\n<div style=\"text-align: justify;\"><\/div>\n<div style=\"text-align: justify;\">La creatividad literaria no puede plasmarse en un proyecto en raz\u00f3n a la definici\u00f3n de escritura, Tor\u00edo afirma, no sin motivo, que el Arte de escribir es liberal.<\/div>\n<div style=\"text-align: justify;\"><\/div>\n<div style=\"text-align: justify;\">Las artes liberales, en opini\u00f3n del citado autor, usan m\u00e1s del entendimiento que de la mano, y en este caso se halla la escritura, en la cual, la mano, sin inteligencia que la dirija, es un miembro in\u00fatil para la producci\u00f3n de las obras escritas.<\/div>\n<div style=\"text-align: justify;\"><\/div>\n<div style=\"text-align: justify;\">Adem\u00e1s, la escritura es arte en que se ejercitaban los hombres libres, y no los siervos del mundo antiguo, y tales hechos son causa tambi\u00e9n de que pueda d\u00e1rsele el calificativo de liberal.<\/div>\n<div style=\"text-align: justify;\"><\/div>\n<div style=\"text-align: justify;\">Pero tomando esta palabra en su acepci\u00f3n de belleza, podemos asegurar que la  escritura es una arte bella.<\/div>\n<div style=\"text-align: justify;\"><\/div>\n<div style=\"text-align: justify;\">Es posible concebir en las obras escritas las notas esenciales de la belleza, a saber: orden, proporci\u00f3n, verdad, bondad y perfecci\u00f3n; las obras escritas producen frecuentemente emociones, puras y desinteresadas, trasmiten esp\u00edritu, luego, son capaces de belleza.<\/div>\n<div style=\"text-align: justify;\"><\/div>\n<div style=\"text-align: justify;\">La Escritura puede ser una arte bella; y cuando esta arte, realiza su fin, que es la expresi\u00f3n del pensamiento y dem\u00e1s fen\u00f3menos del esp\u00edritu por medio de signos gr\u00e1ficos, realiza el de manifestar la belleza.<\/div>\n<div style=\"text-align: justify;\"><\/div>\n<div style=\"text-align: justify;\">La expresi\u00f3n del pensamiento por medio de signos gr\u00e1ficos es, como ya se ha dicho, el fin de la escritura; pero este fin puede ser considerado como medio para otros fines remotos. En efecto, al escribir, nos proponemos transmitir un conocimiento a personas ausentes o a generaciones venideras, y en este prop\u00f3sito hay siempre un fin educativo. Es, por tanto, la escritura medio eficaz de educaci\u00f3n y de instrucci\u00f3n.<\/div>\n<div style=\"text-align: justify;\"><\/div>\n<div style=\"text-align: justify;\">Por otro lado, la creaci\u00f3n literaria es un acto ling\u00fc\u00edstico, un acto de expresi\u00f3n, de significaci\u00f3n y de comunicaci\u00f3n.<\/div>\n<div style=\"text-align: justify;\"><\/div>\n<div style=\"text-align: justify;\">Como cualquier otro hecho del lenguaje, el texto creado es un mensaje emitido por un emisor, recibido o captado por un receptor, transmitido por un medio de transmisi\u00f3n o transmisor, producido en una situaci\u00f3n hist\u00f3rico- social y en un contexto ling\u00fc\u00edstico-literario determinado, referido a un referente, y cifrado conforme a un c\u00f3digo.<\/div>\n<div style=\"text-align: justify;\"><\/div>\n<div style=\"text-align: justify;\">Mensaje que quiere llegar, tener un receptor.<\/div>\n<div style=\"text-align: justify;\"><\/div>\n<div style=\"text-align: justify;\">\u00abEscribo para evitar que al miedo de la muerte se agregue el miedo de la vida\u00bb. Augusto Roa Bastos<\/div>\n<div style=\"text-align: justify;\"><\/div>\n<div style=\"text-align: justify;\">\u00abDe todas las cosas tal y como existen, y de todas las cosas que uno sabe, y de todo lo que uno puede saber, se hace algo a trav\u00e9s de la invenci\u00f3n, algo que no es una representaci\u00f3n sino una cosa totalmente nueva, m\u00e1s real que cualquier otra cosa verdadera y viva, y uno le da vida, y si se hace lo suficientemente bien, se le da inmortalidad. Es por eso que yo escribo y por ninguna otra raz\u00f3n\u00bb. Ernest Hemingway<\/div>\n<div style=\"text-align: justify;\"><\/div>\n<div style=\"text-align: justify;\">\u201cEl arte es generoso, pr\u00f3digo, dador, y la verdad es que el secreto del escritor s\u00f3lo adquiere un sentido cuando se hace p\u00fablico\u00bb. Mario Benedetti<\/div>\n<div style=\"text-align: justify;\"><\/div>\n<div style=\"text-align: justify;\">Considerando lo expresado anteriormente, deducimos que la creaci\u00f3n literaria requiere principalmente de libertad.<\/div>\n<div style=\"text-align: justify;\"><\/div>\n<div style=\"text-align: justify;\">De tal forma, se puede decir (y \u00e9sta es la segunda o tercera oportunidad que lo digo), que la l\u00f3gica de los proyectos anula o coarta la creaci\u00f3n literaria, al eliminar la improvisaci\u00f3n y los riesgos que est\u00e1n ligados a todo acto de creaci\u00f3n. Podr\u00edamos hablar del \u201clibre albedr\u00edo\u201d, concepto primigenio imprescindible, inseparable al ser.<\/div>\n<div style=\"text-align: justify;\"><\/div>\n<div style=\"text-align: justify;\">La l\u00f3gica irracional impuesta por los formularios, impuestos a su vez por tecn\u00f3cratas acad\u00e9micos, que muchas veces desconocen el proceso de creaci\u00f3n literaria fortalece a quienes juegan en las lindes de la teor\u00eda cr\u00edtica, que son perfectamente acomodables en un proyecto, pero deja en total desamparo al artista, al verdadero creador, que requiere de la m\u00e1s plena libertad para realizar su obra. M\u00e1s a\u00fan, considerando que la escritura en este siglo se ha liberado de los patrones tradicionales tanto en la l\u00edrica como en la narrativa. En poes\u00eda es generalizada la pr\u00e1ctica del verso libre, la experimentaci\u00f3n con la palabra y el verso no tiene l\u00edmites y en narrativa, la estructura viaja por laberintos imprevisibles. Es la premisa del arte, como lo dijo Picasso: \u201c\u2026la ense\u00f1anza acad\u00e9mica es una supercher\u00eda. El Arte no consiste en la aplicaci\u00f3n de un canon de belleza sino en lo que el instinto y el cerebro son capaces de concebir m\u00e1s all\u00e1 de ese canon.\u201d<\/div>\n<div style=\"text-align: justify;\"><\/div>\n<div style=\"text-align: justify;\">Nada m\u00e1s absurdo que jurados del Fondo del Libro y la Lectura respecto a un proyecto de cuentos infantiles lapiden con: \u201cNo condice con interesar a los ni\u00f1os en la lectura\u201d o ante otro proyecto de difusi\u00f3n: \u201cfalta Plan de Gesti\u00f3n\u201d.<\/div>\n<div style=\"text-align: justify;\"><\/div>\n<div style=\"text-align: justify;\">\u00bfQu\u00e9 esperan los evaluadores que leamos su mente para saber qu\u00e9 desean ellos ver plasmado en un proyecto?<\/div>\n<div style=\"text-align: justify;\"><\/div>\n<div style=\"text-align: justify;\">\u00bfVan a venir ellos a definir nuestra creatividad, a evaluar nuestro talento demostrado por a\u00f1os de trayectoria acreditada y reconocida?<\/div>\n<div style=\"text-align: justify;\"><\/div>\n<div style=\"text-align: justify;\">\u00bfAcaso son ellos nuestro p\u00fablico objetivo?<\/div>\n<div style=\"text-align: justify;\"><\/div>\n<div style=\"text-align: justify;\">M\u00e1s que evaluar parece ser que se transformaron en una siniestra censura que filtra y decide lo que se debe leer hoy.<\/div>\n<div style=\"text-align: justify;\"><\/div>\n<div style=\"text-align: justify;\">En cuanto a planes de gesti\u00f3n, \u00bfse pretender\u00e1 dar trabajo a ingenieros desempleados oblig\u00e1ndonos a su contrataci\u00f3n para presentar un proyecto de difusi\u00f3n? \u00bfSe desea beneficiar m\u00e1s a las instituciones, fundaciones, universidades que cuentan con equipos profesionales subutilizados?<\/div>\n<div style=\"text-align: justify;\"><\/div>\n<div style=\"text-align: justify;\">Si es as\u00ed, \u00a1\u00a1d\u00edganlo ya!!<\/div>\n<div style=\"text-align: justify;\"><\/div>\n<div style=\"text-align: justify;\">\u00a1Por la chupalla!, somos escritores no gerentes de empresa, no somos miembros de directorio  de corporaciones, fundaciones ni potentados para contratar asesores. Escritores y escritoras, hombres y mujeres sencillos, habitantes en su mayor\u00eda de barrios populares, trabajando en lugares que ellos, los tecn\u00f3cratas, jam\u00e1s han pisado, en el barro, con lluvia, en campamentos, en poblaciones, en la m\u00e1s extrema marginalidad, hombres y mujeres con anhelos, sue\u00f1os y esperanza, coartados por un sistema vil, injusto, discriminatorio en el cual estamos obligados a movernos para realizar nuestros proyectos escriturales con sacrificio, como locos genios, cual Quijotes en el pared\u00f3n.<\/div>\n<div style=\"text-align: justify;\"><\/div>\n<div style=\"text-align: justify;\">Vamos de mal en peor, continuamos con los mismos problemas de 10 o 15 a\u00f1os atr\u00e1s, con mayor burocracia eso innegable, y no hay nada que pueda paralizar este sistema, s\u00f3lo la soledad de nuestro cuarto y la fuerza de la Palabra.<\/div>\n<div style=\"text-align: justify;\"><\/div>\n<div style=\"text-align: justify;\">En el Consejo Nacional se solicit\u00f3 simplificaci\u00f3n de formularios mediante cartas avaladas por acuciosos estudios en el tema de quien sabe c\u00f3mo son realmente las cosas en provincias y claro, \u00a1S\u00ed que los modificaron! nos dejaron fuera de la competencia.<\/div>\n<div style=\"text-align: justify;\"><\/div>\n<div style=\"text-align: justify;\">Conozca M\u00e1s de Ingrid Odgers en su blog: <a href=\"http:\/\/ingridodgerstoloza.blogspot.com\/\">http:\/\/ingridodgerstoloza.blogspot.com\/<\/a><\/div>\n<div style=\"text-align: justify;\"><\/div>\n<div style=\"text-align: justify;\">Nota Original en: <a href=\"http:\/\/www.facebook.com\/note.php?note_id=433093951462\">http:\/\/www.facebook.com\/note.php?note_id=433093951462<\/a><\/div>\n","protected":false},"excerpt":{"rendered":"<p>Por Ingrid Odgers La creatividad literaria no puede plasmarse en un proyecto en raz\u00f3n a la definici\u00f3n de escritura, Tor\u00edo afirma, no sin motivo, que el Arte de escribir es liberal. Las artes liberales, en opini\u00f3n del citado autor, usan m\u00e1s del entendimiento que de la mano, y en este caso se halla la escritura, [&hellip;]<\/p>\n","protected":false},"author":1,"featured_media":0,"comment_status":"open","ping_status":"open","sticky":false,"template":"","format":"standard","meta":{"footnotes":""},"categories":[178,149,112],"tags":[],"class_list":["post-9096","post","type-post","status-publish","format-standard","hentry","category-fondos-concursables","category-ingrid-odgers","category-opinion"],"yoast_head":"<!-- This site is optimized with the Yoast SEO plugin v25.0 - https:\/\/yoast.com\/wordpress\/plugins\/seo\/ -->\n<title>La Herej\u00eda De La Tecnificaci\u00f3n. Fondos Concursables Consejo Nacional del Arte y la Cultura de Chile - Nuestro Bio B\u00edo<\/title>\n<meta name=\"robots\" content=\"index, follow, max-snippet:-1, max-image-preview:large, max-video-preview:-1\" \/>\n<link rel=\"canonical\" href=\"https:\/\/www.fraczinet.cl\/sitio\/2010\/09\/16\/la-herejia-de-la-tecnificacion-fondos-concursables-consejo-nacional-del-arte-y-la-cultura-de-chile\/\" \/>\n<meta property=\"og:locale\" content=\"es_ES\" \/>\n<meta property=\"og:type\" content=\"article\" \/>\n<meta property=\"og:title\" content=\"La Herej\u00eda De La Tecnificaci\u00f3n. Fondos Concursables Consejo Nacional del Arte y la Cultura de Chile - Nuestro Bio B\u00edo\" \/>\n<meta property=\"og:description\" content=\"Por Ingrid Odgers La creatividad literaria no puede plasmarse en un proyecto en raz\u00f3n a la definici\u00f3n de escritura, Tor\u00edo afirma, no sin motivo, que el Arte de escribir es liberal. Las artes liberales, en opini\u00f3n del citado autor, usan m\u00e1s del entendimiento que de la mano, y en este caso se halla la escritura, [&hellip;]\" \/>\n<meta property=\"og:url\" content=\"https:\/\/www.fraczinet.cl\/sitio\/2010\/09\/16\/la-herejia-de-la-tecnificacion-fondos-concursables-consejo-nacional-del-arte-y-la-cultura-de-chile\/\" \/>\n<meta property=\"og:site_name\" content=\"Nuestro Bio B\u00edo\" \/>\n<meta property=\"article:published_time\" content=\"2010-09-16T21:05:00+00:00\" \/>\n<meta property=\"og:image\" content=\"https:\/\/www.fraczinet.cl\/sitio\/wp-content\/uploads\/2021\/07\/bannerlogo-1.gif\" \/>\n\t<meta property=\"og:image:width\" content=\"159\" \/>\n\t<meta property=\"og:image:height\" content=\"79\" \/>\n\t<meta property=\"og:image:type\" content=\"image\/gif\" \/>\n<meta name=\"author\" content=\"admin\" \/>\n<meta name=\"twitter:card\" content=\"summary_large_image\" \/>\n<meta name=\"twitter:creator\" content=\"@nuestrobiobio\" \/>\n<meta name=\"twitter:site\" content=\"@nuestrobiobio\" \/>\n<meta name=\"twitter:label1\" content=\"Escrito por\" \/>\n\t<meta name=\"twitter:data1\" content=\"admin\" \/>\n\t<meta name=\"twitter:label2\" content=\"Tiempo de lectura\" \/>\n\t<meta name=\"twitter:data2\" content=\"6 minutos\" \/>\n<script type=\"application\/ld+json\" class=\"yoast-schema-graph\">{\"@context\":\"https:\/\/schema.org\",\"@graph\":[{\"@type\":\"Article\",\"@id\":\"https:\/\/www.fraczinet.cl\/sitio\/2010\/09\/16\/la-herejia-de-la-tecnificacion-fondos-concursables-consejo-nacional-del-arte-y-la-cultura-de-chile\/#article\",\"isPartOf\":{\"@id\":\"https:\/\/www.fraczinet.cl\/sitio\/2010\/09\/16\/la-herejia-de-la-tecnificacion-fondos-concursables-consejo-nacional-del-arte-y-la-cultura-de-chile\/\"},\"author\":{\"name\":\"admin\",\"@id\":\"https:\/\/www.fraczinet.cl\/sitio\/#\/schema\/person\/bc30f98e9cb10ae7e119dbe14bc93784\"},\"headline\":\"La Herej\u00eda De La Tecnificaci\u00f3n. Fondos Concursables Consejo Nacional del Arte y la Cultura de Chile\",\"datePublished\":\"2010-09-16T21:05:00+00:00\",\"mainEntityOfPage\":{\"@id\":\"https:\/\/www.fraczinet.cl\/sitio\/2010\/09\/16\/la-herejia-de-la-tecnificacion-fondos-concursables-consejo-nacional-del-arte-y-la-cultura-de-chile\/\"},\"wordCount\":1162,\"commentCount\":0,\"publisher\":{\"@id\":\"https:\/\/www.fraczinet.cl\/sitio\/#\/schema\/person\/aec8ee4da68df2b9b0eefdad24a0d582\"},\"articleSection\":[\"Fondos Concursables\",\"Ingrid Odgers\",\"Opini\u00f3n\"],\"inLanguage\":\"es\",\"potentialAction\":[{\"@type\":\"CommentAction\",\"name\":\"Comment\",\"target\":[\"https:\/\/www.fraczinet.cl\/sitio\/2010\/09\/16\/la-herejia-de-la-tecnificacion-fondos-concursables-consejo-nacional-del-arte-y-la-cultura-de-chile\/#respond\"]}]},{\"@type\":\"WebPage\",\"@id\":\"https:\/\/www.fraczinet.cl\/sitio\/2010\/09\/16\/la-herejia-de-la-tecnificacion-fondos-concursables-consejo-nacional-del-arte-y-la-cultura-de-chile\/\",\"url\":\"https:\/\/www.fraczinet.cl\/sitio\/2010\/09\/16\/la-herejia-de-la-tecnificacion-fondos-concursables-consejo-nacional-del-arte-y-la-cultura-de-chile\/\",\"name\":\"La Herej\u00eda De La Tecnificaci\u00f3n. Fondos Concursables Consejo Nacional del Arte y la Cultura de Chile - Nuestro Bio B\u00edo\",\"isPartOf\":{\"@id\":\"https:\/\/www.fraczinet.cl\/sitio\/#website\"},\"datePublished\":\"2010-09-16T21:05:00+00:00\",\"breadcrumb\":{\"@id\":\"https:\/\/www.fraczinet.cl\/sitio\/2010\/09\/16\/la-herejia-de-la-tecnificacion-fondos-concursables-consejo-nacional-del-arte-y-la-cultura-de-chile\/#breadcrumb\"},\"inLanguage\":\"es\",\"potentialAction\":[{\"@type\":\"ReadAction\",\"target\":[\"https:\/\/www.fraczinet.cl\/sitio\/2010\/09\/16\/la-herejia-de-la-tecnificacion-fondos-concursables-consejo-nacional-del-arte-y-la-cultura-de-chile\/\"]}]},{\"@type\":\"BreadcrumbList\",\"@id\":\"https:\/\/www.fraczinet.cl\/sitio\/2010\/09\/16\/la-herejia-de-la-tecnificacion-fondos-concursables-consejo-nacional-del-arte-y-la-cultura-de-chile\/#breadcrumb\",\"itemListElement\":[{\"@type\":\"ListItem\",\"position\":1,\"name\":\"Portada\",\"item\":\"https:\/\/www.fraczinet.cl\/sitio\/\"},{\"@type\":\"ListItem\",\"position\":2,\"name\":\"La Herej\u00eda De La Tecnificaci\u00f3n. Fondos Concursables Consejo Nacional del Arte y la Cultura de Chile\"}]},{\"@type\":\"WebSite\",\"@id\":\"https:\/\/www.fraczinet.cl\/sitio\/#website\",\"url\":\"https:\/\/www.fraczinet.cl\/sitio\/\",\"name\":\"Nuestro Bio B\u00edo\",\"description\":\"Tierra de Encuentros\",\"publisher\":{\"@id\":\"https:\/\/www.fraczinet.cl\/sitio\/#\/schema\/person\/aec8ee4da68df2b9b0eefdad24a0d582\"},\"potentialAction\":[{\"@type\":\"SearchAction\",\"target\":{\"@type\":\"EntryPoint\",\"urlTemplate\":\"https:\/\/www.fraczinet.cl\/sitio\/?s={search_term_string}\"},\"query-input\":{\"@type\":\"PropertyValueSpecification\",\"valueRequired\":true,\"valueName\":\"search_term_string\"}}],\"inLanguage\":\"es\"},{\"@type\":[\"Person\",\"Organization\"],\"@id\":\"https:\/\/www.fraczinet.cl\/sitio\/#\/schema\/person\/aec8ee4da68df2b9b0eefdad24a0d582\",\"name\":\"Luis Fernando Fraczinet\",\"image\":{\"@type\":\"ImageObject\",\"inLanguage\":\"es\",\"@id\":\"https:\/\/www.fraczinet.cl\/sitio\/#\/schema\/person\/image\/\",\"url\":\"https:\/\/www.fraczinet.cl\/sitio\/wp-content\/uploads\/2021\/07\/bannerlogo-1.gif\",\"contentUrl\":\"https:\/\/www.fraczinet.cl\/sitio\/wp-content\/uploads\/2021\/07\/bannerlogo-1.gif\",\"width\":159,\"height\":79,\"caption\":\"Luis Fernando Fraczinet\"},\"logo\":{\"@id\":\"https:\/\/www.fraczinet.cl\/sitio\/#\/schema\/person\/image\/\"},\"sameAs\":[\"https:\/\/www.fraczinet.cl\/sitio\/\"]},{\"@type\":\"Person\",\"@id\":\"https:\/\/www.fraczinet.cl\/sitio\/#\/schema\/person\/bc30f98e9cb10ae7e119dbe14bc93784\",\"name\":\"admin\",\"image\":{\"@type\":\"ImageObject\",\"inLanguage\":\"es\",\"@id\":\"https:\/\/www.fraczinet.cl\/sitio\/#\/schema\/person\/image\/\",\"url\":\"https:\/\/secure.gravatar.com\/avatar\/d5ad3cf7ef3b23a2bb5be73be780c86b2fc8545c3ad6b149f3913ff458c00099?s=96&d=mm&r=g\",\"contentUrl\":\"https:\/\/secure.gravatar.com\/avatar\/d5ad3cf7ef3b23a2bb5be73be780c86b2fc8545c3ad6b149f3913ff458c00099?s=96&d=mm&r=g\",\"caption\":\"admin\"},\"sameAs\":[\"https:\/\/www.fraczinet.cl\/sitio\"]}]}<\/script>\n<!-- \/ Yoast SEO plugin. -->","yoast_head_json":{"title":"La Herej\u00eda De La Tecnificaci\u00f3n. Fondos Concursables Consejo Nacional del Arte y la Cultura de Chile - Nuestro Bio B\u00edo","robots":{"index":"index","follow":"follow","max-snippet":"max-snippet:-1","max-image-preview":"max-image-preview:large","max-video-preview":"max-video-preview:-1"},"canonical":"https:\/\/www.fraczinet.cl\/sitio\/2010\/09\/16\/la-herejia-de-la-tecnificacion-fondos-concursables-consejo-nacional-del-arte-y-la-cultura-de-chile\/","og_locale":"es_ES","og_type":"article","og_title":"La Herej\u00eda De La Tecnificaci\u00f3n. Fondos Concursables Consejo Nacional del Arte y la Cultura de Chile - Nuestro Bio B\u00edo","og_description":"Por Ingrid Odgers La creatividad literaria no puede plasmarse en un proyecto en raz\u00f3n a la definici\u00f3n de escritura, Tor\u00edo afirma, no sin motivo, que el Arte de escribir es liberal. Las artes liberales, en opini\u00f3n del citado autor, usan m\u00e1s del entendimiento que de la mano, y en este caso se halla la escritura, [&hellip;]","og_url":"https:\/\/www.fraczinet.cl\/sitio\/2010\/09\/16\/la-herejia-de-la-tecnificacion-fondos-concursables-consejo-nacional-del-arte-y-la-cultura-de-chile\/","og_site_name":"Nuestro Bio B\u00edo","article_published_time":"2010-09-16T21:05:00+00:00","og_image":[{"width":159,"height":79,"url":"https:\/\/www.fraczinet.cl\/sitio\/wp-content\/uploads\/2021\/07\/bannerlogo-1.gif","type":"image\/gif"}],"author":"admin","twitter_card":"summary_large_image","twitter_creator":"@nuestrobiobio","twitter_site":"@nuestrobiobio","twitter_misc":{"Escrito por":"admin","Tiempo de lectura":"6 minutos"},"schema":{"@context":"https:\/\/schema.org","@graph":[{"@type":"Article","@id":"https:\/\/www.fraczinet.cl\/sitio\/2010\/09\/16\/la-herejia-de-la-tecnificacion-fondos-concursables-consejo-nacional-del-arte-y-la-cultura-de-chile\/#article","isPartOf":{"@id":"https:\/\/www.fraczinet.cl\/sitio\/2010\/09\/16\/la-herejia-de-la-tecnificacion-fondos-concursables-consejo-nacional-del-arte-y-la-cultura-de-chile\/"},"author":{"name":"admin","@id":"https:\/\/www.fraczinet.cl\/sitio\/#\/schema\/person\/bc30f98e9cb10ae7e119dbe14bc93784"},"headline":"La Herej\u00eda De La Tecnificaci\u00f3n. Fondos Concursables Consejo Nacional del Arte y la Cultura de Chile","datePublished":"2010-09-16T21:05:00+00:00","mainEntityOfPage":{"@id":"https:\/\/www.fraczinet.cl\/sitio\/2010\/09\/16\/la-herejia-de-la-tecnificacion-fondos-concursables-consejo-nacional-del-arte-y-la-cultura-de-chile\/"},"wordCount":1162,"commentCount":0,"publisher":{"@id":"https:\/\/www.fraczinet.cl\/sitio\/#\/schema\/person\/aec8ee4da68df2b9b0eefdad24a0d582"},"articleSection":["Fondos Concursables","Ingrid Odgers","Opini\u00f3n"],"inLanguage":"es","potentialAction":[{"@type":"CommentAction","name":"Comment","target":["https:\/\/www.fraczinet.cl\/sitio\/2010\/09\/16\/la-herejia-de-la-tecnificacion-fondos-concursables-consejo-nacional-del-arte-y-la-cultura-de-chile\/#respond"]}]},{"@type":"WebPage","@id":"https:\/\/www.fraczinet.cl\/sitio\/2010\/09\/16\/la-herejia-de-la-tecnificacion-fondos-concursables-consejo-nacional-del-arte-y-la-cultura-de-chile\/","url":"https:\/\/www.fraczinet.cl\/sitio\/2010\/09\/16\/la-herejia-de-la-tecnificacion-fondos-concursables-consejo-nacional-del-arte-y-la-cultura-de-chile\/","name":"La Herej\u00eda De La Tecnificaci\u00f3n. Fondos Concursables Consejo Nacional del Arte y la Cultura de Chile - Nuestro Bio B\u00edo","isPartOf":{"@id":"https:\/\/www.fraczinet.cl\/sitio\/#website"},"datePublished":"2010-09-16T21:05:00+00:00","breadcrumb":{"@id":"https:\/\/www.fraczinet.cl\/sitio\/2010\/09\/16\/la-herejia-de-la-tecnificacion-fondos-concursables-consejo-nacional-del-arte-y-la-cultura-de-chile\/#breadcrumb"},"inLanguage":"es","potentialAction":[{"@type":"ReadAction","target":["https:\/\/www.fraczinet.cl\/sitio\/2010\/09\/16\/la-herejia-de-la-tecnificacion-fondos-concursables-consejo-nacional-del-arte-y-la-cultura-de-chile\/"]}]},{"@type":"BreadcrumbList","@id":"https:\/\/www.fraczinet.cl\/sitio\/2010\/09\/16\/la-herejia-de-la-tecnificacion-fondos-concursables-consejo-nacional-del-arte-y-la-cultura-de-chile\/#breadcrumb","itemListElement":[{"@type":"ListItem","position":1,"name":"Portada","item":"https:\/\/www.fraczinet.cl\/sitio\/"},{"@type":"ListItem","position":2,"name":"La Herej\u00eda De La Tecnificaci\u00f3n. Fondos Concursables Consejo Nacional del Arte y la Cultura de Chile"}]},{"@type":"WebSite","@id":"https:\/\/www.fraczinet.cl\/sitio\/#website","url":"https:\/\/www.fraczinet.cl\/sitio\/","name":"Nuestro Bio B\u00edo","description":"Tierra de Encuentros","publisher":{"@id":"https:\/\/www.fraczinet.cl\/sitio\/#\/schema\/person\/aec8ee4da68df2b9b0eefdad24a0d582"},"potentialAction":[{"@type":"SearchAction","target":{"@type":"EntryPoint","urlTemplate":"https:\/\/www.fraczinet.cl\/sitio\/?s={search_term_string}"},"query-input":{"@type":"PropertyValueSpecification","valueRequired":true,"valueName":"search_term_string"}}],"inLanguage":"es"},{"@type":["Person","Organization"],"@id":"https:\/\/www.fraczinet.cl\/sitio\/#\/schema\/person\/aec8ee4da68df2b9b0eefdad24a0d582","name":"Luis Fernando Fraczinet","image":{"@type":"ImageObject","inLanguage":"es","@id":"https:\/\/www.fraczinet.cl\/sitio\/#\/schema\/person\/image\/","url":"https:\/\/www.fraczinet.cl\/sitio\/wp-content\/uploads\/2021\/07\/bannerlogo-1.gif","contentUrl":"https:\/\/www.fraczinet.cl\/sitio\/wp-content\/uploads\/2021\/07\/bannerlogo-1.gif","width":159,"height":79,"caption":"Luis Fernando Fraczinet"},"logo":{"@id":"https:\/\/www.fraczinet.cl\/sitio\/#\/schema\/person\/image\/"},"sameAs":["https:\/\/www.fraczinet.cl\/sitio\/"]},{"@type":"Person","@id":"https:\/\/www.fraczinet.cl\/sitio\/#\/schema\/person\/bc30f98e9cb10ae7e119dbe14bc93784","name":"admin","image":{"@type":"ImageObject","inLanguage":"es","@id":"https:\/\/www.fraczinet.cl\/sitio\/#\/schema\/person\/image\/","url":"https:\/\/secure.gravatar.com\/avatar\/d5ad3cf7ef3b23a2bb5be73be780c86b2fc8545c3ad6b149f3913ff458c00099?s=96&d=mm&r=g","contentUrl":"https:\/\/secure.gravatar.com\/avatar\/d5ad3cf7ef3b23a2bb5be73be780c86b2fc8545c3ad6b149f3913ff458c00099?s=96&d=mm&r=g","caption":"admin"},"sameAs":["https:\/\/www.fraczinet.cl\/sitio"]}]}},"_links":{"self":[{"href":"https:\/\/www.fraczinet.cl\/sitio\/wp-json\/wp\/v2\/posts\/9096","targetHints":{"allow":["GET"]}}],"collection":[{"href":"https:\/\/www.fraczinet.cl\/sitio\/wp-json\/wp\/v2\/posts"}],"about":[{"href":"https:\/\/www.fraczinet.cl\/sitio\/wp-json\/wp\/v2\/types\/post"}],"author":[{"embeddable":true,"href":"https:\/\/www.fraczinet.cl\/sitio\/wp-json\/wp\/v2\/users\/1"}],"replies":[{"embeddable":true,"href":"https:\/\/www.fraczinet.cl\/sitio\/wp-json\/wp\/v2\/comments?post=9096"}],"version-history":[{"count":0,"href":"https:\/\/www.fraczinet.cl\/sitio\/wp-json\/wp\/v2\/posts\/9096\/revisions"}],"wp:attachment":[{"href":"https:\/\/www.fraczinet.cl\/sitio\/wp-json\/wp\/v2\/media?parent=9096"}],"wp:term":[{"taxonomy":"category","embeddable":true,"href":"https:\/\/www.fraczinet.cl\/sitio\/wp-json\/wp\/v2\/categories?post=9096"},{"taxonomy":"post_tag","embeddable":true,"href":"https:\/\/www.fraczinet.cl\/sitio\/wp-json\/wp\/v2\/tags?post=9096"}],"curies":[{"name":"wp","href":"https:\/\/api.w.org\/{rel}","templated":true}]}}