{"id":9100,"date":"2010-09-13T10:43:00","date_gmt":"2010-09-13T10:43:00","guid":{"rendered":"https:\/\/www.fraczinet.cl\/sitio\/2010\/09\/13\/documental-de-victor-jara-grandes-chilenos-de-tvn\/"},"modified":"2010-09-13T10:43:00","modified_gmt":"2010-09-13T10:43:00","slug":"documental-de-victor-jara-grandes-chilenos-de-tvn","status":"publish","type":"post","link":"https:\/\/www.fraczinet.cl\/sitio\/documental-de-victor-jara-grandes-chilenos-de-tvn\/","title":{"rendered":"Documental De V\u00edctor Jara (Grandes Chilenos De TVN)"},"content":{"rendered":"<div style=\"text-align: justify;\">Mis padres trabajaban como inquilinos y viv\u00edamos muy cerca de un pueblito que se llama la Quiriquina, a doce kil\u00f3metros de Chill\u00e1n Viejo. \u00c9ramos seis hermanos. Cuando com\u00edamos carne era una fiesta. \u00c9ramos muy pobres.<\/div>\n<div style=\"text-align: justify;\"><\/div>\n<div style=\"text-align: justify;\">Despu\u00e9s mi pap\u00e1 se vino a un fundo en Lonqu\u00e9n, all\u00e1 metido entre los cerros de Melipilla adentro.&nbsp;<\/div>\n<div style=\"text-align: justify;\"><\/div>\n<div style=\"text-align: justify;\">Mi padre era analfabeto y no quer\u00eda que nosotros fu\u00e9ramos al colegio para que pudi\u00e9ramos ayudarle, y as\u00ed desde los seis o siete a\u00f1os iba a trabajar con \u00e9l al campo. Pero mi mam\u00e1 sab\u00eda algo de leer y as\u00ed desde el principio insisti\u00f3 que por lo menos aprendi\u00e9ramos las letras.&nbsp;<\/div>\n<div style=\"text-align: justify;\"><\/div>\n<div style=\"text-align: justify;\">Mi mam\u00e1 era cantora como decimos los chilenos y cada vez que ten\u00eda que ir a alegrar una fiesta o un velorio all\u00e1 part\u00eda con el m\u00e1s chico de los seis que era yo. Los rasguidos de la guitarra penetraban en m\u00ed; recuerdo que me quedaba detenido frente a ella escuchando la guitarra<\/div>\n<div style=\"text-align: justify;\"><\/div>\n<div style=\"text-align: justify;\">M\u00e1s Informaci\u00f3n en el sitio web de la Fundaci\u00f3n V\u00edctor Jara: <a href=\"http:\/\/www.fundacionvictorjara.cl\/\">http:\/\/www.fundacionvictorjara.cl<\/a><\/div>\n<p><object height=\"305\" width=\"400\"><param name=\"movie\" value=\"https:\/\/www.youtube.com\/v\/SF9DPJZJSyk?fs=1&amp;hl=es_ES\"><\/param><param name=\"allowFullScreen\" value=\"true\"><\/param><param name=\"allowscriptaccess\" value=\"always\"><\/param><embed src=\"https:\/\/www.youtube.com\/v\/SF9DPJZJSyk?fs=1&amp;hl=es_ES\" type=\"application\/x-shockwave-flash\" allowscriptaccess=\"always\" allowfullscreen=\"true\" width=\"400\" height=\"305\"><\/embed><\/object><\/p>\n<p><object height=\"305\" width=\"400\"><param name=\"movie\" value=\"https:\/\/www.youtube.com\/v\/r7HxHz3KtGs?fs=1&amp;hl=es_ES\"><\/param><param name=\"allowFullScreen\" value=\"true\"><\/param><param name=\"allowscriptaccess\" value=\"always\"><\/param><embed src=\"https:\/\/www.youtube.com\/v\/r7HxHz3KtGs?fs=1&amp;hl=es_ES\" type=\"application\/x-shockwave-flash\" allowscriptaccess=\"always\" allowfullscreen=\"true\" width=\"400\" height=\"305\"><\/embed><\/object><\/p>\n<p><object height=\"305\" width=\"400\"><param name=\"movie\" value=\"https:\/\/www.youtube.com\/v\/XzBdNrtCfxQ?fs=1&amp;hl=es_ES\"><\/param><param name=\"allowFullScreen\" value=\"true\"><\/param><param name=\"allowscriptaccess\" value=\"always\"><\/param><embed src=\"https:\/\/www.youtube.com\/v\/XzBdNrtCfxQ?fs=1&amp;hl=es_ES\" type=\"application\/x-shockwave-flash\" allowscriptaccess=\"always\" allowfullscreen=\"true\" width=\"400\" height=\"305\"><\/embed><\/object><\/p>\n<p><object height=\"305\" width=\"400\"><param name=\"movie\" value=\"https:\/\/www.youtube.com\/v\/zMRuJPqubWU?fs=1&amp;hl=es_ES\"><\/param><param name=\"allowFullScreen\" value=\"true\"><\/param><param name=\"allowscriptaccess\" value=\"always\"><\/param><embed src=\"https:\/\/www.youtube.com\/v\/zMRuJPqubWU?fs=1&amp;hl=es_ES\" type=\"application\/x-shockwave-flash\" allowscriptaccess=\"always\" allowfullscreen=\"true\" width=\"400\" height=\"305\"><\/embed><\/object><\/p>\n<p><object height=\"305\" width=\"400\"><param name=\"movie\" value=\"https:\/\/www.youtube.com\/v\/AYC6sZLJ83g?fs=1&amp;hl=es_ES\"><\/param><param name=\"allowFullScreen\" value=\"true\"><\/param><param name=\"allowscriptaccess\" value=\"always\"><\/param><embed src=\"https:\/\/www.youtube.com\/v\/AYC6sZLJ83g?fs=1&amp;hl=es_ES\" type=\"application\/x-shockwave-flash\" allowscriptaccess=\"always\" allowfullscreen=\"true\" width=\"400\" height=\"305\"><\/embed><\/object><\/p>\n<p><object height=\"305\" width=\"400\"><param name=\"movie\" value=\"https:\/\/www.youtube.com\/v\/3hq5xxsa_I4?fs=1&amp;hl=es_ES\"><\/param><param name=\"allowFullScreen\" value=\"true\"><\/param><param name=\"allowscriptaccess\" value=\"always\"><\/param><embed src=\"https:\/\/www.youtube.com\/v\/3hq5xxsa_I4?fs=1&amp;hl=es_ES\" type=\"application\/x-shockwave-flash\" allowscriptaccess=\"always\" allowfullscreen=\"true\" width=\"400\" height=\"305\"><\/embed><\/object><\/p>\n<p><object height=\"305\" width=\"400\"><param name=\"movie\" value=\"https:\/\/www.youtube.com\/v\/mBle6p_I0Xw?fs=1&amp;hl=es_ES\"><\/param><param name=\"allowFullScreen\" value=\"true\"><\/param><param name=\"allowscriptaccess\" value=\"always\"><\/param><embed src=\"https:\/\/www.youtube.com\/v\/mBle6p_I0Xw?fs=1&amp;hl=es_ES\" type=\"application\/x-shockwave-flash\" allowscriptaccess=\"always\" allowfullscreen=\"true\" width=\"400\" height=\"305\"><\/embed><\/object><\/p>\n<p><object height=\"305\" width=\"400\"><param name=\"movie\" value=\"https:\/\/www.youtube.com\/v\/KvdkwJiVK3U?fs=1&amp;hl=es_ES\"><\/param><param name=\"allowFullScreen\" value=\"true\"><\/param><param name=\"allowscriptaccess\" value=\"always\"><\/param><embed src=\"https:\/\/www.youtube.com\/v\/KvdkwJiVK3U?fs=1&amp;hl=es_ES\" type=\"application\/x-shockwave-flash\" allowscriptaccess=\"always\" allowfullscreen=\"true\" width=\"400\" height=\"305\"><\/embed><\/object><\/p>\n","protected":false},"excerpt":{"rendered":"<p>Mis padres trabajaban como inquilinos y viv\u00edamos muy cerca de un pueblito que se llama la Quiriquina, a doce kil\u00f3metros de Chill\u00e1n Viejo. \u00c9ramos seis hermanos. Cuando com\u00edamos carne era una fiesta. \u00c9ramos muy pobres. Despu\u00e9s mi pap\u00e1 se vino a un fundo en Lonqu\u00e9n, all\u00e1 metido entre los cerros de Melipilla adentro.&nbsp; Mi padre [&hellip;]<\/p>\n","protected":false},"author":1,"featured_media":0,"comment_status":"open","ping_status":"closed","sticky":false,"template":"","format":"standard","meta":{"footnotes":""},"categories":[128,41],"tags":[],"class_list":["post-9100","post","type-post","status-publish","format-standard","hentry","category-victor-jara","category-videos"],"yoast_head":"<!-- This site is optimized with the Yoast SEO plugin v28.2 - https:\/\/yoast.com\/product\/yoast-seo-wordpress\/ -->\n<title>Documental De V\u00edctor Jara (Grandes Chilenos De TVN) - Nuestro Bio B\u00edo<\/title>\n<meta name=\"robots\" content=\"index, follow, max-snippet:-1, max-image-preview:large, max-video-preview:-1\" \/>\n<link rel=\"canonical\" href=\"https:\/\/www.fraczinet.cl\/sitio\/documental-de-victor-jara-grandes-chilenos-de-tvn\/\" \/>\n<meta property=\"og:locale\" content=\"es_ES\" \/>\n<meta property=\"og:type\" content=\"article\" \/>\n<meta property=\"og:title\" content=\"Documental De V\u00edctor Jara (Grandes Chilenos De TVN) - Nuestro Bio B\u00edo\" \/>\n<meta property=\"og:description\" content=\"Mis padres trabajaban como inquilinos y viv\u00edamos muy cerca de un pueblito que se llama la Quiriquina, a doce kil\u00f3metros de Chill\u00e1n Viejo. \u00c9ramos seis hermanos. Cuando com\u00edamos carne era una fiesta. \u00c9ramos muy pobres. Despu\u00e9s mi pap\u00e1 se vino a un fundo en Lonqu\u00e9n, all\u00e1 metido entre los cerros de Melipilla adentro.&nbsp; Mi padre [&hellip;]\" \/>\n<meta property=\"og:url\" content=\"https:\/\/www.fraczinet.cl\/sitio\/documental-de-victor-jara-grandes-chilenos-de-tvn\/\" \/>\n<meta property=\"og:site_name\" content=\"Nuestro Bio B\u00edo\" \/>\n<meta property=\"article:publisher\" content=\"https:\/\/www.facebook.com\/groups\/15721414452\/\" \/>\n<meta property=\"article:published_time\" content=\"2010-09-13T10:43:00+00:00\" \/>\n<meta property=\"og:image\" content=\"https:\/\/www.fraczinet.cl\/sitio\/wp-content\/uploads\/2021\/07\/bannerlogo-1.gif\" \/>\n\t<meta property=\"og:image:width\" content=\"159\" \/>\n\t<meta property=\"og:image:height\" content=\"79\" \/>\n\t<meta property=\"og:image:type\" content=\"image\/gif\" \/>\n<meta name=\"twitter:card\" content=\"summary_large_image\" \/>\n<meta name=\"twitter:creator\" content=\"@nuestrobiobio\" \/>\n<meta name=\"twitter:site\" content=\"@nuestrobiobio\" \/>\n<meta name=\"twitter:label1\" content=\"Escrito por\" \/>\n\t<meta name=\"twitter:data1\" content=\"\" \/>\n\t<meta name=\"twitter:label2\" content=\"Tiempo de lectura\" \/>\n\t<meta name=\"twitter:data2\" content=\"1 minuto\" \/>\n<script type=\"application\/ld+json\" class=\"yoast-schema-graph\">{\"@context\":\"https:\\\/\\\/schema.org\",\"@graph\":[{\"@type\":\"Article\",\"@id\":\"https:\\\/\\\/www.fraczinet.cl\\\/sitio\\\/documental-de-victor-jara-grandes-chilenos-de-tvn\\\/#article\",\"isPartOf\":{\"@id\":\"https:\\\/\\\/www.fraczinet.cl\\\/sitio\\\/documental-de-victor-jara-grandes-chilenos-de-tvn\\\/\"},\"author\":{\"name\":\"\",\"@id\":\"\"},\"headline\":\"Documental De V\u00edctor Jara (Grandes Chilenos De TVN)\",\"datePublished\":\"2010-09-13T10:43:00+00:00\",\"mainEntityOfPage\":{\"@id\":\"https:\\\/\\\/www.fraczinet.cl\\\/sitio\\\/documental-de-victor-jara-grandes-chilenos-de-tvn\\\/\"},\"wordCount\":202,\"commentCount\":0,\"articleSection\":[\"V\u00edctor Jara\",\"Videos\"],\"inLanguage\":\"es\",\"potentialAction\":[{\"@type\":\"CommentAction\",\"name\":\"Comment\",\"target\":[\"https:\\\/\\\/www.fraczinet.cl\\\/sitio\\\/documental-de-victor-jara-grandes-chilenos-de-tvn\\\/#respond\"]}]},{\"@type\":\"WebPage\",\"@id\":\"https:\\\/\\\/www.fraczinet.cl\\\/sitio\\\/documental-de-victor-jara-grandes-chilenos-de-tvn\\\/\",\"url\":\"https:\\\/\\\/www.fraczinet.cl\\\/sitio\\\/documental-de-victor-jara-grandes-chilenos-de-tvn\\\/\",\"name\":\"Documental De V\u00edctor Jara (Grandes Chilenos De TVN) - Nuestro Bio B\u00edo\",\"isPartOf\":{\"@id\":\"https:\\\/\\\/www.fraczinet.cl\\\/sitio\\\/#website\"},\"datePublished\":\"2010-09-13T10:43:00+00:00\",\"author\":{\"@id\":\"\"},\"breadcrumb\":{\"@id\":\"https:\\\/\\\/www.fraczinet.cl\\\/sitio\\\/documental-de-victor-jara-grandes-chilenos-de-tvn\\\/#breadcrumb\"},\"inLanguage\":\"es\",\"potentialAction\":[{\"@type\":\"ReadAction\",\"target\":[\"https:\\\/\\\/www.fraczinet.cl\\\/sitio\\\/documental-de-victor-jara-grandes-chilenos-de-tvn\\\/\"]}]},{\"@type\":\"BreadcrumbList\",\"@id\":\"https:\\\/\\\/www.fraczinet.cl\\\/sitio\\\/documental-de-victor-jara-grandes-chilenos-de-tvn\\\/#breadcrumb\",\"itemListElement\":[{\"@type\":\"ListItem\",\"position\":1,\"name\":\"Portada\",\"item\":\"https:\\\/\\\/www.fraczinet.cl\\\/sitio\\\/\"},{\"@type\":\"ListItem\",\"position\":2,\"name\":\"Documental De V\u00edctor Jara (Grandes Chilenos De TVN)\"}]},{\"@type\":\"WebSite\",\"@id\":\"https:\\\/\\\/www.fraczinet.cl\\\/sitio\\\/#website\",\"url\":\"https:\\\/\\\/www.fraczinet.cl\\\/sitio\\\/\",\"name\":\"Nuestro Bio B\u00edo\",\"description\":\"Tierra de Encuentros\",\"potentialAction\":[{\"@type\":\"SearchAction\",\"target\":{\"@type\":\"EntryPoint\",\"urlTemplate\":\"https:\\\/\\\/www.fraczinet.cl\\\/sitio\\\/?s={search_term_string}\"},\"query-input\":{\"@type\":\"PropertyValueSpecification\",\"valueRequired\":true,\"valueName\":\"search_term_string\"}}],\"inLanguage\":\"es\"},{\"@type\":\"Person\",\"@id\":\"\"}]}<\/script>\n<!-- \/ Yoast SEO plugin. -->","yoast_head_json":{"title":"Documental De V\u00edctor Jara (Grandes Chilenos De TVN) - Nuestro Bio B\u00edo","robots":{"index":"index","follow":"follow","max-snippet":"max-snippet:-1","max-image-preview":"max-image-preview:large","max-video-preview":"max-video-preview:-1"},"canonical":"https:\/\/www.fraczinet.cl\/sitio\/documental-de-victor-jara-grandes-chilenos-de-tvn\/","og_locale":"es_ES","og_type":"article","og_title":"Documental De V\u00edctor Jara (Grandes Chilenos De TVN) - Nuestro Bio B\u00edo","og_description":"Mis padres trabajaban como inquilinos y viv\u00edamos muy cerca de un pueblito que se llama la Quiriquina, a doce kil\u00f3metros de Chill\u00e1n Viejo. \u00c9ramos seis hermanos. Cuando com\u00edamos carne era una fiesta. \u00c9ramos muy pobres. Despu\u00e9s mi pap\u00e1 se vino a un fundo en Lonqu\u00e9n, all\u00e1 metido entre los cerros de Melipilla adentro.&nbsp; Mi padre [&hellip;]","og_url":"https:\/\/www.fraczinet.cl\/sitio\/documental-de-victor-jara-grandes-chilenos-de-tvn\/","og_site_name":"Nuestro Bio B\u00edo","article_publisher":"https:\/\/www.facebook.com\/groups\/15721414452\/","article_published_time":"2010-09-13T10:43:00+00:00","og_image":[{"width":159,"height":79,"url":"https:\/\/www.fraczinet.cl\/sitio\/wp-content\/uploads\/2021\/07\/bannerlogo-1.gif","type":"image\/gif"}],"twitter_card":"summary_large_image","twitter_creator":"@nuestrobiobio","twitter_site":"@nuestrobiobio","twitter_misc":{"Escrito por":"","Tiempo de lectura":"1 minuto"},"schema":{"@context":"https:\/\/schema.org","@graph":[{"@type":"Article","@id":"https:\/\/www.fraczinet.cl\/sitio\/documental-de-victor-jara-grandes-chilenos-de-tvn\/#article","isPartOf":{"@id":"https:\/\/www.fraczinet.cl\/sitio\/documental-de-victor-jara-grandes-chilenos-de-tvn\/"},"author":{"name":"","@id":""},"headline":"Documental De V\u00edctor Jara (Grandes Chilenos De TVN)","datePublished":"2010-09-13T10:43:00+00:00","mainEntityOfPage":{"@id":"https:\/\/www.fraczinet.cl\/sitio\/documental-de-victor-jara-grandes-chilenos-de-tvn\/"},"wordCount":202,"commentCount":0,"articleSection":["V\u00edctor Jara","Videos"],"inLanguage":"es","potentialAction":[{"@type":"CommentAction","name":"Comment","target":["https:\/\/www.fraczinet.cl\/sitio\/documental-de-victor-jara-grandes-chilenos-de-tvn\/#respond"]}]},{"@type":"WebPage","@id":"https:\/\/www.fraczinet.cl\/sitio\/documental-de-victor-jara-grandes-chilenos-de-tvn\/","url":"https:\/\/www.fraczinet.cl\/sitio\/documental-de-victor-jara-grandes-chilenos-de-tvn\/","name":"Documental De V\u00edctor Jara (Grandes Chilenos De TVN) - Nuestro Bio B\u00edo","isPartOf":{"@id":"https:\/\/www.fraczinet.cl\/sitio\/#website"},"datePublished":"2010-09-13T10:43:00+00:00","author":{"@id":""},"breadcrumb":{"@id":"https:\/\/www.fraczinet.cl\/sitio\/documental-de-victor-jara-grandes-chilenos-de-tvn\/#breadcrumb"},"inLanguage":"es","potentialAction":[{"@type":"ReadAction","target":["https:\/\/www.fraczinet.cl\/sitio\/documental-de-victor-jara-grandes-chilenos-de-tvn\/"]}]},{"@type":"BreadcrumbList","@id":"https:\/\/www.fraczinet.cl\/sitio\/documental-de-victor-jara-grandes-chilenos-de-tvn\/#breadcrumb","itemListElement":[{"@type":"ListItem","position":1,"name":"Portada","item":"https:\/\/www.fraczinet.cl\/sitio\/"},{"@type":"ListItem","position":2,"name":"Documental De V\u00edctor Jara (Grandes Chilenos De TVN)"}]},{"@type":"WebSite","@id":"https:\/\/www.fraczinet.cl\/sitio\/#website","url":"https:\/\/www.fraczinet.cl\/sitio\/","name":"Nuestro Bio B\u00edo","description":"Tierra de Encuentros","potentialAction":[{"@type":"SearchAction","target":{"@type":"EntryPoint","urlTemplate":"https:\/\/www.fraczinet.cl\/sitio\/?s={search_term_string}"},"query-input":{"@type":"PropertyValueSpecification","valueRequired":true,"valueName":"search_term_string"}}],"inLanguage":"es"},{"@type":"Person","@id":""}]}},"_links":{"self":[{"href":"https:\/\/www.fraczinet.cl\/sitio\/wp-json\/wp\/v2\/posts\/9100","targetHints":{"allow":["GET"]}}],"collection":[{"href":"https:\/\/www.fraczinet.cl\/sitio\/wp-json\/wp\/v2\/posts"}],"about":[{"href":"https:\/\/www.fraczinet.cl\/sitio\/wp-json\/wp\/v2\/types\/post"}],"author":[{"embeddable":true,"href":"https:\/\/www.fraczinet.cl\/sitio\/wp-json\/wp\/v2\/users\/1"}],"replies":[{"embeddable":true,"href":"https:\/\/www.fraczinet.cl\/sitio\/wp-json\/wp\/v2\/comments?post=9100"}],"version-history":[{"count":0,"href":"https:\/\/www.fraczinet.cl\/sitio\/wp-json\/wp\/v2\/posts\/9100\/revisions"}],"wp:attachment":[{"href":"https:\/\/www.fraczinet.cl\/sitio\/wp-json\/wp\/v2\/media?parent=9100"}],"wp:term":[{"taxonomy":"category","embeddable":true,"href":"https:\/\/www.fraczinet.cl\/sitio\/wp-json\/wp\/v2\/categories?post=9100"},{"taxonomy":"post_tag","embeddable":true,"href":"https:\/\/www.fraczinet.cl\/sitio\/wp-json\/wp\/v2\/tags?post=9100"}],"curies":[{"name":"wp","href":"https:\/\/api.w.org\/{rel}","templated":true}]}}