{"id":9106,"date":"2010-09-08T01:05:00","date_gmt":"2010-09-08T01:05:00","guid":{"rendered":"https:\/\/www.fraczinet.cl\/sitio\/2010\/09\/08\/estudio-aportara-propuestas-sustentables-para-actualizar-plan-de-transporte-publico-del-gran-concepcion\/"},"modified":"2022-10-05T20:28:58","modified_gmt":"2022-10-05T20:28:58","slug":"estudio-aportara-propuestas-sustentables-para-actualizar-plan-de-transporte-publico-del-gran-concepcion","status":"publish","type":"post","link":"https:\/\/www.fraczinet.cl\/sitio\/2010\/09\/08\/estudio-aportara-propuestas-sustentables-para-actualizar-plan-de-transporte-publico-del-gran-concepcion\/","title":{"rendered":"Estudio Aportar\u00e1 Propuestas Sustentables Para Actualizar Plan De Transporte P\u00fablico Del Gran Concepci\u00f3n"},"content":{"rendered":"<div style=\"text-align: justify;\">Este mi\u00e9rcoles 8 de septiembre, a las 11.30 horas (Punto de prensa), en el auditorio de la Facultad de Ciencias Empresariales de la Universidad del Bio B\u00edo, segundo piso, (Avenida Collao 1202, en Concepci\u00f3n), se dar\u00e1 a conocer un \u201cEstudio sobre Propuestas Sustentables para el Plan de Transporte P\u00fablico del Gran Concepci\u00f3n\u201d.<\/div>\n<div style=\"text-align: justify;\"><\/div>\n<div style=\"text-align: justify;\">Con esta iniciativa se pretende institucionalizar el primer proceso regional permanente de participaci\u00f3n ciudadana en la generaci\u00f3n de pol\u00edticas p\u00fablicas, para cualquier servicio p\u00fablico de alta sensibilidad para la comunidad.<\/div>\n<div style=\"text-align: justify;\"><\/div>\n<div style=\"text-align: justify;\">Las propuestas contenidas en el mencionado estudio ser\u00e1n socializadas entre autoridades del Gobierno Regional, el Consejo de Transporte Metropolitano, empresarios del transporte p\u00fablico, municipalidades, colegios profesionales, acad\u00e9micos e investigadores, organizaciones privadas y sociales. Incorpor\u00e1ndose as\u00ed una visi\u00f3n de desarrollo urbano de largo plazo, para las comunas de Concepci\u00f3n, Talcahuano, San Pedro de la Paz, Chiguayante, Hualp\u00e9n, Penco, Tom\u00e9, Hualqui, Coronel y Lota.<\/div>\n<div style=\"text-align: justify;\"><\/div>\n<div style=\"text-align: justify;\">Durante la jornada, expertos extranjeros expondr\u00e1n tambi\u00e9n experiencias exitosas de Barcelona y Curitiba.<\/div>\n<div style=\"text-align: justify;\"><\/div>\n<div style=\"text-align: justify;\">La iniciativa se enmarca en el seminario \u201cPol\u00edtica p\u00fablica y participaci\u00f3n: Por un transporte p\u00fablico metropolitano sustentable\u201d, organizado por la Universidad del Bio B\u00edo, en el contexto de un proyecto Innova Bio B\u00edo titulado \u201cDise\u00f1o de m\u00e9todos para la implementaci\u00f3n de pol\u00edtica p\u00fablica. Estudio de caso: Transporte p\u00fablico en el territorio pencopolitano\u201d<\/div>\n","protected":false},"excerpt":{"rendered":"<p>Este mi\u00e9rcoles 8 de septiembre, a las 11.30 horas (Punto de prensa), en el auditorio de la Facultad de Ciencias Empresariales de la Universidad del Bio B\u00edo, segundo piso, (Avenida Collao 1202, en Concepci\u00f3n), se dar\u00e1 a conocer un \u201cEstudio sobre Propuestas Sustentables para el Plan de Transporte P\u00fablico del Gran Concepci\u00f3n\u201d. Con esta iniciativa [&hellip;]<\/p>\n","protected":false},"author":1,"featured_media":0,"comment_status":"open","ping_status":"open","sticky":false,"template":"","format":"standard","meta":{"footnotes":""},"categories":[160],"tags":[],"class_list":["post-9106","post","type-post","status-publish","format-standard","hentry","category-cultura"],"yoast_head":"<!-- This site is optimized with the Yoast SEO plugin v25.0 - https:\/\/yoast.com\/wordpress\/plugins\/seo\/ -->\n<title>Estudio Aportar\u00e1 Propuestas Sustentables Para Actualizar Plan De Transporte P\u00fablico Del Gran Concepci\u00f3n - Nuestro Bio B\u00edo<\/title>\n<meta name=\"robots\" content=\"index, follow, max-snippet:-1, max-image-preview:large, max-video-preview:-1\" \/>\n<link rel=\"canonical\" href=\"https:\/\/www.fraczinet.cl\/sitio\/2010\/09\/08\/estudio-aportara-propuestas-sustentables-para-actualizar-plan-de-transporte-publico-del-gran-concepcion\/\" \/>\n<meta property=\"og:locale\" content=\"es_ES\" \/>\n<meta property=\"og:type\" content=\"article\" \/>\n<meta property=\"og:title\" content=\"Estudio Aportar\u00e1 Propuestas Sustentables Para Actualizar Plan De Transporte P\u00fablico Del Gran Concepci\u00f3n - Nuestro Bio B\u00edo\" \/>\n<meta property=\"og:description\" content=\"Este mi\u00e9rcoles 8 de septiembre, a las 11.30 horas (Punto de prensa), en el auditorio de la Facultad de Ciencias Empresariales de la Universidad del Bio B\u00edo, segundo piso, (Avenida Collao 1202, en Concepci\u00f3n), se dar\u00e1 a conocer un \u201cEstudio sobre Propuestas Sustentables para el Plan de Transporte P\u00fablico del Gran Concepci\u00f3n\u201d. Con esta iniciativa [&hellip;]\" \/>\n<meta property=\"og:url\" content=\"https:\/\/www.fraczinet.cl\/sitio\/2010\/09\/08\/estudio-aportara-propuestas-sustentables-para-actualizar-plan-de-transporte-publico-del-gran-concepcion\/\" \/>\n<meta property=\"og:site_name\" content=\"Nuestro Bio B\u00edo\" \/>\n<meta property=\"article:published_time\" content=\"2010-09-08T01:05:00+00:00\" \/>\n<meta property=\"article:modified_time\" content=\"2022-10-05T20:28:58+00:00\" \/>\n<meta property=\"og:image\" content=\"https:\/\/www.fraczinet.cl\/sitio\/wp-content\/uploads\/2021\/07\/bannerlogo-1.gif\" \/>\n\t<meta property=\"og:image:width\" content=\"159\" \/>\n\t<meta property=\"og:image:height\" content=\"79\" \/>\n\t<meta property=\"og:image:type\" content=\"image\/gif\" \/>\n<meta name=\"author\" content=\"admin\" \/>\n<meta name=\"twitter:card\" content=\"summary_large_image\" \/>\n<meta name=\"twitter:creator\" content=\"@nuestrobiobio\" \/>\n<meta name=\"twitter:site\" content=\"@nuestrobiobio\" \/>\n<meta name=\"twitter:label1\" content=\"Escrito por\" \/>\n\t<meta name=\"twitter:data1\" content=\"admin\" \/>\n\t<meta name=\"twitter:label2\" content=\"Tiempo de lectura\" \/>\n\t<meta name=\"twitter:data2\" content=\"1 minuto\" \/>\n<script type=\"application\/ld+json\" class=\"yoast-schema-graph\">{\"@context\":\"https:\/\/schema.org\",\"@graph\":[{\"@type\":\"Article\",\"@id\":\"https:\/\/www.fraczinet.cl\/sitio\/2010\/09\/08\/estudio-aportara-propuestas-sustentables-para-actualizar-plan-de-transporte-publico-del-gran-concepcion\/#article\",\"isPartOf\":{\"@id\":\"https:\/\/www.fraczinet.cl\/sitio\/2010\/09\/08\/estudio-aportara-propuestas-sustentables-para-actualizar-plan-de-transporte-publico-del-gran-concepcion\/\"},\"author\":{\"name\":\"admin\",\"@id\":\"https:\/\/www.fraczinet.cl\/sitio\/#\/schema\/person\/bc30f98e9cb10ae7e119dbe14bc93784\"},\"headline\":\"Estudio Aportar\u00e1 Propuestas Sustentables Para Actualizar Plan De Transporte P\u00fablico Del Gran Concepci\u00f3n\",\"datePublished\":\"2010-09-08T01:05:00+00:00\",\"dateModified\":\"2022-10-05T20:28:58+00:00\",\"mainEntityOfPage\":{\"@id\":\"https:\/\/www.fraczinet.cl\/sitio\/2010\/09\/08\/estudio-aportara-propuestas-sustentables-para-actualizar-plan-de-transporte-publico-del-gran-concepcion\/\"},\"wordCount\":252,\"commentCount\":0,\"publisher\":{\"@id\":\"https:\/\/www.fraczinet.cl\/sitio\/#\/schema\/person\/aec8ee4da68df2b9b0eefdad24a0d582\"},\"articleSection\":[\"Cultura\"],\"inLanguage\":\"es\",\"potentialAction\":[{\"@type\":\"CommentAction\",\"name\":\"Comment\",\"target\":[\"https:\/\/www.fraczinet.cl\/sitio\/2010\/09\/08\/estudio-aportara-propuestas-sustentables-para-actualizar-plan-de-transporte-publico-del-gran-concepcion\/#respond\"]}]},{\"@type\":\"WebPage\",\"@id\":\"https:\/\/www.fraczinet.cl\/sitio\/2010\/09\/08\/estudio-aportara-propuestas-sustentables-para-actualizar-plan-de-transporte-publico-del-gran-concepcion\/\",\"url\":\"https:\/\/www.fraczinet.cl\/sitio\/2010\/09\/08\/estudio-aportara-propuestas-sustentables-para-actualizar-plan-de-transporte-publico-del-gran-concepcion\/\",\"name\":\"Estudio Aportar\u00e1 Propuestas Sustentables Para Actualizar Plan De Transporte P\u00fablico Del Gran Concepci\u00f3n - Nuestro Bio B\u00edo\",\"isPartOf\":{\"@id\":\"https:\/\/www.fraczinet.cl\/sitio\/#website\"},\"datePublished\":\"2010-09-08T01:05:00+00:00\",\"dateModified\":\"2022-10-05T20:28:58+00:00\",\"breadcrumb\":{\"@id\":\"https:\/\/www.fraczinet.cl\/sitio\/2010\/09\/08\/estudio-aportara-propuestas-sustentables-para-actualizar-plan-de-transporte-publico-del-gran-concepcion\/#breadcrumb\"},\"inLanguage\":\"es\",\"potentialAction\":[{\"@type\":\"ReadAction\",\"target\":[\"https:\/\/www.fraczinet.cl\/sitio\/2010\/09\/08\/estudio-aportara-propuestas-sustentables-para-actualizar-plan-de-transporte-publico-del-gran-concepcion\/\"]}]},{\"@type\":\"BreadcrumbList\",\"@id\":\"https:\/\/www.fraczinet.cl\/sitio\/2010\/09\/08\/estudio-aportara-propuestas-sustentables-para-actualizar-plan-de-transporte-publico-del-gran-concepcion\/#breadcrumb\",\"itemListElement\":[{\"@type\":\"ListItem\",\"position\":1,\"name\":\"Portada\",\"item\":\"https:\/\/www.fraczinet.cl\/sitio\/\"},{\"@type\":\"ListItem\",\"position\":2,\"name\":\"Estudio Aportar\u00e1 Propuestas Sustentables Para Actualizar Plan De Transporte P\u00fablico Del Gran Concepci\u00f3n\"}]},{\"@type\":\"WebSite\",\"@id\":\"https:\/\/www.fraczinet.cl\/sitio\/#website\",\"url\":\"https:\/\/www.fraczinet.cl\/sitio\/\",\"name\":\"Nuestro Bio B\u00edo\",\"description\":\"Tierra de Encuentros\",\"publisher\":{\"@id\":\"https:\/\/www.fraczinet.cl\/sitio\/#\/schema\/person\/aec8ee4da68df2b9b0eefdad24a0d582\"},\"potentialAction\":[{\"@type\":\"SearchAction\",\"target\":{\"@type\":\"EntryPoint\",\"urlTemplate\":\"https:\/\/www.fraczinet.cl\/sitio\/?s={search_term_string}\"},\"query-input\":{\"@type\":\"PropertyValueSpecification\",\"valueRequired\":true,\"valueName\":\"search_term_string\"}}],\"inLanguage\":\"es\"},{\"@type\":[\"Person\",\"Organization\"],\"@id\":\"https:\/\/www.fraczinet.cl\/sitio\/#\/schema\/person\/aec8ee4da68df2b9b0eefdad24a0d582\",\"name\":\"Luis Fernando Fraczinet\",\"image\":{\"@type\":\"ImageObject\",\"inLanguage\":\"es\",\"@id\":\"https:\/\/www.fraczinet.cl\/sitio\/#\/schema\/person\/image\/\",\"url\":\"https:\/\/www.fraczinet.cl\/sitio\/wp-content\/uploads\/2021\/07\/bannerlogo-1.gif\",\"contentUrl\":\"https:\/\/www.fraczinet.cl\/sitio\/wp-content\/uploads\/2021\/07\/bannerlogo-1.gif\",\"width\":159,\"height\":79,\"caption\":\"Luis Fernando Fraczinet\"},\"logo\":{\"@id\":\"https:\/\/www.fraczinet.cl\/sitio\/#\/schema\/person\/image\/\"},\"sameAs\":[\"https:\/\/www.fraczinet.cl\/sitio\/\"]},{\"@type\":\"Person\",\"@id\":\"https:\/\/www.fraczinet.cl\/sitio\/#\/schema\/person\/bc30f98e9cb10ae7e119dbe14bc93784\",\"name\":\"admin\",\"image\":{\"@type\":\"ImageObject\",\"inLanguage\":\"es\",\"@id\":\"https:\/\/www.fraczinet.cl\/sitio\/#\/schema\/person\/image\/\",\"url\":\"https:\/\/secure.gravatar.com\/avatar\/d5ad3cf7ef3b23a2bb5be73be780c86b2fc8545c3ad6b149f3913ff458c00099?s=96&d=mm&r=g\",\"contentUrl\":\"https:\/\/secure.gravatar.com\/avatar\/d5ad3cf7ef3b23a2bb5be73be780c86b2fc8545c3ad6b149f3913ff458c00099?s=96&d=mm&r=g\",\"caption\":\"admin\"},\"sameAs\":[\"https:\/\/www.fraczinet.cl\/sitio\"]}]}<\/script>\n<!-- \/ Yoast SEO plugin. -->","yoast_head_json":{"title":"Estudio Aportar\u00e1 Propuestas Sustentables Para Actualizar Plan De Transporte P\u00fablico Del Gran Concepci\u00f3n - Nuestro Bio B\u00edo","robots":{"index":"index","follow":"follow","max-snippet":"max-snippet:-1","max-image-preview":"max-image-preview:large","max-video-preview":"max-video-preview:-1"},"canonical":"https:\/\/www.fraczinet.cl\/sitio\/2010\/09\/08\/estudio-aportara-propuestas-sustentables-para-actualizar-plan-de-transporte-publico-del-gran-concepcion\/","og_locale":"es_ES","og_type":"article","og_title":"Estudio Aportar\u00e1 Propuestas Sustentables Para Actualizar Plan De Transporte P\u00fablico Del Gran Concepci\u00f3n - Nuestro Bio B\u00edo","og_description":"Este mi\u00e9rcoles 8 de septiembre, a las 11.30 horas (Punto de prensa), en el auditorio de la Facultad de Ciencias Empresariales de la Universidad del Bio B\u00edo, segundo piso, (Avenida Collao 1202, en Concepci\u00f3n), se dar\u00e1 a conocer un \u201cEstudio sobre Propuestas Sustentables para el Plan de Transporte P\u00fablico del Gran Concepci\u00f3n\u201d. Con esta iniciativa [&hellip;]","og_url":"https:\/\/www.fraczinet.cl\/sitio\/2010\/09\/08\/estudio-aportara-propuestas-sustentables-para-actualizar-plan-de-transporte-publico-del-gran-concepcion\/","og_site_name":"Nuestro Bio B\u00edo","article_published_time":"2010-09-08T01:05:00+00:00","article_modified_time":"2022-10-05T20:28:58+00:00","og_image":[{"width":159,"height":79,"url":"https:\/\/www.fraczinet.cl\/sitio\/wp-content\/uploads\/2021\/07\/bannerlogo-1.gif","type":"image\/gif"}],"author":"admin","twitter_card":"summary_large_image","twitter_creator":"@nuestrobiobio","twitter_site":"@nuestrobiobio","twitter_misc":{"Escrito por":"admin","Tiempo de lectura":"1 minuto"},"schema":{"@context":"https:\/\/schema.org","@graph":[{"@type":"Article","@id":"https:\/\/www.fraczinet.cl\/sitio\/2010\/09\/08\/estudio-aportara-propuestas-sustentables-para-actualizar-plan-de-transporte-publico-del-gran-concepcion\/#article","isPartOf":{"@id":"https:\/\/www.fraczinet.cl\/sitio\/2010\/09\/08\/estudio-aportara-propuestas-sustentables-para-actualizar-plan-de-transporte-publico-del-gran-concepcion\/"},"author":{"name":"admin","@id":"https:\/\/www.fraczinet.cl\/sitio\/#\/schema\/person\/bc30f98e9cb10ae7e119dbe14bc93784"},"headline":"Estudio Aportar\u00e1 Propuestas Sustentables Para Actualizar Plan De Transporte P\u00fablico Del Gran Concepci\u00f3n","datePublished":"2010-09-08T01:05:00+00:00","dateModified":"2022-10-05T20:28:58+00:00","mainEntityOfPage":{"@id":"https:\/\/www.fraczinet.cl\/sitio\/2010\/09\/08\/estudio-aportara-propuestas-sustentables-para-actualizar-plan-de-transporte-publico-del-gran-concepcion\/"},"wordCount":252,"commentCount":0,"publisher":{"@id":"https:\/\/www.fraczinet.cl\/sitio\/#\/schema\/person\/aec8ee4da68df2b9b0eefdad24a0d582"},"articleSection":["Cultura"],"inLanguage":"es","potentialAction":[{"@type":"CommentAction","name":"Comment","target":["https:\/\/www.fraczinet.cl\/sitio\/2010\/09\/08\/estudio-aportara-propuestas-sustentables-para-actualizar-plan-de-transporte-publico-del-gran-concepcion\/#respond"]}]},{"@type":"WebPage","@id":"https:\/\/www.fraczinet.cl\/sitio\/2010\/09\/08\/estudio-aportara-propuestas-sustentables-para-actualizar-plan-de-transporte-publico-del-gran-concepcion\/","url":"https:\/\/www.fraczinet.cl\/sitio\/2010\/09\/08\/estudio-aportara-propuestas-sustentables-para-actualizar-plan-de-transporte-publico-del-gran-concepcion\/","name":"Estudio Aportar\u00e1 Propuestas Sustentables Para Actualizar Plan De Transporte P\u00fablico Del Gran Concepci\u00f3n - Nuestro Bio B\u00edo","isPartOf":{"@id":"https:\/\/www.fraczinet.cl\/sitio\/#website"},"datePublished":"2010-09-08T01:05:00+00:00","dateModified":"2022-10-05T20:28:58+00:00","breadcrumb":{"@id":"https:\/\/www.fraczinet.cl\/sitio\/2010\/09\/08\/estudio-aportara-propuestas-sustentables-para-actualizar-plan-de-transporte-publico-del-gran-concepcion\/#breadcrumb"},"inLanguage":"es","potentialAction":[{"@type":"ReadAction","target":["https:\/\/www.fraczinet.cl\/sitio\/2010\/09\/08\/estudio-aportara-propuestas-sustentables-para-actualizar-plan-de-transporte-publico-del-gran-concepcion\/"]}]},{"@type":"BreadcrumbList","@id":"https:\/\/www.fraczinet.cl\/sitio\/2010\/09\/08\/estudio-aportara-propuestas-sustentables-para-actualizar-plan-de-transporte-publico-del-gran-concepcion\/#breadcrumb","itemListElement":[{"@type":"ListItem","position":1,"name":"Portada","item":"https:\/\/www.fraczinet.cl\/sitio\/"},{"@type":"ListItem","position":2,"name":"Estudio Aportar\u00e1 Propuestas Sustentables Para Actualizar Plan De Transporte P\u00fablico Del Gran Concepci\u00f3n"}]},{"@type":"WebSite","@id":"https:\/\/www.fraczinet.cl\/sitio\/#website","url":"https:\/\/www.fraczinet.cl\/sitio\/","name":"Nuestro Bio B\u00edo","description":"Tierra de Encuentros","publisher":{"@id":"https:\/\/www.fraczinet.cl\/sitio\/#\/schema\/person\/aec8ee4da68df2b9b0eefdad24a0d582"},"potentialAction":[{"@type":"SearchAction","target":{"@type":"EntryPoint","urlTemplate":"https:\/\/www.fraczinet.cl\/sitio\/?s={search_term_string}"},"query-input":{"@type":"PropertyValueSpecification","valueRequired":true,"valueName":"search_term_string"}}],"inLanguage":"es"},{"@type":["Person","Organization"],"@id":"https:\/\/www.fraczinet.cl\/sitio\/#\/schema\/person\/aec8ee4da68df2b9b0eefdad24a0d582","name":"Luis Fernando Fraczinet","image":{"@type":"ImageObject","inLanguage":"es","@id":"https:\/\/www.fraczinet.cl\/sitio\/#\/schema\/person\/image\/","url":"https:\/\/www.fraczinet.cl\/sitio\/wp-content\/uploads\/2021\/07\/bannerlogo-1.gif","contentUrl":"https:\/\/www.fraczinet.cl\/sitio\/wp-content\/uploads\/2021\/07\/bannerlogo-1.gif","width":159,"height":79,"caption":"Luis Fernando Fraczinet"},"logo":{"@id":"https:\/\/www.fraczinet.cl\/sitio\/#\/schema\/person\/image\/"},"sameAs":["https:\/\/www.fraczinet.cl\/sitio\/"]},{"@type":"Person","@id":"https:\/\/www.fraczinet.cl\/sitio\/#\/schema\/person\/bc30f98e9cb10ae7e119dbe14bc93784","name":"admin","image":{"@type":"ImageObject","inLanguage":"es","@id":"https:\/\/www.fraczinet.cl\/sitio\/#\/schema\/person\/image\/","url":"https:\/\/secure.gravatar.com\/avatar\/d5ad3cf7ef3b23a2bb5be73be780c86b2fc8545c3ad6b149f3913ff458c00099?s=96&d=mm&r=g","contentUrl":"https:\/\/secure.gravatar.com\/avatar\/d5ad3cf7ef3b23a2bb5be73be780c86b2fc8545c3ad6b149f3913ff458c00099?s=96&d=mm&r=g","caption":"admin"},"sameAs":["https:\/\/www.fraczinet.cl\/sitio"]}]}},"_links":{"self":[{"href":"https:\/\/www.fraczinet.cl\/sitio\/wp-json\/wp\/v2\/posts\/9106","targetHints":{"allow":["GET"]}}],"collection":[{"href":"https:\/\/www.fraczinet.cl\/sitio\/wp-json\/wp\/v2\/posts"}],"about":[{"href":"https:\/\/www.fraczinet.cl\/sitio\/wp-json\/wp\/v2\/types\/post"}],"author":[{"embeddable":true,"href":"https:\/\/www.fraczinet.cl\/sitio\/wp-json\/wp\/v2\/users\/1"}],"replies":[{"embeddable":true,"href":"https:\/\/www.fraczinet.cl\/sitio\/wp-json\/wp\/v2\/comments?post=9106"}],"version-history":[{"count":1,"href":"https:\/\/www.fraczinet.cl\/sitio\/wp-json\/wp\/v2\/posts\/9106\/revisions"}],"predecessor-version":[{"id":14037,"href":"https:\/\/www.fraczinet.cl\/sitio\/wp-json\/wp\/v2\/posts\/9106\/revisions\/14037"}],"wp:attachment":[{"href":"https:\/\/www.fraczinet.cl\/sitio\/wp-json\/wp\/v2\/media?parent=9106"}],"wp:term":[{"taxonomy":"category","embeddable":true,"href":"https:\/\/www.fraczinet.cl\/sitio\/wp-json\/wp\/v2\/categories?post=9106"},{"taxonomy":"post_tag","embeddable":true,"href":"https:\/\/www.fraczinet.cl\/sitio\/wp-json\/wp\/v2\/tags?post=9106"}],"curies":[{"name":"wp","href":"https:\/\/api.w.org\/{rel}","templated":true}]}}