{"id":9107,"date":"2010-09-07T22:11:00","date_gmt":"2010-09-07T22:11:00","guid":{"rendered":"https:\/\/www.fraczinet.cl\/sitio\/2010\/09\/07\/en-concepcion-se-vivira-experiencia-audiovisual-unica-en-su-tipo-optiko-alucina\/"},"modified":"2022-10-05T21:29:07","modified_gmt":"2022-10-05T21:29:07","slug":"en-concepcion-se-vivira-experiencia-audiovisual-unica-en-su-tipo-optiko-alucina","status":"publish","type":"post","link":"https:\/\/www.fraczinet.cl\/sitio\/2010\/09\/07\/en-concepcion-se-vivira-experiencia-audiovisual-unica-en-su-tipo-optiko-alucina\/","title":{"rendered":"En Concepci\u00f3n Se Vivir\u00e1 Experiencia Audiovisual Unica En Su Tipo: Optiko Alucina"},"content":{"rendered":"<p><\/p>\n<div style=\"text-align: justify;\"><\/div>\n<div style=\"text-align: justify;\"><a href=\"http:\/\/3.bp.blogspot.com\/_2S_RxGRVjis\/TIa6vtwM0MI\/AAAAAAAAQlE\/Dvs6Z-U70Wg\/s1600\/Optiko_Alucina_interior.jpg\" style=\"clear: left; float: left; margin-bottom: 1em; margin-right: 1em;\"><img decoding=\"async\" alt=\"\" border=\"0\" id=\"BLOGGER_PHOTO_ID_5514300122660131010\" src=\"https:\/\/3.bp.blogspot.com\/_2S_RxGRVjis\/TIa6vtwM0MI\/AAAAAAAAQlE\/Dvs6Z-U70Wg\/s400\/Optiko_Alucina_interior.jpg\" style=\"height: 300px; width: 400px;\" \/><\/a>Por primera vez Optiko Alucina llega a Concepci\u00f3n, para deslumbrar a la comunidad con una experiencia \u00fanica de espacios de luz y sonido, adem\u00e1s de poder jugar con la percepci\u00f3n espacial. La iniciativa, tra\u00edda por la Federaci\u00f3n de Estudiantes de la Universidad de Concepci\u00f3n(FEC), se presentar\u00e1 los d\u00edas 8 y 9 de septiembre en el Foro de la casa de estudios.<\/div>\n<div style=\"text-align: justify;\"><\/div>\n<div style=\"text-align: justify;\">\u00bfEn qu\u00e9 consiste?, se trata de un sistema audiovisual, desarrollado por la empresa Optiko Sensorial, proyectado al interior de una c\u00e1mara inflable negra de 70 m2, donde no entra ning\u00fan rayo de sol. En su interior se ofrecen distintas tem\u00e1tica para compartir con la familia y los amigos una experiencia alucinante y fant\u00e1stica, que supera todo lo conocido, gracias a la combinaci\u00f3n de luces, colores, humo y figuras.<\/div>\n<div style=\"text-align: justify;\"><\/div>\n<div style=\"text-align: justify;\">En diferentes horarios \u2013 desde las 11.00 hasta las 21.00 horas &#8211; se podr\u00e1n conocer cuatro temas, cada uno con una duraci\u00f3n de 15 minutos. <\/div>\n<div style=\"text-align: justify;\"><\/div>\n<div style=\"text-align: justify;\">&#8211; Gaia, experiencia apropiada para compartir con los m\u00e1s peque\u00f1os. Invita a observar y jugar con formas, colores y espacio, realizados con secuencias de animaciones geom\u00e9tricas que evocan sonidos naturales y fant\u00e1sticos.<\/div>\n<div style=\"text-align: justify;\"><\/div>\n<div style=\"text-align: justify;\">&#8211; Zona Marciana, muestra una dimensi\u00f3n distinta de todo lo que conocemos; donde jugamos con las leyes de la percepci\u00f3n y del espacio.<\/div>\n<div style=\"text-align: justify;\"><\/div>\n<div style=\"text-align: justify;\">&#8211; Trance Visual,  experiencia sin l\u00edmites y sin referentes; loops electr\u00f3nicos de luz y sonido transforman tu realidad perceptible, elev\u00e1ndote a un espacio visual indescriptible.<\/div>\n<div style=\"text-align: justify;\"><\/div>\n<div style=\"text-align: justify;\">&#8211; Peyote Milagroso, en el cual Optiko ha reunido su tecnolog\u00eda con sonidos y s\u00edmbolos cham\u00e1nicos ancestrales, haciendo de Peyote una experiencia espiritual, reconfortante y trascendente.<\/div>\n<div style=\"text-align: justify;\"><\/div>\n<div style=\"text-align: justify;\">Los  interesados en participar, podr\u00e1n asistir desde las 11:00 hasta las 21.00 hrs., al Foro de la Universidad de Concepci\u00f3n, lugar donde estar\u00e1 instalada la carpa de Optiko Alucina. La entrada tiene un costo de $800 para estudiantes y $1.500 para p\u00fablico general.<\/div>\n","protected":false},"excerpt":{"rendered":"<p>Por primera vez Optiko Alucina llega a Concepci\u00f3n, para deslumbrar a la comunidad con una experiencia \u00fanica de espacios de luz y sonido, adem\u00e1s de poder jugar con la percepci\u00f3n espacial. La iniciativa, tra\u00edda por la Federaci\u00f3n de Estudiantes de la Universidad de Concepci\u00f3n(FEC), se presentar\u00e1 los d\u00edas 8 y 9 de septiembre en el [&hellip;]<\/p>\n","protected":false},"author":1,"featured_media":0,"comment_status":"open","ping_status":"open","sticky":false,"template":"","format":"standard","meta":{"footnotes":""},"categories":[68],"tags":[],"class_list":["post-9107","post","type-post","status-publish","format-standard","hentry","category-artes-visuales"],"yoast_head":"<!-- This site is optimized with the Yoast SEO plugin v25.0 - https:\/\/yoast.com\/wordpress\/plugins\/seo\/ -->\n<title>En Concepci\u00f3n Se Vivir\u00e1 Experiencia Audiovisual Unica En Su Tipo: Optiko Alucina - Nuestro Bio B\u00edo<\/title>\n<meta name=\"robots\" content=\"index, follow, max-snippet:-1, max-image-preview:large, max-video-preview:-1\" \/>\n<link rel=\"canonical\" href=\"https:\/\/www.fraczinet.cl\/sitio\/2010\/09\/07\/en-concepcion-se-vivira-experiencia-audiovisual-unica-en-su-tipo-optiko-alucina\/\" \/>\n<meta property=\"og:locale\" content=\"es_ES\" \/>\n<meta property=\"og:type\" content=\"article\" \/>\n<meta property=\"og:title\" content=\"En Concepci\u00f3n Se Vivir\u00e1 Experiencia Audiovisual Unica En Su Tipo: Optiko Alucina - Nuestro Bio B\u00edo\" \/>\n<meta property=\"og:description\" content=\"Por primera vez Optiko Alucina llega a Concepci\u00f3n, para deslumbrar a la comunidad con una experiencia \u00fanica de espacios de luz y sonido, adem\u00e1s de poder jugar con la percepci\u00f3n espacial. La iniciativa, tra\u00edda por la Federaci\u00f3n de Estudiantes de la Universidad de Concepci\u00f3n(FEC), se presentar\u00e1 los d\u00edas 8 y 9 de septiembre en el [&hellip;]\" \/>\n<meta property=\"og:url\" content=\"https:\/\/www.fraczinet.cl\/sitio\/2010\/09\/07\/en-concepcion-se-vivira-experiencia-audiovisual-unica-en-su-tipo-optiko-alucina\/\" \/>\n<meta property=\"og:site_name\" content=\"Nuestro Bio B\u00edo\" \/>\n<meta property=\"article:published_time\" content=\"2010-09-07T22:11:00+00:00\" \/>\n<meta property=\"article:modified_time\" content=\"2022-10-05T21:29:07+00:00\" \/>\n<meta property=\"og:image\" content=\"https:\/\/3.bp.blogspot.com\/_2S_RxGRVjis\/TIa6vtwM0MI\/AAAAAAAAQlE\/Dvs6Z-U70Wg\/s400\/Optiko_Alucina_interior.jpg\" \/>\n<meta name=\"author\" content=\"admin\" \/>\n<meta name=\"twitter:card\" content=\"summary_large_image\" \/>\n<meta name=\"twitter:creator\" content=\"@nuestrobiobio\" \/>\n<meta name=\"twitter:site\" content=\"@nuestrobiobio\" \/>\n<meta name=\"twitter:label1\" content=\"Escrito por\" \/>\n\t<meta name=\"twitter:data1\" content=\"admin\" \/>\n\t<meta name=\"twitter:label2\" content=\"Tiempo de lectura\" \/>\n\t<meta name=\"twitter:data2\" content=\"2 minutos\" \/>\n<script type=\"application\/ld+json\" class=\"yoast-schema-graph\">{\"@context\":\"https:\/\/schema.org\",\"@graph\":[{\"@type\":\"Article\",\"@id\":\"https:\/\/www.fraczinet.cl\/sitio\/2010\/09\/07\/en-concepcion-se-vivira-experiencia-audiovisual-unica-en-su-tipo-optiko-alucina\/#article\",\"isPartOf\":{\"@id\":\"https:\/\/www.fraczinet.cl\/sitio\/2010\/09\/07\/en-concepcion-se-vivira-experiencia-audiovisual-unica-en-su-tipo-optiko-alucina\/\"},\"author\":{\"name\":\"admin\",\"@id\":\"https:\/\/www.fraczinet.cl\/sitio\/#\/schema\/person\/bc30f98e9cb10ae7e119dbe14bc93784\"},\"headline\":\"En Concepci\u00f3n Se Vivir\u00e1 Experiencia Audiovisual Unica En Su Tipo: Optiko Alucina\",\"datePublished\":\"2010-09-07T22:11:00+00:00\",\"dateModified\":\"2022-10-05T21:29:07+00:00\",\"mainEntityOfPage\":{\"@id\":\"https:\/\/www.fraczinet.cl\/sitio\/2010\/09\/07\/en-concepcion-se-vivira-experiencia-audiovisual-unica-en-su-tipo-optiko-alucina\/\"},\"wordCount\":335,\"commentCount\":0,\"publisher\":{\"@id\":\"https:\/\/www.fraczinet.cl\/sitio\/#\/schema\/person\/aec8ee4da68df2b9b0eefdad24a0d582\"},\"image\":{\"@id\":\"https:\/\/www.fraczinet.cl\/sitio\/2010\/09\/07\/en-concepcion-se-vivira-experiencia-audiovisual-unica-en-su-tipo-optiko-alucina\/#primaryimage\"},\"thumbnailUrl\":\"https:\/\/3.bp.blogspot.com\/_2S_RxGRVjis\/TIa6vtwM0MI\/AAAAAAAAQlE\/Dvs6Z-U70Wg\/s400\/Optiko_Alucina_interior.jpg\",\"articleSection\":[\"Artes Visuales\"],\"inLanguage\":\"es\",\"potentialAction\":[{\"@type\":\"CommentAction\",\"name\":\"Comment\",\"target\":[\"https:\/\/www.fraczinet.cl\/sitio\/2010\/09\/07\/en-concepcion-se-vivira-experiencia-audiovisual-unica-en-su-tipo-optiko-alucina\/#respond\"]}]},{\"@type\":\"WebPage\",\"@id\":\"https:\/\/www.fraczinet.cl\/sitio\/2010\/09\/07\/en-concepcion-se-vivira-experiencia-audiovisual-unica-en-su-tipo-optiko-alucina\/\",\"url\":\"https:\/\/www.fraczinet.cl\/sitio\/2010\/09\/07\/en-concepcion-se-vivira-experiencia-audiovisual-unica-en-su-tipo-optiko-alucina\/\",\"name\":\"En Concepci\u00f3n Se Vivir\u00e1 Experiencia Audiovisual Unica En Su Tipo: Optiko Alucina - Nuestro Bio B\u00edo\",\"isPartOf\":{\"@id\":\"https:\/\/www.fraczinet.cl\/sitio\/#website\"},\"primaryImageOfPage\":{\"@id\":\"https:\/\/www.fraczinet.cl\/sitio\/2010\/09\/07\/en-concepcion-se-vivira-experiencia-audiovisual-unica-en-su-tipo-optiko-alucina\/#primaryimage\"},\"image\":{\"@id\":\"https:\/\/www.fraczinet.cl\/sitio\/2010\/09\/07\/en-concepcion-se-vivira-experiencia-audiovisual-unica-en-su-tipo-optiko-alucina\/#primaryimage\"},\"thumbnailUrl\":\"https:\/\/3.bp.blogspot.com\/_2S_RxGRVjis\/TIa6vtwM0MI\/AAAAAAAAQlE\/Dvs6Z-U70Wg\/s400\/Optiko_Alucina_interior.jpg\",\"datePublished\":\"2010-09-07T22:11:00+00:00\",\"dateModified\":\"2022-10-05T21:29:07+00:00\",\"breadcrumb\":{\"@id\":\"https:\/\/www.fraczinet.cl\/sitio\/2010\/09\/07\/en-concepcion-se-vivira-experiencia-audiovisual-unica-en-su-tipo-optiko-alucina\/#breadcrumb\"},\"inLanguage\":\"es\",\"potentialAction\":[{\"@type\":\"ReadAction\",\"target\":[\"https:\/\/www.fraczinet.cl\/sitio\/2010\/09\/07\/en-concepcion-se-vivira-experiencia-audiovisual-unica-en-su-tipo-optiko-alucina\/\"]}]},{\"@type\":\"ImageObject\",\"inLanguage\":\"es\",\"@id\":\"https:\/\/www.fraczinet.cl\/sitio\/2010\/09\/07\/en-concepcion-se-vivira-experiencia-audiovisual-unica-en-su-tipo-optiko-alucina\/#primaryimage\",\"url\":\"https:\/\/3.bp.blogspot.com\/_2S_RxGRVjis\/TIa6vtwM0MI\/AAAAAAAAQlE\/Dvs6Z-U70Wg\/s400\/Optiko_Alucina_interior.jpg\",\"contentUrl\":\"https:\/\/3.bp.blogspot.com\/_2S_RxGRVjis\/TIa6vtwM0MI\/AAAAAAAAQlE\/Dvs6Z-U70Wg\/s400\/Optiko_Alucina_interior.jpg\"},{\"@type\":\"BreadcrumbList\",\"@id\":\"https:\/\/www.fraczinet.cl\/sitio\/2010\/09\/07\/en-concepcion-se-vivira-experiencia-audiovisual-unica-en-su-tipo-optiko-alucina\/#breadcrumb\",\"itemListElement\":[{\"@type\":\"ListItem\",\"position\":1,\"name\":\"Portada\",\"item\":\"https:\/\/www.fraczinet.cl\/sitio\/\"},{\"@type\":\"ListItem\",\"position\":2,\"name\":\"En Concepci\u00f3n Se Vivir\u00e1 Experiencia Audiovisual Unica En Su Tipo: Optiko Alucina\"}]},{\"@type\":\"WebSite\",\"@id\":\"https:\/\/www.fraczinet.cl\/sitio\/#website\",\"url\":\"https:\/\/www.fraczinet.cl\/sitio\/\",\"name\":\"Nuestro Bio B\u00edo\",\"description\":\"Tierra de Encuentros\",\"publisher\":{\"@id\":\"https:\/\/www.fraczinet.cl\/sitio\/#\/schema\/person\/aec8ee4da68df2b9b0eefdad24a0d582\"},\"potentialAction\":[{\"@type\":\"SearchAction\",\"target\":{\"@type\":\"EntryPoint\",\"urlTemplate\":\"https:\/\/www.fraczinet.cl\/sitio\/?s={search_term_string}\"},\"query-input\":{\"@type\":\"PropertyValueSpecification\",\"valueRequired\":true,\"valueName\":\"search_term_string\"}}],\"inLanguage\":\"es\"},{\"@type\":[\"Person\",\"Organization\"],\"@id\":\"https:\/\/www.fraczinet.cl\/sitio\/#\/schema\/person\/aec8ee4da68df2b9b0eefdad24a0d582\",\"name\":\"Luis Fernando Fraczinet\",\"image\":{\"@type\":\"ImageObject\",\"inLanguage\":\"es\",\"@id\":\"https:\/\/www.fraczinet.cl\/sitio\/#\/schema\/person\/image\/\",\"url\":\"https:\/\/www.fraczinet.cl\/sitio\/wp-content\/uploads\/2021\/07\/bannerlogo-1.gif\",\"contentUrl\":\"https:\/\/www.fraczinet.cl\/sitio\/wp-content\/uploads\/2021\/07\/bannerlogo-1.gif\",\"width\":159,\"height\":79,\"caption\":\"Luis Fernando Fraczinet\"},\"logo\":{\"@id\":\"https:\/\/www.fraczinet.cl\/sitio\/#\/schema\/person\/image\/\"},\"sameAs\":[\"https:\/\/www.fraczinet.cl\/sitio\/\"]},{\"@type\":\"Person\",\"@id\":\"https:\/\/www.fraczinet.cl\/sitio\/#\/schema\/person\/bc30f98e9cb10ae7e119dbe14bc93784\",\"name\":\"admin\",\"image\":{\"@type\":\"ImageObject\",\"inLanguage\":\"es\",\"@id\":\"https:\/\/www.fraczinet.cl\/sitio\/#\/schema\/person\/image\/\",\"url\":\"https:\/\/secure.gravatar.com\/avatar\/d5ad3cf7ef3b23a2bb5be73be780c86b2fc8545c3ad6b149f3913ff458c00099?s=96&d=mm&r=g\",\"contentUrl\":\"https:\/\/secure.gravatar.com\/avatar\/d5ad3cf7ef3b23a2bb5be73be780c86b2fc8545c3ad6b149f3913ff458c00099?s=96&d=mm&r=g\",\"caption\":\"admin\"},\"sameAs\":[\"https:\/\/www.fraczinet.cl\/sitio\"]}]}<\/script>\n<!-- \/ Yoast SEO plugin. -->","yoast_head_json":{"title":"En Concepci\u00f3n Se Vivir\u00e1 Experiencia Audiovisual Unica En Su Tipo: Optiko Alucina - Nuestro Bio B\u00edo","robots":{"index":"index","follow":"follow","max-snippet":"max-snippet:-1","max-image-preview":"max-image-preview:large","max-video-preview":"max-video-preview:-1"},"canonical":"https:\/\/www.fraczinet.cl\/sitio\/2010\/09\/07\/en-concepcion-se-vivira-experiencia-audiovisual-unica-en-su-tipo-optiko-alucina\/","og_locale":"es_ES","og_type":"article","og_title":"En Concepci\u00f3n Se Vivir\u00e1 Experiencia Audiovisual Unica En Su Tipo: Optiko Alucina - Nuestro Bio B\u00edo","og_description":"Por primera vez Optiko Alucina llega a Concepci\u00f3n, para deslumbrar a la comunidad con una experiencia \u00fanica de espacios de luz y sonido, adem\u00e1s de poder jugar con la percepci\u00f3n espacial. La iniciativa, tra\u00edda por la Federaci\u00f3n de Estudiantes de la Universidad de Concepci\u00f3n(FEC), se presentar\u00e1 los d\u00edas 8 y 9 de septiembre en el [&hellip;]","og_url":"https:\/\/www.fraczinet.cl\/sitio\/2010\/09\/07\/en-concepcion-se-vivira-experiencia-audiovisual-unica-en-su-tipo-optiko-alucina\/","og_site_name":"Nuestro Bio B\u00edo","article_published_time":"2010-09-07T22:11:00+00:00","article_modified_time":"2022-10-05T21:29:07+00:00","og_image":[{"url":"https:\/\/3.bp.blogspot.com\/_2S_RxGRVjis\/TIa6vtwM0MI\/AAAAAAAAQlE\/Dvs6Z-U70Wg\/s400\/Optiko_Alucina_interior.jpg","type":"","width":"","height":""}],"author":"admin","twitter_card":"summary_large_image","twitter_creator":"@nuestrobiobio","twitter_site":"@nuestrobiobio","twitter_misc":{"Escrito por":"admin","Tiempo de lectura":"2 minutos"},"schema":{"@context":"https:\/\/schema.org","@graph":[{"@type":"Article","@id":"https:\/\/www.fraczinet.cl\/sitio\/2010\/09\/07\/en-concepcion-se-vivira-experiencia-audiovisual-unica-en-su-tipo-optiko-alucina\/#article","isPartOf":{"@id":"https:\/\/www.fraczinet.cl\/sitio\/2010\/09\/07\/en-concepcion-se-vivira-experiencia-audiovisual-unica-en-su-tipo-optiko-alucina\/"},"author":{"name":"admin","@id":"https:\/\/www.fraczinet.cl\/sitio\/#\/schema\/person\/bc30f98e9cb10ae7e119dbe14bc93784"},"headline":"En Concepci\u00f3n Se Vivir\u00e1 Experiencia Audiovisual Unica En Su Tipo: Optiko Alucina","datePublished":"2010-09-07T22:11:00+00:00","dateModified":"2022-10-05T21:29:07+00:00","mainEntityOfPage":{"@id":"https:\/\/www.fraczinet.cl\/sitio\/2010\/09\/07\/en-concepcion-se-vivira-experiencia-audiovisual-unica-en-su-tipo-optiko-alucina\/"},"wordCount":335,"commentCount":0,"publisher":{"@id":"https:\/\/www.fraczinet.cl\/sitio\/#\/schema\/person\/aec8ee4da68df2b9b0eefdad24a0d582"},"image":{"@id":"https:\/\/www.fraczinet.cl\/sitio\/2010\/09\/07\/en-concepcion-se-vivira-experiencia-audiovisual-unica-en-su-tipo-optiko-alucina\/#primaryimage"},"thumbnailUrl":"https:\/\/3.bp.blogspot.com\/_2S_RxGRVjis\/TIa6vtwM0MI\/AAAAAAAAQlE\/Dvs6Z-U70Wg\/s400\/Optiko_Alucina_interior.jpg","articleSection":["Artes Visuales"],"inLanguage":"es","potentialAction":[{"@type":"CommentAction","name":"Comment","target":["https:\/\/www.fraczinet.cl\/sitio\/2010\/09\/07\/en-concepcion-se-vivira-experiencia-audiovisual-unica-en-su-tipo-optiko-alucina\/#respond"]}]},{"@type":"WebPage","@id":"https:\/\/www.fraczinet.cl\/sitio\/2010\/09\/07\/en-concepcion-se-vivira-experiencia-audiovisual-unica-en-su-tipo-optiko-alucina\/","url":"https:\/\/www.fraczinet.cl\/sitio\/2010\/09\/07\/en-concepcion-se-vivira-experiencia-audiovisual-unica-en-su-tipo-optiko-alucina\/","name":"En Concepci\u00f3n Se Vivir\u00e1 Experiencia Audiovisual Unica En Su Tipo: Optiko Alucina - Nuestro Bio B\u00edo","isPartOf":{"@id":"https:\/\/www.fraczinet.cl\/sitio\/#website"},"primaryImageOfPage":{"@id":"https:\/\/www.fraczinet.cl\/sitio\/2010\/09\/07\/en-concepcion-se-vivira-experiencia-audiovisual-unica-en-su-tipo-optiko-alucina\/#primaryimage"},"image":{"@id":"https:\/\/www.fraczinet.cl\/sitio\/2010\/09\/07\/en-concepcion-se-vivira-experiencia-audiovisual-unica-en-su-tipo-optiko-alucina\/#primaryimage"},"thumbnailUrl":"https:\/\/3.bp.blogspot.com\/_2S_RxGRVjis\/TIa6vtwM0MI\/AAAAAAAAQlE\/Dvs6Z-U70Wg\/s400\/Optiko_Alucina_interior.jpg","datePublished":"2010-09-07T22:11:00+00:00","dateModified":"2022-10-05T21:29:07+00:00","breadcrumb":{"@id":"https:\/\/www.fraczinet.cl\/sitio\/2010\/09\/07\/en-concepcion-se-vivira-experiencia-audiovisual-unica-en-su-tipo-optiko-alucina\/#breadcrumb"},"inLanguage":"es","potentialAction":[{"@type":"ReadAction","target":["https:\/\/www.fraczinet.cl\/sitio\/2010\/09\/07\/en-concepcion-se-vivira-experiencia-audiovisual-unica-en-su-tipo-optiko-alucina\/"]}]},{"@type":"ImageObject","inLanguage":"es","@id":"https:\/\/www.fraczinet.cl\/sitio\/2010\/09\/07\/en-concepcion-se-vivira-experiencia-audiovisual-unica-en-su-tipo-optiko-alucina\/#primaryimage","url":"https:\/\/3.bp.blogspot.com\/_2S_RxGRVjis\/TIa6vtwM0MI\/AAAAAAAAQlE\/Dvs6Z-U70Wg\/s400\/Optiko_Alucina_interior.jpg","contentUrl":"https:\/\/3.bp.blogspot.com\/_2S_RxGRVjis\/TIa6vtwM0MI\/AAAAAAAAQlE\/Dvs6Z-U70Wg\/s400\/Optiko_Alucina_interior.jpg"},{"@type":"BreadcrumbList","@id":"https:\/\/www.fraczinet.cl\/sitio\/2010\/09\/07\/en-concepcion-se-vivira-experiencia-audiovisual-unica-en-su-tipo-optiko-alucina\/#breadcrumb","itemListElement":[{"@type":"ListItem","position":1,"name":"Portada","item":"https:\/\/www.fraczinet.cl\/sitio\/"},{"@type":"ListItem","position":2,"name":"En Concepci\u00f3n Se Vivir\u00e1 Experiencia Audiovisual Unica En Su Tipo: Optiko Alucina"}]},{"@type":"WebSite","@id":"https:\/\/www.fraczinet.cl\/sitio\/#website","url":"https:\/\/www.fraczinet.cl\/sitio\/","name":"Nuestro Bio B\u00edo","description":"Tierra de Encuentros","publisher":{"@id":"https:\/\/www.fraczinet.cl\/sitio\/#\/schema\/person\/aec8ee4da68df2b9b0eefdad24a0d582"},"potentialAction":[{"@type":"SearchAction","target":{"@type":"EntryPoint","urlTemplate":"https:\/\/www.fraczinet.cl\/sitio\/?s={search_term_string}"},"query-input":{"@type":"PropertyValueSpecification","valueRequired":true,"valueName":"search_term_string"}}],"inLanguage":"es"},{"@type":["Person","Organization"],"@id":"https:\/\/www.fraczinet.cl\/sitio\/#\/schema\/person\/aec8ee4da68df2b9b0eefdad24a0d582","name":"Luis Fernando Fraczinet","image":{"@type":"ImageObject","inLanguage":"es","@id":"https:\/\/www.fraczinet.cl\/sitio\/#\/schema\/person\/image\/","url":"https:\/\/www.fraczinet.cl\/sitio\/wp-content\/uploads\/2021\/07\/bannerlogo-1.gif","contentUrl":"https:\/\/www.fraczinet.cl\/sitio\/wp-content\/uploads\/2021\/07\/bannerlogo-1.gif","width":159,"height":79,"caption":"Luis Fernando Fraczinet"},"logo":{"@id":"https:\/\/www.fraczinet.cl\/sitio\/#\/schema\/person\/image\/"},"sameAs":["https:\/\/www.fraczinet.cl\/sitio\/"]},{"@type":"Person","@id":"https:\/\/www.fraczinet.cl\/sitio\/#\/schema\/person\/bc30f98e9cb10ae7e119dbe14bc93784","name":"admin","image":{"@type":"ImageObject","inLanguage":"es","@id":"https:\/\/www.fraczinet.cl\/sitio\/#\/schema\/person\/image\/","url":"https:\/\/secure.gravatar.com\/avatar\/d5ad3cf7ef3b23a2bb5be73be780c86b2fc8545c3ad6b149f3913ff458c00099?s=96&d=mm&r=g","contentUrl":"https:\/\/secure.gravatar.com\/avatar\/d5ad3cf7ef3b23a2bb5be73be780c86b2fc8545c3ad6b149f3913ff458c00099?s=96&d=mm&r=g","caption":"admin"},"sameAs":["https:\/\/www.fraczinet.cl\/sitio"]}]}},"_links":{"self":[{"href":"https:\/\/www.fraczinet.cl\/sitio\/wp-json\/wp\/v2\/posts\/9107","targetHints":{"allow":["GET"]}}],"collection":[{"href":"https:\/\/www.fraczinet.cl\/sitio\/wp-json\/wp\/v2\/posts"}],"about":[{"href":"https:\/\/www.fraczinet.cl\/sitio\/wp-json\/wp\/v2\/types\/post"}],"author":[{"embeddable":true,"href":"https:\/\/www.fraczinet.cl\/sitio\/wp-json\/wp\/v2\/users\/1"}],"replies":[{"embeddable":true,"href":"https:\/\/www.fraczinet.cl\/sitio\/wp-json\/wp\/v2\/comments?post=9107"}],"version-history":[{"count":1,"href":"https:\/\/www.fraczinet.cl\/sitio\/wp-json\/wp\/v2\/posts\/9107\/revisions"}],"predecessor-version":[{"id":14098,"href":"https:\/\/www.fraczinet.cl\/sitio\/wp-json\/wp\/v2\/posts\/9107\/revisions\/14098"}],"wp:attachment":[{"href":"https:\/\/www.fraczinet.cl\/sitio\/wp-json\/wp\/v2\/media?parent=9107"}],"wp:term":[{"taxonomy":"category","embeddable":true,"href":"https:\/\/www.fraczinet.cl\/sitio\/wp-json\/wp\/v2\/categories?post=9107"},{"taxonomy":"post_tag","embeddable":true,"href":"https:\/\/www.fraczinet.cl\/sitio\/wp-json\/wp\/v2\/tags?post=9107"}],"curies":[{"name":"wp","href":"https:\/\/api.w.org\/{rel}","templated":true}]}}