{"id":9117,"date":"2010-09-01T01:24:00","date_gmt":"2010-09-01T01:24:00","guid":{"rendered":"https:\/\/www.fraczinet.cl\/sitio\/2010\/09\/01\/cinta-animada-educativa-yekal-el-huemul-se-estrena-en-concepcion\/"},"modified":"2022-10-05T21:30:16","modified_gmt":"2022-10-05T21:30:16","slug":"cinta-animada-educativa-yekal-el-huemul-se-estrena-en-concepcion","status":"publish","type":"post","link":"https:\/\/www.fraczinet.cl\/sitio\/2010\/09\/01\/cinta-animada-educativa-yekal-el-huemul-se-estrena-en-concepcion\/","title":{"rendered":"Cinta Animada Educativa \u201cYekal, El Huemul\u201d Se Estrena En Concepci\u00f3n"},"content":{"rendered":"<p><\/p>\n<div style=\"text-align: justify;\"><a href=\"http:\/\/4.bp.blogspot.com\/_2S_RxGRVjis\/TH2x5JUwhyI\/AAAAAAAAQi8\/-Yozw-azrHg\/s1600\/Foto+6+Despertar+de+Yekal+y+conversa+con+Huemules+Argentinos+1.jpg\" style=\"clear: left; float: left; margin-bottom: 1em; margin-right: 1em;\"><img decoding=\"async\" alt=\"\" border=\"0\" id=\"BLOGGER_PHOTO_ID_5511757114285000482\" src=\"https:\/\/4.bp.blogspot.com\/_2S_RxGRVjis\/TH2x5JUwhyI\/AAAAAAAAQi8\/-Yozw-azrHg\/s400\/Foto+6+Despertar+de+Yekal+y+conversa+con+Huemules+Argentinos+1.jpg\" style=\"height: 225px; width: 400px;\" \/><\/a>La realidad de los huemules en la Regi\u00f3n del Bio B\u00edo es que est\u00e1n a punto de extinguirse. Basado en el cuento original de Elisa Corcuera, \u201cYekal, el huemul\u201d es un cortometraje animado y educativo que llama la atenci\u00f3n sobre la triste situaci\u00f3n de esta especie emblem\u00e1tica, presente en el escudo nacional de Chile. Financiado por el Fondo de Fomento Audiovisual del Consejo Nacional de la Cultura y las Artes, este proyecto es la primera pel\u00edcula de Producciones Katalapi, que ser\u00e1 estrenada el pr\u00f3ximo martes 7 de septiembre a las 11:00 hrs. en la Corporaci\u00f3n Cultural Alianza Francesa (Colo Colo #1). <\/div>\n<div style=\"text-align: justify;\"><\/div>\n<div style=\"text-align: justify;\">La animaci\u00f3n de Yekal narra la historia de un joven huemul que, enfrentado al peligro de desaparecer, deber\u00e1 dejar su hogar en los Nevados de Chill\u00e1n para dirigirse rumbo al sur, donde conocer\u00e1 a otra poblaci\u00f3n de huemules e intentar\u00e1 encontrar pareja con la cual emprender el viaje de regreso. El camino no estar\u00e1 exento de aventuras y desencuentros que guiar\u00e1n al espectador a conocer los reales peligros a los que se enfrentan los huemules en la actualidad. <\/div>\n<div style=\"text-align: justify;\"><\/div>\n<div style=\"text-align: justify;\"><\/div>\n<div style=\"text-align: justify;\"><\/div>\n<div style=\"text-align: justify;\">Ana Mar\u00eda Vliegenthart, educadora ambiental, productora ejecutiva del cortometraje y due\u00f1a de Katalapi, fue la encargada de entusiasmar a un grupo de talentosos j\u00f3venes penquistas como Samuel Rubilar, director de la animaci\u00f3n; Marcelo Melipil, creador de la m\u00fasica original; y Benjam\u00edn Guerra, encargado del sonido. Al respecto, Samuel Rubilar afirma: \u201cTodo comienza con la invitaci\u00f3n de Anita y su entusiasmo que contagia. En esta apuesta el trabajo se facilita much\u00edsimo al tener un objetivo claro: queremos un mensaje cr\u00edtico frente a lo que sucede con el huemul y la necesidad de hacer algo para protegerlo, utilizando la magia de la animaci\u00f3n y los m\u00e9todos de educaci\u00f3n\u201d.<\/div>\n<div style=\"text-align: justify;\"><\/div>\n<div style=\"text-align: justify;\">En el doblaje de las voces de los personajes tambi\u00e9n se desarroll\u00f3 un interesante trabajo a cargo de los actores Ignacio Flores, Pamela Martis, Lucy Neira y Christian Estrada. De igual forma, la realizaci\u00f3n de los dibujos y la animaci\u00f3n en 2D (dos dimensiones) estuvo a cargo de un equipo de profesionales del Centro de Formaci\u00f3n y Recursos Did\u00e1cticos (CFRD) de la Universidad de Concepci\u00f3n.<\/div>\n<div style=\"text-align: justify;\"><\/div>\n<div style=\"text-align: justify;\">Cabe destacar que este proyecto cuenta con el patrocinio y la asesor\u00eda t\u00e9cnica de la Corporaci\u00f3n Nacional Forestal (CONAF) y del Comit\u00e9 pro Defensa de la Flora y la Fauna (CODEFF). Adem\u00e1s, gracias a la participaci\u00f3n del Centro Cultural Alianza Francesa y de las municipalidades de Concepci\u00f3n, San Pedro de la Paz, Talcahuano y Chiguayante, m\u00e1s de 2 mil estudiantes podr\u00e1n disfrutar de la pel\u00edcula que profesionales a cargo de la difusi\u00f3n presentar\u00e1n en las escuelas, a trav\u00e9s de la coordinaci\u00f3n con los Departamentos de Administraci\u00f3n de Educaci\u00f3n Municipal (DAEM). <\/div>\n<div style=\"text-align: justify;\"><\/div>\n<div style=\"text-align: justify;\"><span style=\"font-weight: bold;\">La apuesta educativa y ambiental<\/span><\/div>\n<div style=\"text-align: justify;\"><\/div>\n<div style=\"text-align: justify;\"><a href=\"http:\/\/2.bp.blogspot.com\/_2S_RxGRVjis\/TH2wrp-UBmI\/AAAAAAAAQik\/U1MLcheT2gg\/s1600\/ni%C3%B1a+mira+Yekal.JPG\"><img decoding=\"async\" alt=\"\" border=\"0\" id=\"BLOGGER_PHOTO_ID_5511755783019431522\" src=\"https:\/\/2.bp.blogspot.com\/_2S_RxGRVjis\/TH2wrp-UBmI\/AAAAAAAAQik\/U1MLcheT2gg\/s320\/ni%C3%B1a+mira+Yekal.JPG\" style=\"cursor: pointer; float: left; height: 151px; margin: 0px 10px 10px 0px; width: 200px;\" \/><\/a>Hacer un aporte sustancial al sistema educativo desde la mirada ambiental es la principal motivaci\u00f3n para la realizaci\u00f3n de este proyecto. As\u00ed lo afirma Ana Mar\u00eda Vliegenthart, quien se\u00f1ala que debido a ello \u201clas actividades de difusi\u00f3n no s\u00f3lo se remiten a mostrar la cinta a los ni\u00f1os, sino que tambi\u00e9n comprometen la realizaci\u00f3n de talleres educativos que ya han comenzado a desarrollarse en las escuelas de los cuatro municipios involucrados\u201d.<\/div>\n<div style=\"text-align: justify;\"><\/div>\n<div style=\"text-align: justify;\">En estos talleres se entregar\u00e1n planificaciones de aula que complementan el cortometraje, adem\u00e1s de un video documental y una muestra de juegos interactivos digitales. Seg\u00fan Vliegenthart esta modalidad educativa \u201cresponde a las preferencias de aprendizaje de los ni\u00f1os de hoy, -de mucha pantalla, interactivo y l\u00fadico-, que adem\u00e1s es de f\u00e1cil difusi\u00f3n y muy bajo costo, una vez que se ha hecho la inversi\u00f3n inicial\u201d, explica la educadora y agrega: \u201cEn el fondo se apunta a enriquecer el repertorio de recursos did\u00e1cticos de que dispone el docente para alcanzar dos objetivos fundamentales del Programa Oficial de Estudios: la Educaci\u00f3n Ambiental y la alfabetizaci\u00f3n digital, ambos aspectos con dificultades serias para ser alcanzados en el presente\u201d. En este sentido, la realizadora destaca que \u201cen el comercio no hay una oferta de este tipo de producciones por lo cual existe un mercado interesante que explotar\u201d.<\/div>\n<div style=\"text-align: justify;\"><\/div>\n<div style=\"text-align: justify;\"><a href=\"http:\/\/4.bp.blogspot.com\/_2S_RxGRVjis\/TH2w2_wVwEI\/AAAAAAAAQis\/ketkpHZNnB8\/s1600\/ni%C3%B1os+ven+pel%C3%ADcula+Yekal+en+escuela.JPG\"><img decoding=\"async\" alt=\"\" border=\"0\" id=\"BLOGGER_PHOTO_ID_5511755977844965442\" src=\"https:\/\/4.bp.blogspot.com\/_2S_RxGRVjis\/TH2w2_wVwEI\/AAAAAAAAQis\/ketkpHZNnB8\/s320\/ni%C3%B1os+ven+pel%C3%ADcula+Yekal+en+escuela.JPG\" style=\"cursor: pointer; float: left; height: 214px; margin: 0px 10px 10px 0px; width: 200px;\" \/><\/a>Es por ello que la pr\u00f3xima etapa y desaf\u00edo para Katalapi es concentrarse en la b\u00fasqueda de un auspiciador que compre el paquete educativo que comprende el desarrollo de m\u00e1s m\u00f3dulos educativos, a fin de ponerlos a disposici\u00f3n de todos los establecimientos chilenos interesados, lo que \u201cpermitir\u00eda financiar los productos no contemplados en el fondo adjudicado y asegurar la creaci\u00f3n de m\u00e1s material de este tipo\u201d, asegura la educadora.<\/div>\n<div style=\"text-align: justify;\"><\/div>\n<div style=\"text-align: justify;\">Adem\u00e1s del estreno, se presentar\u00e1 una funci\u00f3n abierta a la comunidad y especialmente a los ni\u00f1os que deseen asistir, el mi\u00e9rcoles 8 de septiembre a las 16:30 horas en la Corporaci\u00f3n Cultural Alianza Francesa.<\/div>\n<div style=\"text-align: justify;\"><\/div>\n<div style=\"text-align: justify;\"><a href=\"http:\/\/2.bp.blogspot.com\/_2S_RxGRVjis\/TH2xx11vvGI\/AAAAAAAAQi0\/B8kJ9ZOkVuk\/s1600\/Foto+1+Dorotea+y+cables.jpg\"><img decoding=\"async\" alt=\"\" border=\"0\" id=\"BLOGGER_PHOTO_ID_5511756988795567202\" src=\"https:\/\/2.bp.blogspot.com\/_2S_RxGRVjis\/TH2xx11vvGI\/AAAAAAAAQi0\/B8kJ9ZOkVuk\/s400\/Foto+1+Dorotea+y+cables.jpg\" style=\"cursor: pointer; height: 225px; width: 400px;\" \/><\/a><\/div>\n<div style=\"text-align: justify;\"><\/div>\n<div style=\"text-align: justify;\">FICHA T\u00c9CNICA DE LA CINTA<\/div>\n<div style=\"text-align: justify;\">T\u00edtulo: \u201cYekal, el huemul\u201d<\/div>\n<div style=\"text-align: justify;\">Pa\u00eds: Chile<\/div>\n<div style=\"text-align: justify;\">A\u00f1o: 2010<\/div>\n<div style=\"text-align: justify;\">Duraci\u00f3n: 12 minutos<\/div>\n<div style=\"text-align: justify;\">G\u00e9nero: Animaci\u00f3n 2D <\/div>\n<div style=\"text-align: justify;\">Formato: HDV Digital<\/div>\n<div style=\"text-align: justify;\">Sonido: Stereo<\/div>\n<div style=\"text-align: justify;\">Direcci\u00f3n: Samuel Rubilar.<\/div>\n<div style=\"text-align: justify;\">Producci\u00f3n ejecutiva: Ana Mar\u00eda Vliegenthart.<\/div>\n<div style=\"text-align: justify;\">Producci\u00f3n general: Elisa Corcuera.<\/div>\n<div style=\"text-align: justify;\">Cuento original: Elisa Corcuera.<\/div>\n<div style=\"text-align: justify;\">Gui\u00f3n: Samuel Rubilar. y Javier Orrego.<\/div>\n<div style=\"text-align: justify;\">M\u00fasica original: Marcelo Melipil.<\/div>\n<div style=\"text-align: justify;\">Sonido: Benjam\u00edn Guerra  y Christian Estrada, SOUVENIR Estudio de Sonido.<\/div>\n<div style=\"text-align: justify;\">Dibujos y animaci\u00f3n 2D: Centro de Formaci\u00f3n y Recursos Did\u00e1cticos (CFRD), Universidad de Concepci\u00f3n.<\/div>\n<div style=\"text-align: justify;\">Direcci\u00f3n de arte: Felipe Suanes<\/div>\n<div style=\"text-align: justify;\">Jefe de proyecto: Mois\u00e9s Lizana<\/div>\n<div style=\"text-align: justify;\">Ilustraci\u00f3n de fondos: Valeria Hern\u00e1ndez<\/div>\n<div style=\"text-align: justify;\">Ilustraci\u00f3n de personajes: Freddy Agurto<\/div>\n<div style=\"text-align: justify;\">Animaci\u00f3n e ilustraci\u00f3n: Sara Salazar y Enzo Gonz\u00e1lez<\/div>\n<div style=\"text-align: justify;\">Asistente de animaci\u00f3n: Pamela Acevedo<\/div>\n<div style=\"text-align: justify;\">Postproducci\u00f3n: Marjorie Lastra<\/div>\n<div style=\"text-align: justify;\">Reparto:<\/div>\n<div style=\"text-align: justify;\">Ignacio Flores: Yekal<\/div>\n<div style=\"text-align: justify;\">Pamela Martis: Truli y Trini<\/div>\n<div style=\"text-align: justify;\">Lucy Neira: Dorotea<\/div>\n<div style=\"text-align: justify;\">Christian Estrada: Perro y cient\u00edfico 1<\/div>\n<div style=\"text-align: justify;\">Benjam\u00edn Guerra: Cient\u00edfico 2<\/div>\n<div style=\"text-align: justify;\">Voz en off: Patricio Ruiz<\/div>\n<div style=\"text-align: justify;\">Difusi\u00f3n: Ver\u00f3nica Mor\u00e1n y Monserrat Quezada. <\/div>\n<div style=\"text-align: justify;\">Casa productora: KATALAPI<\/div>\n","protected":false},"excerpt":{"rendered":"<p>La realidad de los huemules en la Regi\u00f3n del Bio B\u00edo es que est\u00e1n a punto de extinguirse. Basado en el cuento original de Elisa Corcuera, \u201cYekal, el huemul\u201d es un cortometraje animado y educativo que llama la atenci\u00f3n sobre la triste situaci\u00f3n de esta especie emblem\u00e1tica, presente en el escudo nacional de Chile. Financiado [&hellip;]<\/p>\n","protected":false},"author":1,"featured_media":0,"comment_status":"open","ping_status":"open","sticky":false,"template":"","format":"standard","meta":{"footnotes":""},"categories":[32],"tags":[],"class_list":["post-9117","post","type-post","status-publish","format-standard","hentry","category-cine"],"yoast_head":"<!-- This site is optimized with the Yoast SEO plugin v25.0 - https:\/\/yoast.com\/wordpress\/plugins\/seo\/ -->\n<title>Cinta Animada Educativa \u201cYekal, El Huemul\u201d Se Estrena En Concepci\u00f3n - Nuestro Bio B\u00edo<\/title>\n<meta name=\"robots\" content=\"index, follow, max-snippet:-1, max-image-preview:large, max-video-preview:-1\" \/>\n<link rel=\"canonical\" href=\"https:\/\/www.fraczinet.cl\/sitio\/2010\/09\/01\/cinta-animada-educativa-yekal-el-huemul-se-estrena-en-concepcion\/\" \/>\n<meta property=\"og:locale\" content=\"es_ES\" \/>\n<meta property=\"og:type\" content=\"article\" \/>\n<meta property=\"og:title\" content=\"Cinta Animada Educativa \u201cYekal, El Huemul\u201d Se Estrena En Concepci\u00f3n - Nuestro Bio B\u00edo\" \/>\n<meta property=\"og:description\" content=\"La realidad de los huemules en la Regi\u00f3n del Bio B\u00edo es que est\u00e1n a punto de extinguirse. Basado en el cuento original de Elisa Corcuera, \u201cYekal, el huemul\u201d es un cortometraje animado y educativo que llama la atenci\u00f3n sobre la triste situaci\u00f3n de esta especie emblem\u00e1tica, presente en el escudo nacional de Chile. Financiado [&hellip;]\" \/>\n<meta property=\"og:url\" content=\"https:\/\/www.fraczinet.cl\/sitio\/2010\/09\/01\/cinta-animada-educativa-yekal-el-huemul-se-estrena-en-concepcion\/\" \/>\n<meta property=\"og:site_name\" content=\"Nuestro Bio B\u00edo\" \/>\n<meta property=\"article:published_time\" content=\"2010-09-01T01:24:00+00:00\" \/>\n<meta property=\"article:modified_time\" content=\"2022-10-05T21:30:16+00:00\" \/>\n<meta property=\"og:image\" content=\"https:\/\/4.bp.blogspot.com\/_2S_RxGRVjis\/TH2x5JUwhyI\/AAAAAAAAQi8\/-Yozw-azrHg\/s400\/Foto+6+Despertar+de+Yekal+y+conversa+con+Huemules+Argentinos+1.jpg\" \/>\n<meta name=\"author\" content=\"admin\" \/>\n<meta name=\"twitter:card\" content=\"summary_large_image\" \/>\n<meta name=\"twitter:creator\" content=\"@nuestrobiobio\" \/>\n<meta name=\"twitter:site\" content=\"@nuestrobiobio\" \/>\n<meta name=\"twitter:label1\" content=\"Escrito por\" \/>\n\t<meta name=\"twitter:data1\" content=\"admin\" \/>\n\t<meta name=\"twitter:label2\" content=\"Tiempo de lectura\" \/>\n\t<meta name=\"twitter:data2\" content=\"5 minutos\" \/>\n<script type=\"application\/ld+json\" class=\"yoast-schema-graph\">{\"@context\":\"https:\/\/schema.org\",\"@graph\":[{\"@type\":\"Article\",\"@id\":\"https:\/\/www.fraczinet.cl\/sitio\/2010\/09\/01\/cinta-animada-educativa-yekal-el-huemul-se-estrena-en-concepcion\/#article\",\"isPartOf\":{\"@id\":\"https:\/\/www.fraczinet.cl\/sitio\/2010\/09\/01\/cinta-animada-educativa-yekal-el-huemul-se-estrena-en-concepcion\/\"},\"author\":{\"name\":\"admin\",\"@id\":\"https:\/\/www.fraczinet.cl\/sitio\/#\/schema\/person\/bc30f98e9cb10ae7e119dbe14bc93784\"},\"headline\":\"Cinta Animada Educativa \u201cYekal, El Huemul\u201d Se Estrena En Concepci\u00f3n\",\"datePublished\":\"2010-09-01T01:24:00+00:00\",\"dateModified\":\"2022-10-05T21:30:16+00:00\",\"mainEntityOfPage\":{\"@id\":\"https:\/\/www.fraczinet.cl\/sitio\/2010\/09\/01\/cinta-animada-educativa-yekal-el-huemul-se-estrena-en-concepcion\/\"},\"wordCount\":1024,\"commentCount\":0,\"publisher\":{\"@id\":\"https:\/\/www.fraczinet.cl\/sitio\/#\/schema\/person\/aec8ee4da68df2b9b0eefdad24a0d582\"},\"image\":{\"@id\":\"https:\/\/www.fraczinet.cl\/sitio\/2010\/09\/01\/cinta-animada-educativa-yekal-el-huemul-se-estrena-en-concepcion\/#primaryimage\"},\"thumbnailUrl\":\"https:\/\/4.bp.blogspot.com\/_2S_RxGRVjis\/TH2x5JUwhyI\/AAAAAAAAQi8\/-Yozw-azrHg\/s400\/Foto+6+Despertar+de+Yekal+y+conversa+con+Huemules+Argentinos+1.jpg\",\"articleSection\":[\"Cine\"],\"inLanguage\":\"es\",\"potentialAction\":[{\"@type\":\"CommentAction\",\"name\":\"Comment\",\"target\":[\"https:\/\/www.fraczinet.cl\/sitio\/2010\/09\/01\/cinta-animada-educativa-yekal-el-huemul-se-estrena-en-concepcion\/#respond\"]}]},{\"@type\":\"WebPage\",\"@id\":\"https:\/\/www.fraczinet.cl\/sitio\/2010\/09\/01\/cinta-animada-educativa-yekal-el-huemul-se-estrena-en-concepcion\/\",\"url\":\"https:\/\/www.fraczinet.cl\/sitio\/2010\/09\/01\/cinta-animada-educativa-yekal-el-huemul-se-estrena-en-concepcion\/\",\"name\":\"Cinta Animada Educativa \u201cYekal, El Huemul\u201d Se Estrena En Concepci\u00f3n - Nuestro Bio B\u00edo\",\"isPartOf\":{\"@id\":\"https:\/\/www.fraczinet.cl\/sitio\/#website\"},\"primaryImageOfPage\":{\"@id\":\"https:\/\/www.fraczinet.cl\/sitio\/2010\/09\/01\/cinta-animada-educativa-yekal-el-huemul-se-estrena-en-concepcion\/#primaryimage\"},\"image\":{\"@id\":\"https:\/\/www.fraczinet.cl\/sitio\/2010\/09\/01\/cinta-animada-educativa-yekal-el-huemul-se-estrena-en-concepcion\/#primaryimage\"},\"thumbnailUrl\":\"https:\/\/4.bp.blogspot.com\/_2S_RxGRVjis\/TH2x5JUwhyI\/AAAAAAAAQi8\/-Yozw-azrHg\/s400\/Foto+6+Despertar+de+Yekal+y+conversa+con+Huemules+Argentinos+1.jpg\",\"datePublished\":\"2010-09-01T01:24:00+00:00\",\"dateModified\":\"2022-10-05T21:30:16+00:00\",\"breadcrumb\":{\"@id\":\"https:\/\/www.fraczinet.cl\/sitio\/2010\/09\/01\/cinta-animada-educativa-yekal-el-huemul-se-estrena-en-concepcion\/#breadcrumb\"},\"inLanguage\":\"es\",\"potentialAction\":[{\"@type\":\"ReadAction\",\"target\":[\"https:\/\/www.fraczinet.cl\/sitio\/2010\/09\/01\/cinta-animada-educativa-yekal-el-huemul-se-estrena-en-concepcion\/\"]}]},{\"@type\":\"ImageObject\",\"inLanguage\":\"es\",\"@id\":\"https:\/\/www.fraczinet.cl\/sitio\/2010\/09\/01\/cinta-animada-educativa-yekal-el-huemul-se-estrena-en-concepcion\/#primaryimage\",\"url\":\"https:\/\/4.bp.blogspot.com\/_2S_RxGRVjis\/TH2x5JUwhyI\/AAAAAAAAQi8\/-Yozw-azrHg\/s400\/Foto+6+Despertar+de+Yekal+y+conversa+con+Huemules+Argentinos+1.jpg\",\"contentUrl\":\"https:\/\/4.bp.blogspot.com\/_2S_RxGRVjis\/TH2x5JUwhyI\/AAAAAAAAQi8\/-Yozw-azrHg\/s400\/Foto+6+Despertar+de+Yekal+y+conversa+con+Huemules+Argentinos+1.jpg\"},{\"@type\":\"BreadcrumbList\",\"@id\":\"https:\/\/www.fraczinet.cl\/sitio\/2010\/09\/01\/cinta-animada-educativa-yekal-el-huemul-se-estrena-en-concepcion\/#breadcrumb\",\"itemListElement\":[{\"@type\":\"ListItem\",\"position\":1,\"name\":\"Portada\",\"item\":\"https:\/\/www.fraczinet.cl\/sitio\/\"},{\"@type\":\"ListItem\",\"position\":2,\"name\":\"Cinta Animada Educativa \u201cYekal, El Huemul\u201d Se Estrena En Concepci\u00f3n\"}]},{\"@type\":\"WebSite\",\"@id\":\"https:\/\/www.fraczinet.cl\/sitio\/#website\",\"url\":\"https:\/\/www.fraczinet.cl\/sitio\/\",\"name\":\"Nuestro Bio B\u00edo\",\"description\":\"Tierra de Encuentros\",\"publisher\":{\"@id\":\"https:\/\/www.fraczinet.cl\/sitio\/#\/schema\/person\/aec8ee4da68df2b9b0eefdad24a0d582\"},\"potentialAction\":[{\"@type\":\"SearchAction\",\"target\":{\"@type\":\"EntryPoint\",\"urlTemplate\":\"https:\/\/www.fraczinet.cl\/sitio\/?s={search_term_string}\"},\"query-input\":{\"@type\":\"PropertyValueSpecification\",\"valueRequired\":true,\"valueName\":\"search_term_string\"}}],\"inLanguage\":\"es\"},{\"@type\":[\"Person\",\"Organization\"],\"@id\":\"https:\/\/www.fraczinet.cl\/sitio\/#\/schema\/person\/aec8ee4da68df2b9b0eefdad24a0d582\",\"name\":\"Luis Fernando Fraczinet\",\"image\":{\"@type\":\"ImageObject\",\"inLanguage\":\"es\",\"@id\":\"https:\/\/www.fraczinet.cl\/sitio\/#\/schema\/person\/image\/\",\"url\":\"https:\/\/www.fraczinet.cl\/sitio\/wp-content\/uploads\/2021\/07\/bannerlogo-1.gif\",\"contentUrl\":\"https:\/\/www.fraczinet.cl\/sitio\/wp-content\/uploads\/2021\/07\/bannerlogo-1.gif\",\"width\":159,\"height\":79,\"caption\":\"Luis Fernando Fraczinet\"},\"logo\":{\"@id\":\"https:\/\/www.fraczinet.cl\/sitio\/#\/schema\/person\/image\/\"},\"sameAs\":[\"https:\/\/www.fraczinet.cl\/sitio\/\"]},{\"@type\":\"Person\",\"@id\":\"https:\/\/www.fraczinet.cl\/sitio\/#\/schema\/person\/bc30f98e9cb10ae7e119dbe14bc93784\",\"name\":\"admin\",\"image\":{\"@type\":\"ImageObject\",\"inLanguage\":\"es\",\"@id\":\"https:\/\/www.fraczinet.cl\/sitio\/#\/schema\/person\/image\/\",\"url\":\"https:\/\/secure.gravatar.com\/avatar\/d5ad3cf7ef3b23a2bb5be73be780c86b2fc8545c3ad6b149f3913ff458c00099?s=96&d=mm&r=g\",\"contentUrl\":\"https:\/\/secure.gravatar.com\/avatar\/d5ad3cf7ef3b23a2bb5be73be780c86b2fc8545c3ad6b149f3913ff458c00099?s=96&d=mm&r=g\",\"caption\":\"admin\"},\"sameAs\":[\"https:\/\/www.fraczinet.cl\/sitio\"]}]}<\/script>\n<!-- \/ Yoast SEO plugin. -->","yoast_head_json":{"title":"Cinta Animada Educativa \u201cYekal, El Huemul\u201d Se Estrena En Concepci\u00f3n - Nuestro Bio B\u00edo","robots":{"index":"index","follow":"follow","max-snippet":"max-snippet:-1","max-image-preview":"max-image-preview:large","max-video-preview":"max-video-preview:-1"},"canonical":"https:\/\/www.fraczinet.cl\/sitio\/2010\/09\/01\/cinta-animada-educativa-yekal-el-huemul-se-estrena-en-concepcion\/","og_locale":"es_ES","og_type":"article","og_title":"Cinta Animada Educativa \u201cYekal, El Huemul\u201d Se Estrena En Concepci\u00f3n - Nuestro Bio B\u00edo","og_description":"La realidad de los huemules en la Regi\u00f3n del Bio B\u00edo es que est\u00e1n a punto de extinguirse. Basado en el cuento original de Elisa Corcuera, \u201cYekal, el huemul\u201d es un cortometraje animado y educativo que llama la atenci\u00f3n sobre la triste situaci\u00f3n de esta especie emblem\u00e1tica, presente en el escudo nacional de Chile. Financiado [&hellip;]","og_url":"https:\/\/www.fraczinet.cl\/sitio\/2010\/09\/01\/cinta-animada-educativa-yekal-el-huemul-se-estrena-en-concepcion\/","og_site_name":"Nuestro Bio B\u00edo","article_published_time":"2010-09-01T01:24:00+00:00","article_modified_time":"2022-10-05T21:30:16+00:00","og_image":[{"url":"https:\/\/4.bp.blogspot.com\/_2S_RxGRVjis\/TH2x5JUwhyI\/AAAAAAAAQi8\/-Yozw-azrHg\/s400\/Foto+6+Despertar+de+Yekal+y+conversa+con+Huemules+Argentinos+1.jpg","type":"","width":"","height":""}],"author":"admin","twitter_card":"summary_large_image","twitter_creator":"@nuestrobiobio","twitter_site":"@nuestrobiobio","twitter_misc":{"Escrito por":"admin","Tiempo de lectura":"5 minutos"},"schema":{"@context":"https:\/\/schema.org","@graph":[{"@type":"Article","@id":"https:\/\/www.fraczinet.cl\/sitio\/2010\/09\/01\/cinta-animada-educativa-yekal-el-huemul-se-estrena-en-concepcion\/#article","isPartOf":{"@id":"https:\/\/www.fraczinet.cl\/sitio\/2010\/09\/01\/cinta-animada-educativa-yekal-el-huemul-se-estrena-en-concepcion\/"},"author":{"name":"admin","@id":"https:\/\/www.fraczinet.cl\/sitio\/#\/schema\/person\/bc30f98e9cb10ae7e119dbe14bc93784"},"headline":"Cinta Animada Educativa \u201cYekal, El Huemul\u201d Se Estrena En Concepci\u00f3n","datePublished":"2010-09-01T01:24:00+00:00","dateModified":"2022-10-05T21:30:16+00:00","mainEntityOfPage":{"@id":"https:\/\/www.fraczinet.cl\/sitio\/2010\/09\/01\/cinta-animada-educativa-yekal-el-huemul-se-estrena-en-concepcion\/"},"wordCount":1024,"commentCount":0,"publisher":{"@id":"https:\/\/www.fraczinet.cl\/sitio\/#\/schema\/person\/aec8ee4da68df2b9b0eefdad24a0d582"},"image":{"@id":"https:\/\/www.fraczinet.cl\/sitio\/2010\/09\/01\/cinta-animada-educativa-yekal-el-huemul-se-estrena-en-concepcion\/#primaryimage"},"thumbnailUrl":"https:\/\/4.bp.blogspot.com\/_2S_RxGRVjis\/TH2x5JUwhyI\/AAAAAAAAQi8\/-Yozw-azrHg\/s400\/Foto+6+Despertar+de+Yekal+y+conversa+con+Huemules+Argentinos+1.jpg","articleSection":["Cine"],"inLanguage":"es","potentialAction":[{"@type":"CommentAction","name":"Comment","target":["https:\/\/www.fraczinet.cl\/sitio\/2010\/09\/01\/cinta-animada-educativa-yekal-el-huemul-se-estrena-en-concepcion\/#respond"]}]},{"@type":"WebPage","@id":"https:\/\/www.fraczinet.cl\/sitio\/2010\/09\/01\/cinta-animada-educativa-yekal-el-huemul-se-estrena-en-concepcion\/","url":"https:\/\/www.fraczinet.cl\/sitio\/2010\/09\/01\/cinta-animada-educativa-yekal-el-huemul-se-estrena-en-concepcion\/","name":"Cinta Animada Educativa \u201cYekal, El Huemul\u201d Se Estrena En Concepci\u00f3n - Nuestro Bio B\u00edo","isPartOf":{"@id":"https:\/\/www.fraczinet.cl\/sitio\/#website"},"primaryImageOfPage":{"@id":"https:\/\/www.fraczinet.cl\/sitio\/2010\/09\/01\/cinta-animada-educativa-yekal-el-huemul-se-estrena-en-concepcion\/#primaryimage"},"image":{"@id":"https:\/\/www.fraczinet.cl\/sitio\/2010\/09\/01\/cinta-animada-educativa-yekal-el-huemul-se-estrena-en-concepcion\/#primaryimage"},"thumbnailUrl":"https:\/\/4.bp.blogspot.com\/_2S_RxGRVjis\/TH2x5JUwhyI\/AAAAAAAAQi8\/-Yozw-azrHg\/s400\/Foto+6+Despertar+de+Yekal+y+conversa+con+Huemules+Argentinos+1.jpg","datePublished":"2010-09-01T01:24:00+00:00","dateModified":"2022-10-05T21:30:16+00:00","breadcrumb":{"@id":"https:\/\/www.fraczinet.cl\/sitio\/2010\/09\/01\/cinta-animada-educativa-yekal-el-huemul-se-estrena-en-concepcion\/#breadcrumb"},"inLanguage":"es","potentialAction":[{"@type":"ReadAction","target":["https:\/\/www.fraczinet.cl\/sitio\/2010\/09\/01\/cinta-animada-educativa-yekal-el-huemul-se-estrena-en-concepcion\/"]}]},{"@type":"ImageObject","inLanguage":"es","@id":"https:\/\/www.fraczinet.cl\/sitio\/2010\/09\/01\/cinta-animada-educativa-yekal-el-huemul-se-estrena-en-concepcion\/#primaryimage","url":"https:\/\/4.bp.blogspot.com\/_2S_RxGRVjis\/TH2x5JUwhyI\/AAAAAAAAQi8\/-Yozw-azrHg\/s400\/Foto+6+Despertar+de+Yekal+y+conversa+con+Huemules+Argentinos+1.jpg","contentUrl":"https:\/\/4.bp.blogspot.com\/_2S_RxGRVjis\/TH2x5JUwhyI\/AAAAAAAAQi8\/-Yozw-azrHg\/s400\/Foto+6+Despertar+de+Yekal+y+conversa+con+Huemules+Argentinos+1.jpg"},{"@type":"BreadcrumbList","@id":"https:\/\/www.fraczinet.cl\/sitio\/2010\/09\/01\/cinta-animada-educativa-yekal-el-huemul-se-estrena-en-concepcion\/#breadcrumb","itemListElement":[{"@type":"ListItem","position":1,"name":"Portada","item":"https:\/\/www.fraczinet.cl\/sitio\/"},{"@type":"ListItem","position":2,"name":"Cinta Animada Educativa \u201cYekal, El Huemul\u201d Se Estrena En Concepci\u00f3n"}]},{"@type":"WebSite","@id":"https:\/\/www.fraczinet.cl\/sitio\/#website","url":"https:\/\/www.fraczinet.cl\/sitio\/","name":"Nuestro Bio B\u00edo","description":"Tierra de Encuentros","publisher":{"@id":"https:\/\/www.fraczinet.cl\/sitio\/#\/schema\/person\/aec8ee4da68df2b9b0eefdad24a0d582"},"potentialAction":[{"@type":"SearchAction","target":{"@type":"EntryPoint","urlTemplate":"https:\/\/www.fraczinet.cl\/sitio\/?s={search_term_string}"},"query-input":{"@type":"PropertyValueSpecification","valueRequired":true,"valueName":"search_term_string"}}],"inLanguage":"es"},{"@type":["Person","Organization"],"@id":"https:\/\/www.fraczinet.cl\/sitio\/#\/schema\/person\/aec8ee4da68df2b9b0eefdad24a0d582","name":"Luis Fernando Fraczinet","image":{"@type":"ImageObject","inLanguage":"es","@id":"https:\/\/www.fraczinet.cl\/sitio\/#\/schema\/person\/image\/","url":"https:\/\/www.fraczinet.cl\/sitio\/wp-content\/uploads\/2021\/07\/bannerlogo-1.gif","contentUrl":"https:\/\/www.fraczinet.cl\/sitio\/wp-content\/uploads\/2021\/07\/bannerlogo-1.gif","width":159,"height":79,"caption":"Luis Fernando Fraczinet"},"logo":{"@id":"https:\/\/www.fraczinet.cl\/sitio\/#\/schema\/person\/image\/"},"sameAs":["https:\/\/www.fraczinet.cl\/sitio\/"]},{"@type":"Person","@id":"https:\/\/www.fraczinet.cl\/sitio\/#\/schema\/person\/bc30f98e9cb10ae7e119dbe14bc93784","name":"admin","image":{"@type":"ImageObject","inLanguage":"es","@id":"https:\/\/www.fraczinet.cl\/sitio\/#\/schema\/person\/image\/","url":"https:\/\/secure.gravatar.com\/avatar\/d5ad3cf7ef3b23a2bb5be73be780c86b2fc8545c3ad6b149f3913ff458c00099?s=96&d=mm&r=g","contentUrl":"https:\/\/secure.gravatar.com\/avatar\/d5ad3cf7ef3b23a2bb5be73be780c86b2fc8545c3ad6b149f3913ff458c00099?s=96&d=mm&r=g","caption":"admin"},"sameAs":["https:\/\/www.fraczinet.cl\/sitio"]}]}},"_links":{"self":[{"href":"https:\/\/www.fraczinet.cl\/sitio\/wp-json\/wp\/v2\/posts\/9117","targetHints":{"allow":["GET"]}}],"collection":[{"href":"https:\/\/www.fraczinet.cl\/sitio\/wp-json\/wp\/v2\/posts"}],"about":[{"href":"https:\/\/www.fraczinet.cl\/sitio\/wp-json\/wp\/v2\/types\/post"}],"author":[{"embeddable":true,"href":"https:\/\/www.fraczinet.cl\/sitio\/wp-json\/wp\/v2\/users\/1"}],"replies":[{"embeddable":true,"href":"https:\/\/www.fraczinet.cl\/sitio\/wp-json\/wp\/v2\/comments?post=9117"}],"version-history":[{"count":1,"href":"https:\/\/www.fraczinet.cl\/sitio\/wp-json\/wp\/v2\/posts\/9117\/revisions"}],"predecessor-version":[{"id":14100,"href":"https:\/\/www.fraczinet.cl\/sitio\/wp-json\/wp\/v2\/posts\/9117\/revisions\/14100"}],"wp:attachment":[{"href":"https:\/\/www.fraczinet.cl\/sitio\/wp-json\/wp\/v2\/media?parent=9117"}],"wp:term":[{"taxonomy":"category","embeddable":true,"href":"https:\/\/www.fraczinet.cl\/sitio\/wp-json\/wp\/v2\/categories?post=9117"},{"taxonomy":"post_tag","embeddable":true,"href":"https:\/\/www.fraczinet.cl\/sitio\/wp-json\/wp\/v2\/tags?post=9117"}],"curies":[{"name":"wp","href":"https:\/\/api.w.org\/{rel}","templated":true}]}}