{"id":9132,"date":"2010-08-26T21:12:00","date_gmt":"2010-08-26T21:12:00","guid":{"rendered":"https:\/\/www.fraczinet.cl\/sitio\/2010\/08\/26\/el-parque-educativo-jorge-alessandri-te-invita-a-disfrutar-de-la-naturaleza\/"},"modified":"2022-10-21T00:09:57","modified_gmt":"2022-10-21T00:09:57","slug":"el-parque-educativo-jorge-alessandri-te-invita-a-disfrutar-de-la-naturaleza","status":"publish","type":"post","link":"https:\/\/www.fraczinet.cl\/sitio\/el-parque-educativo-jorge-alessandri-te-invita-a-disfrutar-de-la-naturaleza\/","title":{"rendered":"El Parque Educativo Jorge Alessandri Te Invita A Disfrutar De La Naturaleza"},"content":{"rendered":"<p><a style=\"clear: left; float: left; margin-bottom: 1em; margin-right: 1em;\" href=\"http:\/\/4.bp.blogspot.com\/_2S_RxGRVjis\/THbY1vxJajI\/AAAAAAAAQg8\/3B2rfzcNZ6s\/s1600\/bosque.jpg\"><img decoding=\"async\" id=\"BLOGGER_PHOTO_ID_5509829612001651250\" style=\"height: 265px; width: 400px;\" src=\"https:\/\/4.bp.blogspot.com\/_2S_RxGRVjis\/THbY1vxJajI\/AAAAAAAAQg8\/3B2rfzcNZ6s\/s400\/bosque.jpg\" alt=\"\" border=\"0\" \/><\/a><\/p>\n<div style=\"text-align: justify;\"><\/div>\n<div style=\"text-align: justify;\">El recinto educativo inicia la temporada de viajes al Bosque Nativo.<\/div>\n<div style=\"text-align: justify;\"><\/div>\n<div style=\"text-align: justify;\">Esta entretenida actividad consta de un recorrido por un hermoso sendero de Bosque Nativo tipo Valdiviano, con especies aut\u00f3ctonas centenarias como laureles, olivillos, lingues entre otros\u2026 la visita est\u00e1 a cargo de gu\u00edas especializados que hacen de este recorrido una gran experiencia. Esta actividad es de cupos limitados y con reserva previa al 041- 2857404 begin_of_the_skype_highlighting\u00a0\u00a0\u00a0\u00a0\u00a0\u00a0\u00a0\u00a0\u00a0\u00a0\u00a0\u00a0\u00a0\u00a0041- 2857404\u00a0\u00a0\u00a0\u00a0\u00a0\u00a0end_of_the_skype_highlighting begin_of_the_skype_highlighting\u00a0\u00a0\u00a0\u00a0\u00a0\u00a0\u00a0\u00a0\u00a0\u00a0\u00a0\u00a0\u00a0\u00a0041- 2857404\u00a0\u00a0\u00a0\u00a0\u00a0\u00a0end_of_the_skype_highlighting se realiza s\u00e1bados y domingos a las 10:00 y 14:00 horas. para el p\u00fablico familiar y en caso de instituciones se pueden realizar tambi\u00e9n de martes a viernes.<\/div>\n<div style=\"text-align: justify;\"><\/div>\n<div style=\"text-align: justify;\">La Sala del \u00c1rbol de 09:00 a 17:00 horas abre sus laboratorios para ni\u00f1os y adultos puedan aprender y descubrir de los diversos usos y propiedades de la madera.<\/div>\n<div style=\"text-align: justify;\"><\/div>\n<div style=\"text-align: justify;\">Artequ\u00edn en tanto ofrece s\u00e1bado y domingo a las 11:00 y 15:00 horas el taller \u201cPinta Tus derechos\u201d, un taller orientado a conocer y valorar los derechos que cada ni\u00f1o posee; en forma interactiva y l\u00fadica cada familia podr\u00e1 participar de esta entretenida actividad utilizando toda su imaginaci\u00f3n para crear una hermosa pintura colectiva inspirada en los derechos de los m\u00e1s peque\u00f1os. En nuestro Vivero Educativo, el taller \u201cPintemos con Tierra\u201d los invita a descubrir las propiedades y usos de diversos tipos de suelo, en una actividad pr\u00e1ctica donde se desarrolla la creatividad utilizando elementos naturales en la creaci\u00f3n de una pintura. Actividad que los espera de 14.00 a 17:00hrs.<\/div>\n<div style=\"text-align: justify;\"><\/div>\n<div style=\"text-align: justify;\">En tanto los Senderos Educativos, los esperan con entretenidas visitas guiadas\u2026<\/div>\n<div style=\"text-align: justify;\"><\/div>\n<div style=\"text-align: justify;\">Les recuerdo que la entrada al parque es liberada, del mismo modo que todas nuestras actividades.<\/div>\n<div style=\"text-align: justify;\"><\/div>\n<div style=\"text-align: justify;\">Saludos cordiales,<\/div>\n<div style=\"text-align: justify;\"><\/div>\n<div style=\"text-align: justify;\"><\/div>\n<div style=\"text-align: justify;\">Parque Educativo Jorge Alessandri<\/div>\n<div style=\"text-align: justify;\">Tel\u00e9fono 041-2857404<\/div>\n","protected":false},"excerpt":{"rendered":"<p>El recinto educativo inicia la temporada de viajes al Bosque Nativo. Esta entretenida actividad consta de un recorrido por un hermoso sendero de Bosque Nativo tipo Valdiviano, con especies aut\u00f3ctonas centenarias como laureles, olivillos, lingues entre otros\u2026 la visita est\u00e1 a cargo de gu\u00edas especializados que hacen de este recorrido una gran experiencia. Esta actividad [&hellip;]<\/p>\n","protected":false},"author":1,"featured_media":14809,"comment_status":"open","ping_status":"closed","sticky":false,"template":"","format":"standard","meta":{"footnotes":""},"categories":[5],"tags":[],"class_list":["post-9132","post","type-post","status-publish","format-standard","has-post-thumbnail","hentry","category-plazas-y-parques"],"yoast_head":"<!-- This site is optimized with the Yoast SEO plugin v28.2 - https:\/\/yoast.com\/product\/yoast-seo-wordpress\/ -->\n<title>El Parque Educativo Jorge Alessandri Te Invita A Disfrutar De La Naturaleza - Nuestro Bio B\u00edo<\/title>\n<meta name=\"robots\" content=\"index, follow, max-snippet:-1, max-image-preview:large, max-video-preview:-1\" \/>\n<link rel=\"canonical\" href=\"https:\/\/www.fraczinet.cl\/sitio\/el-parque-educativo-jorge-alessandri-te-invita-a-disfrutar-de-la-naturaleza\/\" \/>\n<meta property=\"og:locale\" content=\"es_ES\" \/>\n<meta property=\"og:type\" content=\"article\" \/>\n<meta property=\"og:title\" content=\"El Parque Educativo Jorge Alessandri Te Invita A Disfrutar De La Naturaleza - Nuestro Bio B\u00edo\" \/>\n<meta property=\"og:description\" content=\"El recinto educativo inicia la temporada de viajes al Bosque Nativo. Esta entretenida actividad consta de un recorrido por un hermoso sendero de Bosque Nativo tipo Valdiviano, con especies aut\u00f3ctonas centenarias como laureles, olivillos, lingues entre otros\u2026 la visita est\u00e1 a cargo de gu\u00edas especializados que hacen de este recorrido una gran experiencia. Esta actividad [&hellip;]\" \/>\n<meta property=\"og:url\" content=\"https:\/\/www.fraczinet.cl\/sitio\/el-parque-educativo-jorge-alessandri-te-invita-a-disfrutar-de-la-naturaleza\/\" \/>\n<meta property=\"og:site_name\" content=\"Nuestro Bio B\u00edo\" \/>\n<meta property=\"article:publisher\" content=\"https:\/\/www.facebook.com\/groups\/15721414452\/\" \/>\n<meta property=\"article:published_time\" content=\"2010-08-26T21:12:00+00:00\" \/>\n<meta property=\"article:modified_time\" content=\"2022-10-21T00:09:57+00:00\" \/>\n<meta property=\"og:image\" content=\"https:\/\/www.fraczinet.cl\/sitio\/wp-content\/uploads\/2010\/10\/Educacion-Ambiental.jpg\" \/>\n\t<meta property=\"og:image:width\" content=\"400\" \/>\n\t<meta property=\"og:image:height\" content=\"265\" \/>\n\t<meta property=\"og:image:type\" content=\"image\/jpeg\" \/>\n<meta name=\"twitter:card\" content=\"summary_large_image\" \/>\n<meta name=\"twitter:creator\" content=\"@nuestrobiobio\" \/>\n<meta name=\"twitter:site\" content=\"@nuestrobiobio\" \/>\n<meta name=\"twitter:label1\" content=\"Escrito por\" \/>\n\t<meta name=\"twitter:data1\" content=\"\" \/>\n\t<meta name=\"twitter:label2\" content=\"Tiempo de lectura\" \/>\n\t<meta name=\"twitter:data2\" content=\"1 minuto\" \/>\n<script type=\"application\/ld+json\" class=\"yoast-schema-graph\">{\"@context\":\"https:\\\/\\\/schema.org\",\"@graph\":[{\"@type\":\"Article\",\"@id\":\"https:\\\/\\\/www.fraczinet.cl\\\/sitio\\\/el-parque-educativo-jorge-alessandri-te-invita-a-disfrutar-de-la-naturaleza\\\/#article\",\"isPartOf\":{\"@id\":\"https:\\\/\\\/www.fraczinet.cl\\\/sitio\\\/el-parque-educativo-jorge-alessandri-te-invita-a-disfrutar-de-la-naturaleza\\\/\"},\"author\":{\"name\":\"\",\"@id\":\"\"},\"headline\":\"El Parque Educativo Jorge Alessandri Te Invita A Disfrutar De La Naturaleza\",\"datePublished\":\"2010-08-26T21:12:00+00:00\",\"dateModified\":\"2022-10-21T00:09:57+00:00\",\"mainEntityOfPage\":{\"@id\":\"https:\\\/\\\/www.fraczinet.cl\\\/sitio\\\/el-parque-educativo-jorge-alessandri-te-invita-a-disfrutar-de-la-naturaleza\\\/\"},\"wordCount\":310,\"commentCount\":0,\"image\":{\"@id\":\"https:\\\/\\\/www.fraczinet.cl\\\/sitio\\\/el-parque-educativo-jorge-alessandri-te-invita-a-disfrutar-de-la-naturaleza\\\/#primaryimage\"},\"thumbnailUrl\":\"https:\\\/\\\/www.fraczinet.cl\\\/sitio\\\/wp-content\\\/uploads\\\/2010\\\/10\\\/Educacion-Ambiental.jpg\",\"articleSection\":[\"Plazas y Parques\"],\"inLanguage\":\"es\",\"potentialAction\":[{\"@type\":\"CommentAction\",\"name\":\"Comment\",\"target\":[\"https:\\\/\\\/www.fraczinet.cl\\\/sitio\\\/el-parque-educativo-jorge-alessandri-te-invita-a-disfrutar-de-la-naturaleza\\\/#respond\"]}]},{\"@type\":\"WebPage\",\"@id\":\"https:\\\/\\\/www.fraczinet.cl\\\/sitio\\\/el-parque-educativo-jorge-alessandri-te-invita-a-disfrutar-de-la-naturaleza\\\/\",\"url\":\"https:\\\/\\\/www.fraczinet.cl\\\/sitio\\\/el-parque-educativo-jorge-alessandri-te-invita-a-disfrutar-de-la-naturaleza\\\/\",\"name\":\"El Parque Educativo Jorge Alessandri Te Invita A Disfrutar De La Naturaleza - Nuestro Bio B\u00edo\",\"isPartOf\":{\"@id\":\"https:\\\/\\\/www.fraczinet.cl\\\/sitio\\\/#website\"},\"primaryImageOfPage\":{\"@id\":\"https:\\\/\\\/www.fraczinet.cl\\\/sitio\\\/el-parque-educativo-jorge-alessandri-te-invita-a-disfrutar-de-la-naturaleza\\\/#primaryimage\"},\"image\":{\"@id\":\"https:\\\/\\\/www.fraczinet.cl\\\/sitio\\\/el-parque-educativo-jorge-alessandri-te-invita-a-disfrutar-de-la-naturaleza\\\/#primaryimage\"},\"thumbnailUrl\":\"https:\\\/\\\/www.fraczinet.cl\\\/sitio\\\/wp-content\\\/uploads\\\/2010\\\/10\\\/Educacion-Ambiental.jpg\",\"datePublished\":\"2010-08-26T21:12:00+00:00\",\"dateModified\":\"2022-10-21T00:09:57+00:00\",\"author\":{\"@id\":\"\"},\"breadcrumb\":{\"@id\":\"https:\\\/\\\/www.fraczinet.cl\\\/sitio\\\/el-parque-educativo-jorge-alessandri-te-invita-a-disfrutar-de-la-naturaleza\\\/#breadcrumb\"},\"inLanguage\":\"es\",\"potentialAction\":[{\"@type\":\"ReadAction\",\"target\":[\"https:\\\/\\\/www.fraczinet.cl\\\/sitio\\\/el-parque-educativo-jorge-alessandri-te-invita-a-disfrutar-de-la-naturaleza\\\/\"]}]},{\"@type\":\"ImageObject\",\"inLanguage\":\"es\",\"@id\":\"https:\\\/\\\/www.fraczinet.cl\\\/sitio\\\/el-parque-educativo-jorge-alessandri-te-invita-a-disfrutar-de-la-naturaleza\\\/#primaryimage\",\"url\":\"https:\\\/\\\/www.fraczinet.cl\\\/sitio\\\/wp-content\\\/uploads\\\/2010\\\/10\\\/Educacion-Ambiental.jpg\",\"contentUrl\":\"https:\\\/\\\/www.fraczinet.cl\\\/sitio\\\/wp-content\\\/uploads\\\/2010\\\/10\\\/Educacion-Ambiental.jpg\",\"width\":400,\"height\":265},{\"@type\":\"BreadcrumbList\",\"@id\":\"https:\\\/\\\/www.fraczinet.cl\\\/sitio\\\/el-parque-educativo-jorge-alessandri-te-invita-a-disfrutar-de-la-naturaleza\\\/#breadcrumb\",\"itemListElement\":[{\"@type\":\"ListItem\",\"position\":1,\"name\":\"Portada\",\"item\":\"https:\\\/\\\/www.fraczinet.cl\\\/sitio\\\/\"},{\"@type\":\"ListItem\",\"position\":2,\"name\":\"El Parque Educativo Jorge Alessandri Te Invita A Disfrutar De La Naturaleza\"}]},{\"@type\":\"WebSite\",\"@id\":\"https:\\\/\\\/www.fraczinet.cl\\\/sitio\\\/#website\",\"url\":\"https:\\\/\\\/www.fraczinet.cl\\\/sitio\\\/\",\"name\":\"Nuestro Bio B\u00edo\",\"description\":\"Tierra de Encuentros\",\"potentialAction\":[{\"@type\":\"SearchAction\",\"target\":{\"@type\":\"EntryPoint\",\"urlTemplate\":\"https:\\\/\\\/www.fraczinet.cl\\\/sitio\\\/?s={search_term_string}\"},\"query-input\":{\"@type\":\"PropertyValueSpecification\",\"valueRequired\":true,\"valueName\":\"search_term_string\"}}],\"inLanguage\":\"es\"},{\"@type\":\"Person\",\"@id\":\"\"}]}<\/script>\n<!-- \/ Yoast SEO plugin. -->","yoast_head_json":{"title":"El Parque Educativo Jorge Alessandri Te Invita A Disfrutar De La Naturaleza - Nuestro Bio B\u00edo","robots":{"index":"index","follow":"follow","max-snippet":"max-snippet:-1","max-image-preview":"max-image-preview:large","max-video-preview":"max-video-preview:-1"},"canonical":"https:\/\/www.fraczinet.cl\/sitio\/el-parque-educativo-jorge-alessandri-te-invita-a-disfrutar-de-la-naturaleza\/","og_locale":"es_ES","og_type":"article","og_title":"El Parque Educativo Jorge Alessandri Te Invita A Disfrutar De La Naturaleza - Nuestro Bio B\u00edo","og_description":"El recinto educativo inicia la temporada de viajes al Bosque Nativo. Esta entretenida actividad consta de un recorrido por un hermoso sendero de Bosque Nativo tipo Valdiviano, con especies aut\u00f3ctonas centenarias como laureles, olivillos, lingues entre otros\u2026 la visita est\u00e1 a cargo de gu\u00edas especializados que hacen de este recorrido una gran experiencia. Esta actividad [&hellip;]","og_url":"https:\/\/www.fraczinet.cl\/sitio\/el-parque-educativo-jorge-alessandri-te-invita-a-disfrutar-de-la-naturaleza\/","og_site_name":"Nuestro Bio B\u00edo","article_publisher":"https:\/\/www.facebook.com\/groups\/15721414452\/","article_published_time":"2010-08-26T21:12:00+00:00","article_modified_time":"2022-10-21T00:09:57+00:00","og_image":[{"width":400,"height":265,"url":"https:\/\/www.fraczinet.cl\/sitio\/wp-content\/uploads\/2010\/10\/Educacion-Ambiental.jpg","type":"image\/jpeg"}],"twitter_card":"summary_large_image","twitter_creator":"@nuestrobiobio","twitter_site":"@nuestrobiobio","twitter_misc":{"Escrito por":"","Tiempo de lectura":"1 minuto"},"schema":{"@context":"https:\/\/schema.org","@graph":[{"@type":"Article","@id":"https:\/\/www.fraczinet.cl\/sitio\/el-parque-educativo-jorge-alessandri-te-invita-a-disfrutar-de-la-naturaleza\/#article","isPartOf":{"@id":"https:\/\/www.fraczinet.cl\/sitio\/el-parque-educativo-jorge-alessandri-te-invita-a-disfrutar-de-la-naturaleza\/"},"author":{"name":"","@id":""},"headline":"El Parque Educativo Jorge Alessandri Te Invita A Disfrutar De La Naturaleza","datePublished":"2010-08-26T21:12:00+00:00","dateModified":"2022-10-21T00:09:57+00:00","mainEntityOfPage":{"@id":"https:\/\/www.fraczinet.cl\/sitio\/el-parque-educativo-jorge-alessandri-te-invita-a-disfrutar-de-la-naturaleza\/"},"wordCount":310,"commentCount":0,"image":{"@id":"https:\/\/www.fraczinet.cl\/sitio\/el-parque-educativo-jorge-alessandri-te-invita-a-disfrutar-de-la-naturaleza\/#primaryimage"},"thumbnailUrl":"https:\/\/www.fraczinet.cl\/sitio\/wp-content\/uploads\/2010\/10\/Educacion-Ambiental.jpg","articleSection":["Plazas y Parques"],"inLanguage":"es","potentialAction":[{"@type":"CommentAction","name":"Comment","target":["https:\/\/www.fraczinet.cl\/sitio\/el-parque-educativo-jorge-alessandri-te-invita-a-disfrutar-de-la-naturaleza\/#respond"]}]},{"@type":"WebPage","@id":"https:\/\/www.fraczinet.cl\/sitio\/el-parque-educativo-jorge-alessandri-te-invita-a-disfrutar-de-la-naturaleza\/","url":"https:\/\/www.fraczinet.cl\/sitio\/el-parque-educativo-jorge-alessandri-te-invita-a-disfrutar-de-la-naturaleza\/","name":"El Parque Educativo Jorge Alessandri Te Invita A Disfrutar De La Naturaleza - Nuestro Bio B\u00edo","isPartOf":{"@id":"https:\/\/www.fraczinet.cl\/sitio\/#website"},"primaryImageOfPage":{"@id":"https:\/\/www.fraczinet.cl\/sitio\/el-parque-educativo-jorge-alessandri-te-invita-a-disfrutar-de-la-naturaleza\/#primaryimage"},"image":{"@id":"https:\/\/www.fraczinet.cl\/sitio\/el-parque-educativo-jorge-alessandri-te-invita-a-disfrutar-de-la-naturaleza\/#primaryimage"},"thumbnailUrl":"https:\/\/www.fraczinet.cl\/sitio\/wp-content\/uploads\/2010\/10\/Educacion-Ambiental.jpg","datePublished":"2010-08-26T21:12:00+00:00","dateModified":"2022-10-21T00:09:57+00:00","author":{"@id":""},"breadcrumb":{"@id":"https:\/\/www.fraczinet.cl\/sitio\/el-parque-educativo-jorge-alessandri-te-invita-a-disfrutar-de-la-naturaleza\/#breadcrumb"},"inLanguage":"es","potentialAction":[{"@type":"ReadAction","target":["https:\/\/www.fraczinet.cl\/sitio\/el-parque-educativo-jorge-alessandri-te-invita-a-disfrutar-de-la-naturaleza\/"]}]},{"@type":"ImageObject","inLanguage":"es","@id":"https:\/\/www.fraczinet.cl\/sitio\/el-parque-educativo-jorge-alessandri-te-invita-a-disfrutar-de-la-naturaleza\/#primaryimage","url":"https:\/\/www.fraczinet.cl\/sitio\/wp-content\/uploads\/2010\/10\/Educacion-Ambiental.jpg","contentUrl":"https:\/\/www.fraczinet.cl\/sitio\/wp-content\/uploads\/2010\/10\/Educacion-Ambiental.jpg","width":400,"height":265},{"@type":"BreadcrumbList","@id":"https:\/\/www.fraczinet.cl\/sitio\/el-parque-educativo-jorge-alessandri-te-invita-a-disfrutar-de-la-naturaleza\/#breadcrumb","itemListElement":[{"@type":"ListItem","position":1,"name":"Portada","item":"https:\/\/www.fraczinet.cl\/sitio\/"},{"@type":"ListItem","position":2,"name":"El Parque Educativo Jorge Alessandri Te Invita A Disfrutar De La Naturaleza"}]},{"@type":"WebSite","@id":"https:\/\/www.fraczinet.cl\/sitio\/#website","url":"https:\/\/www.fraczinet.cl\/sitio\/","name":"Nuestro Bio B\u00edo","description":"Tierra de Encuentros","potentialAction":[{"@type":"SearchAction","target":{"@type":"EntryPoint","urlTemplate":"https:\/\/www.fraczinet.cl\/sitio\/?s={search_term_string}"},"query-input":{"@type":"PropertyValueSpecification","valueRequired":true,"valueName":"search_term_string"}}],"inLanguage":"es"},{"@type":"Person","@id":""}]}},"_links":{"self":[{"href":"https:\/\/www.fraczinet.cl\/sitio\/wp-json\/wp\/v2\/posts\/9132","targetHints":{"allow":["GET"]}}],"collection":[{"href":"https:\/\/www.fraczinet.cl\/sitio\/wp-json\/wp\/v2\/posts"}],"about":[{"href":"https:\/\/www.fraczinet.cl\/sitio\/wp-json\/wp\/v2\/types\/post"}],"author":[{"embeddable":true,"href":"https:\/\/www.fraczinet.cl\/sitio\/wp-json\/wp\/v2\/users\/1"}],"replies":[{"embeddable":true,"href":"https:\/\/www.fraczinet.cl\/sitio\/wp-json\/wp\/v2\/comments?post=9132"}],"version-history":[{"count":2,"href":"https:\/\/www.fraczinet.cl\/sitio\/wp-json\/wp\/v2\/posts\/9132\/revisions"}],"predecessor-version":[{"id":14815,"href":"https:\/\/www.fraczinet.cl\/sitio\/wp-json\/wp\/v2\/posts\/9132\/revisions\/14815"}],"wp:featuredmedia":[{"embeddable":true,"href":"https:\/\/www.fraczinet.cl\/sitio\/wp-json\/wp\/v2\/media\/14809"}],"wp:attachment":[{"href":"https:\/\/www.fraczinet.cl\/sitio\/wp-json\/wp\/v2\/media?parent=9132"}],"wp:term":[{"taxonomy":"category","embeddable":true,"href":"https:\/\/www.fraczinet.cl\/sitio\/wp-json\/wp\/v2\/categories?post=9132"},{"taxonomy":"post_tag","embeddable":true,"href":"https:\/\/www.fraczinet.cl\/sitio\/wp-json\/wp\/v2\/tags?post=9132"}],"curies":[{"name":"wp","href":"https:\/\/api.w.org\/{rel}","templated":true}]}}