{"id":9144,"date":"2010-08-17T13:25:00","date_gmt":"2010-08-17T13:25:00","guid":{"rendered":"https:\/\/www.fraczinet.cl\/sitio\/2010\/08\/17\/2a-temporada-de-talleres-artisticos-culturales-primavera-2010\/"},"modified":"2022-10-06T22:19:59","modified_gmt":"2022-10-06T22:19:59","slug":"2a-temporada-de-talleres-artisticos-culturales-primavera-2010","status":"publish","type":"post","link":"https:\/\/www.fraczinet.cl\/sitio\/2010\/08\/17\/2a-temporada-de-talleres-artisticos-culturales-primavera-2010\/","title":{"rendered":"2\u00aa Temporada De Talleres Art\u00edsticos-Culturales \u00abPrimavera 2010\u00bb"},"content":{"rendered":"<div style=\"text-align: justify;\">A partir de la semana del 23 de agosto se realizaran los siguientes Talleres en el Centro Cultural Comunitario <a href=\"http:\/\/www.pabellon83.cl\/\">Pabell\u00f3n 83<\/a> &#8211; Lota<\/div>\n<div style=\"text-align: justify;\"><\/div>\n<div style=\"text-align: justify;\"><span style=\"font-weight: bold;\">TALLER DE RECICLAJE<\/span>: Lunes y Jueves de 16:00 a 17:30 horas. El objetivo de este taller es aprovechar todo el material desechable para darle un uso domestico. En este taller los alumnos podr\u00e1n confeccionar pantalla para l\u00e1mparas, monederos. collares etc.etc.<\/div>\n<div style=\"text-align: justify;\"><\/div>\n<div style=\"text-align: justify;\"><span style=\"font-weight: bold;\">TALLER DE GUITARRA B\u00c1SICA<\/span>: Martes y Jueves de 17:30 a 18:45 horas. Al final de este taller los alumnos estar\u00e1n en condiciones se interpretan algunas melod\u00edas como b\u00e1sicas .<\/div>\n<div style=\"text-align: justify;\"><\/div>\n<div style=\"text-align: justify;\"><span style=\"font-weight: bold;\">TALLER DE VITRAL<\/span>: Mi\u00e9rcoles de 18:00 a 20 horas. El objetivo de este taller es que los alumnos puedan utilizar objetos comunes reutilizando vidrios ya usados y d\u00e1ndole restauraci\u00f3n y durabilidad en el tiempo, creando sus propios objetos hechos totalmente a mano por \u00e9l mismo.<\/div>\n<div style=\"text-align: justify;\"><\/div>\n<div style=\"text-align: justify;\"><span style=\"font-weight: bold;\">TALLER DE TEATRO<\/span>: (infantil y juvenil) Martes y Jueves de 18:00 a 19:30 horas. El objetivo de este taller es que las personas que participen conozcan la expresi\u00f3n corporal en su movimiento interno y externo a trav\u00e9s del cuerpo con sus dimensionalidades y su relaci\u00f3n con el espacio, objeto, sujeto, texto, color (atm\u00f3sfera).<\/div>\n<div style=\"text-align: justify;\"><\/div>\n<div style=\"text-align: justify;\"><span style=\"font-weight: bold;\">CURSO DE COMPUTACI\u00d3N<\/span>: Lunes, Mi\u00e9rcoles y Viernes de 10:30 a 12:30 horas y de 16:00 a 18 horas. Al terminar el curso las personas quedaran habilitadas para usar el computador a nivel usario, empleando word, excel. internet y realizando presentaciones en power point.<\/div>\n<div style=\"text-align: justify;\"><\/div>\n<div style=\"text-align: justify;\"><span style=\"font-weight: bold;\">EXPOSICI\u00d3N DE FOTOGRAF\u00cdA<\/span>: \u00abLota: del Dolor a la Esperanza\u00bb, del art\u00edstica visual lotino Hugo Cruz Beltr\u00e1n. Inauguraci\u00f3n el 19 de Agosto, D\u00eda Nacional de la Fotograf\u00eda\u00bb, a mediod\u00eda, en la Plaza de Armas de la comuna. A partir del d\u00eda 20 estar\u00e1 en exhibici\u00f3n en el Sal\u00f3n Baldomero Lillo.<\/div>\n<div style=\"text-align: justify;\"><\/div>\n<div style=\"text-align: justify;\"><span style=\"font-weight: bold;\">NOCHE DE JAZZ<\/span>: Viernes 27 de Agosto, 19:00 horas. Se presenta DAMI\u00c1N y Trio. Invitada especial Darlin Troncoso (Voz). Sal\u00f3n Baldomero Lillo.<\/div>\n<div style=\"text-align: justify;\"><\/div>\n<div style=\"text-align: justify;\">CONCIERTO CORAL: Martes 31 de Agosto, 18:30 horas. El coro de la Universidad del Bio B\u00edo de Concepci\u00f3n, ofrecer\u00e1 un concierto coral interpretando canciones populares chilenas y latinoamericanas.<\/div>\n<div style=\"text-align: justify;\"><\/div>\n<div style=\"text-align: justify;\"><object width=\"400\" height=\"305\"><param name=\"movie\" value=\"https:\/\/www.youtube.com\/v\/k92U0VUGXt8?fs=1&amp;hl=es_ES\" \/><param name=\"allowFullScreen\" value=\"true\" \/><param name=\"allowscriptaccess\" value=\"always\" \/><embed allowfullscreen=\"allowfullscreen\" allowscriptaccess=\"always\" height=\"305\" src=\"https:\/\/www.youtube.com\/v\/k92U0VUGXt8?fs=1&amp;hl=es_ES\" type=\"application\/x-shockwave-flash\" width=\"400\" \/><\/object><\/div>\n<div style=\"text-align: justify;\"><\/div>\n<div style=\"text-align: justify;\">M\u00e1s informaci\u00f3n en el C.C.C. Pabell\u00f3n 83-Lota<\/div>\n<div style=\"text-align: justify;\">Carlos Cousi\u00f1o s\/n. sector Fundaci\u00f3n, Lota Alto<\/div>\n<div style=\"text-align: justify;\">Tel: 2873219<\/div>\n<div style=\"text-align: justify;\"><a href=\"http:\/\/www.pabellon83.cl\/\">www.pabellon83.cl<\/a><\/div>\n","protected":false},"excerpt":{"rendered":"<p>A partir de la semana del 23 de agosto se realizaran los siguientes Talleres en el Centro Cultural Comunitario Pabell\u00f3n 83 &#8211; Lota TALLER DE RECICLAJE: Lunes y Jueves de 16:00 a 17:30 horas. El objetivo de este taller es aprovechar todo el material desechable para darle un uso domestico. En este taller los alumnos [&hellip;]<\/p>\n","protected":false},"author":1,"featured_media":0,"comment_status":"open","ping_status":"open","sticky":false,"template":"","format":"standard","meta":{"footnotes":""},"categories":[223],"tags":[],"class_list":["post-9144","post","type-post","status-publish","format-standard","hentry","category-talleres"],"yoast_head":"<!-- This site is optimized with the Yoast SEO plugin v25.0 - https:\/\/yoast.com\/wordpress\/plugins\/seo\/ -->\n<title>2\u00aa Temporada De Talleres Art\u00edsticos-Culturales &quot;Primavera 2010&quot; - Nuestro Bio B\u00edo<\/title>\n<meta name=\"robots\" content=\"index, follow, max-snippet:-1, max-image-preview:large, max-video-preview:-1\" \/>\n<link rel=\"canonical\" href=\"https:\/\/www.fraczinet.cl\/sitio\/2010\/08\/17\/2a-temporada-de-talleres-artisticos-culturales-primavera-2010\/\" \/>\n<meta property=\"og:locale\" content=\"es_ES\" \/>\n<meta property=\"og:type\" content=\"article\" \/>\n<meta property=\"og:title\" content=\"2\u00aa Temporada De Talleres Art\u00edsticos-Culturales &quot;Primavera 2010&quot; - Nuestro Bio B\u00edo\" \/>\n<meta property=\"og:description\" content=\"A partir de la semana del 23 de agosto se realizaran los siguientes Talleres en el Centro Cultural Comunitario Pabell\u00f3n 83 &#8211; Lota TALLER DE RECICLAJE: Lunes y Jueves de 16:00 a 17:30 horas. El objetivo de este taller es aprovechar todo el material desechable para darle un uso domestico. En este taller los alumnos [&hellip;]\" \/>\n<meta property=\"og:url\" content=\"https:\/\/www.fraczinet.cl\/sitio\/2010\/08\/17\/2a-temporada-de-talleres-artisticos-culturales-primavera-2010\/\" \/>\n<meta property=\"og:site_name\" content=\"Nuestro Bio B\u00edo\" \/>\n<meta property=\"article:published_time\" content=\"2010-08-17T13:25:00+00:00\" \/>\n<meta property=\"article:modified_time\" content=\"2022-10-06T22:19:59+00:00\" \/>\n<meta property=\"og:image\" content=\"https:\/\/www.fraczinet.cl\/sitio\/wp-content\/uploads\/2021\/07\/bannerlogo-1.gif\" \/>\n\t<meta property=\"og:image:width\" content=\"159\" \/>\n\t<meta property=\"og:image:height\" content=\"79\" \/>\n\t<meta property=\"og:image:type\" content=\"image\/gif\" \/>\n<meta name=\"author\" content=\"admin\" \/>\n<meta name=\"twitter:card\" content=\"summary_large_image\" \/>\n<meta name=\"twitter:creator\" content=\"@nuestrobiobio\" \/>\n<meta name=\"twitter:site\" content=\"@nuestrobiobio\" \/>\n<meta name=\"twitter:label1\" content=\"Escrito por\" \/>\n\t<meta name=\"twitter:data1\" content=\"admin\" \/>\n\t<meta name=\"twitter:label2\" content=\"Tiempo de lectura\" \/>\n\t<meta name=\"twitter:data2\" content=\"2 minutos\" \/>\n<script type=\"application\/ld+json\" class=\"yoast-schema-graph\">{\"@context\":\"https:\/\/schema.org\",\"@graph\":[{\"@type\":\"Article\",\"@id\":\"https:\/\/www.fraczinet.cl\/sitio\/2010\/08\/17\/2a-temporada-de-talleres-artisticos-culturales-primavera-2010\/#article\",\"isPartOf\":{\"@id\":\"https:\/\/www.fraczinet.cl\/sitio\/2010\/08\/17\/2a-temporada-de-talleres-artisticos-culturales-primavera-2010\/\"},\"author\":{\"name\":\"admin\",\"@id\":\"https:\/\/www.fraczinet.cl\/sitio\/#\/schema\/person\/bc30f98e9cb10ae7e119dbe14bc93784\"},\"headline\":\"2\u00aa Temporada De Talleres Art\u00edsticos-Culturales \u00abPrimavera 2010\u00bb\",\"datePublished\":\"2010-08-17T13:25:00+00:00\",\"dateModified\":\"2022-10-06T22:19:59+00:00\",\"mainEntityOfPage\":{\"@id\":\"https:\/\/www.fraczinet.cl\/sitio\/2010\/08\/17\/2a-temporada-de-talleres-artisticos-culturales-primavera-2010\/\"},\"wordCount\":375,\"commentCount\":0,\"publisher\":{\"@id\":\"https:\/\/www.fraczinet.cl\/sitio\/#\/schema\/person\/aec8ee4da68df2b9b0eefdad24a0d582\"},\"articleSection\":[\"Talleres\"],\"inLanguage\":\"es\",\"potentialAction\":[{\"@type\":\"CommentAction\",\"name\":\"Comment\",\"target\":[\"https:\/\/www.fraczinet.cl\/sitio\/2010\/08\/17\/2a-temporada-de-talleres-artisticos-culturales-primavera-2010\/#respond\"]}]},{\"@type\":\"WebPage\",\"@id\":\"https:\/\/www.fraczinet.cl\/sitio\/2010\/08\/17\/2a-temporada-de-talleres-artisticos-culturales-primavera-2010\/\",\"url\":\"https:\/\/www.fraczinet.cl\/sitio\/2010\/08\/17\/2a-temporada-de-talleres-artisticos-culturales-primavera-2010\/\",\"name\":\"2\u00aa Temporada De Talleres Art\u00edsticos-Culturales \\\"Primavera 2010\\\" - Nuestro Bio B\u00edo\",\"isPartOf\":{\"@id\":\"https:\/\/www.fraczinet.cl\/sitio\/#website\"},\"datePublished\":\"2010-08-17T13:25:00+00:00\",\"dateModified\":\"2022-10-06T22:19:59+00:00\",\"breadcrumb\":{\"@id\":\"https:\/\/www.fraczinet.cl\/sitio\/2010\/08\/17\/2a-temporada-de-talleres-artisticos-culturales-primavera-2010\/#breadcrumb\"},\"inLanguage\":\"es\",\"potentialAction\":[{\"@type\":\"ReadAction\",\"target\":[\"https:\/\/www.fraczinet.cl\/sitio\/2010\/08\/17\/2a-temporada-de-talleres-artisticos-culturales-primavera-2010\/\"]}]},{\"@type\":\"BreadcrumbList\",\"@id\":\"https:\/\/www.fraczinet.cl\/sitio\/2010\/08\/17\/2a-temporada-de-talleres-artisticos-culturales-primavera-2010\/#breadcrumb\",\"itemListElement\":[{\"@type\":\"ListItem\",\"position\":1,\"name\":\"Portada\",\"item\":\"https:\/\/www.fraczinet.cl\/sitio\/\"},{\"@type\":\"ListItem\",\"position\":2,\"name\":\"2\u00aa Temporada De Talleres Art\u00edsticos-Culturales \u00abPrimavera 2010\u00bb\"}]},{\"@type\":\"WebSite\",\"@id\":\"https:\/\/www.fraczinet.cl\/sitio\/#website\",\"url\":\"https:\/\/www.fraczinet.cl\/sitio\/\",\"name\":\"Nuestro Bio B\u00edo\",\"description\":\"Tierra de Encuentros\",\"publisher\":{\"@id\":\"https:\/\/www.fraczinet.cl\/sitio\/#\/schema\/person\/aec8ee4da68df2b9b0eefdad24a0d582\"},\"potentialAction\":[{\"@type\":\"SearchAction\",\"target\":{\"@type\":\"EntryPoint\",\"urlTemplate\":\"https:\/\/www.fraczinet.cl\/sitio\/?s={search_term_string}\"},\"query-input\":{\"@type\":\"PropertyValueSpecification\",\"valueRequired\":true,\"valueName\":\"search_term_string\"}}],\"inLanguage\":\"es\"},{\"@type\":[\"Person\",\"Organization\"],\"@id\":\"https:\/\/www.fraczinet.cl\/sitio\/#\/schema\/person\/aec8ee4da68df2b9b0eefdad24a0d582\",\"name\":\"Luis Fernando Fraczinet\",\"image\":{\"@type\":\"ImageObject\",\"inLanguage\":\"es\",\"@id\":\"https:\/\/www.fraczinet.cl\/sitio\/#\/schema\/person\/image\/\",\"url\":\"https:\/\/www.fraczinet.cl\/sitio\/wp-content\/uploads\/2021\/07\/bannerlogo-1.gif\",\"contentUrl\":\"https:\/\/www.fraczinet.cl\/sitio\/wp-content\/uploads\/2021\/07\/bannerlogo-1.gif\",\"width\":159,\"height\":79,\"caption\":\"Luis Fernando Fraczinet\"},\"logo\":{\"@id\":\"https:\/\/www.fraczinet.cl\/sitio\/#\/schema\/person\/image\/\"},\"sameAs\":[\"https:\/\/www.fraczinet.cl\/sitio\/\"]},{\"@type\":\"Person\",\"@id\":\"https:\/\/www.fraczinet.cl\/sitio\/#\/schema\/person\/bc30f98e9cb10ae7e119dbe14bc93784\",\"name\":\"admin\",\"image\":{\"@type\":\"ImageObject\",\"inLanguage\":\"es\",\"@id\":\"https:\/\/www.fraczinet.cl\/sitio\/#\/schema\/person\/image\/\",\"url\":\"https:\/\/secure.gravatar.com\/avatar\/d5ad3cf7ef3b23a2bb5be73be780c86b2fc8545c3ad6b149f3913ff458c00099?s=96&d=mm&r=g\",\"contentUrl\":\"https:\/\/secure.gravatar.com\/avatar\/d5ad3cf7ef3b23a2bb5be73be780c86b2fc8545c3ad6b149f3913ff458c00099?s=96&d=mm&r=g\",\"caption\":\"admin\"},\"sameAs\":[\"https:\/\/www.fraczinet.cl\/sitio\"]}]}<\/script>\n<!-- \/ Yoast SEO plugin. -->","yoast_head_json":{"title":"2\u00aa Temporada De Talleres Art\u00edsticos-Culturales \"Primavera 2010\" - Nuestro Bio B\u00edo","robots":{"index":"index","follow":"follow","max-snippet":"max-snippet:-1","max-image-preview":"max-image-preview:large","max-video-preview":"max-video-preview:-1"},"canonical":"https:\/\/www.fraczinet.cl\/sitio\/2010\/08\/17\/2a-temporada-de-talleres-artisticos-culturales-primavera-2010\/","og_locale":"es_ES","og_type":"article","og_title":"2\u00aa Temporada De Talleres Art\u00edsticos-Culturales \"Primavera 2010\" - Nuestro Bio B\u00edo","og_description":"A partir de la semana del 23 de agosto se realizaran los siguientes Talleres en el Centro Cultural Comunitario Pabell\u00f3n 83 &#8211; Lota TALLER DE RECICLAJE: Lunes y Jueves de 16:00 a 17:30 horas. El objetivo de este taller es aprovechar todo el material desechable para darle un uso domestico. En este taller los alumnos [&hellip;]","og_url":"https:\/\/www.fraczinet.cl\/sitio\/2010\/08\/17\/2a-temporada-de-talleres-artisticos-culturales-primavera-2010\/","og_site_name":"Nuestro Bio B\u00edo","article_published_time":"2010-08-17T13:25:00+00:00","article_modified_time":"2022-10-06T22:19:59+00:00","og_image":[{"width":159,"height":79,"url":"https:\/\/www.fraczinet.cl\/sitio\/wp-content\/uploads\/2021\/07\/bannerlogo-1.gif","type":"image\/gif"}],"author":"admin","twitter_card":"summary_large_image","twitter_creator":"@nuestrobiobio","twitter_site":"@nuestrobiobio","twitter_misc":{"Escrito por":"admin","Tiempo de lectura":"2 minutos"},"schema":{"@context":"https:\/\/schema.org","@graph":[{"@type":"Article","@id":"https:\/\/www.fraczinet.cl\/sitio\/2010\/08\/17\/2a-temporada-de-talleres-artisticos-culturales-primavera-2010\/#article","isPartOf":{"@id":"https:\/\/www.fraczinet.cl\/sitio\/2010\/08\/17\/2a-temporada-de-talleres-artisticos-culturales-primavera-2010\/"},"author":{"name":"admin","@id":"https:\/\/www.fraczinet.cl\/sitio\/#\/schema\/person\/bc30f98e9cb10ae7e119dbe14bc93784"},"headline":"2\u00aa Temporada De Talleres Art\u00edsticos-Culturales \u00abPrimavera 2010\u00bb","datePublished":"2010-08-17T13:25:00+00:00","dateModified":"2022-10-06T22:19:59+00:00","mainEntityOfPage":{"@id":"https:\/\/www.fraczinet.cl\/sitio\/2010\/08\/17\/2a-temporada-de-talleres-artisticos-culturales-primavera-2010\/"},"wordCount":375,"commentCount":0,"publisher":{"@id":"https:\/\/www.fraczinet.cl\/sitio\/#\/schema\/person\/aec8ee4da68df2b9b0eefdad24a0d582"},"articleSection":["Talleres"],"inLanguage":"es","potentialAction":[{"@type":"CommentAction","name":"Comment","target":["https:\/\/www.fraczinet.cl\/sitio\/2010\/08\/17\/2a-temporada-de-talleres-artisticos-culturales-primavera-2010\/#respond"]}]},{"@type":"WebPage","@id":"https:\/\/www.fraczinet.cl\/sitio\/2010\/08\/17\/2a-temporada-de-talleres-artisticos-culturales-primavera-2010\/","url":"https:\/\/www.fraczinet.cl\/sitio\/2010\/08\/17\/2a-temporada-de-talleres-artisticos-culturales-primavera-2010\/","name":"2\u00aa Temporada De Talleres Art\u00edsticos-Culturales \"Primavera 2010\" - Nuestro Bio B\u00edo","isPartOf":{"@id":"https:\/\/www.fraczinet.cl\/sitio\/#website"},"datePublished":"2010-08-17T13:25:00+00:00","dateModified":"2022-10-06T22:19:59+00:00","breadcrumb":{"@id":"https:\/\/www.fraczinet.cl\/sitio\/2010\/08\/17\/2a-temporada-de-talleres-artisticos-culturales-primavera-2010\/#breadcrumb"},"inLanguage":"es","potentialAction":[{"@type":"ReadAction","target":["https:\/\/www.fraczinet.cl\/sitio\/2010\/08\/17\/2a-temporada-de-talleres-artisticos-culturales-primavera-2010\/"]}]},{"@type":"BreadcrumbList","@id":"https:\/\/www.fraczinet.cl\/sitio\/2010\/08\/17\/2a-temporada-de-talleres-artisticos-culturales-primavera-2010\/#breadcrumb","itemListElement":[{"@type":"ListItem","position":1,"name":"Portada","item":"https:\/\/www.fraczinet.cl\/sitio\/"},{"@type":"ListItem","position":2,"name":"2\u00aa Temporada De Talleres Art\u00edsticos-Culturales \u00abPrimavera 2010\u00bb"}]},{"@type":"WebSite","@id":"https:\/\/www.fraczinet.cl\/sitio\/#website","url":"https:\/\/www.fraczinet.cl\/sitio\/","name":"Nuestro Bio B\u00edo","description":"Tierra de Encuentros","publisher":{"@id":"https:\/\/www.fraczinet.cl\/sitio\/#\/schema\/person\/aec8ee4da68df2b9b0eefdad24a0d582"},"potentialAction":[{"@type":"SearchAction","target":{"@type":"EntryPoint","urlTemplate":"https:\/\/www.fraczinet.cl\/sitio\/?s={search_term_string}"},"query-input":{"@type":"PropertyValueSpecification","valueRequired":true,"valueName":"search_term_string"}}],"inLanguage":"es"},{"@type":["Person","Organization"],"@id":"https:\/\/www.fraczinet.cl\/sitio\/#\/schema\/person\/aec8ee4da68df2b9b0eefdad24a0d582","name":"Luis Fernando Fraczinet","image":{"@type":"ImageObject","inLanguage":"es","@id":"https:\/\/www.fraczinet.cl\/sitio\/#\/schema\/person\/image\/","url":"https:\/\/www.fraczinet.cl\/sitio\/wp-content\/uploads\/2021\/07\/bannerlogo-1.gif","contentUrl":"https:\/\/www.fraczinet.cl\/sitio\/wp-content\/uploads\/2021\/07\/bannerlogo-1.gif","width":159,"height":79,"caption":"Luis Fernando Fraczinet"},"logo":{"@id":"https:\/\/www.fraczinet.cl\/sitio\/#\/schema\/person\/image\/"},"sameAs":["https:\/\/www.fraczinet.cl\/sitio\/"]},{"@type":"Person","@id":"https:\/\/www.fraczinet.cl\/sitio\/#\/schema\/person\/bc30f98e9cb10ae7e119dbe14bc93784","name":"admin","image":{"@type":"ImageObject","inLanguage":"es","@id":"https:\/\/www.fraczinet.cl\/sitio\/#\/schema\/person\/image\/","url":"https:\/\/secure.gravatar.com\/avatar\/d5ad3cf7ef3b23a2bb5be73be780c86b2fc8545c3ad6b149f3913ff458c00099?s=96&d=mm&r=g","contentUrl":"https:\/\/secure.gravatar.com\/avatar\/d5ad3cf7ef3b23a2bb5be73be780c86b2fc8545c3ad6b149f3913ff458c00099?s=96&d=mm&r=g","caption":"admin"},"sameAs":["https:\/\/www.fraczinet.cl\/sitio"]}]}},"_links":{"self":[{"href":"https:\/\/www.fraczinet.cl\/sitio\/wp-json\/wp\/v2\/posts\/9144","targetHints":{"allow":["GET"]}}],"collection":[{"href":"https:\/\/www.fraczinet.cl\/sitio\/wp-json\/wp\/v2\/posts"}],"about":[{"href":"https:\/\/www.fraczinet.cl\/sitio\/wp-json\/wp\/v2\/types\/post"}],"author":[{"embeddable":true,"href":"https:\/\/www.fraczinet.cl\/sitio\/wp-json\/wp\/v2\/users\/1"}],"replies":[{"embeddable":true,"href":"https:\/\/www.fraczinet.cl\/sitio\/wp-json\/wp\/v2\/comments?post=9144"}],"version-history":[{"count":1,"href":"https:\/\/www.fraczinet.cl\/sitio\/wp-json\/wp\/v2\/posts\/9144\/revisions"}],"predecessor-version":[{"id":9346,"href":"https:\/\/www.fraczinet.cl\/sitio\/wp-json\/wp\/v2\/posts\/9144\/revisions\/9346"}],"wp:attachment":[{"href":"https:\/\/www.fraczinet.cl\/sitio\/wp-json\/wp\/v2\/media?parent=9144"}],"wp:term":[{"taxonomy":"category","embeddable":true,"href":"https:\/\/www.fraczinet.cl\/sitio\/wp-json\/wp\/v2\/categories?post=9144"},{"taxonomy":"post_tag","embeddable":true,"href":"https:\/\/www.fraczinet.cl\/sitio\/wp-json\/wp\/v2\/tags?post=9144"}],"curies":[{"name":"wp","href":"https:\/\/api.w.org\/{rel}","templated":true}]}}