{"id":9157,"date":"2010-08-10T13:34:00","date_gmt":"2010-08-10T13:34:00","guid":{"rendered":"https:\/\/www.fraczinet.cl\/sitio\/2010\/08\/10\/cuando-era-joven-encontre-la-dicha-de-ser-hombre\/"},"modified":"2024-08-16T00:17:01","modified_gmt":"2024-08-16T00:17:01","slug":"cuando-era-joven-encontre-la-dicha-de-ser-hombre","status":"publish","type":"post","link":"https:\/\/www.fraczinet.cl\/sitio\/cuando-era-joven-encontre-la-dicha-de-ser-hombre\/","title":{"rendered":"Cuando Era Joven Encontr\u00e9 La Dicha De Ser Hombre"},"content":{"rendered":"<div style=\"text-align: justify;\">Lo escuchaba cuando joven y no comprend\u00eda el mundo en el que estaba caminando, dif\u00edcilmente sopesaba las dificultades con las que las chilenas y chilenos se encontraban en sus propias vidas.<\/div>\n<div style=\"text-align: justify;\">Cuando era joven, la impotencia la guiaba a crear, a caminar, a marchar, a luchar&#8230;.<\/div>\n<div style=\"text-align: justify;\">Cuando era joven, la carne era solo la herramienta del esp\u00edritu&#8230;<\/div>\n<div style=\"text-align: justify;\">Cuando era joven, la belleza estaba en la mente que mi cuerpo formaba con historia y con sue\u00f1os&#8230;<\/div>\n<div style=\"text-align: justify;\">Cuando era joven escuchaba la historia de otros m\u00e1s viejos&#8230;<\/div>\n<div style=\"text-align: justify;\">CUANDO ERA JOVEN ENCONTR\u00c9 LA DICHA DE SER HOMBRE EN LUCHAR un poco m\u00e1s cada d\u00eda.<\/div>\n<div style=\"text-align: justify;\"><\/div>\n<div style=\"text-align: justify;\">Luis Fraczinet<\/div>\n<div style=\"text-align: justify;\">Poeta Cesante<\/div>\n<div><\/div>\n<p><iframe title=\"Nuestro Cobre - Quilapay\u00fan\" width=\"640\" height=\"480\" src=\"https:\/\/www.youtube.com\/embed\/YTkAVTOejD0?feature=oembed\" frameborder=\"0\" allow=\"accelerometer; autoplay; clipboard-write; encrypted-media; gyroscope; picture-in-picture; web-share\" referrerpolicy=\"strict-origin-when-cross-origin\" allowfullscreen><\/iframe><\/p>\n","protected":false},"excerpt":{"rendered":"<p>Lo escuchaba cuando joven y no comprend\u00eda el mundo en el que estaba caminando, dif\u00edcilmente sopesaba las dificultades con las que las chilenas y chilenos se encontraban en sus propias vidas. Cuando era joven, la impotencia la guiaba a crear, a caminar, a marchar, a luchar&#8230;. Cuando era joven, la carne era solo la herramienta [&hellip;]<\/p>\n","protected":false},"author":1,"featured_media":16060,"comment_status":"open","ping_status":"closed","sticky":false,"template":"","format":"standard","meta":{"footnotes":""},"categories":[116,385,80,67,41],"tags":[],"class_list":["post-9157","post","type-post","status-publish","format-standard","has-post-thumbnail","hentry","category-luis-fraczinet","category-luis-fraczinet-poesia","category-musica","category-poesia","category-videos"],"yoast_head":"<!-- This site is optimized with the Yoast SEO plugin v28.2 - https:\/\/yoast.com\/product\/yoast-seo-wordpress\/ -->\n<title>Cuando Era Joven Encontr\u00e9 La Dicha De Ser Hombre - Nuestro Bio B\u00edo<\/title>\n<meta name=\"robots\" content=\"index, follow, max-snippet:-1, max-image-preview:large, max-video-preview:-1\" \/>\n<link rel=\"canonical\" href=\"https:\/\/www.fraczinet.cl\/sitio\/cuando-era-joven-encontre-la-dicha-de-ser-hombre\/\" \/>\n<meta property=\"og:locale\" content=\"es_ES\" \/>\n<meta property=\"og:type\" content=\"article\" \/>\n<meta property=\"og:title\" content=\"Cuando Era Joven Encontr\u00e9 La Dicha De Ser Hombre - Nuestro Bio B\u00edo\" \/>\n<meta property=\"og:description\" content=\"Lo escuchaba cuando joven y no comprend\u00eda el mundo en el que estaba caminando, dif\u00edcilmente sopesaba las dificultades con las que las chilenas y chilenos se encontraban en sus propias vidas. Cuando era joven, la impotencia la guiaba a crear, a caminar, a marchar, a luchar&#8230;. Cuando era joven, la carne era solo la herramienta [&hellip;]\" \/>\n<meta property=\"og:url\" content=\"https:\/\/www.fraczinet.cl\/sitio\/cuando-era-joven-encontre-la-dicha-de-ser-hombre\/\" \/>\n<meta property=\"og:site_name\" content=\"Nuestro Bio B\u00edo\" \/>\n<meta property=\"article:publisher\" content=\"https:\/\/www.facebook.com\/groups\/15721414452\/\" \/>\n<meta property=\"article:published_time\" content=\"2010-08-10T13:34:00+00:00\" \/>\n<meta property=\"article:modified_time\" content=\"2024-08-16T00:17:01+00:00\" \/>\n<meta property=\"og:image\" content=\"https:\/\/www.fraczinet.cl\/sitio\/wp-content\/uploads\/2010\/08\/nuestro-cobre-quilapayun.png\" \/>\n\t<meta property=\"og:image:width\" content=\"454\" \/>\n\t<meta property=\"og:image:height\" content=\"251\" \/>\n\t<meta property=\"og:image:type\" content=\"image\/png\" \/>\n<meta name=\"twitter:card\" content=\"summary_large_image\" \/>\n<meta name=\"twitter:creator\" content=\"@nuestrobiobio\" \/>\n<meta name=\"twitter:site\" content=\"@nuestrobiobio\" \/>\n<meta name=\"twitter:label1\" content=\"Escrito por\" \/>\n\t<meta name=\"twitter:data1\" content=\"\" \/>\n\t<meta name=\"twitter:label2\" content=\"Tiempo de lectura\" \/>\n\t<meta name=\"twitter:data2\" content=\"1 minuto\" \/>\n<script type=\"application\/ld+json\" class=\"yoast-schema-graph\">{\"@context\":\"https:\\\/\\\/schema.org\",\"@graph\":[{\"@type\":\"Article\",\"@id\":\"https:\\\/\\\/www.fraczinet.cl\\\/sitio\\\/cuando-era-joven-encontre-la-dicha-de-ser-hombre\\\/#article\",\"isPartOf\":{\"@id\":\"https:\\\/\\\/www.fraczinet.cl\\\/sitio\\\/cuando-era-joven-encontre-la-dicha-de-ser-hombre\\\/\"},\"author\":{\"name\":\"\",\"@id\":\"\"},\"headline\":\"Cuando Era Joven Encontr\u00e9 La Dicha De Ser Hombre\",\"datePublished\":\"2010-08-10T13:34:00+00:00\",\"dateModified\":\"2024-08-16T00:17:01+00:00\",\"mainEntityOfPage\":{\"@id\":\"https:\\\/\\\/www.fraczinet.cl\\\/sitio\\\/cuando-era-joven-encontre-la-dicha-de-ser-hombre\\\/\"},\"wordCount\":130,\"commentCount\":0,\"image\":{\"@id\":\"https:\\\/\\\/www.fraczinet.cl\\\/sitio\\\/cuando-era-joven-encontre-la-dicha-de-ser-hombre\\\/#primaryimage\"},\"thumbnailUrl\":\"https:\\\/\\\/www.fraczinet.cl\\\/sitio\\\/wp-content\\\/uploads\\\/2010\\\/08\\\/nuestro-cobre-quilapayun.png\",\"articleSection\":[\"Luis Fraczinet\",\"Luis Fraczinet Poes\u00eda\",\"M\u00fasica\",\"Poes\u00eda\",\"Videos\"],\"inLanguage\":\"es\",\"potentialAction\":[{\"@type\":\"CommentAction\",\"name\":\"Comment\",\"target\":[\"https:\\\/\\\/www.fraczinet.cl\\\/sitio\\\/cuando-era-joven-encontre-la-dicha-de-ser-hombre\\\/#respond\"]}]},{\"@type\":\"WebPage\",\"@id\":\"https:\\\/\\\/www.fraczinet.cl\\\/sitio\\\/cuando-era-joven-encontre-la-dicha-de-ser-hombre\\\/\",\"url\":\"https:\\\/\\\/www.fraczinet.cl\\\/sitio\\\/cuando-era-joven-encontre-la-dicha-de-ser-hombre\\\/\",\"name\":\"Cuando Era Joven Encontr\u00e9 La Dicha De Ser Hombre - Nuestro Bio B\u00edo\",\"isPartOf\":{\"@id\":\"https:\\\/\\\/www.fraczinet.cl\\\/sitio\\\/#website\"},\"primaryImageOfPage\":{\"@id\":\"https:\\\/\\\/www.fraczinet.cl\\\/sitio\\\/cuando-era-joven-encontre-la-dicha-de-ser-hombre\\\/#primaryimage\"},\"image\":{\"@id\":\"https:\\\/\\\/www.fraczinet.cl\\\/sitio\\\/cuando-era-joven-encontre-la-dicha-de-ser-hombre\\\/#primaryimage\"},\"thumbnailUrl\":\"https:\\\/\\\/www.fraczinet.cl\\\/sitio\\\/wp-content\\\/uploads\\\/2010\\\/08\\\/nuestro-cobre-quilapayun.png\",\"datePublished\":\"2010-08-10T13:34:00+00:00\",\"dateModified\":\"2024-08-16T00:17:01+00:00\",\"author\":{\"@id\":\"\"},\"breadcrumb\":{\"@id\":\"https:\\\/\\\/www.fraczinet.cl\\\/sitio\\\/cuando-era-joven-encontre-la-dicha-de-ser-hombre\\\/#breadcrumb\"},\"inLanguage\":\"es\",\"potentialAction\":[{\"@type\":\"ReadAction\",\"target\":[\"https:\\\/\\\/www.fraczinet.cl\\\/sitio\\\/cuando-era-joven-encontre-la-dicha-de-ser-hombre\\\/\"]}]},{\"@type\":\"ImageObject\",\"inLanguage\":\"es\",\"@id\":\"https:\\\/\\\/www.fraczinet.cl\\\/sitio\\\/cuando-era-joven-encontre-la-dicha-de-ser-hombre\\\/#primaryimage\",\"url\":\"https:\\\/\\\/www.fraczinet.cl\\\/sitio\\\/wp-content\\\/uploads\\\/2010\\\/08\\\/nuestro-cobre-quilapayun.png\",\"contentUrl\":\"https:\\\/\\\/www.fraczinet.cl\\\/sitio\\\/wp-content\\\/uploads\\\/2010\\\/08\\\/nuestro-cobre-quilapayun.png\",\"width\":454,\"height\":251},{\"@type\":\"BreadcrumbList\",\"@id\":\"https:\\\/\\\/www.fraczinet.cl\\\/sitio\\\/cuando-era-joven-encontre-la-dicha-de-ser-hombre\\\/#breadcrumb\",\"itemListElement\":[{\"@type\":\"ListItem\",\"position\":1,\"name\":\"Portada\",\"item\":\"https:\\\/\\\/www.fraczinet.cl\\\/sitio\\\/\"},{\"@type\":\"ListItem\",\"position\":2,\"name\":\"Cuando Era Joven Encontr\u00e9 La Dicha De Ser Hombre\"}]},{\"@type\":\"WebSite\",\"@id\":\"https:\\\/\\\/www.fraczinet.cl\\\/sitio\\\/#website\",\"url\":\"https:\\\/\\\/www.fraczinet.cl\\\/sitio\\\/\",\"name\":\"Nuestro Bio B\u00edo\",\"description\":\"Tierra de Encuentros\",\"potentialAction\":[{\"@type\":\"SearchAction\",\"target\":{\"@type\":\"EntryPoint\",\"urlTemplate\":\"https:\\\/\\\/www.fraczinet.cl\\\/sitio\\\/?s={search_term_string}\"},\"query-input\":{\"@type\":\"PropertyValueSpecification\",\"valueRequired\":true,\"valueName\":\"search_term_string\"}}],\"inLanguage\":\"es\"},{\"@type\":\"Person\",\"@id\":\"\"}]}<\/script>\n<!-- \/ Yoast SEO plugin. -->","yoast_head_json":{"title":"Cuando Era Joven Encontr\u00e9 La Dicha De Ser Hombre - Nuestro Bio B\u00edo","robots":{"index":"index","follow":"follow","max-snippet":"max-snippet:-1","max-image-preview":"max-image-preview:large","max-video-preview":"max-video-preview:-1"},"canonical":"https:\/\/www.fraczinet.cl\/sitio\/cuando-era-joven-encontre-la-dicha-de-ser-hombre\/","og_locale":"es_ES","og_type":"article","og_title":"Cuando Era Joven Encontr\u00e9 La Dicha De Ser Hombre - Nuestro Bio B\u00edo","og_description":"Lo escuchaba cuando joven y no comprend\u00eda el mundo en el que estaba caminando, dif\u00edcilmente sopesaba las dificultades con las que las chilenas y chilenos se encontraban en sus propias vidas. Cuando era joven, la impotencia la guiaba a crear, a caminar, a marchar, a luchar&#8230;. Cuando era joven, la carne era solo la herramienta [&hellip;]","og_url":"https:\/\/www.fraczinet.cl\/sitio\/cuando-era-joven-encontre-la-dicha-de-ser-hombre\/","og_site_name":"Nuestro Bio B\u00edo","article_publisher":"https:\/\/www.facebook.com\/groups\/15721414452\/","article_published_time":"2010-08-10T13:34:00+00:00","article_modified_time":"2024-08-16T00:17:01+00:00","og_image":[{"width":454,"height":251,"url":"https:\/\/www.fraczinet.cl\/sitio\/wp-content\/uploads\/2010\/08\/nuestro-cobre-quilapayun.png","type":"image\/png"}],"twitter_card":"summary_large_image","twitter_creator":"@nuestrobiobio","twitter_site":"@nuestrobiobio","twitter_misc":{"Escrito por":"","Tiempo de lectura":"1 minuto"},"schema":{"@context":"https:\/\/schema.org","@graph":[{"@type":"Article","@id":"https:\/\/www.fraczinet.cl\/sitio\/cuando-era-joven-encontre-la-dicha-de-ser-hombre\/#article","isPartOf":{"@id":"https:\/\/www.fraczinet.cl\/sitio\/cuando-era-joven-encontre-la-dicha-de-ser-hombre\/"},"author":{"name":"","@id":""},"headline":"Cuando Era Joven Encontr\u00e9 La Dicha De Ser Hombre","datePublished":"2010-08-10T13:34:00+00:00","dateModified":"2024-08-16T00:17:01+00:00","mainEntityOfPage":{"@id":"https:\/\/www.fraczinet.cl\/sitio\/cuando-era-joven-encontre-la-dicha-de-ser-hombre\/"},"wordCount":130,"commentCount":0,"image":{"@id":"https:\/\/www.fraczinet.cl\/sitio\/cuando-era-joven-encontre-la-dicha-de-ser-hombre\/#primaryimage"},"thumbnailUrl":"https:\/\/www.fraczinet.cl\/sitio\/wp-content\/uploads\/2010\/08\/nuestro-cobre-quilapayun.png","articleSection":["Luis Fraczinet","Luis Fraczinet Poes\u00eda","M\u00fasica","Poes\u00eda","Videos"],"inLanguage":"es","potentialAction":[{"@type":"CommentAction","name":"Comment","target":["https:\/\/www.fraczinet.cl\/sitio\/cuando-era-joven-encontre-la-dicha-de-ser-hombre\/#respond"]}]},{"@type":"WebPage","@id":"https:\/\/www.fraczinet.cl\/sitio\/cuando-era-joven-encontre-la-dicha-de-ser-hombre\/","url":"https:\/\/www.fraczinet.cl\/sitio\/cuando-era-joven-encontre-la-dicha-de-ser-hombre\/","name":"Cuando Era Joven Encontr\u00e9 La Dicha De Ser Hombre - Nuestro Bio B\u00edo","isPartOf":{"@id":"https:\/\/www.fraczinet.cl\/sitio\/#website"},"primaryImageOfPage":{"@id":"https:\/\/www.fraczinet.cl\/sitio\/cuando-era-joven-encontre-la-dicha-de-ser-hombre\/#primaryimage"},"image":{"@id":"https:\/\/www.fraczinet.cl\/sitio\/cuando-era-joven-encontre-la-dicha-de-ser-hombre\/#primaryimage"},"thumbnailUrl":"https:\/\/www.fraczinet.cl\/sitio\/wp-content\/uploads\/2010\/08\/nuestro-cobre-quilapayun.png","datePublished":"2010-08-10T13:34:00+00:00","dateModified":"2024-08-16T00:17:01+00:00","author":{"@id":""},"breadcrumb":{"@id":"https:\/\/www.fraczinet.cl\/sitio\/cuando-era-joven-encontre-la-dicha-de-ser-hombre\/#breadcrumb"},"inLanguage":"es","potentialAction":[{"@type":"ReadAction","target":["https:\/\/www.fraczinet.cl\/sitio\/cuando-era-joven-encontre-la-dicha-de-ser-hombre\/"]}]},{"@type":"ImageObject","inLanguage":"es","@id":"https:\/\/www.fraczinet.cl\/sitio\/cuando-era-joven-encontre-la-dicha-de-ser-hombre\/#primaryimage","url":"https:\/\/www.fraczinet.cl\/sitio\/wp-content\/uploads\/2010\/08\/nuestro-cobre-quilapayun.png","contentUrl":"https:\/\/www.fraczinet.cl\/sitio\/wp-content\/uploads\/2010\/08\/nuestro-cobre-quilapayun.png","width":454,"height":251},{"@type":"BreadcrumbList","@id":"https:\/\/www.fraczinet.cl\/sitio\/cuando-era-joven-encontre-la-dicha-de-ser-hombre\/#breadcrumb","itemListElement":[{"@type":"ListItem","position":1,"name":"Portada","item":"https:\/\/www.fraczinet.cl\/sitio\/"},{"@type":"ListItem","position":2,"name":"Cuando Era Joven Encontr\u00e9 La Dicha De Ser Hombre"}]},{"@type":"WebSite","@id":"https:\/\/www.fraczinet.cl\/sitio\/#website","url":"https:\/\/www.fraczinet.cl\/sitio\/","name":"Nuestro Bio B\u00edo","description":"Tierra de Encuentros","potentialAction":[{"@type":"SearchAction","target":{"@type":"EntryPoint","urlTemplate":"https:\/\/www.fraczinet.cl\/sitio\/?s={search_term_string}"},"query-input":{"@type":"PropertyValueSpecification","valueRequired":true,"valueName":"search_term_string"}}],"inLanguage":"es"},{"@type":"Person","@id":""}]}},"_links":{"self":[{"href":"https:\/\/www.fraczinet.cl\/sitio\/wp-json\/wp\/v2\/posts\/9157","targetHints":{"allow":["GET"]}}],"collection":[{"href":"https:\/\/www.fraczinet.cl\/sitio\/wp-json\/wp\/v2\/posts"}],"about":[{"href":"https:\/\/www.fraczinet.cl\/sitio\/wp-json\/wp\/v2\/types\/post"}],"author":[{"embeddable":true,"href":"https:\/\/www.fraczinet.cl\/sitio\/wp-json\/wp\/v2\/users\/1"}],"replies":[{"embeddable":true,"href":"https:\/\/www.fraczinet.cl\/sitio\/wp-json\/wp\/v2\/comments?post=9157"}],"version-history":[{"count":3,"href":"https:\/\/www.fraczinet.cl\/sitio\/wp-json\/wp\/v2\/posts\/9157\/revisions"}],"predecessor-version":[{"id":16062,"href":"https:\/\/www.fraczinet.cl\/sitio\/wp-json\/wp\/v2\/posts\/9157\/revisions\/16062"}],"wp:featuredmedia":[{"embeddable":true,"href":"https:\/\/www.fraczinet.cl\/sitio\/wp-json\/wp\/v2\/media\/16060"}],"wp:attachment":[{"href":"https:\/\/www.fraczinet.cl\/sitio\/wp-json\/wp\/v2\/media?parent=9157"}],"wp:term":[{"taxonomy":"category","embeddable":true,"href":"https:\/\/www.fraczinet.cl\/sitio\/wp-json\/wp\/v2\/categories?post=9157"},{"taxonomy":"post_tag","embeddable":true,"href":"https:\/\/www.fraczinet.cl\/sitio\/wp-json\/wp\/v2\/tags?post=9157"}],"curies":[{"name":"wp","href":"https:\/\/api.w.org\/{rel}","templated":true}]}}