{"id":9158,"date":"2010-08-06T00:18:00","date_gmt":"2010-08-06T00:18:00","guid":{"rendered":"https:\/\/www.fraczinet.cl\/sitio\/2010\/08\/06\/culturizarte-corredor-bioceanico-de-cultura\/"},"modified":"2010-08-06T00:18:00","modified_gmt":"2010-08-06T00:18:00","slug":"culturizarte-corredor-bioceanico-de-cultura","status":"publish","type":"post","link":"https:\/\/www.fraczinet.cl\/sitio\/2010\/08\/06\/culturizarte-corredor-bioceanico-de-cultura\/","title":{"rendered":"Culturizarte: Corredor Bioce\u00e1nico De Cultura"},"content":{"rendered":"<div style=\"text-align: justify;\"><a href=\"http:\/\/1.bp.blogspot.com\/_2S_RxGRVjis\/TFtW4lKpjNI\/AAAAAAAAQYg\/XrbprHQJuZE\/s1600\/Culturizarte.jpg\"><img decoding=\"async\" alt=\"\" border=\"0\" id=\"BLOGGER_PHOTO_ID_5502086899812633810\" src=\"https:\/\/1.bp.blogspot.com\/_2S_RxGRVjis\/TFtW4lKpjNI\/AAAAAAAAQYg\/XrbprHQJuZE\/s320\/Culturizarte.jpg\" style=\"cursor: hand; cursor: pointer; float: left; height: 318px; margin: 0 10px 10px 0; width: 200px;\" \/><\/a>Culturizarte es una Asociaci\u00f3n de Colaboraci\u00f3n SIN FINES DE LUCRO Binacional Chileno-Argentino, en los \u00e1mbitos de la Gesti\u00f3n Cultural, Producci\u00f3n y Administraci\u00f3n de un proyecto \u201cmarco\u201d para el periodo 2010-2012 basado en una plataforma Web que permita trabajar cohesionadamente entre artistas, instituciones y mecenas, que se han mostrado interesados en patrocinar proyectos culturales, pero que no cuentan con las herramientas necesarias para gestionar su responsabilidad social en emprendimientos culturales locales y binacionales.<\/div>\n<div style=\"text-align: justify;\"><\/div>\n<div style=\"text-align: justify;\">Utilizamos software libre para la construcci\u00f3n de nuestra plataforma. Con base en WordPress 3.0 y Buddypress 1.2.5.x, otorgamos caracter\u00edsticas de red social a cada usuario. En complementaci\u00f3n con esta herramienta usamos m\u00e1s de 150 plugins y 280 themes (dise\u00f1os) que permiten otorgar en forma totalmente gratuita a nuestros usuarios las caracter\u00edsticas de clasificados, gestor de proyectos, mapas, multimedia e hiperconectividad, entre otras caracter\u00edsticas:<\/div>\n<div style=\"text-align: justify;\"><\/div>\n<div style=\"text-align: justify;\">\u2022 Construir una comunidad en Internet como Facebook en minutos<\/div>\n<div style=\"text-align: justify;\">\u2022 Excelente poder de interfaces AJAX<\/div>\n<div style=\"text-align: justify;\">\u2022 Ampliamente extensible con \u201caplicaciones\u201d adicionales<\/div>\n<div style=\"text-align: justify;\">\u2022 Perfiles de usuarios<\/div>\n<div style=\"text-align: justify;\">\u2022 Administraci\u00f3n de la relaci\u00f3n entre usuarios<\/div>\n<div style=\"text-align: justify;\">\u2022 Administraci\u00f3n de fotograf\u00edas<\/div>\n<div style=\"text-align: justify;\">\u2022 Administraci\u00f3n de videos<\/div>\n<div style=\"text-align: justify;\">\u2022 Grupos y suscripci\u00f3n<\/div>\n<div style=\"text-align: justify;\">\u2022 Mensajer\u00eda privada<\/div>\n<div style=\"text-align: justify;\">\u2022 M\u00faltiples componentes de soporte para blogs<\/div>\n<div style=\"text-align: justify;\">\u2022 Eventos<\/div>\n<div style=\"text-align: justify;\">\u2022 Tabla optimizada<\/div>\n<div style=\"text-align: justify;\">\u2022 Administraci\u00f3n de dise\u00f1os<\/div>\n<div style=\"text-align: justify;\">\u2022 Control de front-ends<\/div>\n<div style=\"text-align: justify;\"><\/div>\n<div style=\"text-align: justify;\">Iniciaremos este corredor entre dos ciudades, Concepci\u00f3n y Buenos Aires, y en esta \u00faltima sentaremos las bases en San Telmo, casco hist\u00f3rico de Capital federal, y en donde se agrupan asociadamente m\u00e1s de 300 instituciones y empresas relacionadas a las artes y la cultura.<\/div>\n<div style=\"text-align: justify;\"><\/div>\n<div style=\"text-align: justify;\">La Organizaci\u00f3n de Estados Iberoamericanos ha otorgado financiamiento para la Movilidad al Gestor Cultural Sr. Alvaro Illanes, con el fin de realizar durante 60 d\u00edas una \u201cAgenda Cultural\u201d, que busca generar las cartas de Hermandad Cultural entre ambas ciudades y Gobiernos locales, as\u00ed como el respaldo deinstituciones sociales, artistas y actores sociales vinculados a las artes y la cultura. En este sentido, la Ilustre Municipalidad de Concepci\u00f3n le ha encomendado al se\u00f1or Illanes la entrega de una Carta de Hermandad a su par enBuenos Aires, en la calidad de Embajador Cultural de la ciudad de Concepci\u00f3n.<\/div>\n<div style=\"text-align: justify;\"><\/div>\n<div style=\"text-align: justify;\">Paralelamente, estamos avanzando en el desarrollo de nuestra plataforma Web piloto, que durante el mes de septiembre ser\u00e1 lanzado al p\u00fablico. Durante agosto parte el piloto. Este a\u00f1o alojar\u00e1 una selecci\u00f3n deproyectos binacionales, en formato de \u201cconcurso\u201d, lo que permirtir\u00e1 testear la plataforma y comenzar operacionalmente durante los siguientes meses.<\/div>\n<p>Sitio web: <a href=\"http:\/\/culturizarte.com\/\">http:\/\/culturizarte.com\/<\/a><\/p>\n","protected":false},"excerpt":{"rendered":"<p>Culturizarte es una Asociaci\u00f3n de Colaboraci\u00f3n SIN FINES DE LUCRO Binacional Chileno-Argentino, en los \u00e1mbitos de la Gesti\u00f3n Cultural, Producci\u00f3n y Administraci\u00f3n de un proyecto \u201cmarco\u201d para el periodo 2010-2012 basado en una plataforma Web que permita trabajar cohesionadamente entre artistas, instituciones y mecenas, que se han mostrado interesados en patrocinar proyectos culturales, pero que [&hellip;]<\/p>\n","protected":false},"author":1,"featured_media":0,"comment_status":"open","ping_status":"open","sticky":false,"template":"","format":"standard","meta":{"footnotes":""},"categories":[207],"tags":[],"class_list":["post-9158","post","type-post","status-publish","format-standard","hentry","category-gestion-cultural"],"yoast_head":"<!-- This site is optimized with the Yoast SEO plugin v25.0 - https:\/\/yoast.com\/wordpress\/plugins\/seo\/ -->\n<title>Culturizarte: Corredor Bioce\u00e1nico De Cultura - Nuestro Bio B\u00edo<\/title>\n<meta name=\"robots\" content=\"index, follow, max-snippet:-1, max-image-preview:large, max-video-preview:-1\" \/>\n<link rel=\"canonical\" href=\"https:\/\/www.fraczinet.cl\/sitio\/2010\/08\/06\/culturizarte-corredor-bioceanico-de-cultura\/\" \/>\n<meta property=\"og:locale\" content=\"es_ES\" \/>\n<meta property=\"og:type\" content=\"article\" \/>\n<meta property=\"og:title\" content=\"Culturizarte: Corredor Bioce\u00e1nico De Cultura - Nuestro Bio B\u00edo\" \/>\n<meta property=\"og:description\" content=\"Culturizarte es una Asociaci\u00f3n de Colaboraci\u00f3n SIN FINES DE LUCRO Binacional Chileno-Argentino, en los \u00e1mbitos de la Gesti\u00f3n Cultural, Producci\u00f3n y Administraci\u00f3n de un proyecto \u201cmarco\u201d para el periodo 2010-2012 basado en una plataforma Web que permita trabajar cohesionadamente entre artistas, instituciones y mecenas, que se han mostrado interesados en patrocinar proyectos culturales, pero que [&hellip;]\" \/>\n<meta property=\"og:url\" content=\"https:\/\/www.fraczinet.cl\/sitio\/2010\/08\/06\/culturizarte-corredor-bioceanico-de-cultura\/\" \/>\n<meta property=\"og:site_name\" content=\"Nuestro Bio B\u00edo\" \/>\n<meta property=\"article:published_time\" content=\"2010-08-06T00:18:00+00:00\" \/>\n<meta property=\"og:image\" content=\"https:\/\/1.bp.blogspot.com\/_2S_RxGRVjis\/TFtW4lKpjNI\/AAAAAAAAQYg\/XrbprHQJuZE\/s320\/Culturizarte.jpg\" \/>\n<meta name=\"author\" content=\"admin\" \/>\n<meta name=\"twitter:card\" content=\"summary_large_image\" \/>\n<meta name=\"twitter:creator\" content=\"@nuestrobiobio\" \/>\n<meta name=\"twitter:site\" content=\"@nuestrobiobio\" \/>\n<meta name=\"twitter:label1\" content=\"Escrito por\" \/>\n\t<meta name=\"twitter:data1\" content=\"admin\" \/>\n\t<meta name=\"twitter:label2\" content=\"Tiempo de lectura\" \/>\n\t<meta name=\"twitter:data2\" content=\"2 minutos\" \/>\n<script type=\"application\/ld+json\" class=\"yoast-schema-graph\">{\"@context\":\"https:\/\/schema.org\",\"@graph\":[{\"@type\":\"Article\",\"@id\":\"https:\/\/www.fraczinet.cl\/sitio\/2010\/08\/06\/culturizarte-corredor-bioceanico-de-cultura\/#article\",\"isPartOf\":{\"@id\":\"https:\/\/www.fraczinet.cl\/sitio\/2010\/08\/06\/culturizarte-corredor-bioceanico-de-cultura\/\"},\"author\":{\"name\":\"admin\",\"@id\":\"https:\/\/www.fraczinet.cl\/sitio\/#\/schema\/person\/bc30f98e9cb10ae7e119dbe14bc93784\"},\"headline\":\"Culturizarte: Corredor Bioce\u00e1nico De Cultura\",\"datePublished\":\"2010-08-06T00:18:00+00:00\",\"mainEntityOfPage\":{\"@id\":\"https:\/\/www.fraczinet.cl\/sitio\/2010\/08\/06\/culturizarte-corredor-bioceanico-de-cultura\/\"},\"wordCount\":418,\"commentCount\":0,\"publisher\":{\"@id\":\"https:\/\/www.fraczinet.cl\/sitio\/#\/schema\/person\/aec8ee4da68df2b9b0eefdad24a0d582\"},\"image\":{\"@id\":\"https:\/\/www.fraczinet.cl\/sitio\/2010\/08\/06\/culturizarte-corredor-bioceanico-de-cultura\/#primaryimage\"},\"thumbnailUrl\":\"https:\/\/1.bp.blogspot.com\/_2S_RxGRVjis\/TFtW4lKpjNI\/AAAAAAAAQYg\/XrbprHQJuZE\/s320\/Culturizarte.jpg\",\"articleSection\":[\"Gesti\u00f3n Cultural\"],\"inLanguage\":\"es\",\"potentialAction\":[{\"@type\":\"CommentAction\",\"name\":\"Comment\",\"target\":[\"https:\/\/www.fraczinet.cl\/sitio\/2010\/08\/06\/culturizarte-corredor-bioceanico-de-cultura\/#respond\"]}]},{\"@type\":\"WebPage\",\"@id\":\"https:\/\/www.fraczinet.cl\/sitio\/2010\/08\/06\/culturizarte-corredor-bioceanico-de-cultura\/\",\"url\":\"https:\/\/www.fraczinet.cl\/sitio\/2010\/08\/06\/culturizarte-corredor-bioceanico-de-cultura\/\",\"name\":\"Culturizarte: Corredor Bioce\u00e1nico De Cultura - Nuestro Bio B\u00edo\",\"isPartOf\":{\"@id\":\"https:\/\/www.fraczinet.cl\/sitio\/#website\"},\"primaryImageOfPage\":{\"@id\":\"https:\/\/www.fraczinet.cl\/sitio\/2010\/08\/06\/culturizarte-corredor-bioceanico-de-cultura\/#primaryimage\"},\"image\":{\"@id\":\"https:\/\/www.fraczinet.cl\/sitio\/2010\/08\/06\/culturizarte-corredor-bioceanico-de-cultura\/#primaryimage\"},\"thumbnailUrl\":\"https:\/\/1.bp.blogspot.com\/_2S_RxGRVjis\/TFtW4lKpjNI\/AAAAAAAAQYg\/XrbprHQJuZE\/s320\/Culturizarte.jpg\",\"datePublished\":\"2010-08-06T00:18:00+00:00\",\"breadcrumb\":{\"@id\":\"https:\/\/www.fraczinet.cl\/sitio\/2010\/08\/06\/culturizarte-corredor-bioceanico-de-cultura\/#breadcrumb\"},\"inLanguage\":\"es\",\"potentialAction\":[{\"@type\":\"ReadAction\",\"target\":[\"https:\/\/www.fraczinet.cl\/sitio\/2010\/08\/06\/culturizarte-corredor-bioceanico-de-cultura\/\"]}]},{\"@type\":\"ImageObject\",\"inLanguage\":\"es\",\"@id\":\"https:\/\/www.fraczinet.cl\/sitio\/2010\/08\/06\/culturizarte-corredor-bioceanico-de-cultura\/#primaryimage\",\"url\":\"https:\/\/1.bp.blogspot.com\/_2S_RxGRVjis\/TFtW4lKpjNI\/AAAAAAAAQYg\/XrbprHQJuZE\/s320\/Culturizarte.jpg\",\"contentUrl\":\"https:\/\/1.bp.blogspot.com\/_2S_RxGRVjis\/TFtW4lKpjNI\/AAAAAAAAQYg\/XrbprHQJuZE\/s320\/Culturizarte.jpg\"},{\"@type\":\"BreadcrumbList\",\"@id\":\"https:\/\/www.fraczinet.cl\/sitio\/2010\/08\/06\/culturizarte-corredor-bioceanico-de-cultura\/#breadcrumb\",\"itemListElement\":[{\"@type\":\"ListItem\",\"position\":1,\"name\":\"Portada\",\"item\":\"https:\/\/www.fraczinet.cl\/sitio\/\"},{\"@type\":\"ListItem\",\"position\":2,\"name\":\"Culturizarte: Corredor Bioce\u00e1nico De Cultura\"}]},{\"@type\":\"WebSite\",\"@id\":\"https:\/\/www.fraczinet.cl\/sitio\/#website\",\"url\":\"https:\/\/www.fraczinet.cl\/sitio\/\",\"name\":\"Nuestro Bio B\u00edo\",\"description\":\"Tierra de Encuentros\",\"publisher\":{\"@id\":\"https:\/\/www.fraczinet.cl\/sitio\/#\/schema\/person\/aec8ee4da68df2b9b0eefdad24a0d582\"},\"potentialAction\":[{\"@type\":\"SearchAction\",\"target\":{\"@type\":\"EntryPoint\",\"urlTemplate\":\"https:\/\/www.fraczinet.cl\/sitio\/?s={search_term_string}\"},\"query-input\":{\"@type\":\"PropertyValueSpecification\",\"valueRequired\":true,\"valueName\":\"search_term_string\"}}],\"inLanguage\":\"es\"},{\"@type\":[\"Person\",\"Organization\"],\"@id\":\"https:\/\/www.fraczinet.cl\/sitio\/#\/schema\/person\/aec8ee4da68df2b9b0eefdad24a0d582\",\"name\":\"Luis Fernando Fraczinet\",\"image\":{\"@type\":\"ImageObject\",\"inLanguage\":\"es\",\"@id\":\"https:\/\/www.fraczinet.cl\/sitio\/#\/schema\/person\/image\/\",\"url\":\"https:\/\/www.fraczinet.cl\/sitio\/wp-content\/uploads\/2021\/07\/bannerlogo-1.gif\",\"contentUrl\":\"https:\/\/www.fraczinet.cl\/sitio\/wp-content\/uploads\/2021\/07\/bannerlogo-1.gif\",\"width\":159,\"height\":79,\"caption\":\"Luis Fernando Fraczinet\"},\"logo\":{\"@id\":\"https:\/\/www.fraczinet.cl\/sitio\/#\/schema\/person\/image\/\"},\"sameAs\":[\"https:\/\/www.fraczinet.cl\/sitio\/\"]},{\"@type\":\"Person\",\"@id\":\"https:\/\/www.fraczinet.cl\/sitio\/#\/schema\/person\/bc30f98e9cb10ae7e119dbe14bc93784\",\"name\":\"admin\",\"image\":{\"@type\":\"ImageObject\",\"inLanguage\":\"es\",\"@id\":\"https:\/\/www.fraczinet.cl\/sitio\/#\/schema\/person\/image\/\",\"url\":\"https:\/\/secure.gravatar.com\/avatar\/d5ad3cf7ef3b23a2bb5be73be780c86b2fc8545c3ad6b149f3913ff458c00099?s=96&d=mm&r=g\",\"contentUrl\":\"https:\/\/secure.gravatar.com\/avatar\/d5ad3cf7ef3b23a2bb5be73be780c86b2fc8545c3ad6b149f3913ff458c00099?s=96&d=mm&r=g\",\"caption\":\"admin\"},\"sameAs\":[\"https:\/\/www.fraczinet.cl\/sitio\"]}]}<\/script>\n<!-- \/ Yoast SEO plugin. -->","yoast_head_json":{"title":"Culturizarte: Corredor Bioce\u00e1nico De Cultura - Nuestro Bio B\u00edo","robots":{"index":"index","follow":"follow","max-snippet":"max-snippet:-1","max-image-preview":"max-image-preview:large","max-video-preview":"max-video-preview:-1"},"canonical":"https:\/\/www.fraczinet.cl\/sitio\/2010\/08\/06\/culturizarte-corredor-bioceanico-de-cultura\/","og_locale":"es_ES","og_type":"article","og_title":"Culturizarte: Corredor Bioce\u00e1nico De Cultura - Nuestro Bio B\u00edo","og_description":"Culturizarte es una Asociaci\u00f3n de Colaboraci\u00f3n SIN FINES DE LUCRO Binacional Chileno-Argentino, en los \u00e1mbitos de la Gesti\u00f3n Cultural, Producci\u00f3n y Administraci\u00f3n de un proyecto \u201cmarco\u201d para el periodo 2010-2012 basado en una plataforma Web que permita trabajar cohesionadamente entre artistas, instituciones y mecenas, que se han mostrado interesados en patrocinar proyectos culturales, pero que [&hellip;]","og_url":"https:\/\/www.fraczinet.cl\/sitio\/2010\/08\/06\/culturizarte-corredor-bioceanico-de-cultura\/","og_site_name":"Nuestro Bio B\u00edo","article_published_time":"2010-08-06T00:18:00+00:00","og_image":[{"url":"https:\/\/1.bp.blogspot.com\/_2S_RxGRVjis\/TFtW4lKpjNI\/AAAAAAAAQYg\/XrbprHQJuZE\/s320\/Culturizarte.jpg","type":"","width":"","height":""}],"author":"admin","twitter_card":"summary_large_image","twitter_creator":"@nuestrobiobio","twitter_site":"@nuestrobiobio","twitter_misc":{"Escrito por":"admin","Tiempo de lectura":"2 minutos"},"schema":{"@context":"https:\/\/schema.org","@graph":[{"@type":"Article","@id":"https:\/\/www.fraczinet.cl\/sitio\/2010\/08\/06\/culturizarte-corredor-bioceanico-de-cultura\/#article","isPartOf":{"@id":"https:\/\/www.fraczinet.cl\/sitio\/2010\/08\/06\/culturizarte-corredor-bioceanico-de-cultura\/"},"author":{"name":"admin","@id":"https:\/\/www.fraczinet.cl\/sitio\/#\/schema\/person\/bc30f98e9cb10ae7e119dbe14bc93784"},"headline":"Culturizarte: Corredor Bioce\u00e1nico De Cultura","datePublished":"2010-08-06T00:18:00+00:00","mainEntityOfPage":{"@id":"https:\/\/www.fraczinet.cl\/sitio\/2010\/08\/06\/culturizarte-corredor-bioceanico-de-cultura\/"},"wordCount":418,"commentCount":0,"publisher":{"@id":"https:\/\/www.fraczinet.cl\/sitio\/#\/schema\/person\/aec8ee4da68df2b9b0eefdad24a0d582"},"image":{"@id":"https:\/\/www.fraczinet.cl\/sitio\/2010\/08\/06\/culturizarte-corredor-bioceanico-de-cultura\/#primaryimage"},"thumbnailUrl":"https:\/\/1.bp.blogspot.com\/_2S_RxGRVjis\/TFtW4lKpjNI\/AAAAAAAAQYg\/XrbprHQJuZE\/s320\/Culturizarte.jpg","articleSection":["Gesti\u00f3n Cultural"],"inLanguage":"es","potentialAction":[{"@type":"CommentAction","name":"Comment","target":["https:\/\/www.fraczinet.cl\/sitio\/2010\/08\/06\/culturizarte-corredor-bioceanico-de-cultura\/#respond"]}]},{"@type":"WebPage","@id":"https:\/\/www.fraczinet.cl\/sitio\/2010\/08\/06\/culturizarte-corredor-bioceanico-de-cultura\/","url":"https:\/\/www.fraczinet.cl\/sitio\/2010\/08\/06\/culturizarte-corredor-bioceanico-de-cultura\/","name":"Culturizarte: Corredor Bioce\u00e1nico De Cultura - Nuestro Bio B\u00edo","isPartOf":{"@id":"https:\/\/www.fraczinet.cl\/sitio\/#website"},"primaryImageOfPage":{"@id":"https:\/\/www.fraczinet.cl\/sitio\/2010\/08\/06\/culturizarte-corredor-bioceanico-de-cultura\/#primaryimage"},"image":{"@id":"https:\/\/www.fraczinet.cl\/sitio\/2010\/08\/06\/culturizarte-corredor-bioceanico-de-cultura\/#primaryimage"},"thumbnailUrl":"https:\/\/1.bp.blogspot.com\/_2S_RxGRVjis\/TFtW4lKpjNI\/AAAAAAAAQYg\/XrbprHQJuZE\/s320\/Culturizarte.jpg","datePublished":"2010-08-06T00:18:00+00:00","breadcrumb":{"@id":"https:\/\/www.fraczinet.cl\/sitio\/2010\/08\/06\/culturizarte-corredor-bioceanico-de-cultura\/#breadcrumb"},"inLanguage":"es","potentialAction":[{"@type":"ReadAction","target":["https:\/\/www.fraczinet.cl\/sitio\/2010\/08\/06\/culturizarte-corredor-bioceanico-de-cultura\/"]}]},{"@type":"ImageObject","inLanguage":"es","@id":"https:\/\/www.fraczinet.cl\/sitio\/2010\/08\/06\/culturizarte-corredor-bioceanico-de-cultura\/#primaryimage","url":"https:\/\/1.bp.blogspot.com\/_2S_RxGRVjis\/TFtW4lKpjNI\/AAAAAAAAQYg\/XrbprHQJuZE\/s320\/Culturizarte.jpg","contentUrl":"https:\/\/1.bp.blogspot.com\/_2S_RxGRVjis\/TFtW4lKpjNI\/AAAAAAAAQYg\/XrbprHQJuZE\/s320\/Culturizarte.jpg"},{"@type":"BreadcrumbList","@id":"https:\/\/www.fraczinet.cl\/sitio\/2010\/08\/06\/culturizarte-corredor-bioceanico-de-cultura\/#breadcrumb","itemListElement":[{"@type":"ListItem","position":1,"name":"Portada","item":"https:\/\/www.fraczinet.cl\/sitio\/"},{"@type":"ListItem","position":2,"name":"Culturizarte: Corredor Bioce\u00e1nico De Cultura"}]},{"@type":"WebSite","@id":"https:\/\/www.fraczinet.cl\/sitio\/#website","url":"https:\/\/www.fraczinet.cl\/sitio\/","name":"Nuestro Bio B\u00edo","description":"Tierra de Encuentros","publisher":{"@id":"https:\/\/www.fraczinet.cl\/sitio\/#\/schema\/person\/aec8ee4da68df2b9b0eefdad24a0d582"},"potentialAction":[{"@type":"SearchAction","target":{"@type":"EntryPoint","urlTemplate":"https:\/\/www.fraczinet.cl\/sitio\/?s={search_term_string}"},"query-input":{"@type":"PropertyValueSpecification","valueRequired":true,"valueName":"search_term_string"}}],"inLanguage":"es"},{"@type":["Person","Organization"],"@id":"https:\/\/www.fraczinet.cl\/sitio\/#\/schema\/person\/aec8ee4da68df2b9b0eefdad24a0d582","name":"Luis Fernando Fraczinet","image":{"@type":"ImageObject","inLanguage":"es","@id":"https:\/\/www.fraczinet.cl\/sitio\/#\/schema\/person\/image\/","url":"https:\/\/www.fraczinet.cl\/sitio\/wp-content\/uploads\/2021\/07\/bannerlogo-1.gif","contentUrl":"https:\/\/www.fraczinet.cl\/sitio\/wp-content\/uploads\/2021\/07\/bannerlogo-1.gif","width":159,"height":79,"caption":"Luis Fernando Fraczinet"},"logo":{"@id":"https:\/\/www.fraczinet.cl\/sitio\/#\/schema\/person\/image\/"},"sameAs":["https:\/\/www.fraczinet.cl\/sitio\/"]},{"@type":"Person","@id":"https:\/\/www.fraczinet.cl\/sitio\/#\/schema\/person\/bc30f98e9cb10ae7e119dbe14bc93784","name":"admin","image":{"@type":"ImageObject","inLanguage":"es","@id":"https:\/\/www.fraczinet.cl\/sitio\/#\/schema\/person\/image\/","url":"https:\/\/secure.gravatar.com\/avatar\/d5ad3cf7ef3b23a2bb5be73be780c86b2fc8545c3ad6b149f3913ff458c00099?s=96&d=mm&r=g","contentUrl":"https:\/\/secure.gravatar.com\/avatar\/d5ad3cf7ef3b23a2bb5be73be780c86b2fc8545c3ad6b149f3913ff458c00099?s=96&d=mm&r=g","caption":"admin"},"sameAs":["https:\/\/www.fraczinet.cl\/sitio"]}]}},"_links":{"self":[{"href":"https:\/\/www.fraczinet.cl\/sitio\/wp-json\/wp\/v2\/posts\/9158","targetHints":{"allow":["GET"]}}],"collection":[{"href":"https:\/\/www.fraczinet.cl\/sitio\/wp-json\/wp\/v2\/posts"}],"about":[{"href":"https:\/\/www.fraczinet.cl\/sitio\/wp-json\/wp\/v2\/types\/post"}],"author":[{"embeddable":true,"href":"https:\/\/www.fraczinet.cl\/sitio\/wp-json\/wp\/v2\/users\/1"}],"replies":[{"embeddable":true,"href":"https:\/\/www.fraczinet.cl\/sitio\/wp-json\/wp\/v2\/comments?post=9158"}],"version-history":[{"count":0,"href":"https:\/\/www.fraczinet.cl\/sitio\/wp-json\/wp\/v2\/posts\/9158\/revisions"}],"wp:attachment":[{"href":"https:\/\/www.fraczinet.cl\/sitio\/wp-json\/wp\/v2\/media?parent=9158"}],"wp:term":[{"taxonomy":"category","embeddable":true,"href":"https:\/\/www.fraczinet.cl\/sitio\/wp-json\/wp\/v2\/categories?post=9158"},{"taxonomy":"post_tag","embeddable":true,"href":"https:\/\/www.fraczinet.cl\/sitio\/wp-json\/wp\/v2\/tags?post=9158"}],"curies":[{"name":"wp","href":"https:\/\/api.w.org\/{rel}","templated":true}]}}