{"id":9163,"date":"2010-08-04T12:52:00","date_gmt":"2010-08-04T12:52:00","guid":{"rendered":"https:\/\/www.fraczinet.cl\/sitio\/2010\/08\/04\/528-millones-se-designaran-en-la-region-a-fondos-de-cultura\/"},"modified":"2010-08-04T12:52:00","modified_gmt":"2010-08-04T12:52:00","slug":"528-millones-se-designaran-en-la-region-a-fondos-de-cultura","status":"publish","type":"post","link":"https:\/\/www.fraczinet.cl\/sitio\/2010\/08\/04\/528-millones-se-designaran-en-la-region-a-fondos-de-cultura\/","title":{"rendered":"$528 Millones Se Designar\u00e1n En La Regi\u00f3n A Fondos De Cultura"},"content":{"rendered":"<div style=\"text-align: justify;\">El  Director Regional del Consejo de la Cultura y las Artes de la Regi\u00f3n del B\u00edo Bio, Juan Eduardo King en compa\u00f1\u00eda de algunos de los integrantes del jurado del proceso de los Fondos Regionales de Cultura analizaron el proceso y los resultados de los fondos concursables del sector.<\/div>\n<div style=\"text-align: justify;\"><\/div>\n<div style=\"text-align: justify;\">\u201cLa Regi\u00f3n del Bio B\u00edo es una de las regiones, a nivel nacional, que presenta un mayor n\u00famero de proyectos a los Fondos Concursables; esto habla muy bien de nuestros artistas y del inter\u00e9s que ellos presentan. Cabe destacar, adem\u00e1s, el apoyo que el Jurado ha otorgado a los artistas emergentes\u201d, expres\u00f3 el Director del Consejo Regional de la Cultura y las Artes.<\/div>\n<div style=\"text-align: justify;\"><\/div>\n<div style=\"text-align: justify;\">Asimismo, la autoridad destac\u00f3 la disminuci\u00f3n de la brecha de los n\u00fameros de proyectos seleccionados de acuerdo a las provincias de la Regi\u00f3n. Adem\u00e1s se dieron a conocer importantes antecedentes del perfil de los postulantes al Fondart Regional: el 45,5% de las iniciativas seleccionadas corresponden a mujeres, el 34,5%  fueron presentados por varones y un 20% corresponde a instituciones.<\/div>\n<div style=\"text-align: justify;\"><\/div>\n<div style=\"text-align: justify;\">La Presidenta del Jurado de Fondart Regional, Nin\u00f3n Jeg\u00f3, se\u00f1al\u00f3 que el inter\u00e9s que la comunidad demuestra hacia estas instancias de participaci\u00f3n y desarrollo art\u00edstico, se debe en parte al trabajo sostenido que ha impulsado el Consejo Regional a trav\u00e9s de los talleres de formulaci\u00f3n de proyectos. \u201cComo Jurado, no pod\u00edamos bajar los est\u00e1ndares de calidad de los proyectos recibidos. Basamos la evaluaci\u00f3n en la calidad e impacto que las propuestas podr\u00edan tener en la comunidad, ya que es \u00e9sta la que finalmente discierne respecto al aporte que entregan los proyectos\u201d, argument\u00f3 la Presidenta del Jurado.<\/div>\n<div style=\"text-align: justify;\"><\/div>\n<div style=\"text-align: justify;\">Un punto que destacaron, tanto el Director Regional, como el cuerpo de Jurado, fue abrir la posibilidad de beneficiar a nuevos artistas (emergentes) mediante una l\u00ednea espec\u00edfica. El objetivo de ello, es apoyar el desarrollo de nuevas propuestas sin que \u00e9stas sean evaluadas bajo los mismos criterios con los que se eval\u00faan propuestas de artistas consagrados.<\/div>\n<div style=\"text-align: justify;\"><\/div>\n<div style=\"text-align: justify;\">Modernizaci\u00f3n<\/div>\n<div style=\"text-align: justify;\">\u2022 Cambio de nombre: Fondos Cultura que apoyar\u00e1n el desarrollo de la m\u00fasica, el libro y la lectura, las artes y el audiovisual, un gran paraguas que busca promover el desarrollo cultural integral del pa\u00eds. <\/div>\n<div style=\"text-align: justify;\"><\/div>\n<div style=\"text-align: justify;\">\u2022 El Mes de los Fondos: con el fin disminuir la incertidumbre y mejorar la baja postulaci\u00f3n, (sobre todo en regiones) que generan las m\u00faltiples fechas de apertura y cierre de concurso, ahora todas las postulaciones  2011 se adelantar\u00e1n en todo el pa\u00eds durante el mes de septiembre y los resultados se entregar\u00e1n a principios de a\u00f1o, permitiendo que la ejecuci\u00f3n de los proyectos coincida con el a\u00f1o calendario. <\/div>\n<div style=\"text-align: justify;\"><\/div>\n<div style=\"text-align: justify;\">\u2022 Se refuerza la transparencia de selecci\u00f3n, a trav\u00e9s de la integraci\u00f3n de jurados desde instituciones relacionadas con la cultura y educaci\u00f3n (como Universidades y Embajadas, que env\u00eden listas de jurado con su respaldoSe incorpora a las industria para profesionalizar las \u00faltimas etapas del proceso de creaci\u00f3n (sellos, editoriales, distribuidores, salas de exhibici\u00f3n y de teatro) para licitar un fondo que promueva la difusi\u00f3n de los proyectos que ganen recursos del Consejo.<\/div>\n<div style=\"text-align: justify;\"><\/div>\n<div style=\"text-align: justify;\">\u2022 Se potenciar\u00e1 el uso de nuevas tecnolog\u00edas para responder a la gran necesidad de apoyo en difusi\u00f3n que tienen los artistas beneficiados por los fondos, (plataformas digitales sobre cultura) y fomento a espacios de cine y m\u00fasica chilena en medios de comunicaci\u00f3n.<\/div>\n<div style=\"text-align: justify;\"><\/div>\n<div style=\"text-align: justify;\">Realidad Regional<\/div>\n<div style=\"text-align: justify;\"><\/div>\n<div style=\"text-align: justify;\">Este a\u00f1o, la Regi\u00f3n del Bio B\u00edo cont\u00f3 con un presupuesto asignado de $344.458.000.- para el financiamiento de proyectos seleccionados en Fondart Regional.<\/div>\n<div style=\"text-align: justify;\"><\/div>\n<div style=\"text-align: justify;\">Durante el a\u00f1o 2009, los Fondos Concursables que se entregaron a trav\u00e9s del Consejo Nacional de la Cultura y las Artes, a los gestores culturales, permitieron generar una proyecci\u00f3n que super\u00f3 las 25 mil nuevas fuentes laborales en el pa\u00eds, cifra que en la Regi\u00f3n del B\u00edo B\u00edo ascendi\u00f3 aproximadamente a m\u00e1s de 1.300.<\/div>\n<div style=\"text-align: justify;\"><\/div>\n<div style=\"text-align: justify;\">Para promover la descentralizaci\u00f3n de la designaci\u00f3n de los recursos y la promoci\u00f3n del desarrollo de expresiones art\u00edsticas, el Ministro Luciano Cruz Coke inform\u00f3 el pasado 30 de julio, que el pr\u00f3ximo a\u00f1o se destinar\u00e1 el 70% del presupuesto del Consejo Nacional de la Cultura y las Artes a regiones. De esta forma, se promover\u00e1 que espect\u00e1culos internacionales puedan llegar a ciudades del norte y sur del pa\u00eds y, por ende, mejorar el acceso a la cultura.<\/div>\n<div style=\"text-align: justify;\"><\/div>\n<div style=\"text-align: justify;\">El Ministro anunci\u00f3, adem\u00e1s, que el Consejo est\u00e1 trabajando en un proyecto que permitir\u00e1 mejorar la transparencia del Fondart, pues se har\u00e1 un \u00abseguimiento de casos\u00bb que permitir\u00e1 fiscalizar y, a la vez,  \u00abmedir el impacto de las pol\u00edticas en gasto social\u00bb.<\/div>\n","protected":false},"excerpt":{"rendered":"<p>El Director Regional del Consejo de la Cultura y las Artes de la Regi\u00f3n del B\u00edo Bio, Juan Eduardo King en compa\u00f1\u00eda de algunos de los integrantes del jurado del proceso de los Fondos Regionales de Cultura analizaron el proceso y los resultados de los fondos concursables del sector. \u201cLa Regi\u00f3n del Bio B\u00edo es [&hellip;]<\/p>\n","protected":false},"author":1,"featured_media":0,"comment_status":"open","ping_status":"open","sticky":false,"template":"","format":"standard","meta":{"footnotes":""},"categories":[160,178,146],"tags":[],"class_list":["post-9163","post","type-post","status-publish","format-standard","hentry","category-cultura","category-fondos-concursables","category-region-del-bio-bio"],"yoast_head":"<!-- This site is optimized with the Yoast SEO plugin v25.0 - https:\/\/yoast.com\/wordpress\/plugins\/seo\/ -->\n<title>$528 Millones Se Designar\u00e1n En La Regi\u00f3n A Fondos De Cultura - Nuestro Bio B\u00edo<\/title>\n<meta name=\"robots\" content=\"index, follow, max-snippet:-1, max-image-preview:large, max-video-preview:-1\" \/>\n<link rel=\"canonical\" href=\"https:\/\/www.fraczinet.cl\/sitio\/2010\/08\/04\/528-millones-se-designaran-en-la-region-a-fondos-de-cultura\/\" \/>\n<meta property=\"og:locale\" content=\"es_ES\" \/>\n<meta property=\"og:type\" content=\"article\" \/>\n<meta property=\"og:title\" content=\"$528 Millones Se Designar\u00e1n En La Regi\u00f3n A Fondos De Cultura - Nuestro Bio B\u00edo\" \/>\n<meta property=\"og:description\" content=\"El Director Regional del Consejo de la Cultura y las Artes de la Regi\u00f3n del B\u00edo Bio, Juan Eduardo King en compa\u00f1\u00eda de algunos de los integrantes del jurado del proceso de los Fondos Regionales de Cultura analizaron el proceso y los resultados de los fondos concursables del sector. \u201cLa Regi\u00f3n del Bio B\u00edo es [&hellip;]\" \/>\n<meta property=\"og:url\" content=\"https:\/\/www.fraczinet.cl\/sitio\/2010\/08\/04\/528-millones-se-designaran-en-la-region-a-fondos-de-cultura\/\" \/>\n<meta property=\"og:site_name\" content=\"Nuestro Bio B\u00edo\" \/>\n<meta property=\"article:published_time\" content=\"2010-08-04T12:52:00+00:00\" \/>\n<meta property=\"og:image\" content=\"https:\/\/www.fraczinet.cl\/sitio\/wp-content\/uploads\/2021\/07\/bannerlogo-1.gif\" \/>\n\t<meta property=\"og:image:width\" content=\"159\" \/>\n\t<meta property=\"og:image:height\" content=\"79\" \/>\n\t<meta property=\"og:image:type\" content=\"image\/gif\" \/>\n<meta name=\"author\" content=\"admin\" \/>\n<meta name=\"twitter:card\" content=\"summary_large_image\" \/>\n<meta name=\"twitter:creator\" content=\"@nuestrobiobio\" \/>\n<meta name=\"twitter:site\" content=\"@nuestrobiobio\" \/>\n<meta name=\"twitter:label1\" content=\"Escrito por\" \/>\n\t<meta name=\"twitter:data1\" content=\"admin\" \/>\n\t<meta name=\"twitter:label2\" content=\"Tiempo de lectura\" \/>\n\t<meta name=\"twitter:data2\" content=\"4 minutos\" \/>\n<script type=\"application\/ld+json\" class=\"yoast-schema-graph\">{\"@context\":\"https:\/\/schema.org\",\"@graph\":[{\"@type\":\"Article\",\"@id\":\"https:\/\/www.fraczinet.cl\/sitio\/2010\/08\/04\/528-millones-se-designaran-en-la-region-a-fondos-de-cultura\/#article\",\"isPartOf\":{\"@id\":\"https:\/\/www.fraczinet.cl\/sitio\/2010\/08\/04\/528-millones-se-designaran-en-la-region-a-fondos-de-cultura\/\"},\"author\":{\"name\":\"admin\",\"@id\":\"https:\/\/www.fraczinet.cl\/sitio\/#\/schema\/person\/bc30f98e9cb10ae7e119dbe14bc93784\"},\"headline\":\"$528 Millones Se Designar\u00e1n En La Regi\u00f3n A Fondos De Cultura\",\"datePublished\":\"2010-08-04T12:52:00+00:00\",\"mainEntityOfPage\":{\"@id\":\"https:\/\/www.fraczinet.cl\/sitio\/2010\/08\/04\/528-millones-se-designaran-en-la-region-a-fondos-de-cultura\/\"},\"wordCount\":811,\"commentCount\":0,\"publisher\":{\"@id\":\"https:\/\/www.fraczinet.cl\/sitio\/#\/schema\/person\/aec8ee4da68df2b9b0eefdad24a0d582\"},\"articleSection\":[\"Cultura\",\"Fondos Concursables\",\"Regi\u00f3n del Bio B\u00edo\"],\"inLanguage\":\"es\",\"potentialAction\":[{\"@type\":\"CommentAction\",\"name\":\"Comment\",\"target\":[\"https:\/\/www.fraczinet.cl\/sitio\/2010\/08\/04\/528-millones-se-designaran-en-la-region-a-fondos-de-cultura\/#respond\"]}]},{\"@type\":\"WebPage\",\"@id\":\"https:\/\/www.fraczinet.cl\/sitio\/2010\/08\/04\/528-millones-se-designaran-en-la-region-a-fondos-de-cultura\/\",\"url\":\"https:\/\/www.fraczinet.cl\/sitio\/2010\/08\/04\/528-millones-se-designaran-en-la-region-a-fondos-de-cultura\/\",\"name\":\"$528 Millones Se Designar\u00e1n En La Regi\u00f3n A Fondos De Cultura - Nuestro Bio B\u00edo\",\"isPartOf\":{\"@id\":\"https:\/\/www.fraczinet.cl\/sitio\/#website\"},\"datePublished\":\"2010-08-04T12:52:00+00:00\",\"breadcrumb\":{\"@id\":\"https:\/\/www.fraczinet.cl\/sitio\/2010\/08\/04\/528-millones-se-designaran-en-la-region-a-fondos-de-cultura\/#breadcrumb\"},\"inLanguage\":\"es\",\"potentialAction\":[{\"@type\":\"ReadAction\",\"target\":[\"https:\/\/www.fraczinet.cl\/sitio\/2010\/08\/04\/528-millones-se-designaran-en-la-region-a-fondos-de-cultura\/\"]}]},{\"@type\":\"BreadcrumbList\",\"@id\":\"https:\/\/www.fraczinet.cl\/sitio\/2010\/08\/04\/528-millones-se-designaran-en-la-region-a-fondos-de-cultura\/#breadcrumb\",\"itemListElement\":[{\"@type\":\"ListItem\",\"position\":1,\"name\":\"Portada\",\"item\":\"https:\/\/www.fraczinet.cl\/sitio\/\"},{\"@type\":\"ListItem\",\"position\":2,\"name\":\"$528 Millones Se Designar\u00e1n En La Regi\u00f3n A Fondos De Cultura\"}]},{\"@type\":\"WebSite\",\"@id\":\"https:\/\/www.fraczinet.cl\/sitio\/#website\",\"url\":\"https:\/\/www.fraczinet.cl\/sitio\/\",\"name\":\"Nuestro Bio B\u00edo\",\"description\":\"Tierra de Encuentros\",\"publisher\":{\"@id\":\"https:\/\/www.fraczinet.cl\/sitio\/#\/schema\/person\/aec8ee4da68df2b9b0eefdad24a0d582\"},\"potentialAction\":[{\"@type\":\"SearchAction\",\"target\":{\"@type\":\"EntryPoint\",\"urlTemplate\":\"https:\/\/www.fraczinet.cl\/sitio\/?s={search_term_string}\"},\"query-input\":{\"@type\":\"PropertyValueSpecification\",\"valueRequired\":true,\"valueName\":\"search_term_string\"}}],\"inLanguage\":\"es\"},{\"@type\":[\"Person\",\"Organization\"],\"@id\":\"https:\/\/www.fraczinet.cl\/sitio\/#\/schema\/person\/aec8ee4da68df2b9b0eefdad24a0d582\",\"name\":\"Luis Fernando Fraczinet\",\"image\":{\"@type\":\"ImageObject\",\"inLanguage\":\"es\",\"@id\":\"https:\/\/www.fraczinet.cl\/sitio\/#\/schema\/person\/image\/\",\"url\":\"https:\/\/www.fraczinet.cl\/sitio\/wp-content\/uploads\/2021\/07\/bannerlogo-1.gif\",\"contentUrl\":\"https:\/\/www.fraczinet.cl\/sitio\/wp-content\/uploads\/2021\/07\/bannerlogo-1.gif\",\"width\":159,\"height\":79,\"caption\":\"Luis Fernando Fraczinet\"},\"logo\":{\"@id\":\"https:\/\/www.fraczinet.cl\/sitio\/#\/schema\/person\/image\/\"},\"sameAs\":[\"https:\/\/www.fraczinet.cl\/sitio\/\"]},{\"@type\":\"Person\",\"@id\":\"https:\/\/www.fraczinet.cl\/sitio\/#\/schema\/person\/bc30f98e9cb10ae7e119dbe14bc93784\",\"name\":\"admin\",\"image\":{\"@type\":\"ImageObject\",\"inLanguage\":\"es\",\"@id\":\"https:\/\/www.fraczinet.cl\/sitio\/#\/schema\/person\/image\/\",\"url\":\"https:\/\/secure.gravatar.com\/avatar\/d5ad3cf7ef3b23a2bb5be73be780c86b2fc8545c3ad6b149f3913ff458c00099?s=96&d=mm&r=g\",\"contentUrl\":\"https:\/\/secure.gravatar.com\/avatar\/d5ad3cf7ef3b23a2bb5be73be780c86b2fc8545c3ad6b149f3913ff458c00099?s=96&d=mm&r=g\",\"caption\":\"admin\"},\"sameAs\":[\"https:\/\/www.fraczinet.cl\/sitio\"]}]}<\/script>\n<!-- \/ Yoast SEO plugin. -->","yoast_head_json":{"title":"$528 Millones Se Designar\u00e1n En La Regi\u00f3n A Fondos De Cultura - Nuestro Bio B\u00edo","robots":{"index":"index","follow":"follow","max-snippet":"max-snippet:-1","max-image-preview":"max-image-preview:large","max-video-preview":"max-video-preview:-1"},"canonical":"https:\/\/www.fraczinet.cl\/sitio\/2010\/08\/04\/528-millones-se-designaran-en-la-region-a-fondos-de-cultura\/","og_locale":"es_ES","og_type":"article","og_title":"$528 Millones Se Designar\u00e1n En La Regi\u00f3n A Fondos De Cultura - Nuestro Bio B\u00edo","og_description":"El Director Regional del Consejo de la Cultura y las Artes de la Regi\u00f3n del B\u00edo Bio, Juan Eduardo King en compa\u00f1\u00eda de algunos de los integrantes del jurado del proceso de los Fondos Regionales de Cultura analizaron el proceso y los resultados de los fondos concursables del sector. \u201cLa Regi\u00f3n del Bio B\u00edo es [&hellip;]","og_url":"https:\/\/www.fraczinet.cl\/sitio\/2010\/08\/04\/528-millones-se-designaran-en-la-region-a-fondos-de-cultura\/","og_site_name":"Nuestro Bio B\u00edo","article_published_time":"2010-08-04T12:52:00+00:00","og_image":[{"width":159,"height":79,"url":"https:\/\/www.fraczinet.cl\/sitio\/wp-content\/uploads\/2021\/07\/bannerlogo-1.gif","type":"image\/gif"}],"author":"admin","twitter_card":"summary_large_image","twitter_creator":"@nuestrobiobio","twitter_site":"@nuestrobiobio","twitter_misc":{"Escrito por":"admin","Tiempo de lectura":"4 minutos"},"schema":{"@context":"https:\/\/schema.org","@graph":[{"@type":"Article","@id":"https:\/\/www.fraczinet.cl\/sitio\/2010\/08\/04\/528-millones-se-designaran-en-la-region-a-fondos-de-cultura\/#article","isPartOf":{"@id":"https:\/\/www.fraczinet.cl\/sitio\/2010\/08\/04\/528-millones-se-designaran-en-la-region-a-fondos-de-cultura\/"},"author":{"name":"admin","@id":"https:\/\/www.fraczinet.cl\/sitio\/#\/schema\/person\/bc30f98e9cb10ae7e119dbe14bc93784"},"headline":"$528 Millones Se Designar\u00e1n En La Regi\u00f3n A Fondos De Cultura","datePublished":"2010-08-04T12:52:00+00:00","mainEntityOfPage":{"@id":"https:\/\/www.fraczinet.cl\/sitio\/2010\/08\/04\/528-millones-se-designaran-en-la-region-a-fondos-de-cultura\/"},"wordCount":811,"commentCount":0,"publisher":{"@id":"https:\/\/www.fraczinet.cl\/sitio\/#\/schema\/person\/aec8ee4da68df2b9b0eefdad24a0d582"},"articleSection":["Cultura","Fondos Concursables","Regi\u00f3n del Bio B\u00edo"],"inLanguage":"es","potentialAction":[{"@type":"CommentAction","name":"Comment","target":["https:\/\/www.fraczinet.cl\/sitio\/2010\/08\/04\/528-millones-se-designaran-en-la-region-a-fondos-de-cultura\/#respond"]}]},{"@type":"WebPage","@id":"https:\/\/www.fraczinet.cl\/sitio\/2010\/08\/04\/528-millones-se-designaran-en-la-region-a-fondos-de-cultura\/","url":"https:\/\/www.fraczinet.cl\/sitio\/2010\/08\/04\/528-millones-se-designaran-en-la-region-a-fondos-de-cultura\/","name":"$528 Millones Se Designar\u00e1n En La Regi\u00f3n A Fondos De Cultura - Nuestro Bio B\u00edo","isPartOf":{"@id":"https:\/\/www.fraczinet.cl\/sitio\/#website"},"datePublished":"2010-08-04T12:52:00+00:00","breadcrumb":{"@id":"https:\/\/www.fraczinet.cl\/sitio\/2010\/08\/04\/528-millones-se-designaran-en-la-region-a-fondos-de-cultura\/#breadcrumb"},"inLanguage":"es","potentialAction":[{"@type":"ReadAction","target":["https:\/\/www.fraczinet.cl\/sitio\/2010\/08\/04\/528-millones-se-designaran-en-la-region-a-fondos-de-cultura\/"]}]},{"@type":"BreadcrumbList","@id":"https:\/\/www.fraczinet.cl\/sitio\/2010\/08\/04\/528-millones-se-designaran-en-la-region-a-fondos-de-cultura\/#breadcrumb","itemListElement":[{"@type":"ListItem","position":1,"name":"Portada","item":"https:\/\/www.fraczinet.cl\/sitio\/"},{"@type":"ListItem","position":2,"name":"$528 Millones Se Designar\u00e1n En La Regi\u00f3n A Fondos De Cultura"}]},{"@type":"WebSite","@id":"https:\/\/www.fraczinet.cl\/sitio\/#website","url":"https:\/\/www.fraczinet.cl\/sitio\/","name":"Nuestro Bio B\u00edo","description":"Tierra de Encuentros","publisher":{"@id":"https:\/\/www.fraczinet.cl\/sitio\/#\/schema\/person\/aec8ee4da68df2b9b0eefdad24a0d582"},"potentialAction":[{"@type":"SearchAction","target":{"@type":"EntryPoint","urlTemplate":"https:\/\/www.fraczinet.cl\/sitio\/?s={search_term_string}"},"query-input":{"@type":"PropertyValueSpecification","valueRequired":true,"valueName":"search_term_string"}}],"inLanguage":"es"},{"@type":["Person","Organization"],"@id":"https:\/\/www.fraczinet.cl\/sitio\/#\/schema\/person\/aec8ee4da68df2b9b0eefdad24a0d582","name":"Luis Fernando Fraczinet","image":{"@type":"ImageObject","inLanguage":"es","@id":"https:\/\/www.fraczinet.cl\/sitio\/#\/schema\/person\/image\/","url":"https:\/\/www.fraczinet.cl\/sitio\/wp-content\/uploads\/2021\/07\/bannerlogo-1.gif","contentUrl":"https:\/\/www.fraczinet.cl\/sitio\/wp-content\/uploads\/2021\/07\/bannerlogo-1.gif","width":159,"height":79,"caption":"Luis Fernando Fraczinet"},"logo":{"@id":"https:\/\/www.fraczinet.cl\/sitio\/#\/schema\/person\/image\/"},"sameAs":["https:\/\/www.fraczinet.cl\/sitio\/"]},{"@type":"Person","@id":"https:\/\/www.fraczinet.cl\/sitio\/#\/schema\/person\/bc30f98e9cb10ae7e119dbe14bc93784","name":"admin","image":{"@type":"ImageObject","inLanguage":"es","@id":"https:\/\/www.fraczinet.cl\/sitio\/#\/schema\/person\/image\/","url":"https:\/\/secure.gravatar.com\/avatar\/d5ad3cf7ef3b23a2bb5be73be780c86b2fc8545c3ad6b149f3913ff458c00099?s=96&d=mm&r=g","contentUrl":"https:\/\/secure.gravatar.com\/avatar\/d5ad3cf7ef3b23a2bb5be73be780c86b2fc8545c3ad6b149f3913ff458c00099?s=96&d=mm&r=g","caption":"admin"},"sameAs":["https:\/\/www.fraczinet.cl\/sitio"]}]}},"_links":{"self":[{"href":"https:\/\/www.fraczinet.cl\/sitio\/wp-json\/wp\/v2\/posts\/9163","targetHints":{"allow":["GET"]}}],"collection":[{"href":"https:\/\/www.fraczinet.cl\/sitio\/wp-json\/wp\/v2\/posts"}],"about":[{"href":"https:\/\/www.fraczinet.cl\/sitio\/wp-json\/wp\/v2\/types\/post"}],"author":[{"embeddable":true,"href":"https:\/\/www.fraczinet.cl\/sitio\/wp-json\/wp\/v2\/users\/1"}],"replies":[{"embeddable":true,"href":"https:\/\/www.fraczinet.cl\/sitio\/wp-json\/wp\/v2\/comments?post=9163"}],"version-history":[{"count":0,"href":"https:\/\/www.fraczinet.cl\/sitio\/wp-json\/wp\/v2\/posts\/9163\/revisions"}],"wp:attachment":[{"href":"https:\/\/www.fraczinet.cl\/sitio\/wp-json\/wp\/v2\/media?parent=9163"}],"wp:term":[{"taxonomy":"category","embeddable":true,"href":"https:\/\/www.fraczinet.cl\/sitio\/wp-json\/wp\/v2\/categories?post=9163"},{"taxonomy":"post_tag","embeddable":true,"href":"https:\/\/www.fraczinet.cl\/sitio\/wp-json\/wp\/v2\/tags?post=9163"}],"curies":[{"name":"wp","href":"https:\/\/api.w.org\/{rel}","templated":true}]}}