{"id":9184,"date":"2010-07-21T02:26:00","date_gmt":"2010-07-21T02:26:00","guid":{"rendered":"https:\/\/www.fraczinet.cl\/sitio\/2010\/07\/21\/santiago-del-nuevo-extremo-en-el-centro-cultural-comunitario-pabellon-83-lota\/"},"modified":"2022-10-06T22:20:20","modified_gmt":"2022-10-06T22:20:20","slug":"santiago-del-nuevo-extremo-en-el-centro-cultural-comunitario-pabellon-83-lota","status":"publish","type":"post","link":"https:\/\/www.fraczinet.cl\/sitio\/santiago-del-nuevo-extremo-en-el-centro-cultural-comunitario-pabellon-83-lota\/","title":{"rendered":"Santiago del Nuevo Extremo En El Centro Cultural Comunitario Pabell\u00f3n 83 &#8211; Lota"},"content":{"rendered":"<div style=\"text-align: justify;\">Este jueves 22 a las 19:00 horas en el Sal\u00f3n Baldomero Lillo<\/div>\n<div style=\"text-align: justify;\">Centro Cultural Comunitario Pabell\u00f3n 83 &#8211; Lota<\/div>\n<div style=\"text-align: justify;\">Carlos Cousi\u00f1o s\/n, sector Fundici\u00f3n, Lota Alto<\/div>\n<div style=\"text-align: justify;\">Tel: (41) 2873219   &#8211;   www pabellon83.cl<\/div>\n<div style=\"text-align: justify;\"><\/div>\n<div style=\"text-align: justify;\">Monumento Hist\u00f3rico Nacional <\/div>\n<div style=\"text-align: justify;\"><\/div>\n<div style=\"text-align: justify;\">Presenta a:<\/div>\n<div style=\"text-align: justify;\"><\/div>\n<div style=\"text-align: justify;\"><a href=\"http:\/\/2.bp.blogspot.com\/_2S_RxGRVjis\/TEZmRss3DzI\/AAAAAAAAQRk\/Tmz3gSTpL9Q\/s1600\/clip_image0022.jpg\"><img decoding=\"async\" alt=\"\" border=\"0\" id=\"BLOGGER_PHOTO_ID_5496192849495396146\" src=\"https:\/\/2.bp.blogspot.com\/_2S_RxGRVjis\/TEZmRss3DzI\/AAAAAAAAQRk\/Tmz3gSTpL9Q\/s400\/clip_image0022.jpg\" style=\"cursor: hand; cursor: pointer; height: 130px; width: 190px;\" \/><\/a><a href=\"http:\/\/1.bp.blogspot.com\/_2S_RxGRVjis\/TEZmyLvsCgI\/AAAAAAAAQRs\/DeDomvdRfZ4\/s1600\/clip_image0023.jpg\"><img decoding=\"async\" alt=\"\" border=\"0\" id=\"BLOGGER_PHOTO_ID_5496193407584569858\" src=\"https:\/\/1.bp.blogspot.com\/_2S_RxGRVjis\/TEZmyLvsCgI\/AAAAAAAAQRs\/DeDomvdRfZ4\/s400\/clip_image0023.jpg\" style=\"cursor: hand; cursor: pointer; height: 145px; width: 193px;\" \/><\/a><a href=\"http:\/\/3.bp.blogspot.com\/_2S_RxGRVjis\/TEZnJfJZp5I\/AAAAAAAAQR0\/rgPw6s2Od_o\/s1600\/clip_image0014.jpg\"><img decoding=\"async\" alt=\"\" border=\"0\" id=\"BLOGGER_PHOTO_ID_5496193807929681810\" src=\"https:\/\/3.bp.blogspot.com\/_2S_RxGRVjis\/TEZnJfJZp5I\/AAAAAAAAQR0\/rgPw6s2Od_o\/s400\/clip_image0014.jpg\" style=\"cursor: hand; cursor: pointer; height: 112px; width: 170px;\" \/><\/a><\/div>\n<div style=\"text-align: justify;\"><\/div>\n<div style=\"text-align: justify;\"><\/div>\n<div style=\"text-align: justify;\">JORGE CAMPOS; LUIS LE-BERT; PEDRO VILLAGRA <\/div>\n<div style=\"text-align: justify;\"><\/div>\n<div style=\"text-align: justify;\">Juntos son SANTIAGO DEL NUEVO EXTREMO<\/div>\n<div style=\"text-align: justify;\"><\/div>\n<div style=\"text-align: justify;\">Nacimos en Santiago cuando nuestra ciudad ten\u00eda el cielo m\u00e1s azul del mundo&#8230; El instinto nos llev\u00f3 a construir canciones donde habitar&#8230;<\/div>\n<div style=\"text-align: justify;\"><\/div>\n<div style=\"text-align: justify;\">\u00c9ramos adolescentes cuando Allende y el colectivo so\u00f1ando&#8230; \u00c9ramos j\u00f3venes cuando los milicos&#8230; Somos hombres ahora en esta \u00e9poca de la propiedad (hasta el aire tiene precio)&#8230;<\/div>\n<div style=\"text-align: justify;\"><\/div>\n<div style=\"text-align: justify;\">Nunca hemos dejado de perseguir canciones; para decir lo que sentimos&#8230; Salimos del colegio con varias en el coraz\u00f3n&#8230; En la Universidad vino el Santiago Del Nuevo Extremo con su m\u00fasica de verdad y luego la vida tocando con los amigos\u2026<\/div>\n<div style=\"text-align: justify;\"><\/div>\n<div style=\"text-align: justify;\">Nos juntamos a fines de los 70 y tocamos sin parar hasta el a\u00f1o 86.<\/div>\n<div style=\"text-align: justify;\"><\/div>\n<div style=\"text-align: justify;\">Nos volvimos a reunir entre los a\u00f1os 2000 y 2003<\/div>\n<div style=\"text-align: justify;\"><\/div>\n<div style=\"text-align: justify;\">Aqu\u00ed estamos de nuevo, como siempre inventando canciones nuevas y por supuesto, cantando a voz en cuello las emblem\u00e1ticas de siempre.<\/div>\n","protected":false},"excerpt":{"rendered":"<p>Este jueves 22 a las 19:00 horas en el Sal\u00f3n Baldomero Lillo Centro Cultural Comunitario Pabell\u00f3n 83 &#8211; Lota Carlos Cousi\u00f1o s\/n, sector Fundici\u00f3n, Lota Alto Tel: (41) 2873219 &#8211; www pabellon83.cl Monumento Hist\u00f3rico Nacional Presenta a: JORGE CAMPOS; LUIS LE-BERT; PEDRO VILLAGRA Juntos son SANTIAGO DEL NUEVO EXTREMO Nacimos en Santiago cuando nuestra ciudad [&hellip;]<\/p>\n","protected":false},"author":1,"featured_media":0,"comment_status":"open","ping_status":"closed","sticky":false,"template":"","format":"standard","meta":{"footnotes":""},"categories":[80],"tags":[],"class_list":["post-9184","post","type-post","status-publish","format-standard","hentry","category-musica"],"yoast_head":"<!-- This site is optimized with the Yoast SEO plugin v28.2 - https:\/\/yoast.com\/product\/yoast-seo-wordpress\/ -->\n<title>Santiago del Nuevo Extremo En El Centro Cultural Comunitario Pabell\u00f3n 83 - Lota - Nuestro Bio B\u00edo<\/title>\n<meta name=\"robots\" content=\"index, follow, max-snippet:-1, max-image-preview:large, max-video-preview:-1\" \/>\n<link rel=\"canonical\" href=\"https:\/\/www.fraczinet.cl\/sitio\/santiago-del-nuevo-extremo-en-el-centro-cultural-comunitario-pabellon-83-lota\/\" \/>\n<meta property=\"og:locale\" content=\"es_ES\" \/>\n<meta property=\"og:type\" content=\"article\" \/>\n<meta property=\"og:title\" content=\"Santiago del Nuevo Extremo En El Centro Cultural Comunitario Pabell\u00f3n 83 - Lota - Nuestro Bio B\u00edo\" \/>\n<meta property=\"og:description\" content=\"Este jueves 22 a las 19:00 horas en el Sal\u00f3n Baldomero Lillo Centro Cultural Comunitario Pabell\u00f3n 83 &#8211; Lota Carlos Cousi\u00f1o s\/n, sector Fundici\u00f3n, Lota Alto Tel: (41) 2873219 &#8211; www pabellon83.cl Monumento Hist\u00f3rico Nacional Presenta a: JORGE CAMPOS; LUIS LE-BERT; PEDRO VILLAGRA Juntos son SANTIAGO DEL NUEVO EXTREMO Nacimos en Santiago cuando nuestra ciudad [&hellip;]\" \/>\n<meta property=\"og:url\" content=\"https:\/\/www.fraczinet.cl\/sitio\/santiago-del-nuevo-extremo-en-el-centro-cultural-comunitario-pabellon-83-lota\/\" \/>\n<meta property=\"og:site_name\" content=\"Nuestro Bio B\u00edo\" \/>\n<meta property=\"article:publisher\" content=\"https:\/\/www.facebook.com\/groups\/15721414452\/\" \/>\n<meta property=\"article:published_time\" content=\"2010-07-21T02:26:00+00:00\" \/>\n<meta property=\"article:modified_time\" content=\"2022-10-06T22:20:20+00:00\" \/>\n<meta property=\"og:image\" content=\"https:\/\/2.bp.blogspot.com\/_2S_RxGRVjis\/TEZmRss3DzI\/AAAAAAAAQRk\/Tmz3gSTpL9Q\/s400\/clip_image0022.jpg\" \/>\n<meta name=\"twitter:card\" content=\"summary_large_image\" \/>\n<meta name=\"twitter:creator\" content=\"@nuestrobiobio\" \/>\n<meta name=\"twitter:site\" content=\"@nuestrobiobio\" \/>\n<meta name=\"twitter:label1\" content=\"Escrito por\" \/>\n\t<meta name=\"twitter:data1\" content=\"\" \/>\n\t<meta name=\"twitter:label2\" content=\"Tiempo de lectura\" \/>\n\t<meta name=\"twitter:data2\" content=\"1 minuto\" \/>\n<script type=\"application\/ld+json\" class=\"yoast-schema-graph\">{\"@context\":\"https:\\\/\\\/schema.org\",\"@graph\":[{\"@type\":\"Article\",\"@id\":\"https:\\\/\\\/www.fraczinet.cl\\\/sitio\\\/santiago-del-nuevo-extremo-en-el-centro-cultural-comunitario-pabellon-83-lota\\\/#article\",\"isPartOf\":{\"@id\":\"https:\\\/\\\/www.fraczinet.cl\\\/sitio\\\/santiago-del-nuevo-extremo-en-el-centro-cultural-comunitario-pabellon-83-lota\\\/\"},\"author\":{\"name\":\"\",\"@id\":\"\"},\"headline\":\"Santiago del Nuevo Extremo En El Centro Cultural Comunitario Pabell\u00f3n 83 &#8211; Lota\",\"datePublished\":\"2010-07-21T02:26:00+00:00\",\"dateModified\":\"2022-10-06T22:20:20+00:00\",\"mainEntityOfPage\":{\"@id\":\"https:\\\/\\\/www.fraczinet.cl\\\/sitio\\\/santiago-del-nuevo-extremo-en-el-centro-cultural-comunitario-pabellon-83-lota\\\/\"},\"wordCount\":205,\"commentCount\":0,\"image\":{\"@id\":\"https:\\\/\\\/www.fraczinet.cl\\\/sitio\\\/santiago-del-nuevo-extremo-en-el-centro-cultural-comunitario-pabellon-83-lota\\\/#primaryimage\"},\"thumbnailUrl\":\"https:\\\/\\\/2.bp.blogspot.com\\\/_2S_RxGRVjis\\\/TEZmRss3DzI\\\/AAAAAAAAQRk\\\/Tmz3gSTpL9Q\\\/s400\\\/clip_image0022.jpg\",\"articleSection\":[\"M\u00fasica\"],\"inLanguage\":\"es\",\"potentialAction\":[{\"@type\":\"CommentAction\",\"name\":\"Comment\",\"target\":[\"https:\\\/\\\/www.fraczinet.cl\\\/sitio\\\/santiago-del-nuevo-extremo-en-el-centro-cultural-comunitario-pabellon-83-lota\\\/#respond\"]}]},{\"@type\":\"WebPage\",\"@id\":\"https:\\\/\\\/www.fraczinet.cl\\\/sitio\\\/santiago-del-nuevo-extremo-en-el-centro-cultural-comunitario-pabellon-83-lota\\\/\",\"url\":\"https:\\\/\\\/www.fraczinet.cl\\\/sitio\\\/santiago-del-nuevo-extremo-en-el-centro-cultural-comunitario-pabellon-83-lota\\\/\",\"name\":\"Santiago del Nuevo Extremo En El Centro Cultural Comunitario Pabell\u00f3n 83 - Lota - Nuestro Bio B\u00edo\",\"isPartOf\":{\"@id\":\"https:\\\/\\\/www.fraczinet.cl\\\/sitio\\\/#website\"},\"primaryImageOfPage\":{\"@id\":\"https:\\\/\\\/www.fraczinet.cl\\\/sitio\\\/santiago-del-nuevo-extremo-en-el-centro-cultural-comunitario-pabellon-83-lota\\\/#primaryimage\"},\"image\":{\"@id\":\"https:\\\/\\\/www.fraczinet.cl\\\/sitio\\\/santiago-del-nuevo-extremo-en-el-centro-cultural-comunitario-pabellon-83-lota\\\/#primaryimage\"},\"thumbnailUrl\":\"https:\\\/\\\/2.bp.blogspot.com\\\/_2S_RxGRVjis\\\/TEZmRss3DzI\\\/AAAAAAAAQRk\\\/Tmz3gSTpL9Q\\\/s400\\\/clip_image0022.jpg\",\"datePublished\":\"2010-07-21T02:26:00+00:00\",\"dateModified\":\"2022-10-06T22:20:20+00:00\",\"author\":{\"@id\":\"\"},\"breadcrumb\":{\"@id\":\"https:\\\/\\\/www.fraczinet.cl\\\/sitio\\\/santiago-del-nuevo-extremo-en-el-centro-cultural-comunitario-pabellon-83-lota\\\/#breadcrumb\"},\"inLanguage\":\"es\",\"potentialAction\":[{\"@type\":\"ReadAction\",\"target\":[\"https:\\\/\\\/www.fraczinet.cl\\\/sitio\\\/santiago-del-nuevo-extremo-en-el-centro-cultural-comunitario-pabellon-83-lota\\\/\"]}]},{\"@type\":\"ImageObject\",\"inLanguage\":\"es\",\"@id\":\"https:\\\/\\\/www.fraczinet.cl\\\/sitio\\\/santiago-del-nuevo-extremo-en-el-centro-cultural-comunitario-pabellon-83-lota\\\/#primaryimage\",\"url\":\"https:\\\/\\\/2.bp.blogspot.com\\\/_2S_RxGRVjis\\\/TEZmRss3DzI\\\/AAAAAAAAQRk\\\/Tmz3gSTpL9Q\\\/s400\\\/clip_image0022.jpg\",\"contentUrl\":\"https:\\\/\\\/2.bp.blogspot.com\\\/_2S_RxGRVjis\\\/TEZmRss3DzI\\\/AAAAAAAAQRk\\\/Tmz3gSTpL9Q\\\/s400\\\/clip_image0022.jpg\"},{\"@type\":\"BreadcrumbList\",\"@id\":\"https:\\\/\\\/www.fraczinet.cl\\\/sitio\\\/santiago-del-nuevo-extremo-en-el-centro-cultural-comunitario-pabellon-83-lota\\\/#breadcrumb\",\"itemListElement\":[{\"@type\":\"ListItem\",\"position\":1,\"name\":\"Portada\",\"item\":\"https:\\\/\\\/www.fraczinet.cl\\\/sitio\\\/\"},{\"@type\":\"ListItem\",\"position\":2,\"name\":\"Santiago del Nuevo Extremo En El Centro Cultural Comunitario Pabell\u00f3n 83 &#8211; Lota\"}]},{\"@type\":\"WebSite\",\"@id\":\"https:\\\/\\\/www.fraczinet.cl\\\/sitio\\\/#website\",\"url\":\"https:\\\/\\\/www.fraczinet.cl\\\/sitio\\\/\",\"name\":\"Nuestro Bio B\u00edo\",\"description\":\"Tierra de Encuentros\",\"potentialAction\":[{\"@type\":\"SearchAction\",\"target\":{\"@type\":\"EntryPoint\",\"urlTemplate\":\"https:\\\/\\\/www.fraczinet.cl\\\/sitio\\\/?s={search_term_string}\"},\"query-input\":{\"@type\":\"PropertyValueSpecification\",\"valueRequired\":true,\"valueName\":\"search_term_string\"}}],\"inLanguage\":\"es\"},{\"@type\":\"Person\",\"@id\":\"\"}]}<\/script>\n<!-- \/ Yoast SEO plugin. -->","yoast_head_json":{"title":"Santiago del Nuevo Extremo En El Centro Cultural Comunitario Pabell\u00f3n 83 - Lota - Nuestro Bio B\u00edo","robots":{"index":"index","follow":"follow","max-snippet":"max-snippet:-1","max-image-preview":"max-image-preview:large","max-video-preview":"max-video-preview:-1"},"canonical":"https:\/\/www.fraczinet.cl\/sitio\/santiago-del-nuevo-extremo-en-el-centro-cultural-comunitario-pabellon-83-lota\/","og_locale":"es_ES","og_type":"article","og_title":"Santiago del Nuevo Extremo En El Centro Cultural Comunitario Pabell\u00f3n 83 - Lota - Nuestro Bio B\u00edo","og_description":"Este jueves 22 a las 19:00 horas en el Sal\u00f3n Baldomero Lillo Centro Cultural Comunitario Pabell\u00f3n 83 &#8211; Lota Carlos Cousi\u00f1o s\/n, sector Fundici\u00f3n, Lota Alto Tel: (41) 2873219 &#8211; www pabellon83.cl Monumento Hist\u00f3rico Nacional Presenta a: JORGE CAMPOS; LUIS LE-BERT; PEDRO VILLAGRA Juntos son SANTIAGO DEL NUEVO EXTREMO Nacimos en Santiago cuando nuestra ciudad [&hellip;]","og_url":"https:\/\/www.fraczinet.cl\/sitio\/santiago-del-nuevo-extremo-en-el-centro-cultural-comunitario-pabellon-83-lota\/","og_site_name":"Nuestro Bio B\u00edo","article_publisher":"https:\/\/www.facebook.com\/groups\/15721414452\/","article_published_time":"2010-07-21T02:26:00+00:00","article_modified_time":"2022-10-06T22:20:20+00:00","og_image":[{"url":"https:\/\/2.bp.blogspot.com\/_2S_RxGRVjis\/TEZmRss3DzI\/AAAAAAAAQRk\/Tmz3gSTpL9Q\/s400\/clip_image0022.jpg","type":"","width":"","height":""}],"twitter_card":"summary_large_image","twitter_creator":"@nuestrobiobio","twitter_site":"@nuestrobiobio","twitter_misc":{"Escrito por":"","Tiempo de lectura":"1 minuto"},"schema":{"@context":"https:\/\/schema.org","@graph":[{"@type":"Article","@id":"https:\/\/www.fraczinet.cl\/sitio\/santiago-del-nuevo-extremo-en-el-centro-cultural-comunitario-pabellon-83-lota\/#article","isPartOf":{"@id":"https:\/\/www.fraczinet.cl\/sitio\/santiago-del-nuevo-extremo-en-el-centro-cultural-comunitario-pabellon-83-lota\/"},"author":{"name":"","@id":""},"headline":"Santiago del Nuevo Extremo En El Centro Cultural Comunitario Pabell\u00f3n 83 &#8211; Lota","datePublished":"2010-07-21T02:26:00+00:00","dateModified":"2022-10-06T22:20:20+00:00","mainEntityOfPage":{"@id":"https:\/\/www.fraczinet.cl\/sitio\/santiago-del-nuevo-extremo-en-el-centro-cultural-comunitario-pabellon-83-lota\/"},"wordCount":205,"commentCount":0,"image":{"@id":"https:\/\/www.fraczinet.cl\/sitio\/santiago-del-nuevo-extremo-en-el-centro-cultural-comunitario-pabellon-83-lota\/#primaryimage"},"thumbnailUrl":"https:\/\/2.bp.blogspot.com\/_2S_RxGRVjis\/TEZmRss3DzI\/AAAAAAAAQRk\/Tmz3gSTpL9Q\/s400\/clip_image0022.jpg","articleSection":["M\u00fasica"],"inLanguage":"es","potentialAction":[{"@type":"CommentAction","name":"Comment","target":["https:\/\/www.fraczinet.cl\/sitio\/santiago-del-nuevo-extremo-en-el-centro-cultural-comunitario-pabellon-83-lota\/#respond"]}]},{"@type":"WebPage","@id":"https:\/\/www.fraczinet.cl\/sitio\/santiago-del-nuevo-extremo-en-el-centro-cultural-comunitario-pabellon-83-lota\/","url":"https:\/\/www.fraczinet.cl\/sitio\/santiago-del-nuevo-extremo-en-el-centro-cultural-comunitario-pabellon-83-lota\/","name":"Santiago del Nuevo Extremo En El Centro Cultural Comunitario Pabell\u00f3n 83 - Lota - Nuestro Bio B\u00edo","isPartOf":{"@id":"https:\/\/www.fraczinet.cl\/sitio\/#website"},"primaryImageOfPage":{"@id":"https:\/\/www.fraczinet.cl\/sitio\/santiago-del-nuevo-extremo-en-el-centro-cultural-comunitario-pabellon-83-lota\/#primaryimage"},"image":{"@id":"https:\/\/www.fraczinet.cl\/sitio\/santiago-del-nuevo-extremo-en-el-centro-cultural-comunitario-pabellon-83-lota\/#primaryimage"},"thumbnailUrl":"https:\/\/2.bp.blogspot.com\/_2S_RxGRVjis\/TEZmRss3DzI\/AAAAAAAAQRk\/Tmz3gSTpL9Q\/s400\/clip_image0022.jpg","datePublished":"2010-07-21T02:26:00+00:00","dateModified":"2022-10-06T22:20:20+00:00","author":{"@id":""},"breadcrumb":{"@id":"https:\/\/www.fraczinet.cl\/sitio\/santiago-del-nuevo-extremo-en-el-centro-cultural-comunitario-pabellon-83-lota\/#breadcrumb"},"inLanguage":"es","potentialAction":[{"@type":"ReadAction","target":["https:\/\/www.fraczinet.cl\/sitio\/santiago-del-nuevo-extremo-en-el-centro-cultural-comunitario-pabellon-83-lota\/"]}]},{"@type":"ImageObject","inLanguage":"es","@id":"https:\/\/www.fraczinet.cl\/sitio\/santiago-del-nuevo-extremo-en-el-centro-cultural-comunitario-pabellon-83-lota\/#primaryimage","url":"https:\/\/2.bp.blogspot.com\/_2S_RxGRVjis\/TEZmRss3DzI\/AAAAAAAAQRk\/Tmz3gSTpL9Q\/s400\/clip_image0022.jpg","contentUrl":"https:\/\/2.bp.blogspot.com\/_2S_RxGRVjis\/TEZmRss3DzI\/AAAAAAAAQRk\/Tmz3gSTpL9Q\/s400\/clip_image0022.jpg"},{"@type":"BreadcrumbList","@id":"https:\/\/www.fraczinet.cl\/sitio\/santiago-del-nuevo-extremo-en-el-centro-cultural-comunitario-pabellon-83-lota\/#breadcrumb","itemListElement":[{"@type":"ListItem","position":1,"name":"Portada","item":"https:\/\/www.fraczinet.cl\/sitio\/"},{"@type":"ListItem","position":2,"name":"Santiago del Nuevo Extremo En El Centro Cultural Comunitario Pabell\u00f3n 83 &#8211; Lota"}]},{"@type":"WebSite","@id":"https:\/\/www.fraczinet.cl\/sitio\/#website","url":"https:\/\/www.fraczinet.cl\/sitio\/","name":"Nuestro Bio B\u00edo","description":"Tierra de Encuentros","potentialAction":[{"@type":"SearchAction","target":{"@type":"EntryPoint","urlTemplate":"https:\/\/www.fraczinet.cl\/sitio\/?s={search_term_string}"},"query-input":{"@type":"PropertyValueSpecification","valueRequired":true,"valueName":"search_term_string"}}],"inLanguage":"es"},{"@type":"Person","@id":""}]}},"_links":{"self":[{"href":"https:\/\/www.fraczinet.cl\/sitio\/wp-json\/wp\/v2\/posts\/9184","targetHints":{"allow":["GET"]}}],"collection":[{"href":"https:\/\/www.fraczinet.cl\/sitio\/wp-json\/wp\/v2\/posts"}],"about":[{"href":"https:\/\/www.fraczinet.cl\/sitio\/wp-json\/wp\/v2\/types\/post"}],"author":[{"embeddable":true,"href":"https:\/\/www.fraczinet.cl\/sitio\/wp-json\/wp\/v2\/users\/1"}],"replies":[{"embeddable":true,"href":"https:\/\/www.fraczinet.cl\/sitio\/wp-json\/wp\/v2\/comments?post=9184"}],"version-history":[{"count":1,"href":"https:\/\/www.fraczinet.cl\/sitio\/wp-json\/wp\/v2\/posts\/9184\/revisions"}],"predecessor-version":[{"id":14279,"href":"https:\/\/www.fraczinet.cl\/sitio\/wp-json\/wp\/v2\/posts\/9184\/revisions\/14279"}],"wp:attachment":[{"href":"https:\/\/www.fraczinet.cl\/sitio\/wp-json\/wp\/v2\/media?parent=9184"}],"wp:term":[{"taxonomy":"category","embeddable":true,"href":"https:\/\/www.fraczinet.cl\/sitio\/wp-json\/wp\/v2\/categories?post=9184"},{"taxonomy":"post_tag","embeddable":true,"href":"https:\/\/www.fraczinet.cl\/sitio\/wp-json\/wp\/v2\/tags?post=9184"}],"curies":[{"name":"wp","href":"https:\/\/api.w.org\/{rel}","templated":true}]}}