{"id":9198,"date":"2010-07-14T04:01:00","date_gmt":"2010-07-14T04:01:00","guid":{"rendered":"https:\/\/www.fraczinet.cl\/sitio\/2010\/07\/14\/nueva-sesion-de-cursos-de-frances-agosto-septiembre-2010\/"},"modified":"2010-07-14T04:01:00","modified_gmt":"2010-07-14T04:01:00","slug":"nueva-sesion-de-cursos-de-frances-agosto-septiembre-2010","status":"publish","type":"post","link":"https:\/\/www.fraczinet.cl\/sitio\/2010\/07\/14\/nueva-sesion-de-cursos-de-frances-agosto-septiembre-2010\/","title":{"rendered":"Nueva Sesi\u00f3n De Cursos De Franc\u00e9s Agosto &#8211; Septiembre 2010"},"content":{"rendered":"<div style=\"text-align: justify;\">Una nueva sesi\u00f3n de cursos de la Alianza francesa comenzar\u00e1 el lunes 2 de agosto \u2013 cursos regulares \u2013 y el s\u00e1bado 7 de agosto \u2013 cursos sabatinos.<\/div>\n<div style=\"text-align: justify;\"><\/div>\n<div style=\"text-align: justify;\">Las clases se dictaran en el Liceo Frances Charles de Gaulle (Colo Colo 51, Concepci\u00f3n), vecino al Centro Cultural Allianza Francesa.<\/div>\n<div style=\"text-align: justify;\"><\/div>\n<div style=\"text-align: justify;\">Las inscripciones se realizar\u00e1n en la Alianza Francesa (Colo Colo 1, Concepci\u00f3n) del lunes al viernes, entre 9:30 hrs y 13:00 hrs y entre 15:00 hrs y 18:30 hrs. a partir del martes 13 de julio.<\/div>\n<div style=\"text-align: justify;\"><\/div>\n<div style=\"text-align: justify;\">El cierre de las inscripciones ser\u00e1 el dia viernes 6 de agosto a las 18:30 hrs.<\/div>\n<div style=\"text-align: justify;\"><\/div>\n<div style=\"text-align: justify;\"><span style=\"font-weight: bold;\">Descripcion de los cursos propuestos<\/span><\/div>\n<div style=\"text-align: justify;\"><\/div>\n<div style=\"text-align: justify;\"><span style=\"font-weight: bold;\">Principiante Primer Nivel:<\/span><\/div>\n<div style=\"text-align: justify;\"><\/div>\n<div style=\"text-align: justify;\">*Regulares: ( D\u00e9butant 1)<\/div>\n<div style=\"text-align: justify;\"><\/div>\n<div style=\"text-align: justify;\">Lunes y miercoles: 19:00 hrs a 21:00 hrs<\/div>\n<div style=\"text-align: justify;\"><\/div>\n<div style=\"text-align: justify;\">Martes y jueves:19:00 hrs a 21:00 hrs<\/div>\n<div style=\"text-align: justify;\"><\/div>\n<div style=\"text-align: justify;\">*sabatinos: ( D\u00e9butant 1):<\/div>\n<div style=\"text-align: justify;\"><\/div>\n<div style=\"text-align: justify;\">sabados: de 9:00hrs a 13:00 hrs.<\/div>\n<div style=\"text-align: justify;\"><\/div>\n<div style=\"text-align: justify;\"><span style=\"font-weight: bold;\">Principiante Segundo Nivel:<\/span><\/div>\n<div style=\"text-align: justify;\"><\/div>\n<div style=\"text-align: justify;\">*Regulares: ( D\u00e9butant 2)<\/div>\n<div style=\"text-align: justify;\"><\/div>\n<div style=\"text-align: justify;\">Lunes y miercoles: 19:00 hrs a 21:00 hrs<\/div>\n<div style=\"text-align: justify;\"><\/div>\n<div style=\"text-align: justify;\">*Sabatinos: ( D\u00e9butant 2):<\/div>\n<div style=\"text-align: justify;\"><\/div>\n<div style=\"text-align: justify;\">S\u00e1bados de 9 a 13 hrs<\/div>\n<div style=\"text-align: justify;\"><\/div>\n<div style=\"text-align: justify;\"><span style=\"font-weight: bold;\">Principiante Tercer Nivel:<\/span><\/div>\n<div style=\"text-align: justify;\"><\/div>\n<div style=\"text-align: justify;\">*Regulares: ( D\u00e9butant 3)<\/div>\n<div style=\"text-align: justify;\"><\/div>\n<div style=\"text-align: justify;\">Lunes y miercoles: 17:00 hrs a 19:00 hrs<\/div>\n<div style=\"text-align: justify;\"><\/div>\n<div style=\"text-align: justify;\">Martes y jueves:19:00 hrs a 21:00 hrs<\/div>\n<div style=\"text-align: justify;\"><\/div>\n<div style=\"text-align: justify;\"><span style=\"font-weight: bold;\">Elemental Primer Nivel:<\/span><\/div>\n<div style=\"text-align: justify;\"><\/div>\n<div style=\"text-align: justify;\">*Regulares: ( El\u00e9mentaire 1)<\/div>\n<div style=\"text-align: justify;\"><\/div>\n<div style=\"text-align: justify;\">Lunes y miercoles: 19:00 hrs a 21:00 hrs<\/div>\n<div style=\"text-align: justify;\"><\/div>\n<div style=\"text-align: justify;\"><span style=\"font-weight: bold;\">Elemental Segundo Nivel:<\/span><\/div>\n<div style=\"text-align: justify;\"><\/div>\n<div style=\"text-align: justify;\">*Regulares: ( El\u00e9mentaire 2)<\/div>\n<div style=\"text-align: justify;\"><\/div>\n<div style=\"text-align: justify;\">Martes y jueves: 17:00 hrs a 19:00 hrs<\/div>\n<div style=\"text-align: justify;\"><\/div>\n<div style=\"text-align: justify;\">Martes y jueves:19:00 hrs a 21:00 hrs<\/div>\n<div style=\"text-align: justify;\"><\/div>\n<div style=\"text-align: justify;\"><\/div>\n<div style=\"text-align: justify;\">Informaciones: concepcion.pedagogie@alliancesfrancaises.net<\/div>\n","protected":false},"excerpt":{"rendered":"<p>Una nueva sesi\u00f3n de cursos de la Alianza francesa comenzar\u00e1 el lunes 2 de agosto \u2013 cursos regulares \u2013 y el s\u00e1bado 7 de agosto \u2013 cursos sabatinos. Las clases se dictaran en el Liceo Frances Charles de Gaulle (Colo Colo 51, Concepci\u00f3n), vecino al Centro Cultural Allianza Francesa. Las inscripciones se realizar\u00e1n en la [&hellip;]<\/p>\n","protected":false},"author":1,"featured_media":0,"comment_status":"open","ping_status":"open","sticky":false,"template":"","format":"standard","meta":{"footnotes":""},"categories":[223],"tags":[],"class_list":["post-9198","post","type-post","status-publish","format-standard","hentry","category-talleres"],"yoast_head":"<!-- This site is optimized with the Yoast SEO plugin v25.0 - https:\/\/yoast.com\/wordpress\/plugins\/seo\/ -->\n<title>Nueva Sesi\u00f3n De Cursos De Franc\u00e9s Agosto - Septiembre 2010 - Nuestro Bio B\u00edo<\/title>\n<meta name=\"robots\" content=\"index, follow, max-snippet:-1, max-image-preview:large, max-video-preview:-1\" \/>\n<link rel=\"canonical\" href=\"https:\/\/www.fraczinet.cl\/sitio\/2010\/07\/14\/nueva-sesion-de-cursos-de-frances-agosto-septiembre-2010\/\" \/>\n<meta property=\"og:locale\" content=\"es_ES\" \/>\n<meta property=\"og:type\" content=\"article\" \/>\n<meta property=\"og:title\" content=\"Nueva Sesi\u00f3n De Cursos De Franc\u00e9s Agosto - Septiembre 2010 - Nuestro Bio B\u00edo\" \/>\n<meta property=\"og:description\" content=\"Una nueva sesi\u00f3n de cursos de la Alianza francesa comenzar\u00e1 el lunes 2 de agosto \u2013 cursos regulares \u2013 y el s\u00e1bado 7 de agosto \u2013 cursos sabatinos. Las clases se dictaran en el Liceo Frances Charles de Gaulle (Colo Colo 51, Concepci\u00f3n), vecino al Centro Cultural Allianza Francesa. Las inscripciones se realizar\u00e1n en la [&hellip;]\" \/>\n<meta property=\"og:url\" content=\"https:\/\/www.fraczinet.cl\/sitio\/2010\/07\/14\/nueva-sesion-de-cursos-de-frances-agosto-septiembre-2010\/\" \/>\n<meta property=\"og:site_name\" content=\"Nuestro Bio B\u00edo\" \/>\n<meta property=\"article:published_time\" content=\"2010-07-14T04:01:00+00:00\" \/>\n<meta property=\"og:image\" content=\"https:\/\/www.fraczinet.cl\/sitio\/wp-content\/uploads\/2021\/07\/bannerlogo-1.gif\" \/>\n\t<meta property=\"og:image:width\" content=\"159\" \/>\n\t<meta property=\"og:image:height\" content=\"79\" \/>\n\t<meta property=\"og:image:type\" content=\"image\/gif\" \/>\n<meta name=\"author\" content=\"admin\" \/>\n<meta name=\"twitter:card\" content=\"summary_large_image\" \/>\n<meta name=\"twitter:creator\" content=\"@nuestrobiobio\" \/>\n<meta name=\"twitter:site\" content=\"@nuestrobiobio\" \/>\n<meta name=\"twitter:label1\" content=\"Escrito por\" \/>\n\t<meta name=\"twitter:data1\" content=\"admin\" \/>\n\t<meta name=\"twitter:label2\" content=\"Tiempo de lectura\" \/>\n\t<meta name=\"twitter:data2\" content=\"1 minuto\" \/>\n<script type=\"application\/ld+json\" class=\"yoast-schema-graph\">{\"@context\":\"https:\/\/schema.org\",\"@graph\":[{\"@type\":\"Article\",\"@id\":\"https:\/\/www.fraczinet.cl\/sitio\/2010\/07\/14\/nueva-sesion-de-cursos-de-frances-agosto-septiembre-2010\/#article\",\"isPartOf\":{\"@id\":\"https:\/\/www.fraczinet.cl\/sitio\/2010\/07\/14\/nueva-sesion-de-cursos-de-frances-agosto-septiembre-2010\/\"},\"author\":{\"name\":\"admin\",\"@id\":\"https:\/\/www.fraczinet.cl\/sitio\/#\/schema\/person\/bc30f98e9cb10ae7e119dbe14bc93784\"},\"headline\":\"Nueva Sesi\u00f3n De Cursos De Franc\u00e9s Agosto &#8211; Septiembre 2010\",\"datePublished\":\"2010-07-14T04:01:00+00:00\",\"mainEntityOfPage\":{\"@id\":\"https:\/\/www.fraczinet.cl\/sitio\/2010\/07\/14\/nueva-sesion-de-cursos-de-frances-agosto-septiembre-2010\/\"},\"wordCount\":207,\"commentCount\":0,\"publisher\":{\"@id\":\"https:\/\/www.fraczinet.cl\/sitio\/#\/schema\/person\/aec8ee4da68df2b9b0eefdad24a0d582\"},\"articleSection\":[\"Talleres\"],\"inLanguage\":\"es\",\"potentialAction\":[{\"@type\":\"CommentAction\",\"name\":\"Comment\",\"target\":[\"https:\/\/www.fraczinet.cl\/sitio\/2010\/07\/14\/nueva-sesion-de-cursos-de-frances-agosto-septiembre-2010\/#respond\"]}]},{\"@type\":\"WebPage\",\"@id\":\"https:\/\/www.fraczinet.cl\/sitio\/2010\/07\/14\/nueva-sesion-de-cursos-de-frances-agosto-septiembre-2010\/\",\"url\":\"https:\/\/www.fraczinet.cl\/sitio\/2010\/07\/14\/nueva-sesion-de-cursos-de-frances-agosto-septiembre-2010\/\",\"name\":\"Nueva Sesi\u00f3n De Cursos De Franc\u00e9s Agosto - Septiembre 2010 - Nuestro Bio B\u00edo\",\"isPartOf\":{\"@id\":\"https:\/\/www.fraczinet.cl\/sitio\/#website\"},\"datePublished\":\"2010-07-14T04:01:00+00:00\",\"breadcrumb\":{\"@id\":\"https:\/\/www.fraczinet.cl\/sitio\/2010\/07\/14\/nueva-sesion-de-cursos-de-frances-agosto-septiembre-2010\/#breadcrumb\"},\"inLanguage\":\"es\",\"potentialAction\":[{\"@type\":\"ReadAction\",\"target\":[\"https:\/\/www.fraczinet.cl\/sitio\/2010\/07\/14\/nueva-sesion-de-cursos-de-frances-agosto-septiembre-2010\/\"]}]},{\"@type\":\"BreadcrumbList\",\"@id\":\"https:\/\/www.fraczinet.cl\/sitio\/2010\/07\/14\/nueva-sesion-de-cursos-de-frances-agosto-septiembre-2010\/#breadcrumb\",\"itemListElement\":[{\"@type\":\"ListItem\",\"position\":1,\"name\":\"Portada\",\"item\":\"https:\/\/www.fraczinet.cl\/sitio\/\"},{\"@type\":\"ListItem\",\"position\":2,\"name\":\"Nueva Sesi\u00f3n De Cursos De Franc\u00e9s Agosto &#8211; Septiembre 2010\"}]},{\"@type\":\"WebSite\",\"@id\":\"https:\/\/www.fraczinet.cl\/sitio\/#website\",\"url\":\"https:\/\/www.fraczinet.cl\/sitio\/\",\"name\":\"Nuestro Bio B\u00edo\",\"description\":\"Tierra de Encuentros\",\"publisher\":{\"@id\":\"https:\/\/www.fraczinet.cl\/sitio\/#\/schema\/person\/aec8ee4da68df2b9b0eefdad24a0d582\"},\"potentialAction\":[{\"@type\":\"SearchAction\",\"target\":{\"@type\":\"EntryPoint\",\"urlTemplate\":\"https:\/\/www.fraczinet.cl\/sitio\/?s={search_term_string}\"},\"query-input\":{\"@type\":\"PropertyValueSpecification\",\"valueRequired\":true,\"valueName\":\"search_term_string\"}}],\"inLanguage\":\"es\"},{\"@type\":[\"Person\",\"Organization\"],\"@id\":\"https:\/\/www.fraczinet.cl\/sitio\/#\/schema\/person\/aec8ee4da68df2b9b0eefdad24a0d582\",\"name\":\"Luis Fernando Fraczinet\",\"image\":{\"@type\":\"ImageObject\",\"inLanguage\":\"es\",\"@id\":\"https:\/\/www.fraczinet.cl\/sitio\/#\/schema\/person\/image\/\",\"url\":\"https:\/\/www.fraczinet.cl\/sitio\/wp-content\/uploads\/2021\/07\/bannerlogo-1.gif\",\"contentUrl\":\"https:\/\/www.fraczinet.cl\/sitio\/wp-content\/uploads\/2021\/07\/bannerlogo-1.gif\",\"width\":159,\"height\":79,\"caption\":\"Luis Fernando Fraczinet\"},\"logo\":{\"@id\":\"https:\/\/www.fraczinet.cl\/sitio\/#\/schema\/person\/image\/\"},\"sameAs\":[\"https:\/\/www.fraczinet.cl\/sitio\/\"]},{\"@type\":\"Person\",\"@id\":\"https:\/\/www.fraczinet.cl\/sitio\/#\/schema\/person\/bc30f98e9cb10ae7e119dbe14bc93784\",\"name\":\"admin\",\"image\":{\"@type\":\"ImageObject\",\"inLanguage\":\"es\",\"@id\":\"https:\/\/www.fraczinet.cl\/sitio\/#\/schema\/person\/image\/\",\"url\":\"https:\/\/secure.gravatar.com\/avatar\/d5ad3cf7ef3b23a2bb5be73be780c86b2fc8545c3ad6b149f3913ff458c00099?s=96&d=mm&r=g\",\"contentUrl\":\"https:\/\/secure.gravatar.com\/avatar\/d5ad3cf7ef3b23a2bb5be73be780c86b2fc8545c3ad6b149f3913ff458c00099?s=96&d=mm&r=g\",\"caption\":\"admin\"},\"sameAs\":[\"https:\/\/www.fraczinet.cl\/sitio\"]}]}<\/script>\n<!-- \/ Yoast SEO plugin. -->","yoast_head_json":{"title":"Nueva Sesi\u00f3n De Cursos De Franc\u00e9s Agosto - Septiembre 2010 - Nuestro Bio B\u00edo","robots":{"index":"index","follow":"follow","max-snippet":"max-snippet:-1","max-image-preview":"max-image-preview:large","max-video-preview":"max-video-preview:-1"},"canonical":"https:\/\/www.fraczinet.cl\/sitio\/2010\/07\/14\/nueva-sesion-de-cursos-de-frances-agosto-septiembre-2010\/","og_locale":"es_ES","og_type":"article","og_title":"Nueva Sesi\u00f3n De Cursos De Franc\u00e9s Agosto - Septiembre 2010 - Nuestro Bio B\u00edo","og_description":"Una nueva sesi\u00f3n de cursos de la Alianza francesa comenzar\u00e1 el lunes 2 de agosto \u2013 cursos regulares \u2013 y el s\u00e1bado 7 de agosto \u2013 cursos sabatinos. Las clases se dictaran en el Liceo Frances Charles de Gaulle (Colo Colo 51, Concepci\u00f3n), vecino al Centro Cultural Allianza Francesa. Las inscripciones se realizar\u00e1n en la [&hellip;]","og_url":"https:\/\/www.fraczinet.cl\/sitio\/2010\/07\/14\/nueva-sesion-de-cursos-de-frances-agosto-septiembre-2010\/","og_site_name":"Nuestro Bio B\u00edo","article_published_time":"2010-07-14T04:01:00+00:00","og_image":[{"width":159,"height":79,"url":"https:\/\/www.fraczinet.cl\/sitio\/wp-content\/uploads\/2021\/07\/bannerlogo-1.gif","type":"image\/gif"}],"author":"admin","twitter_card":"summary_large_image","twitter_creator":"@nuestrobiobio","twitter_site":"@nuestrobiobio","twitter_misc":{"Escrito por":"admin","Tiempo de lectura":"1 minuto"},"schema":{"@context":"https:\/\/schema.org","@graph":[{"@type":"Article","@id":"https:\/\/www.fraczinet.cl\/sitio\/2010\/07\/14\/nueva-sesion-de-cursos-de-frances-agosto-septiembre-2010\/#article","isPartOf":{"@id":"https:\/\/www.fraczinet.cl\/sitio\/2010\/07\/14\/nueva-sesion-de-cursos-de-frances-agosto-septiembre-2010\/"},"author":{"name":"admin","@id":"https:\/\/www.fraczinet.cl\/sitio\/#\/schema\/person\/bc30f98e9cb10ae7e119dbe14bc93784"},"headline":"Nueva Sesi\u00f3n De Cursos De Franc\u00e9s Agosto &#8211; Septiembre 2010","datePublished":"2010-07-14T04:01:00+00:00","mainEntityOfPage":{"@id":"https:\/\/www.fraczinet.cl\/sitio\/2010\/07\/14\/nueva-sesion-de-cursos-de-frances-agosto-septiembre-2010\/"},"wordCount":207,"commentCount":0,"publisher":{"@id":"https:\/\/www.fraczinet.cl\/sitio\/#\/schema\/person\/aec8ee4da68df2b9b0eefdad24a0d582"},"articleSection":["Talleres"],"inLanguage":"es","potentialAction":[{"@type":"CommentAction","name":"Comment","target":["https:\/\/www.fraczinet.cl\/sitio\/2010\/07\/14\/nueva-sesion-de-cursos-de-frances-agosto-septiembre-2010\/#respond"]}]},{"@type":"WebPage","@id":"https:\/\/www.fraczinet.cl\/sitio\/2010\/07\/14\/nueva-sesion-de-cursos-de-frances-agosto-septiembre-2010\/","url":"https:\/\/www.fraczinet.cl\/sitio\/2010\/07\/14\/nueva-sesion-de-cursos-de-frances-agosto-septiembre-2010\/","name":"Nueva Sesi\u00f3n De Cursos De Franc\u00e9s Agosto - Septiembre 2010 - Nuestro Bio B\u00edo","isPartOf":{"@id":"https:\/\/www.fraczinet.cl\/sitio\/#website"},"datePublished":"2010-07-14T04:01:00+00:00","breadcrumb":{"@id":"https:\/\/www.fraczinet.cl\/sitio\/2010\/07\/14\/nueva-sesion-de-cursos-de-frances-agosto-septiembre-2010\/#breadcrumb"},"inLanguage":"es","potentialAction":[{"@type":"ReadAction","target":["https:\/\/www.fraczinet.cl\/sitio\/2010\/07\/14\/nueva-sesion-de-cursos-de-frances-agosto-septiembre-2010\/"]}]},{"@type":"BreadcrumbList","@id":"https:\/\/www.fraczinet.cl\/sitio\/2010\/07\/14\/nueva-sesion-de-cursos-de-frances-agosto-septiembre-2010\/#breadcrumb","itemListElement":[{"@type":"ListItem","position":1,"name":"Portada","item":"https:\/\/www.fraczinet.cl\/sitio\/"},{"@type":"ListItem","position":2,"name":"Nueva Sesi\u00f3n De Cursos De Franc\u00e9s Agosto &#8211; Septiembre 2010"}]},{"@type":"WebSite","@id":"https:\/\/www.fraczinet.cl\/sitio\/#website","url":"https:\/\/www.fraczinet.cl\/sitio\/","name":"Nuestro Bio B\u00edo","description":"Tierra de Encuentros","publisher":{"@id":"https:\/\/www.fraczinet.cl\/sitio\/#\/schema\/person\/aec8ee4da68df2b9b0eefdad24a0d582"},"potentialAction":[{"@type":"SearchAction","target":{"@type":"EntryPoint","urlTemplate":"https:\/\/www.fraczinet.cl\/sitio\/?s={search_term_string}"},"query-input":{"@type":"PropertyValueSpecification","valueRequired":true,"valueName":"search_term_string"}}],"inLanguage":"es"},{"@type":["Person","Organization"],"@id":"https:\/\/www.fraczinet.cl\/sitio\/#\/schema\/person\/aec8ee4da68df2b9b0eefdad24a0d582","name":"Luis Fernando Fraczinet","image":{"@type":"ImageObject","inLanguage":"es","@id":"https:\/\/www.fraczinet.cl\/sitio\/#\/schema\/person\/image\/","url":"https:\/\/www.fraczinet.cl\/sitio\/wp-content\/uploads\/2021\/07\/bannerlogo-1.gif","contentUrl":"https:\/\/www.fraczinet.cl\/sitio\/wp-content\/uploads\/2021\/07\/bannerlogo-1.gif","width":159,"height":79,"caption":"Luis Fernando Fraczinet"},"logo":{"@id":"https:\/\/www.fraczinet.cl\/sitio\/#\/schema\/person\/image\/"},"sameAs":["https:\/\/www.fraczinet.cl\/sitio\/"]},{"@type":"Person","@id":"https:\/\/www.fraczinet.cl\/sitio\/#\/schema\/person\/bc30f98e9cb10ae7e119dbe14bc93784","name":"admin","image":{"@type":"ImageObject","inLanguage":"es","@id":"https:\/\/www.fraczinet.cl\/sitio\/#\/schema\/person\/image\/","url":"https:\/\/secure.gravatar.com\/avatar\/d5ad3cf7ef3b23a2bb5be73be780c86b2fc8545c3ad6b149f3913ff458c00099?s=96&d=mm&r=g","contentUrl":"https:\/\/secure.gravatar.com\/avatar\/d5ad3cf7ef3b23a2bb5be73be780c86b2fc8545c3ad6b149f3913ff458c00099?s=96&d=mm&r=g","caption":"admin"},"sameAs":["https:\/\/www.fraczinet.cl\/sitio"]}]}},"_links":{"self":[{"href":"https:\/\/www.fraczinet.cl\/sitio\/wp-json\/wp\/v2\/posts\/9198","targetHints":{"allow":["GET"]}}],"collection":[{"href":"https:\/\/www.fraczinet.cl\/sitio\/wp-json\/wp\/v2\/posts"}],"about":[{"href":"https:\/\/www.fraczinet.cl\/sitio\/wp-json\/wp\/v2\/types\/post"}],"author":[{"embeddable":true,"href":"https:\/\/www.fraczinet.cl\/sitio\/wp-json\/wp\/v2\/users\/1"}],"replies":[{"embeddable":true,"href":"https:\/\/www.fraczinet.cl\/sitio\/wp-json\/wp\/v2\/comments?post=9198"}],"version-history":[{"count":0,"href":"https:\/\/www.fraczinet.cl\/sitio\/wp-json\/wp\/v2\/posts\/9198\/revisions"}],"wp:attachment":[{"href":"https:\/\/www.fraczinet.cl\/sitio\/wp-json\/wp\/v2\/media?parent=9198"}],"wp:term":[{"taxonomy":"category","embeddable":true,"href":"https:\/\/www.fraczinet.cl\/sitio\/wp-json\/wp\/v2\/categories?post=9198"},{"taxonomy":"post_tag","embeddable":true,"href":"https:\/\/www.fraczinet.cl\/sitio\/wp-json\/wp\/v2\/tags?post=9198"}],"curies":[{"name":"wp","href":"https:\/\/api.w.org\/{rel}","templated":true}]}}