{"id":9223,"date":"2010-07-06T20:28:00","date_gmt":"2010-07-06T20:28:00","guid":{"rendered":"https:\/\/www.fraczinet.cl\/sitio\/2010\/07\/06\/nuevos-talleres-intensivos-en-vacaciones-en-balmaceda-arte-joven-2\/"},"modified":"2022-10-05T21:32:22","modified_gmt":"2022-10-05T21:32:22","slug":"nuevos-talleres-intensivos-en-vacaciones-en-balmaceda-arte-joven-2","status":"publish","type":"post","link":"https:\/\/www.fraczinet.cl\/sitio\/2010\/07\/06\/nuevos-talleres-intensivos-en-vacaciones-en-balmaceda-arte-joven-2\/","title":{"rendered":"Nuevos Talleres Intensivos En Vacaciones En Balmaceda Arte Joven"},"content":{"rendered":"<div style=\"text-align: justify;\">Talleres gratuitos intensivos en Concepci\u00f3n , previa inscripci\u00f3n. Audici\u00f3n s\u00e1bado 24 de julio. Inicio clases lunes 26 de julio. Finalizaci\u00f3n s\u00e1bado 31 julio.  <\/div>\n<div style=\"text-align: justify;\"><\/div>\n<div style=\"text-align: justify;\"><span style=\"font-weight: bold;\">\u201cImprovisaci\u00f3n Teatral\u201d <\/span><\/div>\n<div style=\"text-align: justify;\"><\/div>\n<div style=\"text-align: justify;\">Profesor: Patricio Ruiz <\/div>\n<div style=\"text-align: justify;\">Horario: 16 a 19 horas<\/div>\n<div style=\"text-align: justify;\">Del 26 al 31 de julio <\/div>\n<div style=\"text-align: justify;\"><\/div>\n<div style=\"text-align: justify;\">Este taller tiene por objetivo la estimulaci\u00f3n de las capacidades art\u00edsticas que cada persona, potencialmente tiene y que puede desarrollar en la medida que asuma una actitud participativa y creativa.<\/div>\n<div style=\"text-align: justify;\"><\/div>\n<div style=\"text-align: justify;\">Este taller buscar\u00e1 entonces fomentar la creatividad y estimular, a trav\u00e9s de un colectivo de improvisaci\u00f3n teatral, a cada participante.<\/div>\n<div style=\"text-align: justify;\"><\/div>\n<div style=\"text-align: justify;\">La improvisaci\u00f3n en s\u00ed es una t\u00e9cnica que se ha estado difundiendo por el mundo entero, como una nueva forma de \u201centrenarse\u201d en teatro. En el taller el alumno pondr\u00e1 a punto su imaginaci\u00f3n, su sensibilidad, su adaptaci\u00f3n, su velocidad de respuesta, su \u00abescritura\u00bb en escena y el manejo de la plasticidad de su cuerpo, para luego aplicarlo en el juego teatral.<\/div>\n<div style=\"text-align: justify;\"><\/div>\n<div style=\"text-align: justify;\">Patricio Ruiz es actor y director teatral. Ha dirigido las obras \u201cDal\u00ed\u201d, \u201cAlcalde\u201d y \u201cSe wanted Joaqu\u00edn Murieta\u201d, entre otras. Actualmente prepara una nueva versi\u00f3n teatral de \u201cHamlet\u201d de William Shakespeare.<\/div>\n<div style=\"text-align: justify;\"><\/div>\n<div style=\"text-align: justify;\"><span style=\"font-weight: bold;\">\u201cFotograf\u00eda digital period\u00edstica\u201d<\/span><\/div>\n<div style=\"text-align: justify;\"><\/div>\n<div style=\"text-align: justify;\">Profesor: Fernando Alarc\u00f3n<\/div>\n<div style=\"text-align: justify;\">Horario: 16 a 19 horas<\/div>\n<div style=\"text-align: justify;\">Del 26 al 31 de julio<\/div>\n<div style=\"text-align: justify;\"><\/div>\n<div style=\"text-align: justify;\">Este taller entregar\u00e1 las t\u00e9cnicas para que los alumnos aprendan a realizar un reportaje fotogr\u00e1fico sobre temas de actualidad. Para esto aprender\u00e1n el correcto manejo de una c\u00e1mara de fotograf\u00eda digital desde sus nociones m\u00e1s b\u00e1sicas, hasta llegar al trabajo de semiolog\u00eda que les permitir\u00e1 contar historias gr\u00e1ficas. Posteriormente, los alumnos tomar\u00e1n fotograf\u00edas de diversos temas planteados por ellos o por el profesor, quien har\u00e1 las veces de editor de un diario. Finalmente, trabajar\u00e1n junto al profesor en el montaje de sus trabajos para ser exhibidos en papel o en formato digital.      <\/div>\n<div style=\"text-align: justify;\"><\/div>\n<div style=\"text-align: justify;\">Requisito para postular a este taller: traer c\u00e1mara fotogr\u00e1fica digital<\/div>\n<div style=\"text-align: justify;\"><\/div>\n<div style=\"text-align: justify;\">Fernando Alarc\u00f3n es periodista y comunicador audiovisual. Actualmente se desempe\u00f1a como encargado de difusi\u00f3n de la Corporaci\u00f3n Cultural de la Universidad de Concepci\u00f3n.<\/div>\n<div style=\"text-align: justify;\"><\/div>\n<div style=\"text-align: justify;\"><span style=\"font-weight: bold;\">\u201cProducci\u00f3n art\u00edstica para bandas musicales\u201d<\/span><\/div>\n<div style=\"text-align: justify;\"><\/div>\n<div style=\"text-align: justify;\">Profesor: Mauricio Melo<\/div>\n<div style=\"text-align: justify;\">Horario: 16 a 19 horas<\/div>\n<div style=\"text-align: justify;\">Del 26 al 31 de julio<\/div>\n<div style=\"text-align: justify;\"><\/div>\n<div style=\"text-align: justify;\">El objetivo del taller es enfocar y orientar a las agrupaciones musicales hacia la optimizaci\u00f3n de su trabajo, tanto en el campo creativo, interpretativo y esc\u00e9nico, as\u00ed como tambi\u00e9n en el desarrollo de la autogesti\u00f3n y difusi\u00f3n, acerc\u00e1ndolos a un terreno m\u00e1s profesional y concreto, acorde a las exigencias del medio musical actual. Se abordar\u00e1n tem\u00e1ticas como el proceso de lanzamiento al mercado de la primera producci\u00f3n discogr\u00e1fica de un grupo musical X, con todas las etapas que esto implica, es decir, preproducci\u00f3n (escucha y an\u00e1lisis del material a grabar), grabaci\u00f3n de demos, grabaci\u00f3n en estudio profesional, desarrollo de imagen (puesta en escena, imagen corporativa, dise\u00f1o de car\u00e1tula y merchandising), realizaci\u00f3n de video clips, difusi\u00f3n y la autogesti\u00f3n de bandas. Todo esto, bas\u00e1ndose en la experiencia pr\u00e1ctica de bandas penquistas que han logrado sobresalir en el medio nacional e internacional. <\/div>\n<div style=\"text-align: justify;\"><\/div>\n<div style=\"text-align: justify;\">Este taller no permite la inscripci\u00f3n individual, sino que de grupos (bandas) de m\u00fasicos agrupados en bajo un concepto de trabajo colectivo.<\/div>\n<div style=\"text-align: justify;\"><\/div>\n<div style=\"text-align: justify;\">Mauricio Melo es un destacado productor musical. Su amplia experiencia en el rubro incluye la producci\u00f3n de varias bandas emblem\u00e1ticas como son \u201cLos Bunkers\u201d y \u201cSantos Dumonts\u201d. Adem\u00e1s fue  fundador del sello discogr\u00e1fico Jungle Records,  con el cual edit\u00f3 a importantes bandas regionales.<\/div>\n<div style=\"text-align: justify;\"><\/div>\n<div style=\"text-align: justify;\"><span style=\"font-weight: bold;\">\u201cVestuario esc\u00e9nico y creaci\u00f3n colectiva\u201d<\/span><\/div>\n<div style=\"text-align: justify;\"><\/div>\n<div style=\"text-align: justify;\">Profesora: Vanessa Leiva<\/div>\n<div style=\"text-align: justify;\">Horario: 16 a 19  horas<\/div>\n<div style=\"text-align: justify;\">Del 26 al 31 de julio<\/div>\n<div style=\"text-align: justify;\"><\/div>\n<div style=\"text-align: justify;\">El taller esta dirigido a todos aquellos quienes tengan intereses y aptitudes relacionadas con el dise\u00f1o de vestuario y artes esc\u00e9nicas. En un ambiente de permanente creaci\u00f3n e investigaci\u00f3n los participantes tendr\u00e1n la oportunidad expresar mediante el dise\u00f1o y confecci\u00f3n de vestuario sus propias ideas, tendencias y gustos, participando de la creaci\u00f3n colectiva de un montaje esc\u00e9nico in\u00e9dito y conociendo la t\u00e9cnica del reciclaje en vestuario.         <\/div>\n<div style=\"text-align: justify;\"><\/div>\n<div style=\"text-align: justify;\">Vanessa Leiva es licenciada en dise\u00f1o de vestuario de Duoc UC.  Ha desarrollado una importante labor como creadora de vestuario esc\u00e9nico. Sus trabajos incluyen el dise\u00f1o de vestuario de obras teatrales de la compa\u00f1\u00eda de teatro del Or\u00e1culo y de otras agrupaciones teatrales de la regi\u00f3n.<\/div>\n<div style=\"text-align: justify;\"><\/div>\n<div style=\"text-align: justify;\"><span style=\"font-weight: bold;\">\u201cDanza Afro\u201d<\/span><\/div>\n<div style=\"text-align: justify;\"><\/div>\n<div style=\"text-align: justify;\">Profesor: Roger Leal<\/div>\n<div style=\"text-align: justify;\">Horario: 16 a 19 horas<\/div>\n<div style=\"text-align: justify;\">Desde el 26 al 31 de julio<\/div>\n<div style=\"text-align: justify;\"><\/div>\n<div style=\"text-align: justify;\">La Danza Afro Contempor\u00e1nea es una invitaci\u00f3n a descubrir, sentir y expresar en el movimiento, las pulsaciones y ritmos vitales y ancestrales del cuerpo y del coraz\u00f3n, a partir de la percusi\u00f3n. Esto quiere decir, desde la percusi\u00f3n de tambores tribales o contempor\u00e1neos.<\/div>\n<div style=\"text-align: justify;\"><\/div>\n<div style=\"text-align: justify;\">Este taller contar\u00e1 con clases pr\u00e1cticas con acompa\u00f1amiento musical en vivo o m\u00fasica envasada. Relacion\u00e1ndose directamente con la percusi\u00f3n, creando un nexo indisoluble entre danza y m\u00fasica. Elongaciones a modo de compensaci\u00f3n del trabajo espec\u00edfico. Fraseos, estudios y danzas espec\u00edficas que re\u00fanan los elementos desarrollados en el transcurso de la clase o ciclo de aprendizaje.<\/div>\n<div style=\"text-align: justify;\"><\/div>\n<div style=\"text-align: justify;\">Roger es Bailar\u00edn profesional, ha realizado cursos de formaci\u00f3n  y seminarios de perfeccionamiento en el Centro de Danza Calauc\u00e1n de Concepci\u00f3n, en Santiago y en el Ohio Arts Council  de EE. UU. En los \u00faltimos a\u00f1os  se ha perfeccionado en la Danza Afro con la profesora Claudia Munzemeyer.<\/div>\n","protected":false},"excerpt":{"rendered":"<p>Talleres gratuitos intensivos en Concepci\u00f3n , previa inscripci\u00f3n. Audici\u00f3n s\u00e1bado 24 de julio. Inicio clases lunes 26 de julio. Finalizaci\u00f3n s\u00e1bado 31 julio. \u201cImprovisaci\u00f3n Teatral\u201d Profesor: Patricio Ruiz Horario: 16 a 19 horas Del 26 al 31 de julio Este taller tiene por objetivo la estimulaci\u00f3n de las capacidades art\u00edsticas que cada persona, potencialmente tiene [&hellip;]<\/p>\n","protected":false},"author":1,"featured_media":0,"comment_status":"open","ping_status":"open","sticky":false,"template":"","format":"standard","meta":{"footnotes":""},"categories":[223],"tags":[],"class_list":["post-9223","post","type-post","status-publish","format-standard","hentry","category-talleres"],"yoast_head":"<!-- This site is optimized with the Yoast SEO plugin v25.0 - https:\/\/yoast.com\/wordpress\/plugins\/seo\/ -->\n<title>Nuevos Talleres Intensivos En Vacaciones En Balmaceda Arte Joven - Nuestro Bio B\u00edo<\/title>\n<meta name=\"robots\" content=\"index, follow, max-snippet:-1, max-image-preview:large, max-video-preview:-1\" \/>\n<link rel=\"canonical\" href=\"https:\/\/www.fraczinet.cl\/sitio\/2010\/07\/06\/nuevos-talleres-intensivos-en-vacaciones-en-balmaceda-arte-joven-2\/\" \/>\n<meta property=\"og:locale\" content=\"es_ES\" \/>\n<meta property=\"og:type\" content=\"article\" \/>\n<meta property=\"og:title\" content=\"Nuevos Talleres Intensivos En Vacaciones En Balmaceda Arte Joven - Nuestro Bio B\u00edo\" \/>\n<meta property=\"og:description\" content=\"Talleres gratuitos intensivos en Concepci\u00f3n , previa inscripci\u00f3n. Audici\u00f3n s\u00e1bado 24 de julio. Inicio clases lunes 26 de julio. Finalizaci\u00f3n s\u00e1bado 31 julio. \u201cImprovisaci\u00f3n Teatral\u201d Profesor: Patricio Ruiz Horario: 16 a 19 horas Del 26 al 31 de julio Este taller tiene por objetivo la estimulaci\u00f3n de las capacidades art\u00edsticas que cada persona, potencialmente tiene [&hellip;]\" \/>\n<meta property=\"og:url\" content=\"https:\/\/www.fraczinet.cl\/sitio\/2010\/07\/06\/nuevos-talleres-intensivos-en-vacaciones-en-balmaceda-arte-joven-2\/\" \/>\n<meta property=\"og:site_name\" content=\"Nuestro Bio B\u00edo\" \/>\n<meta property=\"article:published_time\" content=\"2010-07-06T20:28:00+00:00\" \/>\n<meta property=\"article:modified_time\" content=\"2022-10-05T21:32:22+00:00\" \/>\n<meta property=\"og:image\" content=\"https:\/\/www.fraczinet.cl\/sitio\/wp-content\/uploads\/2021\/07\/bannerlogo-1.gif\" \/>\n\t<meta property=\"og:image:width\" content=\"159\" \/>\n\t<meta property=\"og:image:height\" content=\"79\" \/>\n\t<meta property=\"og:image:type\" content=\"image\/gif\" \/>\n<meta name=\"author\" content=\"admin\" \/>\n<meta name=\"twitter:card\" content=\"summary_large_image\" \/>\n<meta name=\"twitter:creator\" content=\"@nuestrobiobio\" \/>\n<meta name=\"twitter:site\" content=\"@nuestrobiobio\" \/>\n<meta name=\"twitter:label1\" content=\"Escrito por\" \/>\n\t<meta name=\"twitter:data1\" content=\"admin\" \/>\n\t<meta name=\"twitter:label2\" content=\"Tiempo de lectura\" \/>\n\t<meta name=\"twitter:data2\" content=\"5 minutos\" \/>\n<script type=\"application\/ld+json\" class=\"yoast-schema-graph\">{\"@context\":\"https:\/\/schema.org\",\"@graph\":[{\"@type\":\"Article\",\"@id\":\"https:\/\/www.fraczinet.cl\/sitio\/2010\/07\/06\/nuevos-talleres-intensivos-en-vacaciones-en-balmaceda-arte-joven-2\/#article\",\"isPartOf\":{\"@id\":\"https:\/\/www.fraczinet.cl\/sitio\/2010\/07\/06\/nuevos-talleres-intensivos-en-vacaciones-en-balmaceda-arte-joven-2\/\"},\"author\":{\"name\":\"admin\",\"@id\":\"https:\/\/www.fraczinet.cl\/sitio\/#\/schema\/person\/bc30f98e9cb10ae7e119dbe14bc93784\"},\"headline\":\"Nuevos Talleres Intensivos En Vacaciones En Balmaceda Arte Joven\",\"datePublished\":\"2010-07-06T20:28:00+00:00\",\"dateModified\":\"2022-10-05T21:32:22+00:00\",\"mainEntityOfPage\":{\"@id\":\"https:\/\/www.fraczinet.cl\/sitio\/2010\/07\/06\/nuevos-talleres-intensivos-en-vacaciones-en-balmaceda-arte-joven-2\/\"},\"wordCount\":936,\"commentCount\":0,\"publisher\":{\"@id\":\"https:\/\/www.fraczinet.cl\/sitio\/#\/schema\/person\/aec8ee4da68df2b9b0eefdad24a0d582\"},\"articleSection\":[\"Talleres\"],\"inLanguage\":\"es\",\"potentialAction\":[{\"@type\":\"CommentAction\",\"name\":\"Comment\",\"target\":[\"https:\/\/www.fraczinet.cl\/sitio\/2010\/07\/06\/nuevos-talleres-intensivos-en-vacaciones-en-balmaceda-arte-joven-2\/#respond\"]}]},{\"@type\":\"WebPage\",\"@id\":\"https:\/\/www.fraczinet.cl\/sitio\/2010\/07\/06\/nuevos-talleres-intensivos-en-vacaciones-en-balmaceda-arte-joven-2\/\",\"url\":\"https:\/\/www.fraczinet.cl\/sitio\/2010\/07\/06\/nuevos-talleres-intensivos-en-vacaciones-en-balmaceda-arte-joven-2\/\",\"name\":\"Nuevos Talleres Intensivos En Vacaciones En Balmaceda Arte Joven - Nuestro Bio B\u00edo\",\"isPartOf\":{\"@id\":\"https:\/\/www.fraczinet.cl\/sitio\/#website\"},\"datePublished\":\"2010-07-06T20:28:00+00:00\",\"dateModified\":\"2022-10-05T21:32:22+00:00\",\"breadcrumb\":{\"@id\":\"https:\/\/www.fraczinet.cl\/sitio\/2010\/07\/06\/nuevos-talleres-intensivos-en-vacaciones-en-balmaceda-arte-joven-2\/#breadcrumb\"},\"inLanguage\":\"es\",\"potentialAction\":[{\"@type\":\"ReadAction\",\"target\":[\"https:\/\/www.fraczinet.cl\/sitio\/2010\/07\/06\/nuevos-talleres-intensivos-en-vacaciones-en-balmaceda-arte-joven-2\/\"]}]},{\"@type\":\"BreadcrumbList\",\"@id\":\"https:\/\/www.fraczinet.cl\/sitio\/2010\/07\/06\/nuevos-talleres-intensivos-en-vacaciones-en-balmaceda-arte-joven-2\/#breadcrumb\",\"itemListElement\":[{\"@type\":\"ListItem\",\"position\":1,\"name\":\"Portada\",\"item\":\"https:\/\/www.fraczinet.cl\/sitio\/\"},{\"@type\":\"ListItem\",\"position\":2,\"name\":\"Nuevos Talleres Intensivos En Vacaciones En Balmaceda Arte Joven\"}]},{\"@type\":\"WebSite\",\"@id\":\"https:\/\/www.fraczinet.cl\/sitio\/#website\",\"url\":\"https:\/\/www.fraczinet.cl\/sitio\/\",\"name\":\"Nuestro Bio B\u00edo\",\"description\":\"Tierra de Encuentros\",\"publisher\":{\"@id\":\"https:\/\/www.fraczinet.cl\/sitio\/#\/schema\/person\/aec8ee4da68df2b9b0eefdad24a0d582\"},\"potentialAction\":[{\"@type\":\"SearchAction\",\"target\":{\"@type\":\"EntryPoint\",\"urlTemplate\":\"https:\/\/www.fraczinet.cl\/sitio\/?s={search_term_string}\"},\"query-input\":{\"@type\":\"PropertyValueSpecification\",\"valueRequired\":true,\"valueName\":\"search_term_string\"}}],\"inLanguage\":\"es\"},{\"@type\":[\"Person\",\"Organization\"],\"@id\":\"https:\/\/www.fraczinet.cl\/sitio\/#\/schema\/person\/aec8ee4da68df2b9b0eefdad24a0d582\",\"name\":\"Luis Fernando Fraczinet\",\"image\":{\"@type\":\"ImageObject\",\"inLanguage\":\"es\",\"@id\":\"https:\/\/www.fraczinet.cl\/sitio\/#\/schema\/person\/image\/\",\"url\":\"https:\/\/www.fraczinet.cl\/sitio\/wp-content\/uploads\/2021\/07\/bannerlogo-1.gif\",\"contentUrl\":\"https:\/\/www.fraczinet.cl\/sitio\/wp-content\/uploads\/2021\/07\/bannerlogo-1.gif\",\"width\":159,\"height\":79,\"caption\":\"Luis Fernando Fraczinet\"},\"logo\":{\"@id\":\"https:\/\/www.fraczinet.cl\/sitio\/#\/schema\/person\/image\/\"},\"sameAs\":[\"https:\/\/www.fraczinet.cl\/sitio\/\"]},{\"@type\":\"Person\",\"@id\":\"https:\/\/www.fraczinet.cl\/sitio\/#\/schema\/person\/bc30f98e9cb10ae7e119dbe14bc93784\",\"name\":\"admin\",\"image\":{\"@type\":\"ImageObject\",\"inLanguage\":\"es\",\"@id\":\"https:\/\/www.fraczinet.cl\/sitio\/#\/schema\/person\/image\/\",\"url\":\"https:\/\/secure.gravatar.com\/avatar\/d5ad3cf7ef3b23a2bb5be73be780c86b2fc8545c3ad6b149f3913ff458c00099?s=96&d=mm&r=g\",\"contentUrl\":\"https:\/\/secure.gravatar.com\/avatar\/d5ad3cf7ef3b23a2bb5be73be780c86b2fc8545c3ad6b149f3913ff458c00099?s=96&d=mm&r=g\",\"caption\":\"admin\"},\"sameAs\":[\"https:\/\/www.fraczinet.cl\/sitio\"]}]}<\/script>\n<!-- \/ Yoast SEO plugin. -->","yoast_head_json":{"title":"Nuevos Talleres Intensivos En Vacaciones En Balmaceda Arte Joven - Nuestro Bio B\u00edo","robots":{"index":"index","follow":"follow","max-snippet":"max-snippet:-1","max-image-preview":"max-image-preview:large","max-video-preview":"max-video-preview:-1"},"canonical":"https:\/\/www.fraczinet.cl\/sitio\/2010\/07\/06\/nuevos-talleres-intensivos-en-vacaciones-en-balmaceda-arte-joven-2\/","og_locale":"es_ES","og_type":"article","og_title":"Nuevos Talleres Intensivos En Vacaciones En Balmaceda Arte Joven - Nuestro Bio B\u00edo","og_description":"Talleres gratuitos intensivos en Concepci\u00f3n , previa inscripci\u00f3n. Audici\u00f3n s\u00e1bado 24 de julio. Inicio clases lunes 26 de julio. Finalizaci\u00f3n s\u00e1bado 31 julio. \u201cImprovisaci\u00f3n Teatral\u201d Profesor: Patricio Ruiz Horario: 16 a 19 horas Del 26 al 31 de julio Este taller tiene por objetivo la estimulaci\u00f3n de las capacidades art\u00edsticas que cada persona, potencialmente tiene [&hellip;]","og_url":"https:\/\/www.fraczinet.cl\/sitio\/2010\/07\/06\/nuevos-talleres-intensivos-en-vacaciones-en-balmaceda-arte-joven-2\/","og_site_name":"Nuestro Bio B\u00edo","article_published_time":"2010-07-06T20:28:00+00:00","article_modified_time":"2022-10-05T21:32:22+00:00","og_image":[{"width":159,"height":79,"url":"https:\/\/www.fraczinet.cl\/sitio\/wp-content\/uploads\/2021\/07\/bannerlogo-1.gif","type":"image\/gif"}],"author":"admin","twitter_card":"summary_large_image","twitter_creator":"@nuestrobiobio","twitter_site":"@nuestrobiobio","twitter_misc":{"Escrito por":"admin","Tiempo de lectura":"5 minutos"},"schema":{"@context":"https:\/\/schema.org","@graph":[{"@type":"Article","@id":"https:\/\/www.fraczinet.cl\/sitio\/2010\/07\/06\/nuevos-talleres-intensivos-en-vacaciones-en-balmaceda-arte-joven-2\/#article","isPartOf":{"@id":"https:\/\/www.fraczinet.cl\/sitio\/2010\/07\/06\/nuevos-talleres-intensivos-en-vacaciones-en-balmaceda-arte-joven-2\/"},"author":{"name":"admin","@id":"https:\/\/www.fraczinet.cl\/sitio\/#\/schema\/person\/bc30f98e9cb10ae7e119dbe14bc93784"},"headline":"Nuevos Talleres Intensivos En Vacaciones En Balmaceda Arte Joven","datePublished":"2010-07-06T20:28:00+00:00","dateModified":"2022-10-05T21:32:22+00:00","mainEntityOfPage":{"@id":"https:\/\/www.fraczinet.cl\/sitio\/2010\/07\/06\/nuevos-talleres-intensivos-en-vacaciones-en-balmaceda-arte-joven-2\/"},"wordCount":936,"commentCount":0,"publisher":{"@id":"https:\/\/www.fraczinet.cl\/sitio\/#\/schema\/person\/aec8ee4da68df2b9b0eefdad24a0d582"},"articleSection":["Talleres"],"inLanguage":"es","potentialAction":[{"@type":"CommentAction","name":"Comment","target":["https:\/\/www.fraczinet.cl\/sitio\/2010\/07\/06\/nuevos-talleres-intensivos-en-vacaciones-en-balmaceda-arte-joven-2\/#respond"]}]},{"@type":"WebPage","@id":"https:\/\/www.fraczinet.cl\/sitio\/2010\/07\/06\/nuevos-talleres-intensivos-en-vacaciones-en-balmaceda-arte-joven-2\/","url":"https:\/\/www.fraczinet.cl\/sitio\/2010\/07\/06\/nuevos-talleres-intensivos-en-vacaciones-en-balmaceda-arte-joven-2\/","name":"Nuevos Talleres Intensivos En Vacaciones En Balmaceda Arte Joven - Nuestro Bio B\u00edo","isPartOf":{"@id":"https:\/\/www.fraczinet.cl\/sitio\/#website"},"datePublished":"2010-07-06T20:28:00+00:00","dateModified":"2022-10-05T21:32:22+00:00","breadcrumb":{"@id":"https:\/\/www.fraczinet.cl\/sitio\/2010\/07\/06\/nuevos-talleres-intensivos-en-vacaciones-en-balmaceda-arte-joven-2\/#breadcrumb"},"inLanguage":"es","potentialAction":[{"@type":"ReadAction","target":["https:\/\/www.fraczinet.cl\/sitio\/2010\/07\/06\/nuevos-talleres-intensivos-en-vacaciones-en-balmaceda-arte-joven-2\/"]}]},{"@type":"BreadcrumbList","@id":"https:\/\/www.fraczinet.cl\/sitio\/2010\/07\/06\/nuevos-talleres-intensivos-en-vacaciones-en-balmaceda-arte-joven-2\/#breadcrumb","itemListElement":[{"@type":"ListItem","position":1,"name":"Portada","item":"https:\/\/www.fraczinet.cl\/sitio\/"},{"@type":"ListItem","position":2,"name":"Nuevos Talleres Intensivos En Vacaciones En Balmaceda Arte Joven"}]},{"@type":"WebSite","@id":"https:\/\/www.fraczinet.cl\/sitio\/#website","url":"https:\/\/www.fraczinet.cl\/sitio\/","name":"Nuestro Bio B\u00edo","description":"Tierra de Encuentros","publisher":{"@id":"https:\/\/www.fraczinet.cl\/sitio\/#\/schema\/person\/aec8ee4da68df2b9b0eefdad24a0d582"},"potentialAction":[{"@type":"SearchAction","target":{"@type":"EntryPoint","urlTemplate":"https:\/\/www.fraczinet.cl\/sitio\/?s={search_term_string}"},"query-input":{"@type":"PropertyValueSpecification","valueRequired":true,"valueName":"search_term_string"}}],"inLanguage":"es"},{"@type":["Person","Organization"],"@id":"https:\/\/www.fraczinet.cl\/sitio\/#\/schema\/person\/aec8ee4da68df2b9b0eefdad24a0d582","name":"Luis Fernando Fraczinet","image":{"@type":"ImageObject","inLanguage":"es","@id":"https:\/\/www.fraczinet.cl\/sitio\/#\/schema\/person\/image\/","url":"https:\/\/www.fraczinet.cl\/sitio\/wp-content\/uploads\/2021\/07\/bannerlogo-1.gif","contentUrl":"https:\/\/www.fraczinet.cl\/sitio\/wp-content\/uploads\/2021\/07\/bannerlogo-1.gif","width":159,"height":79,"caption":"Luis Fernando Fraczinet"},"logo":{"@id":"https:\/\/www.fraczinet.cl\/sitio\/#\/schema\/person\/image\/"},"sameAs":["https:\/\/www.fraczinet.cl\/sitio\/"]},{"@type":"Person","@id":"https:\/\/www.fraczinet.cl\/sitio\/#\/schema\/person\/bc30f98e9cb10ae7e119dbe14bc93784","name":"admin","image":{"@type":"ImageObject","inLanguage":"es","@id":"https:\/\/www.fraczinet.cl\/sitio\/#\/schema\/person\/image\/","url":"https:\/\/secure.gravatar.com\/avatar\/d5ad3cf7ef3b23a2bb5be73be780c86b2fc8545c3ad6b149f3913ff458c00099?s=96&d=mm&r=g","contentUrl":"https:\/\/secure.gravatar.com\/avatar\/d5ad3cf7ef3b23a2bb5be73be780c86b2fc8545c3ad6b149f3913ff458c00099?s=96&d=mm&r=g","caption":"admin"},"sameAs":["https:\/\/www.fraczinet.cl\/sitio"]}]}},"_links":{"self":[{"href":"https:\/\/www.fraczinet.cl\/sitio\/wp-json\/wp\/v2\/posts\/9223","targetHints":{"allow":["GET"]}}],"collection":[{"href":"https:\/\/www.fraczinet.cl\/sitio\/wp-json\/wp\/v2\/posts"}],"about":[{"href":"https:\/\/www.fraczinet.cl\/sitio\/wp-json\/wp\/v2\/types\/post"}],"author":[{"embeddable":true,"href":"https:\/\/www.fraczinet.cl\/sitio\/wp-json\/wp\/v2\/users\/1"}],"replies":[{"embeddable":true,"href":"https:\/\/www.fraczinet.cl\/sitio\/wp-json\/wp\/v2\/comments?post=9223"}],"version-history":[{"count":1,"href":"https:\/\/www.fraczinet.cl\/sitio\/wp-json\/wp\/v2\/posts\/9223\/revisions"}],"predecessor-version":[{"id":14107,"href":"https:\/\/www.fraczinet.cl\/sitio\/wp-json\/wp\/v2\/posts\/9223\/revisions\/14107"}],"wp:attachment":[{"href":"https:\/\/www.fraczinet.cl\/sitio\/wp-json\/wp\/v2\/media?parent=9223"}],"wp:term":[{"taxonomy":"category","embeddable":true,"href":"https:\/\/www.fraczinet.cl\/sitio\/wp-json\/wp\/v2\/categories?post=9223"},{"taxonomy":"post_tag","embeddable":true,"href":"https:\/\/www.fraczinet.cl\/sitio\/wp-json\/wp\/v2\/tags?post=9223"}],"curies":[{"name":"wp","href":"https:\/\/api.w.org\/{rel}","templated":true}]}}