{"id":9242,"date":"2010-07-03T02:32:00","date_gmt":"2010-07-03T02:32:00","guid":{"rendered":"https:\/\/www.fraczinet.cl\/sitio\/2010\/07\/03\/mulchen-fiestas-y-tradiciones-de-mulchen-2\/"},"modified":"2010-07-03T02:32:00","modified_gmt":"2010-07-03T02:32:00","slug":"mulchen-fiestas-y-tradiciones-de-mulchen-2","status":"publish","type":"post","link":"https:\/\/www.fraczinet.cl\/sitio\/mulchen-fiestas-y-tradiciones-de-mulchen-2\/","title":{"rendered":"Mulch\u00e9n &#8211; Fiestas y Tradiciones de Mulch\u00e9n"},"content":{"rendered":"<div style=\"text-align: justify;\"><span style=\"font-weight: bold;\">Encuentro Folkl\u00f3rico \u201cMulch\u00e9n Canta a la Patria 2007\u201d<\/span><\/div>\n<div style=\"text-align: justify;\"><\/div>\n<div style=\"text-align: justify;\">Con un gran espect\u00e1culo musical, la Municipalidad de Mulch\u00e9n invita a la  comunidad para presenciar este Encuentro.<\/div>\n<div style=\"text-align: justify;\"><\/div>\n<div style=\"text-align: justify;\">Se trata del evento que cada a\u00f1o re\u00fane a los conjuntos folkl\u00f3ricos y clubes de cueca de la comuna que se dan cita en el Gimnasio Municipal durante 3 noches para presentar sus trabajos coreogr\u00e1ficos con la participaci\u00f3n de ni\u00f1as y ni\u00f1os, j\u00f3venes, adultos y adultos mayores, que trabajan arduamente para entregar un espect\u00e1culo de calidad. <\/div>\n<div style=\"text-align: justify;\"><\/div>\n<div style=\"text-align: justify;\">Generalmente este Encuentro se realiza los d\u00edas 29, 30 y 31 de agosto desde las 20:00 hrs., y como ya es tradicional la entrada ser\u00e1 totalmente liberada. Cada noche se espera la presencia de un artista o grupo de renombre nacional, que cierra la jornada en el Gimnasio Municipal de la comuna.<\/div>\n<div style=\"text-align: justify;\"><\/div>\n<div style=\"text-align: justify;\">Ciclo de Cine Arte en Mulch\u00e9n<\/div>\n<div style=\"text-align: justify;\"><\/div>\n<div style=\"text-align: justify;\">La Municipalidad de Mulch\u00e9n, a trav\u00e9s de la Biblioteca P\u00fablica y la Oficina Municipal de Iniciativas Juveniles organizan este evento. <\/div>\n<div style=\"text-align: justify;\"><\/div>\n<div style=\"text-align: justify;\">El Cine Arte tiene caracter\u00edsticas muy especiales y un p\u00fablico seguidor amante del cine, con esp\u00edritu cr\u00edtico y a la vez con af\u00e1n de entretenerse y pensar. Generalmente despu\u00e9s de ver la pel\u00edcula se inicia una ronda de conversaci\u00f3n e intercambio de ideas entre los asistentes, lo cual es muy enriquecedor y provechoso. <\/div>\n<div style=\"text-align: justify;\">Este Ciclo de Cine se realiza en la Sala de Lectura de la Biblioteca Mulchenina. No se dispone de fechas en las que se realiza.<\/div>\n<div style=\"text-align: justify;\"><\/div>\n<div style=\"text-align: justify;\">M\u00fasica en Vivo en Mulch\u00e9n<\/div>\n<div style=\"text-align: justify;\"><\/div>\n<div style=\"text-align: justify;\">Con un gran espect\u00e1culo musical en Plaza de Armas, la Municipalidad de Mulch\u00e9n realiza las actividades del programa de verano 2007.<\/div>\n<div style=\"text-align: justify;\"><\/div>\n<div style=\"text-align: justify;\">Se trata del gran show final de temporada estival, que este a\u00f1o reemplaz\u00f3 al Festival de la Canci\u00f3n  \u201cMulch\u00e9n Canta en Verano\u201d, el que volver\u00e1 el pr\u00f3ximo a\u00f1o con una renovada organizaci\u00f3n abriendo la competencia al \u00e1mbito provincial y continuando con el desfile de artistas de renombre nacional e internacional.<\/div>\n<div style=\"text-align: justify;\"><\/div>\n<div style=\"text-align: justify;\">Este evento se realiza en febrero y para su presentaci\u00f3n se levanta un escenario en calle Gana 360, frente a la Casa de la Cultura, donde los diversos artistas invitados hacen bailar y re\u00edr al p\u00fablico, que se estima cada a\u00f1o bordea los mil quinientos a dos mil personas.<\/div>\n","protected":false},"excerpt":{"rendered":"<p>Encuentro Folkl\u00f3rico \u201cMulch\u00e9n Canta a la Patria 2007\u201d Con un gran espect\u00e1culo musical, la Municipalidad de Mulch\u00e9n invita a la comunidad para presenciar este Encuentro. Se trata del evento que cada a\u00f1o re\u00fane a los conjuntos folkl\u00f3ricos y clubes de cueca de la comuna que se dan cita en el Gimnasio Municipal durante 3 noches [&hellip;]<\/p>\n","protected":false},"author":1,"featured_media":0,"comment_status":"open","ping_status":"closed","sticky":false,"template":"","format":"standard","meta":{"footnotes":""},"categories":[7,125],"tags":[],"class_list":["post-9242","post","type-post","status-publish","format-standard","hentry","category-fiestas-y-tradiciones","category-mulchen"],"yoast_head":"<!-- This site is optimized with the Yoast SEO plugin v28.2 - https:\/\/yoast.com\/product\/yoast-seo-wordpress\/ -->\n<title>Mulch\u00e9n - Fiestas y Tradiciones de Mulch\u00e9n - Nuestro Bio B\u00edo<\/title>\n<meta name=\"robots\" content=\"index, follow, max-snippet:-1, max-image-preview:large, max-video-preview:-1\" \/>\n<link rel=\"canonical\" href=\"https:\/\/www.fraczinet.cl\/sitio\/mulchen-fiestas-y-tradiciones-de-mulchen-2\/\" \/>\n<meta property=\"og:locale\" content=\"es_ES\" \/>\n<meta property=\"og:type\" content=\"article\" \/>\n<meta property=\"og:title\" content=\"Mulch\u00e9n - Fiestas y Tradiciones de Mulch\u00e9n - Nuestro Bio B\u00edo\" \/>\n<meta property=\"og:description\" content=\"Encuentro Folkl\u00f3rico \u201cMulch\u00e9n Canta a la Patria 2007\u201d Con un gran espect\u00e1culo musical, la Municipalidad de Mulch\u00e9n invita a la comunidad para presenciar este Encuentro. Se trata del evento que cada a\u00f1o re\u00fane a los conjuntos folkl\u00f3ricos y clubes de cueca de la comuna que se dan cita en el Gimnasio Municipal durante 3 noches [&hellip;]\" \/>\n<meta property=\"og:url\" content=\"https:\/\/www.fraczinet.cl\/sitio\/mulchen-fiestas-y-tradiciones-de-mulchen-2\/\" \/>\n<meta property=\"og:site_name\" content=\"Nuestro Bio B\u00edo\" \/>\n<meta property=\"article:publisher\" content=\"https:\/\/www.facebook.com\/groups\/15721414452\/\" \/>\n<meta property=\"article:published_time\" content=\"2010-07-03T02:32:00+00:00\" \/>\n<meta property=\"og:image\" content=\"https:\/\/www.fraczinet.cl\/sitio\/wp-content\/uploads\/2021\/07\/bannerlogo-1.gif\" \/>\n\t<meta property=\"og:image:width\" content=\"159\" \/>\n\t<meta property=\"og:image:height\" content=\"79\" \/>\n\t<meta property=\"og:image:type\" content=\"image\/gif\" \/>\n<meta name=\"twitter:card\" content=\"summary_large_image\" \/>\n<meta name=\"twitter:creator\" content=\"@nuestrobiobio\" \/>\n<meta name=\"twitter:site\" content=\"@nuestrobiobio\" \/>\n<meta name=\"twitter:label1\" content=\"Escrito por\" \/>\n\t<meta name=\"twitter:data1\" content=\"\" \/>\n\t<meta name=\"twitter:label2\" content=\"Tiempo de lectura\" \/>\n\t<meta name=\"twitter:data2\" content=\"2 minutos\" \/>\n<script type=\"application\/ld+json\" class=\"yoast-schema-graph\">{\"@context\":\"https:\\\/\\\/schema.org\",\"@graph\":[{\"@type\":\"Article\",\"@id\":\"https:\\\/\\\/www.fraczinet.cl\\\/sitio\\\/mulchen-fiestas-y-tradiciones-de-mulchen-2\\\/#article\",\"isPartOf\":{\"@id\":\"https:\\\/\\\/www.fraczinet.cl\\\/sitio\\\/mulchen-fiestas-y-tradiciones-de-mulchen-2\\\/\"},\"author\":{\"name\":\"\",\"@id\":\"\"},\"headline\":\"Mulch\u00e9n &#8211; Fiestas y Tradiciones de Mulch\u00e9n\",\"datePublished\":\"2010-07-03T02:32:00+00:00\",\"mainEntityOfPage\":{\"@id\":\"https:\\\/\\\/www.fraczinet.cl\\\/sitio\\\/mulchen-fiestas-y-tradiciones-de-mulchen-2\\\/\"},\"wordCount\":403,\"commentCount\":0,\"articleSection\":[\"Fiestas y Tradiciones\",\"Mulch\u00e9n\"],\"inLanguage\":\"es\",\"potentialAction\":[{\"@type\":\"CommentAction\",\"name\":\"Comment\",\"target\":[\"https:\\\/\\\/www.fraczinet.cl\\\/sitio\\\/mulchen-fiestas-y-tradiciones-de-mulchen-2\\\/#respond\"]}]},{\"@type\":\"WebPage\",\"@id\":\"https:\\\/\\\/www.fraczinet.cl\\\/sitio\\\/mulchen-fiestas-y-tradiciones-de-mulchen-2\\\/\",\"url\":\"https:\\\/\\\/www.fraczinet.cl\\\/sitio\\\/mulchen-fiestas-y-tradiciones-de-mulchen-2\\\/\",\"name\":\"Mulch\u00e9n - Fiestas y Tradiciones de Mulch\u00e9n - Nuestro Bio B\u00edo\",\"isPartOf\":{\"@id\":\"https:\\\/\\\/www.fraczinet.cl\\\/sitio\\\/#website\"},\"datePublished\":\"2010-07-03T02:32:00+00:00\",\"author\":{\"@id\":\"\"},\"breadcrumb\":{\"@id\":\"https:\\\/\\\/www.fraczinet.cl\\\/sitio\\\/mulchen-fiestas-y-tradiciones-de-mulchen-2\\\/#breadcrumb\"},\"inLanguage\":\"es\",\"potentialAction\":[{\"@type\":\"ReadAction\",\"target\":[\"https:\\\/\\\/www.fraczinet.cl\\\/sitio\\\/mulchen-fiestas-y-tradiciones-de-mulchen-2\\\/\"]}]},{\"@type\":\"BreadcrumbList\",\"@id\":\"https:\\\/\\\/www.fraczinet.cl\\\/sitio\\\/mulchen-fiestas-y-tradiciones-de-mulchen-2\\\/#breadcrumb\",\"itemListElement\":[{\"@type\":\"ListItem\",\"position\":1,\"name\":\"Portada\",\"item\":\"https:\\\/\\\/www.fraczinet.cl\\\/sitio\\\/\"},{\"@type\":\"ListItem\",\"position\":2,\"name\":\"Mulch\u00e9n &#8211; Fiestas y Tradiciones de Mulch\u00e9n\"}]},{\"@type\":\"WebSite\",\"@id\":\"https:\\\/\\\/www.fraczinet.cl\\\/sitio\\\/#website\",\"url\":\"https:\\\/\\\/www.fraczinet.cl\\\/sitio\\\/\",\"name\":\"Nuestro Bio B\u00edo\",\"description\":\"Tierra de Encuentros\",\"potentialAction\":[{\"@type\":\"SearchAction\",\"target\":{\"@type\":\"EntryPoint\",\"urlTemplate\":\"https:\\\/\\\/www.fraczinet.cl\\\/sitio\\\/?s={search_term_string}\"},\"query-input\":{\"@type\":\"PropertyValueSpecification\",\"valueRequired\":true,\"valueName\":\"search_term_string\"}}],\"inLanguage\":\"es\"},{\"@type\":\"Person\",\"@id\":\"\"}]}<\/script>\n<!-- \/ Yoast SEO plugin. -->","yoast_head_json":{"title":"Mulch\u00e9n - Fiestas y Tradiciones de Mulch\u00e9n - Nuestro Bio B\u00edo","robots":{"index":"index","follow":"follow","max-snippet":"max-snippet:-1","max-image-preview":"max-image-preview:large","max-video-preview":"max-video-preview:-1"},"canonical":"https:\/\/www.fraczinet.cl\/sitio\/mulchen-fiestas-y-tradiciones-de-mulchen-2\/","og_locale":"es_ES","og_type":"article","og_title":"Mulch\u00e9n - Fiestas y Tradiciones de Mulch\u00e9n - Nuestro Bio B\u00edo","og_description":"Encuentro Folkl\u00f3rico \u201cMulch\u00e9n Canta a la Patria 2007\u201d Con un gran espect\u00e1culo musical, la Municipalidad de Mulch\u00e9n invita a la comunidad para presenciar este Encuentro. Se trata del evento que cada a\u00f1o re\u00fane a los conjuntos folkl\u00f3ricos y clubes de cueca de la comuna que se dan cita en el Gimnasio Municipal durante 3 noches [&hellip;]","og_url":"https:\/\/www.fraczinet.cl\/sitio\/mulchen-fiestas-y-tradiciones-de-mulchen-2\/","og_site_name":"Nuestro Bio B\u00edo","article_publisher":"https:\/\/www.facebook.com\/groups\/15721414452\/","article_published_time":"2010-07-03T02:32:00+00:00","og_image":[{"width":159,"height":79,"url":"https:\/\/www.fraczinet.cl\/sitio\/wp-content\/uploads\/2021\/07\/bannerlogo-1.gif","type":"image\/gif"}],"twitter_card":"summary_large_image","twitter_creator":"@nuestrobiobio","twitter_site":"@nuestrobiobio","twitter_misc":{"Escrito por":"","Tiempo de lectura":"2 minutos"},"schema":{"@context":"https:\/\/schema.org","@graph":[{"@type":"Article","@id":"https:\/\/www.fraczinet.cl\/sitio\/mulchen-fiestas-y-tradiciones-de-mulchen-2\/#article","isPartOf":{"@id":"https:\/\/www.fraczinet.cl\/sitio\/mulchen-fiestas-y-tradiciones-de-mulchen-2\/"},"author":{"name":"","@id":""},"headline":"Mulch\u00e9n &#8211; Fiestas y Tradiciones de Mulch\u00e9n","datePublished":"2010-07-03T02:32:00+00:00","mainEntityOfPage":{"@id":"https:\/\/www.fraczinet.cl\/sitio\/mulchen-fiestas-y-tradiciones-de-mulchen-2\/"},"wordCount":403,"commentCount":0,"articleSection":["Fiestas y Tradiciones","Mulch\u00e9n"],"inLanguage":"es","potentialAction":[{"@type":"CommentAction","name":"Comment","target":["https:\/\/www.fraczinet.cl\/sitio\/mulchen-fiestas-y-tradiciones-de-mulchen-2\/#respond"]}]},{"@type":"WebPage","@id":"https:\/\/www.fraczinet.cl\/sitio\/mulchen-fiestas-y-tradiciones-de-mulchen-2\/","url":"https:\/\/www.fraczinet.cl\/sitio\/mulchen-fiestas-y-tradiciones-de-mulchen-2\/","name":"Mulch\u00e9n - Fiestas y Tradiciones de Mulch\u00e9n - Nuestro Bio B\u00edo","isPartOf":{"@id":"https:\/\/www.fraczinet.cl\/sitio\/#website"},"datePublished":"2010-07-03T02:32:00+00:00","author":{"@id":""},"breadcrumb":{"@id":"https:\/\/www.fraczinet.cl\/sitio\/mulchen-fiestas-y-tradiciones-de-mulchen-2\/#breadcrumb"},"inLanguage":"es","potentialAction":[{"@type":"ReadAction","target":["https:\/\/www.fraczinet.cl\/sitio\/mulchen-fiestas-y-tradiciones-de-mulchen-2\/"]}]},{"@type":"BreadcrumbList","@id":"https:\/\/www.fraczinet.cl\/sitio\/mulchen-fiestas-y-tradiciones-de-mulchen-2\/#breadcrumb","itemListElement":[{"@type":"ListItem","position":1,"name":"Portada","item":"https:\/\/www.fraczinet.cl\/sitio\/"},{"@type":"ListItem","position":2,"name":"Mulch\u00e9n &#8211; Fiestas y Tradiciones de Mulch\u00e9n"}]},{"@type":"WebSite","@id":"https:\/\/www.fraczinet.cl\/sitio\/#website","url":"https:\/\/www.fraczinet.cl\/sitio\/","name":"Nuestro Bio B\u00edo","description":"Tierra de Encuentros","potentialAction":[{"@type":"SearchAction","target":{"@type":"EntryPoint","urlTemplate":"https:\/\/www.fraczinet.cl\/sitio\/?s={search_term_string}"},"query-input":{"@type":"PropertyValueSpecification","valueRequired":true,"valueName":"search_term_string"}}],"inLanguage":"es"},{"@type":"Person","@id":""}]}},"_links":{"self":[{"href":"https:\/\/www.fraczinet.cl\/sitio\/wp-json\/wp\/v2\/posts\/9242","targetHints":{"allow":["GET"]}}],"collection":[{"href":"https:\/\/www.fraczinet.cl\/sitio\/wp-json\/wp\/v2\/posts"}],"about":[{"href":"https:\/\/www.fraczinet.cl\/sitio\/wp-json\/wp\/v2\/types\/post"}],"author":[{"embeddable":true,"href":"https:\/\/www.fraczinet.cl\/sitio\/wp-json\/wp\/v2\/users\/1"}],"replies":[{"embeddable":true,"href":"https:\/\/www.fraczinet.cl\/sitio\/wp-json\/wp\/v2\/comments?post=9242"}],"version-history":[{"count":0,"href":"https:\/\/www.fraczinet.cl\/sitio\/wp-json\/wp\/v2\/posts\/9242\/revisions"}],"wp:attachment":[{"href":"https:\/\/www.fraczinet.cl\/sitio\/wp-json\/wp\/v2\/media?parent=9242"}],"wp:term":[{"taxonomy":"category","embeddable":true,"href":"https:\/\/www.fraczinet.cl\/sitio\/wp-json\/wp\/v2\/categories?post=9242"},{"taxonomy":"post_tag","embeddable":true,"href":"https:\/\/www.fraczinet.cl\/sitio\/wp-json\/wp\/v2\/tags?post=9242"}],"curies":[{"name":"wp","href":"https:\/\/api.w.org\/{rel}","templated":true}]}}