{"id":9723,"date":"2022-01-09T18:09:12","date_gmt":"2022-01-09T18:09:12","guid":{"rendered":"https:\/\/www.fraczinet.cl\/sitio\/?p=9723"},"modified":"2022-01-09T18:16:05","modified_gmt":"2022-01-09T18:16:05","slug":"angelines-fernandez-un-bruja-muy-valiente","status":"publish","type":"post","link":"https:\/\/www.fraczinet.cl\/sitio\/2022\/01\/09\/angelines-fernandez-un-bruja-muy-valiente\/","title":{"rendered":"Angelines Fern\u00e1ndez, Un Bruja Muy Valiente"},"content":{"rendered":"\n<p class=\"has-text-align-center\"><img fetchpriority=\"high\" decoding=\"async\" width=\"600\" height=\"338\" class=\"wp-image-9731\" style=\"width: 600px;\" src=\"https:\/\/www.fraczinet.cl\/sitio\/wp-content\/uploads\/2022\/01\/dona-clotilde-guerrillera.jpg\" alt=\"\" srcset=\"https:\/\/www.fraczinet.cl\/sitio\/wp-content\/uploads\/2022\/01\/dona-clotilde-guerrillera.jpg 800w, https:\/\/www.fraczinet.cl\/sitio\/wp-content\/uploads\/2022\/01\/dona-clotilde-guerrillera-300x169.jpg 300w, https:\/\/www.fraczinet.cl\/sitio\/wp-content\/uploads\/2022\/01\/dona-clotilde-guerrillera-768x432.jpg 768w\" sizes=\"(max-width: 600px) 100vw, 600px\" \/><\/p>\n\n\n\n<p>Todos la conocemos por su personaje de Do\u00f1a Clotilde en el programa humor\u00edstico El Chavo del Ocho. Se trata de la actriz Angelines Fern\u00e1ndez, cuyo pasado como guerrillera a\u00fan es desconocido por muchos.<\/p>\n\n\n\n<p>Mar\u00eda de los \u00c1ngeles Fern\u00e1ndez Abad naci\u00f3 en Madrid, Espa\u00f1a, el 9 de junio de 1924. A los catorce a\u00f1os ya manifestaba su furia contra el l\u00edder militar Francisco Franco, quien hab\u00eda fraguado un golpe antidemocr\u00e1tico contra la Segunda Rep\u00fablica Espa\u00f1ola en octubre de 1936, lo que desat\u00f3 el episodio conocido como Guerra Civil que se llev\u00f3 la vida de m\u00e1s de medio mill\u00f3n de personas. Siendo joven Fern\u00e1ndez decidi\u00f3 unirse a las guerrillas antifascistas y anarcosindicalistas que luchaban contra el fascismo de Franco.<\/p>\n\n\n\n<p class=\"has-text-align-center\"><img decoding=\"async\" width=\"400\" height=\"556\" class=\"wp-image-9724\" style=\"width: 400px;\" src=\"https:\/\/www.fraczinet.cl\/sitio\/wp-content\/uploads\/2022\/01\/Angelenes-Fernandez-Actriz.jpg\" alt=\"\" srcset=\"https:\/\/www.fraczinet.cl\/sitio\/wp-content\/uploads\/2022\/01\/Angelenes-Fernandez-Actriz.jpg 720w, https:\/\/www.fraczinet.cl\/sitio\/wp-content\/uploads\/2022\/01\/Angelenes-Fernandez-Actriz-216x300.jpg 216w\" sizes=\"(max-width: 400px) 100vw, 400px\" \/><\/p>\n\n\n\n<p>De acuerdo con su propia hija, Angelines Fern\u00e1ndez era de car\u00e1cter fuerte y defend\u00eda sus valores con determinaci\u00f3n. \u201cEra de car\u00e1cter fuerte. Para ella no hab\u00ed\u00ada medias tintas, era blanco o negro; no pod\u00ed\u00ada ser gris. Era una mujer que ten\u00eda altos valores y a veces la gente no se los tomaba muy bien; entonces dec\u00ed\u00adan que ten\u00eda un genio de la fregada\u201d.<\/p>\n\n\n\n<p>Para hacer frente al r\u00e9gimen reaccionario de Franco, por Espa\u00f1a se formaron diversos grupos de resistencia integrados por militantes comunistas, socialistas y anarquistas a los que se les denomin\u00f3 Maquis. La mayor\u00eda de estos grupos se fueron agrupando en las monta\u00f1as, desde donde combatieron a las fuerzas golpistas. Poco a poco, los comunistas terminaron por convertirse en una mayor\u00eda dentro de las resistencias.<\/p>\n\n\n\n<p>En 1937 se form\u00f3 oficialmente el XIV Cuerpo de Ej\u00e9rcito Guerrillero, pero no logr\u00f3 minar las fuerzas de Franco, quien pose\u00eda el respaldo de las potencia europeas, principalmente del Nazismo Alem\u00e1n.&nbsp;<\/p>\n\n\n\n<p class=\"has-text-align-center\"><img decoding=\"async\" width=\"600\" height=\"338\" class=\"wp-image-9728\" style=\"width: 600px;\" src=\"https:\/\/www.fraczinet.cl\/sitio\/wp-content\/uploads\/2022\/01\/Angelines-Gerrillera.jpg\" alt=\"\" srcset=\"https:\/\/www.fraczinet.cl\/sitio\/wp-content\/uploads\/2022\/01\/Angelines-Gerrillera.jpg 600w, https:\/\/www.fraczinet.cl\/sitio\/wp-content\/uploads\/2022\/01\/Angelines-Gerrillera-300x169.jpg 300w\" sizes=\"(max-width: 600px) 100vw, 600px\" \/><\/p>\n\n\n\n<p>Ella y gran cantidad de ciudadanos pelearon por la defensa de la rep\u00fablica y gracias a la resistencia que ejercieron, llegaron a contener el avance franquista m\u00e1s de dos a\u00f1os hasta que el 1 de abril de 1939, Franco se alz\u00f3 con la victoria; de inmediato comenzaron las persecuciones, desapariciones y asesinatos. Al final de la guerra hubo cerca de 500.000 muertos y m\u00e1s de 100.000 desaparecidos.<\/p>\n\n\n\n<p>Por aquella \u00e9poca, Franco se empe\u00f1\u00f3 en censurar cualquier indicio de comunismo, por lo que intelectuales, artistas, acad\u00e9micos y l\u00edderes sociales eran visto como enemigos en el pa\u00eds que los vio nacer. Debido a ello y porque su vida corr\u00eda peligro, Angelines decidi\u00f3 huir en 1947, con s\u00f3lo 25 a\u00f1os.<\/p>\n\n\n\n<p>Angelines Fern\u00e1ndez en M\u00e9xico<\/p>\n\n\n\n<p>Aunque Fern\u00e1ndez no lleg\u00f3 a M\u00e9xico en calidad de asilada pol\u00edtica, fue bien recibida, pues el presidente L\u00e1zaro C\u00e1rdenas promov\u00eda el asilo pol\u00edtico de republicanos en M\u00e9xico. Cerca de 25,000 espa\u00f1oles llegaron a M\u00e9xico durante la dictadura de Franco.<\/p>\n\n\n\n<p class=\"has-text-align-center\"><img loading=\"lazy\" decoding=\"async\" width=\"600\" height=\"370\" class=\"wp-image-9730\" style=\"width: 600px;\" src=\"https:\/\/www.fraczinet.cl\/sitio\/wp-content\/uploads\/2022\/01\/Angelines-y-Ramon.jpg\" alt=\"\" srcset=\"https:\/\/www.fraczinet.cl\/sitio\/wp-content\/uploads\/2022\/01\/Angelines-y-Ramon.jpg 1200w, https:\/\/www.fraczinet.cl\/sitio\/wp-content\/uploads\/2022\/01\/Angelines-y-Ramon-300x185.jpg 300w, https:\/\/www.fraczinet.cl\/sitio\/wp-content\/uploads\/2022\/01\/Angelines-y-Ramon-1024x631.jpg 1024w, https:\/\/www.fraczinet.cl\/sitio\/wp-content\/uploads\/2022\/01\/Angelines-y-Ramon-768x474.jpg 768w\" sizes=\"(max-width: 600px) 100vw, 600px\" \/><\/p>\n\n\n\n<p>En una entrevista que dio su hija Paloma se\u00f1al\u00f3: \u201cAl trabajar en las guerrillas de Espa\u00f1a, mi mam\u00e1 fue catalogada como antifranquista; entonces, ella necesitaba salir de su pa\u00eds natal, considerando que su vida era dif\u00edcil. Lleg\u00f3 a M\u00e9xico en 1947, pero nunca fue refugiada. Despu\u00e9s vivi\u00f3 en La Habana, lo que arreglaba sus papeles y regres\u00f3 para trabajar en las pel\u00edculas de Cantinflas y Arturo de C\u00f3rdova\u201d,&nbsp;<\/p>\n\n\n\n<p>Ya en M\u00e9xico, comenz\u00f3 su trabajo como actriz en el teletreatos y como actriz de radionovelas en la XEW. Posteriormente, tuvo la oportunidad de trabajar en pel\u00edculas junto a Cantinflas y Arturo C\u00f3rdova. Sin embargo, fue gracias a la recomendaci\u00f3n hecha por Ram\u00f3n Vald\u00e9s a Roberto G\u00f3mez Bola\u00f1os que Angelines Fern\u00e1ndez alcanz\u00f3 la fama en su entra\u00f1able papel en la serie de Chespirito, adem\u00e1s de ser su eterna enamorada en la serie en el inolvidable papel con el que alcanz\u00f3 la fama. En la vida real, Angelines y Ram\u00f3n fueron grandes amigos.<\/p>\n\n\n\n<p class=\"has-text-align-center\"><img loading=\"lazy\" decoding=\"async\" width=\"400\" height=\"500\" class=\"wp-image-9729\" style=\"width: 400px;\" src=\"https:\/\/www.fraczinet.cl\/sitio\/wp-content\/uploads\/2022\/01\/Angelines-y-Ramon-2.jpg\" alt=\"\" srcset=\"https:\/\/www.fraczinet.cl\/sitio\/wp-content\/uploads\/2022\/01\/Angelines-y-Ramon-2.jpg 768w, https:\/\/www.fraczinet.cl\/sitio\/wp-content\/uploads\/2022\/01\/Angelines-y-Ramon-2-240x300.jpg 240w\" sizes=\"(max-width: 400px) 100vw, 400px\" \/><\/p>\n\n\n\n<p>Ram\u00f3n fallece en 1988 por un c\u00e1ncer, Miguel Vald\u00e9s, su nieto, coment\u00f3 que Angelines fue la \u00fanica del elenco que estuvo en&nbsp; su velorio y que incluso se qued\u00f3 m\u00e1s de dos horas junto a su l\u00e1pida, abatida por la p\u00e9rdida de su amigo.<\/p>\n\n\n\n<p>Ya en sus \u00faltimos a\u00f1os de vida pide una \u00faltima voluntad: ser sepultada junto a su amigo Ram\u00f3n.<\/p>\n\n\n\n<p>Fallece el 25 de marzo de 1994 a sus 71 a\u00f1os por un c\u00e1ncer debido a su adicci\u00f3n al tabaco, ya los dos inmortalizados como vecinos en la vecindad del chavo, hoy descansan juntos en el cementerio \u00abMausoleos del \u00c0ngel\u00bb de la capital de M\u00e9xico.<\/p>\n\n\n\n<p>La Bruja del 71<\/p>\n\n\n\n<p>Su papel m\u00e1s importante junto a Chespirito fue Do\u00f1a Clotilde, a quien los ni\u00f1os de la vecindad del Chavo del Ocho apodaban la Bruja del 71. Do\u00f1a Clotilde era una mujer profundamente enamorada de Don Ram\u00f3n, un carism\u00e1tico harag\u00e1n de car\u00e1cter iracundo. Debido a su indumentaria y modales anticuados, los ni\u00f1os especulaban sobre su verdadera identidad como bruja, lo que generaba distintos eventos chuscos.<\/p>\n\n\n\n<p class=\"has-text-align-center\"><img loading=\"lazy\" decoding=\"async\" width=\"600\" height=\"337\" class=\"wp-image-9727\" style=\"width: 600px;\" src=\"https:\/\/www.fraczinet.cl\/sitio\/wp-content\/uploads\/2022\/01\/Angelines-cine.jpeg\" alt=\"\" srcset=\"https:\/\/www.fraczinet.cl\/sitio\/wp-content\/uploads\/2022\/01\/Angelines-cine.jpeg 825w, https:\/\/www.fraczinet.cl\/sitio\/wp-content\/uploads\/2022\/01\/Angelines-cine-300x169.jpeg 300w, https:\/\/www.fraczinet.cl\/sitio\/wp-content\/uploads\/2022\/01\/Angelines-cine-768x432.jpeg 768w\" sizes=\"(max-width: 600px) 100vw, 600px\" \/><\/p>\n\n\n\n<p>En el cine, Angelines Fern\u00e1ndez particip\u00f3 en casi tres decenas de pel\u00edculas, mientras que para la pantalla chica dej\u00f3 un legado de veintid\u00f3s colaboraciones en series. Debido a que era una ac\u00e9rrima fumadora, Angelines desarroll\u00f3 c\u00e1ncer pulmonar, lo que acab\u00f3 con su vida el 15 de marzo de 1994 en la Ciudad de M\u00e9xico, cuando ten\u00eda 71 a\u00f1os de edad. Aunque fue testigo de la muerte de Francisco Franco en 1975, decidi\u00f3 permanecer en M\u00e9xico, donde hab\u00eda encontrado un nuevo hogar de libertad.<\/p>\n","protected":false},"excerpt":{"rendered":"<p>Todos la conocemos por su personaje de Do\u00f1a Clotilde en el programa humor\u00edstico El Chavo del Ocho. Se trata de la actriz Angelines Fern\u00e1ndez, cuyo pasado como guerrillera a\u00fan es desconocido por muchos. Mar\u00eda de los \u00c1ngeles Fern\u00e1ndez Abad naci\u00f3 en Madrid, Espa\u00f1a, el 9 de junio de 1924. A los catorce a\u00f1os ya manifestaba [&hellip;]<\/p>\n","protected":false},"author":1,"featured_media":9734,"comment_status":"open","ping_status":"open","sticky":false,"template":"","format":"standard","meta":{"footnotes":""},"categories":[32,10,23,127],"tags":[],"class_list":["post-9723","post","type-post","status-publish","format-standard","has-post-thumbnail","hentry","category-cine","category-historia","category-personajes","category-teatro"],"yoast_head":"<!-- This site is optimized with the Yoast SEO plugin v25.0 - https:\/\/yoast.com\/wordpress\/plugins\/seo\/ -->\n<title>Angelines Fern\u00e1ndez, Un Bruja Muy Valiente - Nuestro Bio B\u00edo<\/title>\n<meta name=\"robots\" content=\"index, follow, max-snippet:-1, max-image-preview:large, max-video-preview:-1\" \/>\n<link rel=\"canonical\" href=\"https:\/\/www.fraczinet.cl\/sitio\/2022\/01\/09\/angelines-fernandez-un-bruja-muy-valiente\/\" \/>\n<meta property=\"og:locale\" content=\"es_ES\" \/>\n<meta property=\"og:type\" content=\"article\" \/>\n<meta property=\"og:title\" content=\"Angelines Fern\u00e1ndez, Un Bruja Muy Valiente - Nuestro Bio B\u00edo\" \/>\n<meta property=\"og:description\" content=\"Todos la conocemos por su personaje de Do\u00f1a Clotilde en el programa humor\u00edstico El Chavo del Ocho. Se trata de la actriz Angelines Fern\u00e1ndez, cuyo pasado como guerrillera a\u00fan es desconocido por muchos. Mar\u00eda de los \u00c1ngeles Fern\u00e1ndez Abad naci\u00f3 en Madrid, Espa\u00f1a, el 9 de junio de 1924. A los catorce a\u00f1os ya manifestaba [&hellip;]\" \/>\n<meta property=\"og:url\" content=\"https:\/\/www.fraczinet.cl\/sitio\/2022\/01\/09\/angelines-fernandez-un-bruja-muy-valiente\/\" \/>\n<meta property=\"og:site_name\" content=\"Nuestro Bio B\u00edo\" \/>\n<meta property=\"article:published_time\" content=\"2022-01-09T18:09:12+00:00\" \/>\n<meta property=\"article:modified_time\" content=\"2022-01-09T18:16:05+00:00\" \/>\n<meta property=\"og:image\" content=\"https:\/\/www.fraczinet.cl\/sitio\/wp-content\/uploads\/2022\/01\/PSX_20220109_151350.jpg\" \/>\n\t<meta property=\"og:image:width\" content=\"307\" \/>\n\t<meta property=\"og:image:height\" content=\"243\" \/>\n\t<meta property=\"og:image:type\" content=\"image\/jpeg\" \/>\n<meta name=\"author\" content=\"admin\" \/>\n<meta name=\"twitter:card\" content=\"summary_large_image\" \/>\n<meta name=\"twitter:creator\" content=\"@nuestrobiobio\" \/>\n<meta name=\"twitter:site\" content=\"@nuestrobiobio\" \/>\n<meta name=\"twitter:label1\" content=\"Escrito por\" \/>\n\t<meta name=\"twitter:data1\" content=\"admin\" \/>\n\t<meta name=\"twitter:label2\" content=\"Tiempo de lectura\" \/>\n\t<meta name=\"twitter:data2\" content=\"5 minutos\" \/>\n<script type=\"application\/ld+json\" class=\"yoast-schema-graph\">{\"@context\":\"https:\/\/schema.org\",\"@graph\":[{\"@type\":\"Article\",\"@id\":\"https:\/\/www.fraczinet.cl\/sitio\/2022\/01\/09\/angelines-fernandez-un-bruja-muy-valiente\/#article\",\"isPartOf\":{\"@id\":\"https:\/\/www.fraczinet.cl\/sitio\/2022\/01\/09\/angelines-fernandez-un-bruja-muy-valiente\/\"},\"author\":{\"name\":\"admin\",\"@id\":\"https:\/\/www.fraczinet.cl\/sitio\/#\/schema\/person\/bc30f98e9cb10ae7e119dbe14bc93784\"},\"headline\":\"Angelines Fern\u00e1ndez, Un Bruja Muy Valiente\",\"datePublished\":\"2022-01-09T18:09:12+00:00\",\"dateModified\":\"2022-01-09T18:16:05+00:00\",\"mainEntityOfPage\":{\"@id\":\"https:\/\/www.fraczinet.cl\/sitio\/2022\/01\/09\/angelines-fernandez-un-bruja-muy-valiente\/\"},\"wordCount\":947,\"commentCount\":0,\"publisher\":{\"@id\":\"https:\/\/www.fraczinet.cl\/sitio\/#\/schema\/person\/aec8ee4da68df2b9b0eefdad24a0d582\"},\"image\":{\"@id\":\"https:\/\/www.fraczinet.cl\/sitio\/2022\/01\/09\/angelines-fernandez-un-bruja-muy-valiente\/#primaryimage\"},\"thumbnailUrl\":\"https:\/\/www.fraczinet.cl\/sitio\/wp-content\/uploads\/2022\/01\/PSX_20220109_151350.jpg\",\"articleSection\":[\"Cine\",\"Historia\",\"Personajes\",\"Teatro\"],\"inLanguage\":\"es\",\"potentialAction\":[{\"@type\":\"CommentAction\",\"name\":\"Comment\",\"target\":[\"https:\/\/www.fraczinet.cl\/sitio\/2022\/01\/09\/angelines-fernandez-un-bruja-muy-valiente\/#respond\"]}]},{\"@type\":\"WebPage\",\"@id\":\"https:\/\/www.fraczinet.cl\/sitio\/2022\/01\/09\/angelines-fernandez-un-bruja-muy-valiente\/\",\"url\":\"https:\/\/www.fraczinet.cl\/sitio\/2022\/01\/09\/angelines-fernandez-un-bruja-muy-valiente\/\",\"name\":\"Angelines Fern\u00e1ndez, Un Bruja Muy Valiente - Nuestro Bio B\u00edo\",\"isPartOf\":{\"@id\":\"https:\/\/www.fraczinet.cl\/sitio\/#website\"},\"primaryImageOfPage\":{\"@id\":\"https:\/\/www.fraczinet.cl\/sitio\/2022\/01\/09\/angelines-fernandez-un-bruja-muy-valiente\/#primaryimage\"},\"image\":{\"@id\":\"https:\/\/www.fraczinet.cl\/sitio\/2022\/01\/09\/angelines-fernandez-un-bruja-muy-valiente\/#primaryimage\"},\"thumbnailUrl\":\"https:\/\/www.fraczinet.cl\/sitio\/wp-content\/uploads\/2022\/01\/PSX_20220109_151350.jpg\",\"datePublished\":\"2022-01-09T18:09:12+00:00\",\"dateModified\":\"2022-01-09T18:16:05+00:00\",\"breadcrumb\":{\"@id\":\"https:\/\/www.fraczinet.cl\/sitio\/2022\/01\/09\/angelines-fernandez-un-bruja-muy-valiente\/#breadcrumb\"},\"inLanguage\":\"es\",\"potentialAction\":[{\"@type\":\"ReadAction\",\"target\":[\"https:\/\/www.fraczinet.cl\/sitio\/2022\/01\/09\/angelines-fernandez-un-bruja-muy-valiente\/\"]}]},{\"@type\":\"ImageObject\",\"inLanguage\":\"es\",\"@id\":\"https:\/\/www.fraczinet.cl\/sitio\/2022\/01\/09\/angelines-fernandez-un-bruja-muy-valiente\/#primaryimage\",\"url\":\"https:\/\/www.fraczinet.cl\/sitio\/wp-content\/uploads\/2022\/01\/PSX_20220109_151350.jpg\",\"contentUrl\":\"https:\/\/www.fraczinet.cl\/sitio\/wp-content\/uploads\/2022\/01\/PSX_20220109_151350.jpg\",\"width\":307,\"height\":243},{\"@type\":\"BreadcrumbList\",\"@id\":\"https:\/\/www.fraczinet.cl\/sitio\/2022\/01\/09\/angelines-fernandez-un-bruja-muy-valiente\/#breadcrumb\",\"itemListElement\":[{\"@type\":\"ListItem\",\"position\":1,\"name\":\"Portada\",\"item\":\"https:\/\/www.fraczinet.cl\/sitio\/\"},{\"@type\":\"ListItem\",\"position\":2,\"name\":\"Angelines Fern\u00e1ndez, Un Bruja Muy Valiente\"}]},{\"@type\":\"WebSite\",\"@id\":\"https:\/\/www.fraczinet.cl\/sitio\/#website\",\"url\":\"https:\/\/www.fraczinet.cl\/sitio\/\",\"name\":\"Nuestro Bio B\u00edo\",\"description\":\"Tierra de Encuentros\",\"publisher\":{\"@id\":\"https:\/\/www.fraczinet.cl\/sitio\/#\/schema\/person\/aec8ee4da68df2b9b0eefdad24a0d582\"},\"potentialAction\":[{\"@type\":\"SearchAction\",\"target\":{\"@type\":\"EntryPoint\",\"urlTemplate\":\"https:\/\/www.fraczinet.cl\/sitio\/?s={search_term_string}\"},\"query-input\":{\"@type\":\"PropertyValueSpecification\",\"valueRequired\":true,\"valueName\":\"search_term_string\"}}],\"inLanguage\":\"es\"},{\"@type\":[\"Person\",\"Organization\"],\"@id\":\"https:\/\/www.fraczinet.cl\/sitio\/#\/schema\/person\/aec8ee4da68df2b9b0eefdad24a0d582\",\"name\":\"Luis Fernando Fraczinet\",\"image\":{\"@type\":\"ImageObject\",\"inLanguage\":\"es\",\"@id\":\"https:\/\/www.fraczinet.cl\/sitio\/#\/schema\/person\/image\/\",\"url\":\"https:\/\/www.fraczinet.cl\/sitio\/wp-content\/uploads\/2021\/07\/bannerlogo-1.gif\",\"contentUrl\":\"https:\/\/www.fraczinet.cl\/sitio\/wp-content\/uploads\/2021\/07\/bannerlogo-1.gif\",\"width\":159,\"height\":79,\"caption\":\"Luis Fernando Fraczinet\"},\"logo\":{\"@id\":\"https:\/\/www.fraczinet.cl\/sitio\/#\/schema\/person\/image\/\"},\"sameAs\":[\"https:\/\/www.fraczinet.cl\/sitio\/\"]},{\"@type\":\"Person\",\"@id\":\"https:\/\/www.fraczinet.cl\/sitio\/#\/schema\/person\/bc30f98e9cb10ae7e119dbe14bc93784\",\"name\":\"admin\",\"image\":{\"@type\":\"ImageObject\",\"inLanguage\":\"es\",\"@id\":\"https:\/\/www.fraczinet.cl\/sitio\/#\/schema\/person\/image\/\",\"url\":\"https:\/\/secure.gravatar.com\/avatar\/d5ad3cf7ef3b23a2bb5be73be780c86b2fc8545c3ad6b149f3913ff458c00099?s=96&d=mm&r=g\",\"contentUrl\":\"https:\/\/secure.gravatar.com\/avatar\/d5ad3cf7ef3b23a2bb5be73be780c86b2fc8545c3ad6b149f3913ff458c00099?s=96&d=mm&r=g\",\"caption\":\"admin\"},\"sameAs\":[\"https:\/\/www.fraczinet.cl\/sitio\"]}]}<\/script>\n<!-- \/ Yoast SEO plugin. -->","yoast_head_json":{"title":"Angelines Fern\u00e1ndez, Un Bruja Muy Valiente - Nuestro Bio B\u00edo","robots":{"index":"index","follow":"follow","max-snippet":"max-snippet:-1","max-image-preview":"max-image-preview:large","max-video-preview":"max-video-preview:-1"},"canonical":"https:\/\/www.fraczinet.cl\/sitio\/2022\/01\/09\/angelines-fernandez-un-bruja-muy-valiente\/","og_locale":"es_ES","og_type":"article","og_title":"Angelines Fern\u00e1ndez, Un Bruja Muy Valiente - Nuestro Bio B\u00edo","og_description":"Todos la conocemos por su personaje de Do\u00f1a Clotilde en el programa humor\u00edstico El Chavo del Ocho. Se trata de la actriz Angelines Fern\u00e1ndez, cuyo pasado como guerrillera a\u00fan es desconocido por muchos. Mar\u00eda de los \u00c1ngeles Fern\u00e1ndez Abad naci\u00f3 en Madrid, Espa\u00f1a, el 9 de junio de 1924. A los catorce a\u00f1os ya manifestaba [&hellip;]","og_url":"https:\/\/www.fraczinet.cl\/sitio\/2022\/01\/09\/angelines-fernandez-un-bruja-muy-valiente\/","og_site_name":"Nuestro Bio B\u00edo","article_published_time":"2022-01-09T18:09:12+00:00","article_modified_time":"2022-01-09T18:16:05+00:00","og_image":[{"width":307,"height":243,"url":"https:\/\/www.fraczinet.cl\/sitio\/wp-content\/uploads\/2022\/01\/PSX_20220109_151350.jpg","type":"image\/jpeg"}],"author":"admin","twitter_card":"summary_large_image","twitter_creator":"@nuestrobiobio","twitter_site":"@nuestrobiobio","twitter_misc":{"Escrito por":"admin","Tiempo de lectura":"5 minutos"},"schema":{"@context":"https:\/\/schema.org","@graph":[{"@type":"Article","@id":"https:\/\/www.fraczinet.cl\/sitio\/2022\/01\/09\/angelines-fernandez-un-bruja-muy-valiente\/#article","isPartOf":{"@id":"https:\/\/www.fraczinet.cl\/sitio\/2022\/01\/09\/angelines-fernandez-un-bruja-muy-valiente\/"},"author":{"name":"admin","@id":"https:\/\/www.fraczinet.cl\/sitio\/#\/schema\/person\/bc30f98e9cb10ae7e119dbe14bc93784"},"headline":"Angelines Fern\u00e1ndez, Un Bruja Muy Valiente","datePublished":"2022-01-09T18:09:12+00:00","dateModified":"2022-01-09T18:16:05+00:00","mainEntityOfPage":{"@id":"https:\/\/www.fraczinet.cl\/sitio\/2022\/01\/09\/angelines-fernandez-un-bruja-muy-valiente\/"},"wordCount":947,"commentCount":0,"publisher":{"@id":"https:\/\/www.fraczinet.cl\/sitio\/#\/schema\/person\/aec8ee4da68df2b9b0eefdad24a0d582"},"image":{"@id":"https:\/\/www.fraczinet.cl\/sitio\/2022\/01\/09\/angelines-fernandez-un-bruja-muy-valiente\/#primaryimage"},"thumbnailUrl":"https:\/\/www.fraczinet.cl\/sitio\/wp-content\/uploads\/2022\/01\/PSX_20220109_151350.jpg","articleSection":["Cine","Historia","Personajes","Teatro"],"inLanguage":"es","potentialAction":[{"@type":"CommentAction","name":"Comment","target":["https:\/\/www.fraczinet.cl\/sitio\/2022\/01\/09\/angelines-fernandez-un-bruja-muy-valiente\/#respond"]}]},{"@type":"WebPage","@id":"https:\/\/www.fraczinet.cl\/sitio\/2022\/01\/09\/angelines-fernandez-un-bruja-muy-valiente\/","url":"https:\/\/www.fraczinet.cl\/sitio\/2022\/01\/09\/angelines-fernandez-un-bruja-muy-valiente\/","name":"Angelines Fern\u00e1ndez, Un Bruja Muy Valiente - Nuestro Bio B\u00edo","isPartOf":{"@id":"https:\/\/www.fraczinet.cl\/sitio\/#website"},"primaryImageOfPage":{"@id":"https:\/\/www.fraczinet.cl\/sitio\/2022\/01\/09\/angelines-fernandez-un-bruja-muy-valiente\/#primaryimage"},"image":{"@id":"https:\/\/www.fraczinet.cl\/sitio\/2022\/01\/09\/angelines-fernandez-un-bruja-muy-valiente\/#primaryimage"},"thumbnailUrl":"https:\/\/www.fraczinet.cl\/sitio\/wp-content\/uploads\/2022\/01\/PSX_20220109_151350.jpg","datePublished":"2022-01-09T18:09:12+00:00","dateModified":"2022-01-09T18:16:05+00:00","breadcrumb":{"@id":"https:\/\/www.fraczinet.cl\/sitio\/2022\/01\/09\/angelines-fernandez-un-bruja-muy-valiente\/#breadcrumb"},"inLanguage":"es","potentialAction":[{"@type":"ReadAction","target":["https:\/\/www.fraczinet.cl\/sitio\/2022\/01\/09\/angelines-fernandez-un-bruja-muy-valiente\/"]}]},{"@type":"ImageObject","inLanguage":"es","@id":"https:\/\/www.fraczinet.cl\/sitio\/2022\/01\/09\/angelines-fernandez-un-bruja-muy-valiente\/#primaryimage","url":"https:\/\/www.fraczinet.cl\/sitio\/wp-content\/uploads\/2022\/01\/PSX_20220109_151350.jpg","contentUrl":"https:\/\/www.fraczinet.cl\/sitio\/wp-content\/uploads\/2022\/01\/PSX_20220109_151350.jpg","width":307,"height":243},{"@type":"BreadcrumbList","@id":"https:\/\/www.fraczinet.cl\/sitio\/2022\/01\/09\/angelines-fernandez-un-bruja-muy-valiente\/#breadcrumb","itemListElement":[{"@type":"ListItem","position":1,"name":"Portada","item":"https:\/\/www.fraczinet.cl\/sitio\/"},{"@type":"ListItem","position":2,"name":"Angelines Fern\u00e1ndez, Un Bruja Muy Valiente"}]},{"@type":"WebSite","@id":"https:\/\/www.fraczinet.cl\/sitio\/#website","url":"https:\/\/www.fraczinet.cl\/sitio\/","name":"Nuestro Bio B\u00edo","description":"Tierra de Encuentros","publisher":{"@id":"https:\/\/www.fraczinet.cl\/sitio\/#\/schema\/person\/aec8ee4da68df2b9b0eefdad24a0d582"},"potentialAction":[{"@type":"SearchAction","target":{"@type":"EntryPoint","urlTemplate":"https:\/\/www.fraczinet.cl\/sitio\/?s={search_term_string}"},"query-input":{"@type":"PropertyValueSpecification","valueRequired":true,"valueName":"search_term_string"}}],"inLanguage":"es"},{"@type":["Person","Organization"],"@id":"https:\/\/www.fraczinet.cl\/sitio\/#\/schema\/person\/aec8ee4da68df2b9b0eefdad24a0d582","name":"Luis Fernando Fraczinet","image":{"@type":"ImageObject","inLanguage":"es","@id":"https:\/\/www.fraczinet.cl\/sitio\/#\/schema\/person\/image\/","url":"https:\/\/www.fraczinet.cl\/sitio\/wp-content\/uploads\/2021\/07\/bannerlogo-1.gif","contentUrl":"https:\/\/www.fraczinet.cl\/sitio\/wp-content\/uploads\/2021\/07\/bannerlogo-1.gif","width":159,"height":79,"caption":"Luis Fernando Fraczinet"},"logo":{"@id":"https:\/\/www.fraczinet.cl\/sitio\/#\/schema\/person\/image\/"},"sameAs":["https:\/\/www.fraczinet.cl\/sitio\/"]},{"@type":"Person","@id":"https:\/\/www.fraczinet.cl\/sitio\/#\/schema\/person\/bc30f98e9cb10ae7e119dbe14bc93784","name":"admin","image":{"@type":"ImageObject","inLanguage":"es","@id":"https:\/\/www.fraczinet.cl\/sitio\/#\/schema\/person\/image\/","url":"https:\/\/secure.gravatar.com\/avatar\/d5ad3cf7ef3b23a2bb5be73be780c86b2fc8545c3ad6b149f3913ff458c00099?s=96&d=mm&r=g","contentUrl":"https:\/\/secure.gravatar.com\/avatar\/d5ad3cf7ef3b23a2bb5be73be780c86b2fc8545c3ad6b149f3913ff458c00099?s=96&d=mm&r=g","caption":"admin"},"sameAs":["https:\/\/www.fraczinet.cl\/sitio"]}]}},"_links":{"self":[{"href":"https:\/\/www.fraczinet.cl\/sitio\/wp-json\/wp\/v2\/posts\/9723","targetHints":{"allow":["GET"]}}],"collection":[{"href":"https:\/\/www.fraczinet.cl\/sitio\/wp-json\/wp\/v2\/posts"}],"about":[{"href":"https:\/\/www.fraczinet.cl\/sitio\/wp-json\/wp\/v2\/types\/post"}],"author":[{"embeddable":true,"href":"https:\/\/www.fraczinet.cl\/sitio\/wp-json\/wp\/v2\/users\/1"}],"replies":[{"embeddable":true,"href":"https:\/\/www.fraczinet.cl\/sitio\/wp-json\/wp\/v2\/comments?post=9723"}],"version-history":[{"count":3,"href":"https:\/\/www.fraczinet.cl\/sitio\/wp-json\/wp\/v2\/posts\/9723\/revisions"}],"predecessor-version":[{"id":9735,"href":"https:\/\/www.fraczinet.cl\/sitio\/wp-json\/wp\/v2\/posts\/9723\/revisions\/9735"}],"wp:featuredmedia":[{"embeddable":true,"href":"https:\/\/www.fraczinet.cl\/sitio\/wp-json\/wp\/v2\/media\/9734"}],"wp:attachment":[{"href":"https:\/\/www.fraczinet.cl\/sitio\/wp-json\/wp\/v2\/media?parent=9723"}],"wp:term":[{"taxonomy":"category","embeddable":true,"href":"https:\/\/www.fraczinet.cl\/sitio\/wp-json\/wp\/v2\/categories?post=9723"},{"taxonomy":"post_tag","embeddable":true,"href":"https:\/\/www.fraczinet.cl\/sitio\/wp-json\/wp\/v2\/tags?post=9723"}],"curies":[{"name":"wp","href":"https:\/\/api.w.org\/{rel}","templated":true}]}}