{"id":9963,"date":"2022-01-17T01:33:57","date_gmt":"2022-01-17T01:33:57","guid":{"rendered":"https:\/\/www.fraczinet.cl\/sitio\/?p=9963"},"modified":"2022-01-17T13:51:18","modified_gmt":"2022-01-17T13:51:18","slug":"la-rosa-de-luxemburgo-1986-cine","status":"publish","type":"post","link":"https:\/\/www.fraczinet.cl\/sitio\/2022\/01\/17\/la-rosa-de-luxemburgo-1986-cine\/","title":{"rendered":"Rosa de Luxemburgo 1986 &#8211; Cine"},"content":{"rendered":"\t\t<div data-elementor-type=\"wp-post\" data-elementor-id=\"9963\" class=\"elementor elementor-9963\">\n\t\t\t\t\t\t<section class=\"elementor-section elementor-top-section elementor-element elementor-element-e35dfaf elementor-section-boxed elementor-section-height-default elementor-section-height-default\" data-id=\"e35dfaf\" data-element_type=\"section\">\n\t\t\t\t\t\t<div class=\"elementor-container elementor-column-gap-default\">\n\t\t\t\t\t<div class=\"elementor-column elementor-col-100 elementor-top-column elementor-element elementor-element-547284d\" data-id=\"547284d\" data-element_type=\"column\">\n\t\t\t<div class=\"elementor-widget-wrap elementor-element-populated\">\n\t\t\t\t\t\t<div class=\"elementor-element elementor-element-69b48bb elementor-widget elementor-widget-text-editor\" data-id=\"69b48bb\" data-element_type=\"widget\" data-widget_type=\"text-editor.default\">\n\t\t\t\t<div class=\"elementor-widget-container\">\n\t\t\t\t\t\t\t\t\t<p>A 103 a\u00f1os del asesinato de la Rosa Roja.<\/p><p><img fetchpriority=\"high\" decoding=\"async\" class=\"alignleft wp-image-9965 size-medium\" src=\"https:\/\/www.fraczinet.cl\/sitio\/wp-content\/uploads\/2022\/01\/rosa-luxemburgo-1-218x300.jpg\" alt=\"\" width=\"218\" height=\"300\" srcset=\"https:\/\/www.fraczinet.cl\/sitio\/wp-content\/uploads\/2022\/01\/rosa-luxemburgo-1-218x300.jpg 218w, https:\/\/www.fraczinet.cl\/sitio\/wp-content\/uploads\/2022\/01\/rosa-luxemburgo-1.jpg 290w\" sizes=\"(max-width: 218px) 100vw, 218px\" \/><\/p><p>\u00a0<\/p><p>La noche del 15 de enero de 1919, hombres del cuerpo de asalto del gobierno alem\u00e1n asesinaron a Rosa Luxemburgo y arrojaron su cad\u00e1ver a un canal. Al d\u00eda siguiente todo Berl\u00edn sab\u00eda que la Rosa Roja, la mujer que en los \u00faltimos veinte a\u00f1os hab\u00eda desafiado a los poderosos, estaba muerta.<\/p><div dir=\"auto\">\u00a0<\/div><div dir=\"auto\">El film retrata la vida de la l\u00edder revolucionaria y te\u00f3rica marxista, sus comienzos como periodista pol\u00edtica y militante del partido socialdem\u00f3crata alem\u00e1n, la formaci\u00f3n de la Liga Espartaco junto a Karl Liebknecht, Franz Mehring y Clara Zetkin, su estad\u00eda en Varsovia para prestar apoyo a la Revoluci\u00f3n Rusa, su posterior detenci\u00f3n, el regreso a Berl\u00edn, las continuas entradas y salidas de la c\u00e1rcel hasta su asesinato junto a Karl Liebknecht y Wilhelm Pieck.<\/div><div dir=\"auto\">\u00a0<\/div><div dir=\"auto\">\u00a0<\/div><div dir=\"auto\">Con gran rigor hist\u00f3rico y un enorme trabajo de investigaci\u00f3n que incluy\u00f3 la lectura de unas 2.000 cartas personales y todos sus discursos pol\u00edticos, Von Trotta nos muestra una mujer de gran personalidad, tenaz luchadora por la liberaci\u00f3n de la clase obrera y los derechos de los oprimidos.<\/div><div dir=\"auto\">\u00a0<\/div><div dir=\"auto\"><div class=\"kvgmc6g5 cxmmr5t8 oygrvhab hcukyx3x c1et5uql ii04i59q\"><div dir=\"auto\">\u00a0<\/div><\/div><div class=\"cxmmr5t8 oygrvhab hcukyx3x c1et5uql o9v6fnle ii04i59q\"><div dir=\"auto\">Alemania<\/div><div dir=\"auto\">ROSA LUXEMBURG (1986)<\/div><div dir=\"auto\">Margarethe von Trotta<\/div><div dir=\"auto\">\u00a0<\/div><\/div><\/div>\t\t\t\t\t\t\t\t<\/div>\n\t\t\t\t<\/div>\n\t\t\t\t\t<\/div>\n\t\t<\/div>\n\t\t\t\t\t<\/div>\n\t\t<\/section>\n\t\t\t\t<section class=\"elementor-section elementor-top-section elementor-element elementor-element-185f6c4 elementor-section-boxed elementor-section-height-default elementor-section-height-default\" data-id=\"185f6c4\" data-element_type=\"section\">\n\t\t\t\t\t\t<div class=\"elementor-container elementor-column-gap-default\">\n\t\t\t\t\t<div class=\"elementor-column elementor-col-100 elementor-top-column elementor-element elementor-element-6c7da03\" data-id=\"6c7da03\" data-element_type=\"column\">\n\t\t\t<div class=\"elementor-widget-wrap elementor-element-populated\">\n\t\t\t\t\t\t<div class=\"elementor-element elementor-element-73169e0 elementor-widget elementor-widget-video\" data-id=\"73169e0\" data-element_type=\"widget\" data-settings=\"{&quot;youtube_url&quot;:&quot;https:\\\/\\\/www.youtube.com\\\/watch?v=LofL6gntN6U&amp;t=1376s&quot;,&quot;video_type&quot;:&quot;youtube&quot;,&quot;controls&quot;:&quot;yes&quot;}\" data-widget_type=\"video.default\">\n\t\t\t\t<div class=\"elementor-widget-container\">\n\t\t\t\t\t\t\t<div class=\"elementor-wrapper elementor-open-inline\">\n\t\t\t<div class=\"elementor-video\"><\/div>\t\t<\/div>\n\t\t\t\t\t\t<\/div>\n\t\t\t\t<\/div>\n\t\t\t\t\t<\/div>\n\t\t<\/div>\n\t\t\t\t\t<\/div>\n\t\t<\/section>\n\t\t\t\t<\/div>\n\t\t","protected":false},"excerpt":{"rendered":"<p>A 103 a\u00f1os del asesinato de la Rosa Roja. La noche del 15 de enero de 1919, hombres del cuerpo de asalto del gobierno alem\u00e1n asesinaron a Rosa Luxemburgo y arrojaron su cad\u00e1ver a un canal. Al d\u00eda siguiente todo Berl\u00edn sab\u00eda que la Rosa Roja, la mujer que en los \u00faltimos veinte a\u00f1os hab\u00eda [&hellip;]<\/p>\n","protected":false},"author":1,"featured_media":9965,"comment_status":"open","ping_status":"open","sticky":false,"template":"","format":"standard","meta":{"footnotes":""},"categories":[32,10,41],"tags":[],"class_list":["post-9963","post","type-post","status-publish","format-standard","has-post-thumbnail","hentry","category-cine","category-historia","category-videos"],"yoast_head":"<!-- This site is optimized with the Yoast SEO plugin v25.0 - https:\/\/yoast.com\/wordpress\/plugins\/seo\/ -->\n<title>Rosa de Luxemburgo 1986 - Cine - Nuestro Bio B\u00edo<\/title>\n<meta name=\"robots\" content=\"index, follow, max-snippet:-1, max-image-preview:large, max-video-preview:-1\" \/>\n<link rel=\"canonical\" href=\"https:\/\/www.fraczinet.cl\/sitio\/2022\/01\/17\/la-rosa-de-luxemburgo-1986-cine\/\" \/>\n<meta property=\"og:locale\" content=\"es_ES\" \/>\n<meta property=\"og:type\" content=\"article\" \/>\n<meta property=\"og:title\" content=\"Rosa de Luxemburgo 1986 - Cine - Nuestro Bio B\u00edo\" \/>\n<meta property=\"og:description\" content=\"A 103 a\u00f1os del asesinato de la Rosa Roja. La noche del 15 de enero de 1919, hombres del cuerpo de asalto del gobierno alem\u00e1n asesinaron a Rosa Luxemburgo y arrojaron su cad\u00e1ver a un canal. Al d\u00eda siguiente todo Berl\u00edn sab\u00eda que la Rosa Roja, la mujer que en los \u00faltimos veinte a\u00f1os hab\u00eda [&hellip;]\" \/>\n<meta property=\"og:url\" content=\"https:\/\/www.fraczinet.cl\/sitio\/2022\/01\/17\/la-rosa-de-luxemburgo-1986-cine\/\" \/>\n<meta property=\"og:site_name\" content=\"Nuestro Bio B\u00edo\" \/>\n<meta property=\"article:published_time\" content=\"2022-01-17T01:33:57+00:00\" \/>\n<meta property=\"article:modified_time\" content=\"2022-01-17T13:51:18+00:00\" \/>\n<meta property=\"og:image\" content=\"https:\/\/www.fraczinet.cl\/sitio\/wp-content\/uploads\/2022\/01\/rosa-luxemburgo-1.jpg\" \/>\n\t<meta property=\"og:image:width\" content=\"290\" \/>\n\t<meta property=\"og:image:height\" content=\"400\" \/>\n\t<meta property=\"og:image:type\" content=\"image\/jpeg\" \/>\n<meta name=\"author\" content=\"admin\" \/>\n<meta name=\"twitter:card\" content=\"summary_large_image\" \/>\n<meta name=\"twitter:creator\" content=\"@nuestrobiobio\" \/>\n<meta name=\"twitter:site\" content=\"@nuestrobiobio\" \/>\n<meta name=\"twitter:label1\" content=\"Escrito por\" \/>\n\t<meta name=\"twitter:data1\" content=\"admin\" \/>\n\t<meta name=\"twitter:label2\" content=\"Tiempo de lectura\" \/>\n\t<meta name=\"twitter:data2\" content=\"1 minuto\" \/>\n<script type=\"application\/ld+json\" class=\"yoast-schema-graph\">{\"@context\":\"https:\/\/schema.org\",\"@graph\":[{\"@type\":\"Article\",\"@id\":\"https:\/\/www.fraczinet.cl\/sitio\/2022\/01\/17\/la-rosa-de-luxemburgo-1986-cine\/#article\",\"isPartOf\":{\"@id\":\"https:\/\/www.fraczinet.cl\/sitio\/2022\/01\/17\/la-rosa-de-luxemburgo-1986-cine\/\"},\"author\":{\"name\":\"admin\",\"@id\":\"https:\/\/www.fraczinet.cl\/sitio\/#\/schema\/person\/bc30f98e9cb10ae7e119dbe14bc93784\"},\"headline\":\"Rosa de Luxemburgo 1986 &#8211; Cine\",\"datePublished\":\"2022-01-17T01:33:57+00:00\",\"dateModified\":\"2022-01-17T13:51:18+00:00\",\"mainEntityOfPage\":{\"@id\":\"https:\/\/www.fraczinet.cl\/sitio\/2022\/01\/17\/la-rosa-de-luxemburgo-1986-cine\/\"},\"wordCount\":230,\"commentCount\":0,\"publisher\":{\"@id\":\"https:\/\/www.fraczinet.cl\/sitio\/#\/schema\/person\/aec8ee4da68df2b9b0eefdad24a0d582\"},\"image\":{\"@id\":\"https:\/\/www.fraczinet.cl\/sitio\/2022\/01\/17\/la-rosa-de-luxemburgo-1986-cine\/#primaryimage\"},\"thumbnailUrl\":\"https:\/\/www.fraczinet.cl\/sitio\/wp-content\/uploads\/2022\/01\/rosa-luxemburgo-1.jpg\",\"articleSection\":[\"Cine\",\"Historia\",\"Videos\"],\"inLanguage\":\"es\",\"potentialAction\":[{\"@type\":\"CommentAction\",\"name\":\"Comment\",\"target\":[\"https:\/\/www.fraczinet.cl\/sitio\/2022\/01\/17\/la-rosa-de-luxemburgo-1986-cine\/#respond\"]}]},{\"@type\":\"WebPage\",\"@id\":\"https:\/\/www.fraczinet.cl\/sitio\/2022\/01\/17\/la-rosa-de-luxemburgo-1986-cine\/\",\"url\":\"https:\/\/www.fraczinet.cl\/sitio\/2022\/01\/17\/la-rosa-de-luxemburgo-1986-cine\/\",\"name\":\"Rosa de Luxemburgo 1986 - Cine - Nuestro Bio B\u00edo\",\"isPartOf\":{\"@id\":\"https:\/\/www.fraczinet.cl\/sitio\/#website\"},\"primaryImageOfPage\":{\"@id\":\"https:\/\/www.fraczinet.cl\/sitio\/2022\/01\/17\/la-rosa-de-luxemburgo-1986-cine\/#primaryimage\"},\"image\":{\"@id\":\"https:\/\/www.fraczinet.cl\/sitio\/2022\/01\/17\/la-rosa-de-luxemburgo-1986-cine\/#primaryimage\"},\"thumbnailUrl\":\"https:\/\/www.fraczinet.cl\/sitio\/wp-content\/uploads\/2022\/01\/rosa-luxemburgo-1.jpg\",\"datePublished\":\"2022-01-17T01:33:57+00:00\",\"dateModified\":\"2022-01-17T13:51:18+00:00\",\"breadcrumb\":{\"@id\":\"https:\/\/www.fraczinet.cl\/sitio\/2022\/01\/17\/la-rosa-de-luxemburgo-1986-cine\/#breadcrumb\"},\"inLanguage\":\"es\",\"potentialAction\":[{\"@type\":\"ReadAction\",\"target\":[\"https:\/\/www.fraczinet.cl\/sitio\/2022\/01\/17\/la-rosa-de-luxemburgo-1986-cine\/\"]}]},{\"@type\":\"ImageObject\",\"inLanguage\":\"es\",\"@id\":\"https:\/\/www.fraczinet.cl\/sitio\/2022\/01\/17\/la-rosa-de-luxemburgo-1986-cine\/#primaryimage\",\"url\":\"https:\/\/www.fraczinet.cl\/sitio\/wp-content\/uploads\/2022\/01\/rosa-luxemburgo-1.jpg\",\"contentUrl\":\"https:\/\/www.fraczinet.cl\/sitio\/wp-content\/uploads\/2022\/01\/rosa-luxemburgo-1.jpg\",\"width\":290,\"height\":400},{\"@type\":\"BreadcrumbList\",\"@id\":\"https:\/\/www.fraczinet.cl\/sitio\/2022\/01\/17\/la-rosa-de-luxemburgo-1986-cine\/#breadcrumb\",\"itemListElement\":[{\"@type\":\"ListItem\",\"position\":1,\"name\":\"Portada\",\"item\":\"https:\/\/www.fraczinet.cl\/sitio\/\"},{\"@type\":\"ListItem\",\"position\":2,\"name\":\"Rosa de Luxemburgo 1986 &#8211; Cine\"}]},{\"@type\":\"WebSite\",\"@id\":\"https:\/\/www.fraczinet.cl\/sitio\/#website\",\"url\":\"https:\/\/www.fraczinet.cl\/sitio\/\",\"name\":\"Nuestro Bio B\u00edo\",\"description\":\"Tierra de Encuentros\",\"publisher\":{\"@id\":\"https:\/\/www.fraczinet.cl\/sitio\/#\/schema\/person\/aec8ee4da68df2b9b0eefdad24a0d582\"},\"potentialAction\":[{\"@type\":\"SearchAction\",\"target\":{\"@type\":\"EntryPoint\",\"urlTemplate\":\"https:\/\/www.fraczinet.cl\/sitio\/?s={search_term_string}\"},\"query-input\":{\"@type\":\"PropertyValueSpecification\",\"valueRequired\":true,\"valueName\":\"search_term_string\"}}],\"inLanguage\":\"es\"},{\"@type\":[\"Person\",\"Organization\"],\"@id\":\"https:\/\/www.fraczinet.cl\/sitio\/#\/schema\/person\/aec8ee4da68df2b9b0eefdad24a0d582\",\"name\":\"Luis Fernando Fraczinet\",\"image\":{\"@type\":\"ImageObject\",\"inLanguage\":\"es\",\"@id\":\"https:\/\/www.fraczinet.cl\/sitio\/#\/schema\/person\/image\/\",\"url\":\"https:\/\/www.fraczinet.cl\/sitio\/wp-content\/uploads\/2021\/07\/bannerlogo-1.gif\",\"contentUrl\":\"https:\/\/www.fraczinet.cl\/sitio\/wp-content\/uploads\/2021\/07\/bannerlogo-1.gif\",\"width\":159,\"height\":79,\"caption\":\"Luis Fernando Fraczinet\"},\"logo\":{\"@id\":\"https:\/\/www.fraczinet.cl\/sitio\/#\/schema\/person\/image\/\"},\"sameAs\":[\"https:\/\/www.fraczinet.cl\/sitio\/\"]},{\"@type\":\"Person\",\"@id\":\"https:\/\/www.fraczinet.cl\/sitio\/#\/schema\/person\/bc30f98e9cb10ae7e119dbe14bc93784\",\"name\":\"admin\",\"image\":{\"@type\":\"ImageObject\",\"inLanguage\":\"es\",\"@id\":\"https:\/\/www.fraczinet.cl\/sitio\/#\/schema\/person\/image\/\",\"url\":\"https:\/\/secure.gravatar.com\/avatar\/d5ad3cf7ef3b23a2bb5be73be780c86b2fc8545c3ad6b149f3913ff458c00099?s=96&d=mm&r=g\",\"contentUrl\":\"https:\/\/secure.gravatar.com\/avatar\/d5ad3cf7ef3b23a2bb5be73be780c86b2fc8545c3ad6b149f3913ff458c00099?s=96&d=mm&r=g\",\"caption\":\"admin\"},\"sameAs\":[\"https:\/\/www.fraczinet.cl\/sitio\"]}]}<\/script>\n<!-- \/ Yoast SEO plugin. -->","yoast_head_json":{"title":"Rosa de Luxemburgo 1986 - Cine - Nuestro Bio B\u00edo","robots":{"index":"index","follow":"follow","max-snippet":"max-snippet:-1","max-image-preview":"max-image-preview:large","max-video-preview":"max-video-preview:-1"},"canonical":"https:\/\/www.fraczinet.cl\/sitio\/2022\/01\/17\/la-rosa-de-luxemburgo-1986-cine\/","og_locale":"es_ES","og_type":"article","og_title":"Rosa de Luxemburgo 1986 - Cine - Nuestro Bio B\u00edo","og_description":"A 103 a\u00f1os del asesinato de la Rosa Roja. La noche del 15 de enero de 1919, hombres del cuerpo de asalto del gobierno alem\u00e1n asesinaron a Rosa Luxemburgo y arrojaron su cad\u00e1ver a un canal. Al d\u00eda siguiente todo Berl\u00edn sab\u00eda que la Rosa Roja, la mujer que en los \u00faltimos veinte a\u00f1os hab\u00eda [&hellip;]","og_url":"https:\/\/www.fraczinet.cl\/sitio\/2022\/01\/17\/la-rosa-de-luxemburgo-1986-cine\/","og_site_name":"Nuestro Bio B\u00edo","article_published_time":"2022-01-17T01:33:57+00:00","article_modified_time":"2022-01-17T13:51:18+00:00","og_image":[{"width":290,"height":400,"url":"https:\/\/www.fraczinet.cl\/sitio\/wp-content\/uploads\/2022\/01\/rosa-luxemburgo-1.jpg","type":"image\/jpeg"}],"author":"admin","twitter_card":"summary_large_image","twitter_creator":"@nuestrobiobio","twitter_site":"@nuestrobiobio","twitter_misc":{"Escrito por":"admin","Tiempo de lectura":"1 minuto"},"schema":{"@context":"https:\/\/schema.org","@graph":[{"@type":"Article","@id":"https:\/\/www.fraczinet.cl\/sitio\/2022\/01\/17\/la-rosa-de-luxemburgo-1986-cine\/#article","isPartOf":{"@id":"https:\/\/www.fraczinet.cl\/sitio\/2022\/01\/17\/la-rosa-de-luxemburgo-1986-cine\/"},"author":{"name":"admin","@id":"https:\/\/www.fraczinet.cl\/sitio\/#\/schema\/person\/bc30f98e9cb10ae7e119dbe14bc93784"},"headline":"Rosa de Luxemburgo 1986 &#8211; Cine","datePublished":"2022-01-17T01:33:57+00:00","dateModified":"2022-01-17T13:51:18+00:00","mainEntityOfPage":{"@id":"https:\/\/www.fraczinet.cl\/sitio\/2022\/01\/17\/la-rosa-de-luxemburgo-1986-cine\/"},"wordCount":230,"commentCount":0,"publisher":{"@id":"https:\/\/www.fraczinet.cl\/sitio\/#\/schema\/person\/aec8ee4da68df2b9b0eefdad24a0d582"},"image":{"@id":"https:\/\/www.fraczinet.cl\/sitio\/2022\/01\/17\/la-rosa-de-luxemburgo-1986-cine\/#primaryimage"},"thumbnailUrl":"https:\/\/www.fraczinet.cl\/sitio\/wp-content\/uploads\/2022\/01\/rosa-luxemburgo-1.jpg","articleSection":["Cine","Historia","Videos"],"inLanguage":"es","potentialAction":[{"@type":"CommentAction","name":"Comment","target":["https:\/\/www.fraczinet.cl\/sitio\/2022\/01\/17\/la-rosa-de-luxemburgo-1986-cine\/#respond"]}]},{"@type":"WebPage","@id":"https:\/\/www.fraczinet.cl\/sitio\/2022\/01\/17\/la-rosa-de-luxemburgo-1986-cine\/","url":"https:\/\/www.fraczinet.cl\/sitio\/2022\/01\/17\/la-rosa-de-luxemburgo-1986-cine\/","name":"Rosa de Luxemburgo 1986 - Cine - Nuestro Bio B\u00edo","isPartOf":{"@id":"https:\/\/www.fraczinet.cl\/sitio\/#website"},"primaryImageOfPage":{"@id":"https:\/\/www.fraczinet.cl\/sitio\/2022\/01\/17\/la-rosa-de-luxemburgo-1986-cine\/#primaryimage"},"image":{"@id":"https:\/\/www.fraczinet.cl\/sitio\/2022\/01\/17\/la-rosa-de-luxemburgo-1986-cine\/#primaryimage"},"thumbnailUrl":"https:\/\/www.fraczinet.cl\/sitio\/wp-content\/uploads\/2022\/01\/rosa-luxemburgo-1.jpg","datePublished":"2022-01-17T01:33:57+00:00","dateModified":"2022-01-17T13:51:18+00:00","breadcrumb":{"@id":"https:\/\/www.fraczinet.cl\/sitio\/2022\/01\/17\/la-rosa-de-luxemburgo-1986-cine\/#breadcrumb"},"inLanguage":"es","potentialAction":[{"@type":"ReadAction","target":["https:\/\/www.fraczinet.cl\/sitio\/2022\/01\/17\/la-rosa-de-luxemburgo-1986-cine\/"]}]},{"@type":"ImageObject","inLanguage":"es","@id":"https:\/\/www.fraczinet.cl\/sitio\/2022\/01\/17\/la-rosa-de-luxemburgo-1986-cine\/#primaryimage","url":"https:\/\/www.fraczinet.cl\/sitio\/wp-content\/uploads\/2022\/01\/rosa-luxemburgo-1.jpg","contentUrl":"https:\/\/www.fraczinet.cl\/sitio\/wp-content\/uploads\/2022\/01\/rosa-luxemburgo-1.jpg","width":290,"height":400},{"@type":"BreadcrumbList","@id":"https:\/\/www.fraczinet.cl\/sitio\/2022\/01\/17\/la-rosa-de-luxemburgo-1986-cine\/#breadcrumb","itemListElement":[{"@type":"ListItem","position":1,"name":"Portada","item":"https:\/\/www.fraczinet.cl\/sitio\/"},{"@type":"ListItem","position":2,"name":"Rosa de Luxemburgo 1986 &#8211; Cine"}]},{"@type":"WebSite","@id":"https:\/\/www.fraczinet.cl\/sitio\/#website","url":"https:\/\/www.fraczinet.cl\/sitio\/","name":"Nuestro Bio B\u00edo","description":"Tierra de Encuentros","publisher":{"@id":"https:\/\/www.fraczinet.cl\/sitio\/#\/schema\/person\/aec8ee4da68df2b9b0eefdad24a0d582"},"potentialAction":[{"@type":"SearchAction","target":{"@type":"EntryPoint","urlTemplate":"https:\/\/www.fraczinet.cl\/sitio\/?s={search_term_string}"},"query-input":{"@type":"PropertyValueSpecification","valueRequired":true,"valueName":"search_term_string"}}],"inLanguage":"es"},{"@type":["Person","Organization"],"@id":"https:\/\/www.fraczinet.cl\/sitio\/#\/schema\/person\/aec8ee4da68df2b9b0eefdad24a0d582","name":"Luis Fernando Fraczinet","image":{"@type":"ImageObject","inLanguage":"es","@id":"https:\/\/www.fraczinet.cl\/sitio\/#\/schema\/person\/image\/","url":"https:\/\/www.fraczinet.cl\/sitio\/wp-content\/uploads\/2021\/07\/bannerlogo-1.gif","contentUrl":"https:\/\/www.fraczinet.cl\/sitio\/wp-content\/uploads\/2021\/07\/bannerlogo-1.gif","width":159,"height":79,"caption":"Luis Fernando Fraczinet"},"logo":{"@id":"https:\/\/www.fraczinet.cl\/sitio\/#\/schema\/person\/image\/"},"sameAs":["https:\/\/www.fraczinet.cl\/sitio\/"]},{"@type":"Person","@id":"https:\/\/www.fraczinet.cl\/sitio\/#\/schema\/person\/bc30f98e9cb10ae7e119dbe14bc93784","name":"admin","image":{"@type":"ImageObject","inLanguage":"es","@id":"https:\/\/www.fraczinet.cl\/sitio\/#\/schema\/person\/image\/","url":"https:\/\/secure.gravatar.com\/avatar\/d5ad3cf7ef3b23a2bb5be73be780c86b2fc8545c3ad6b149f3913ff458c00099?s=96&d=mm&r=g","contentUrl":"https:\/\/secure.gravatar.com\/avatar\/d5ad3cf7ef3b23a2bb5be73be780c86b2fc8545c3ad6b149f3913ff458c00099?s=96&d=mm&r=g","caption":"admin"},"sameAs":["https:\/\/www.fraczinet.cl\/sitio"]}]}},"_links":{"self":[{"href":"https:\/\/www.fraczinet.cl\/sitio\/wp-json\/wp\/v2\/posts\/9963","targetHints":{"allow":["GET"]}}],"collection":[{"href":"https:\/\/www.fraczinet.cl\/sitio\/wp-json\/wp\/v2\/posts"}],"about":[{"href":"https:\/\/www.fraczinet.cl\/sitio\/wp-json\/wp\/v2\/types\/post"}],"author":[{"embeddable":true,"href":"https:\/\/www.fraczinet.cl\/sitio\/wp-json\/wp\/v2\/users\/1"}],"replies":[{"embeddable":true,"href":"https:\/\/www.fraczinet.cl\/sitio\/wp-json\/wp\/v2\/comments?post=9963"}],"version-history":[{"count":6,"href":"https:\/\/www.fraczinet.cl\/sitio\/wp-json\/wp\/v2\/posts\/9963\/revisions"}],"predecessor-version":[{"id":9971,"href":"https:\/\/www.fraczinet.cl\/sitio\/wp-json\/wp\/v2\/posts\/9963\/revisions\/9971"}],"wp:featuredmedia":[{"embeddable":true,"href":"https:\/\/www.fraczinet.cl\/sitio\/wp-json\/wp\/v2\/media\/9965"}],"wp:attachment":[{"href":"https:\/\/www.fraczinet.cl\/sitio\/wp-json\/wp\/v2\/media?parent=9963"}],"wp:term":[{"taxonomy":"category","embeddable":true,"href":"https:\/\/www.fraczinet.cl\/sitio\/wp-json\/wp\/v2\/categories?post=9963"},{"taxonomy":"post_tag","embeddable":true,"href":"https:\/\/www.fraczinet.cl\/sitio\/wp-json\/wp\/v2\/tags?post=9963"}],"curies":[{"name":"wp","href":"https:\/\/api.w.org\/{rel}","templated":true}]}}